{"id":1788,"count":1,"description":"","link":"https:\/\/catholicus.eu\/pt\/tag\/reparacao-ao-sagrado-coracao\/","name":"Repara\u00e7\u00e3o ao Sagrado Cora\u00e7\u00e3o","slug":"reparacao-ao-sagrado-coracao","taxonomy":"post_tag","meta":[],"_links":{"self":[{"href":"https:\/\/catholicus.eu\/pt\/wp-json\/wp\/v2\/tags\/1788","targetHints":{"allow":["GET"]}}],"collection":[{"href":"https:\/\/catholicus.eu\/pt\/wp-json\/wp\/v2\/tags"}],"about":[{"href":"https:\/\/catholicus.eu\/pt\/wp-json\/wp\/v2\/taxonomies\/post_tag"}],"wp:post_type":[{"href":"https:\/\/catholicus.eu\/pt\/wp-json\/wp\/v2\/posts?tags=1788"}],"curies":[{"name":"wp","href":"https:\/\/api.w.org\/{rel}","templated":true}]}}