{"id":986,"date":"2024-10-16T22:00:24","date_gmt":"2024-10-16T20:00:24","guid":{"rendered":"https:\/\/catholicus.eu\/pt\/?p=986"},"modified":"2024-10-16T22:00:24","modified_gmt":"2024-10-16T20:00:24","slug":"anatema-compreendendo-seu-significado-e-relevancia-na-fe-catolica","status":"publish","type":"post","link":"https:\/\/catholicus.eu\/pt\/anatema-compreendendo-seu-significado-e-relevancia-na-fe-catolica\/","title":{"rendered":"An\u00e1tema: Compreendendo Seu Significado e Relev\u00e2ncia na F\u00e9 Cat\u00f3lica"},"content":{"rendered":"\n<p>A palavra <strong>&#8220;an\u00e1tema&#8221;<\/strong> muitas vezes provoca rea\u00e7\u00f5es fortes, geralmente associada a condena\u00e7\u00e3o ou exclus\u00e3o no contexto religioso. No entanto, o significado e uso desse termo na tradi\u00e7\u00e3o cat\u00f3lica s\u00e3o muito mais profundos e ricos do que pode parecer \u00e0 primeira vista. Ao longo da hist\u00f3ria da Igreja, o conceito de &#8220;an\u00e1tema&#8221; desempenhou um papel crucial na defesa da f\u00e9, na corre\u00e7\u00e3o de erros doutrinais e na prote\u00e7\u00e3o da integridade da mensagem crist\u00e3.<\/p>\n\n\n\n<p>Neste artigo, exploraremos o significado hist\u00f3rico e teol\u00f3gico do an\u00e1tema, seu papel nos conc\u00edlios e nas declara\u00e7\u00f5es eclesi\u00e1sticas, bem como a forma como esse conceito ainda pode oferecer li\u00e7\u00f5es valiosas para nossa vida espiritual nos dias de hoje. Embora o uso formal do termo tenha evolu\u00eddo ao longo do tempo, sua ess\u00eancia continua relevante para todos os fi\u00e9is que buscam viver em comunh\u00e3o com a f\u00e9 cat\u00f3lica aut\u00eantica.<\/p>\n\n\n\n<h3 class=\"wp-block-heading\">O Que \u00e9 o An\u00e1tema?<\/h3>\n\n\n\n<p>O termo &#8220;an\u00e1tema&#8221; vem do grego \u1f00\u03bd\u03ac\u03b8\u03b5\u03bc\u03b1, que originalmente significava &#8220;oferta&#8221; ou &#8220;algo dedicado a Deus&#8221;. Num sentido mais amplo, podia referir-se a algo separado ou consagrado para o culto. Com o tempo, esse conceito desenvolveu-se, assumindo uma conota\u00e7\u00e3o mais severa na hist\u00f3ria crist\u00e3. Nos primeiros s\u00e9culos da Igreja, &#8220;an\u00e1tema&#8221; passou a designar n\u00e3o apenas uma forma de consagra\u00e7\u00e3o, mas tamb\u00e9m uma excomunh\u00e3o solene \u2014 um tipo de julgamento eclesi\u00e1stico que implica a exclus\u00e3o de uma pessoa da comunidade dos fi\u00e9is devido a um grave desvio doutrinal.<\/p>\n\n\n\n<p>S\u00e3o Paulo, em suas cartas, usa o termo num contexto que sublinha sua gravidade. Em G\u00e1latas 1:8-9, Paulo declara: \u201cMas, ainda que n\u00f3s mesmos ou um anjo do c\u00e9u vos anuncie outro evangelho al\u00e9m do que vos temos anunciado, seja an\u00e1tema.\u201d Aqui, &#8220;an\u00e1tema&#8221; significa uma separa\u00e7\u00e3o do corpo da Igreja para aqueles que pregam heresias ou distorcem o Evangelho de Cristo.<\/p>\n\n\n\n<p>No contexto cat\u00f3lico, o an\u00e1tema tem uma implica\u00e7\u00e3o mais solene: representa a condena\u00e7\u00e3o formal da heresia pela Igreja. Ao longo dos conc\u00edlios ecum\u00eanicos, especialmente nos primeiros s\u00e9culos, os an\u00e1temas foram usados para esclarecer as doutrinas corretas e separar aqueles que persistiam em ensinar erros graves.<\/p>\n\n\n\n<h3 class=\"wp-block-heading\">O An\u00e1tema na Hist\u00f3ria da Igreja<\/h3>\n\n\n\n<h4 class=\"wp-block-heading\">Os Conc\u00edlios Ecum\u00eanicos e o An\u00e1tema<\/h4>\n\n\n\n<p>O an\u00e1tema ganhou import\u00e2ncia durante os <strong>primeiros conc\u00edlios ecum\u00eanicos<\/strong> da Igreja, como o Conc\u00edlio de Nic\u00e9ia (325), onde os ensinamentos de \u00c1rio, que negava a divindade de Cristo, foram condenados. O conc\u00edlio proclamou que aqueles que negassem a consubstancialidade de Cristo com o Pai seriam &#8220;an\u00e1tema&#8221;. Esta condena\u00e7\u00e3o n\u00e3o visava apenas proteger a verdade doutrinal, mas tamb\u00e9m preservar a unidade da f\u00e9 crist\u00e3 diante das heresias que amea\u00e7avam fragment\u00e1-la.<\/p>\n\n\n\n<p>Mais tarde, no <strong>Conc\u00edlio de \u00c9feso<\/strong> (431) e no <strong>Conc\u00edlio de Calced\u00f4nia<\/strong> (451), an\u00e1temas semelhantes foram pronunciados contra o nestorianismo e o monofisismo, doutrinas que distorciam a compreens\u00e3o correta da dupla natureza de Cristo, sendo Ele plenamente divino e plenamente humano.<\/p>\n\n\n\n<p>Os an\u00e1temas n\u00e3o eram meras declara\u00e7\u00f5es de rejei\u00e7\u00e3o; eram solenes e pronunciados ap\u00f3s discernimento teol\u00f3gico cuidadoso e debates profundos. A Igreja, em seu amor pela verdade, buscava corrigir os erros e proteger a f\u00e9 aut\u00eantica, sempre com a esperan\u00e7a de que aqueles que se afastassem da verdade se arrependessem e retornassem \u00e0 plena comunh\u00e3o.<\/p>\n\n\n\n<h4 class=\"wp-block-heading\">O Conc\u00edlio de Trento e os An\u00e1temas<\/h4>\n\n\n\n<p>Um dos momentos mais significativos da hist\u00f3ria recente dos an\u00e1temas foi o <strong>Conc\u00edlio de Trento<\/strong> (1545-1563), convocado em resposta \u00e0 Reforma Protestante. Durante este conc\u00edlio, a Igreja abordou muitas doutrinas questionadas pelos reformadores, como a natureza dos sacramentos, a justifica\u00e7\u00e3o e a autoridade da Tradi\u00e7\u00e3o. As declara\u00e7\u00f5es do conc\u00edlio continham numerosos an\u00e1temas contra aqueles que negavam as doutrinas definidas pela Igreja.<\/p>\n\n\n\n<p>Por exemplo, no decreto sobre a justifica\u00e7\u00e3o, o conc\u00edlio declara: \u201cSe algu\u00e9m disser que os homens s\u00e3o justificados apenas pela imputa\u00e7\u00e3o da justi\u00e7a de Cristo ou apenas pela remiss\u00e3o dos pecados, excluindo a gra\u00e7a e a caridade que s\u00e3o derramadas em seus cora\u00e7\u00f5es pelo Esp\u00edrito Santo e neles permanece, seja an\u00e1tema\u201d (C\u00e2non 11). Essas declara\u00e7\u00f5es sublinhavam a necessidade de aceitar plenamente os ensinamentos da Igreja para permanecer em comunh\u00e3o com ela.<\/p>\n\n\n\n<h3 class=\"wp-block-heading\">O Significado Teol\u00f3gico do An\u00e1tema<\/h3>\n\n\n\n<p>O an\u00e1tema n\u00e3o deve ser visto apenas como uma condena\u00e7\u00e3o punitiva, mas como um ato de prote\u00e7\u00e3o da comunidade de f\u00e9 e de salvaguarda da verdade. Quando a Igreja proclama um an\u00e1tema, ela o faz com a esperan\u00e7a de corrigir o erro e convidar ao arrependimento e \u00e0 reconcilia\u00e7\u00e3o. Na verdade, o objetivo \u00faltimo do an\u00e1tema n\u00e3o \u00e9 a exclus\u00e3o permanente, mas a restaura\u00e7\u00e3o da comunh\u00e3o.<\/p>\n\n\n\n<p>Teologicamente, o an\u00e1tema se baseia na convic\u00e7\u00e3o de que a verdade \u00e9 essencial para a salva\u00e7\u00e3o. O pr\u00f3prio Jesus Cristo declarou ser \u201co caminho, a verdade e a vida\u201d (Jo 14:6) e que conhecer a verdade nos liberta (Jo 8:32). Assim, defender a verdade \u00e9 um ato de caridade, pois os erros doutrinais podem afastar as pessoas da vida em Cristo.<\/p>\n\n\n\n<h3 class=\"wp-block-heading\">O Que Significa o An\u00e1tema Hoje?<\/h3>\n\n\n\n<p>Nos tempos modernos, a Igreja suavizou o uso de termos como &#8220;an\u00e1tema&#8221; em declara\u00e7\u00f5es oficiais, especialmente ap\u00f3s o Conc\u00edlio Vaticano II. No entanto, o esp\u00edrito por tr\u00e1s dos ensinamentos relacionados ao an\u00e1tema permanece relevante. Em um mundo onde muitas ideias competem pela verdade e onde as cren\u00e7as pessoais podem se desviar dos ensinamentos ortodoxos, o conceito de an\u00e1tema nos convida a refletir sobre a import\u00e2ncia da verdade e da fidelidade \u00e0 f\u00e9 cat\u00f3lica.<\/p>\n\n\n\n<p>Hoje, o an\u00e1tema nos chama a discernir cuidadosamente o que acreditamos e como vivemos essas cren\u00e7as. Ele nos convida a uma fidelidade radical aos ensinamentos da Igreja e a uma vida de integridade espiritual. Em vez de ver o an\u00e1tema como um julgamento externo, podemos consider\u00e1-lo uma oportunidade de examinar nossas vidas e garantir que estamos vivendo em plena comunh\u00e3o com a verdade revelada por Cristo.<\/p>\n\n\n\n<h3 class=\"wp-block-heading\">Aplica\u00e7\u00f5es Pr\u00e1ticas do An\u00e1tema na Vida Cotidiana<\/h3>\n\n\n\n<ol class=\"wp-block-list\">\n<li><strong>Discernimento da Verdade:<\/strong> Vivemos numa \u00e9poca de relativismo, onde a verdade \u00e9 frequentemente apresentada como subjetiva ou pessoal. O an\u00e1tema nos lembra que a verdade \u00e9 objetiva e que Cristo \u00e9 sua fonte. Em nosso dia a dia, podemos aplicar isso buscando ativamente a verdade em nossas decis\u00f5es morais e espirituais, confiando nos ensinamentos da Igreja.<\/li>\n\n\n\n<li><strong>Fidelidade \u00e0 F\u00e9:<\/strong> O an\u00e1tema tamb\u00e9m nos convida a permanecer fi\u00e9is aos ensinamentos da Igreja, mesmo quando vivemos em um mundo que muitas vezes contradiz esses ensinamentos. Atrav\u00e9s da ora\u00e7\u00e3o, dos sacramentos e do estudo, podemos fortalecer nossa f\u00e9 e evitar cair em erros doutrin\u00e1rios que possam nos afastar da verdade.<\/li>\n\n\n\n<li><strong>Reconcilia\u00e7\u00e3o e Miseric\u00f3rdia:<\/strong> Embora o an\u00e1tema implique separa\u00e7\u00e3o, seu objetivo final \u00e9 a reconcilia\u00e7\u00e3o. Podemos aplicar isso em nossos relacionamentos pessoais, buscando sempre a reconcilia\u00e7\u00e3o e a restaura\u00e7\u00e3o da comunh\u00e3o, mesmo diante de desentendimentos ou conflitos. O perd\u00e3o e a miseric\u00f3rdia devem ser nossas primeiras respostas diante do erro.<\/li>\n<\/ol>\n\n\n\n<h3 class=\"wp-block-heading\">Conclus\u00e3o<\/h3>\n\n\n\n<p>O conceito de <strong>an\u00e1tema<\/strong> permanece relevante na vida crist\u00e3 do s\u00e9culo XXI, n\u00e3o como uma amea\u00e7a de condena\u00e7\u00e3o, mas como um chamado \u00e0 fidelidade, \u00e0 verdade e \u00e0 reconcilia\u00e7\u00e3o. Ao longo da hist\u00f3ria da Igreja, o an\u00e1tema tem sido uma ferramenta para proteger a pureza da f\u00e9 e guiar os fi\u00e9is a uma comunh\u00e3o mais profunda com Deus.<\/p>\n\n\n\n<p>Em um mundo marcado pelo pluralismo e relativismo, o an\u00e1tema nos convida a discernir cuidadosamente nossas cren\u00e7as, a permanecer firmes em nossa f\u00e9 e a sempre buscar a verdade que nos oferece liberdade em Cristo. Pela fidelidade aos ensinamentos da Igreja, podemos viver com confian\u00e7a, seguros de que estamos caminhando no caminho da salva\u00e7\u00e3o, sustentados pela gra\u00e7a de Deus e pela orienta\u00e7\u00e3o do Esp\u00edrito Santo.<\/p>\n","protected":false},"excerpt":{"rendered":"<p>A palavra &#8220;an\u00e1tema&#8221; muitas vezes provoca rea\u00e7\u00f5es fortes, geralmente associada a condena\u00e7\u00e3o ou exclus\u00e3o no contexto religioso. No entanto, o significado e uso desse termo na tradi\u00e7\u00e3o cat\u00f3lica s\u00e3o muito mais profundos e ricos do que pode parecer \u00e0 primeira vista. Ao longo da hist\u00f3ria da Igreja, o conceito de &#8220;an\u00e1tema&#8221; desempenhou um papel crucial &hellip;<\/p>\n","protected":false},"author":3,"featured_media":987,"comment_status":"open","ping_status":"open","sticky":false,"template":"","format":"standard","meta":{"_seopress_robots_primary_cat":"37","_seopress_titles_title":"","_seopress_titles_desc":"","_seopress_robots_index":"","footnotes":""},"categories":[44,37],"tags":[76],"class_list":["post-986","post","type-post","status-publish","format-standard","has-post-thumbnail","","category-dogmas-da-fe","category-doutrina-e-fe","tag-anatema"],"_links":{"self":[{"href":"https:\/\/catholicus.eu\/pt\/wp-json\/wp\/v2\/posts\/986","targetHints":{"allow":["GET"]}}],"collection":[{"href":"https:\/\/catholicus.eu\/pt\/wp-json\/wp\/v2\/posts"}],"about":[{"href":"https:\/\/catholicus.eu\/pt\/wp-json\/wp\/v2\/types\/post"}],"author":[{"embeddable":true,"href":"https:\/\/catholicus.eu\/pt\/wp-json\/wp\/v2\/users\/3"}],"replies":[{"embeddable":true,"href":"https:\/\/catholicus.eu\/pt\/wp-json\/wp\/v2\/comments?post=986"}],"version-history":[{"count":0,"href":"https:\/\/catholicus.eu\/pt\/wp-json\/wp\/v2\/posts\/986\/revisions"}],"wp:featuredmedia":[{"embeddable":true,"href":"https:\/\/catholicus.eu\/pt\/wp-json\/wp\/v2\/media\/987"}],"wp:attachment":[{"href":"https:\/\/catholicus.eu\/pt\/wp-json\/wp\/v2\/media?parent=986"}],"wp:term":[{"taxonomy":"category","embeddable":true,"href":"https:\/\/catholicus.eu\/pt\/wp-json\/wp\/v2\/categories?post=986"},{"taxonomy":"post_tag","embeddable":true,"href":"https:\/\/catholicus.eu\/pt\/wp-json\/wp\/v2\/tags?post=986"}],"curies":[{"name":"wp","href":"https:\/\/api.w.org\/{rel}","templated":true}]}}