{"id":5898,"date":"2026-05-01T23:12:21","date_gmt":"2026-05-01T21:12:21","guid":{"rendered":"https:\/\/catholicus.eu\/pt\/?p=5898"},"modified":"2026-05-01T23:12:21","modified_gmt":"2026-05-01T21:12:21","slug":"a-graca-o-poder-de-deus-que-te-torna-verdadeiramente-livre","status":"publish","type":"post","link":"https:\/\/catholicus.eu\/pt\/a-graca-o-poder-de-deus-que-te-torna-verdadeiramente-livre\/","title":{"rendered":"A Gra\u00e7a: O Poder de Deus que Te Torna Verdadeiramente Livre"},"content":{"rendered":"\n<h2 class=\"wp-block-heading\"><em>Tu n\u00e3o nasceste para rastejar como escravo do pecado, mas para viver na liberdade gloriosa dos filhos de Deus<\/em><\/h2>\n\n\n\n<h2 class=\"wp-block-heading\">Introdu\u00e7\u00e3o: A grande mentira moderna sobre a liberdade<\/h2>\n\n\n\n<p>Vivemos numa \u00e9poca que repete constantemente uma ideia sedutora, mas profundamente errada: <em>ser livre \u00e9 fazer o que se quer<\/em>.<\/p>\n\n\n\n<p>Dizem-nos que liberdade significa romper limites, rejeitar normas, negar o sacrif\u00edcio, ignorar Deus e transformar o desejo pessoal na lei suprema.<\/p>\n\n\n\n<p>Mas a experi\u00eancia humana prova o contr\u00e1rio.<\/p>\n\n\n\n<p>Quem faz sempre aquilo que quer muitas vezes acaba por se tornar escravo de si mesmo: escravo dos seus impulsos, das suas feridas, dos seus v\u00edcios, do seu ego, das suas paix\u00f5es desordenadas.<\/p>\n\n\n\n<p>A vis\u00e3o cat\u00f3lica oferece uma verdade muito mais profunda, exigente e luminosa:<\/p>\n\n\n\n<p><strong>A verdadeira liberdade n\u00e3o consiste em fazer aquilo que se quer, mas em ser capaz de fazer o bem para o qual se foi criado.<\/strong><\/p>\n\n\n\n<p>E \u00e9 aqui que entra o imenso mist\u00e9rio da <strong>Gra\u00e7a<\/strong>.<\/p>\n\n\n\n<p>A gra\u00e7a n\u00e3o \u00e9 um conceito abstrato, nem uma energia impessoal, nem uma simples \u201cb\u00ean\u00e7\u00e3o\u201d superficial.<br>A gra\u00e7a \u00e9 a pr\u00f3pria vida de Deus derramada na alma humana para a curar, elevar, transformar e conduzir o homem \u00e0 sua plenitude sobrenatural.<\/p>\n\n\n\n<p>A gra\u00e7a n\u00e3o destr\u00f3i a tua liberdade:<br><strong>resgata-a, purifica-a e aperfei\u00e7oa-a.<\/strong><\/p>\n\n\n\n<p>Como ensina S\u00e3o Paulo:<\/p>\n\n\n\n<blockquote class=\"wp-block-quote is-layout-flow wp-block-quote-is-layout-flow\">\n<p><strong>\u201cFoi para a liberdade que Cristo nos libertou\u201d<\/strong> (G\u00e1latas 5,1).<\/p>\n<\/blockquote>\n\n\n\n<p>Este artigo procura explorar rigorosamente um dos pilares mais decisivos de toda a teologia cat\u00f3lica: a gra\u00e7a, essa ajuda divina sem a qual o homem nunca poder\u00e1 compreender-se plenamente nem alcan\u00e7ar o seu destino eterno.<\/p>\n\n\n\n<hr class=\"wp-block-separator has-alpha-channel-opacity\"\/>\n\n\n\n<h1 class=\"wp-block-heading\">I. Fragilidade humana: O homem ferido que precisa de ser levantado<\/h1>\n\n\n\n<h2 class=\"wp-block-heading\">Criado para a grandeza<\/h2>\n\n\n\n<p>Deus criou o homem num estado de justi\u00e7a original.<br>Ad\u00e3o e Eva foram criados na amizade com Deus, em harmonia interior, sem sofrimento moral, sem morte, sem pecado, com uma natureza ordenada.<\/p>\n\n\n\n<p>O homem era livre, mas n\u00e3o aut\u00f3nomo.<br>Dependia amorosamente do seu Criador.<\/p>\n\n\n\n<h2 class=\"wp-block-heading\">A ferida do pecado original<\/h2>\n\n\n\n<p>Com a Queda, a humanidade n\u00e3o foi destru\u00edda, mas profundamente ferida.<\/p>\n\n\n\n<p>A Igreja ensina que a natureza humana foi afetada em quatro grandes dimens\u00f5es:<\/p>\n\n\n\n<h3 class=\"wp-block-heading\">1. Intelig\u00eancia obscurecida<\/h3>\n\n\n\n<p>O homem j\u00e1 n\u00e3o v\u00ea com clareza.<br>Confunde verdade com opini\u00e3o, bem com prazer, liberdade com capricho.<\/p>\n\n\n\n<h3 class=\"wp-block-heading\">2. Vontade enfraquecida<\/h3>\n\n\n\n<p>Muitas vezes sabemos o que \u00e9 certo\u2026 mas n\u00e3o o fazemos.<\/p>\n\n\n\n<p>S\u00e3o Paulo exprimiu-o com brutal realismo:<\/p>\n\n\n\n<blockquote class=\"wp-block-quote is-layout-flow wp-block-quote-is-layout-flow\">\n<p><strong>\u201cN\u00e3o fa\u00e7o o bem que quero, mas o mal que n\u00e3o quero\u201d<\/strong> (Romanos 7,19).<\/p>\n<\/blockquote>\n\n\n\n<h3 class=\"wp-block-heading\">3. Afetividade desordenada<\/h3>\n\n\n\n<p>Paix\u00f5es, desejos, medos, orgulho, sensualidade.<\/p>\n\n\n\n<h3 class=\"wp-block-heading\">4. Mortalidade e sofrimento<\/h3>\n\n\n\n<p>O corpo corrompe-se, adoece e morre.<\/p>\n\n\n\n<h2 class=\"wp-block-heading\">A fragilidade atual<\/h2>\n\n\n\n<p>Hoje esta ferida manifesta-se dramaticamente em:<\/p>\n\n\n\n<ul class=\"wp-block-list\">\n<li>v\u00edcios,<\/li>\n\n\n\n<li>ansiedade,<\/li>\n\n\n\n<li>niilismo,<\/li>\n\n\n\n<li>pornografia,<\/li>\n\n\n\n<li>individualismo,<\/li>\n\n\n\n<li>desespero,<\/li>\n\n\n\n<li>crise de identidade.<\/li>\n<\/ul>\n\n\n\n<p>O homem moderno possui tecnologia avan\u00e7ada, mas frequentemente uma alma devastada.<\/p>\n\n\n\n<p>A doutrina cat\u00f3lica n\u00e3o humilha o homem ao falar da sua fragilidade; pelo contr\u00e1rio:<br><strong>explica porque, mesmo desejando o bem, ele cai tantas vezes.<\/strong><\/p>\n\n\n\n<hr class=\"wp-block-separator has-alpha-channel-opacity\"\/>\n\n\n\n<h1 class=\"wp-block-heading\">II. Gra\u00e7a e pecado: Dois estados, dois caminhos, dois destinos<\/h1>\n\n\n\n<h2 class=\"wp-block-heading\">A concupisc\u00eancia: a inclina\u00e7\u00e3o interior para a desordem<\/h2>\n\n\n\n<p>Depois do pecado original, permanece uma tend\u00eancia interior para o mal. N\u00e3o \u00e9 pecado em si mesma, mas inclina ao pecado.<\/p>\n\n\n\n<p>\u00c9 uma batalha constante.<\/p>\n\n\n\n<h2 class=\"wp-block-heading\">Estado de pecado<\/h2>\n\n\n\n<p>Viver em pecado mortal significa romper voluntariamente a amizade com Deus em mat\u00e9ria grave, com plena consci\u00eancia e consentimento.<\/p>\n\n\n\n<p>Consequ\u00eancias:<\/p>\n\n\n\n<ul class=\"wp-block-list\">\n<li>perda da gra\u00e7a santificante,<\/li>\n\n\n\n<li>obscurecimento espiritual,<\/li>\n\n\n\n<li>profunda tristeza,<\/li>\n\n\n\n<li>escravid\u00e3o interior,<\/li>\n\n\n\n<li>enfraquecimento moral.<\/li>\n<\/ul>\n\n\n\n<p>Cristo foi radical:<\/p>\n\n\n\n<blockquote class=\"wp-block-quote is-layout-flow wp-block-quote-is-layout-flow\">\n<p><strong>\u201cTodo aquele que comete pecado \u00e9 escravo do pecado\u201d<\/strong> (Jo\u00e3o 8,34).<\/p>\n<\/blockquote>\n\n\n\n<h2 class=\"wp-block-heading\">Estado de gra\u00e7a<\/h2>\n\n\n\n<p>\u00c9 viver na amizade com Deus.<br>N\u00e3o significa perfei\u00e7\u00e3o absoluta, mas comunh\u00e3o viva com Ele.<\/p>\n\n\n\n<p>Frutos:<\/p>\n\n\n\n<ul class=\"wp-block-list\">\n<li>paz,<\/li>\n\n\n\n<li>for\u00e7a,<\/li>\n\n\n\n<li>crescimento espiritual,<\/li>\n\n\n\n<li>capacidade sobrenatural,<\/li>\n\n\n\n<li>alegria profunda.<\/li>\n<\/ul>\n\n\n\n<p>A gra\u00e7a transforma a alma em templo de Deus.<\/p>\n\n\n\n<hr class=\"wp-block-separator has-alpha-channel-opacity\"\/>\n\n\n\n<h1 class=\"wp-block-heading\">III. Gra\u00e7a santificante: A vida divina na alma<\/h1>\n\n\n\n<h2 class=\"wp-block-heading\">O que \u00e9?<\/h2>\n\n\n\n<p>A gra\u00e7a santificante \u00e9 um dom sobrenatural habitual e permanente infundido por Deus na alma, tornando-nos participantes da sua natureza divina.<\/p>\n\n\n\n<p>N\u00e3o \u00e9 simbolismo.<br>\u00c9 uma realidade sobrenatural.<\/p>\n\n\n\n<blockquote class=\"wp-block-quote is-layout-flow wp-block-quote-is-layout-flow\">\n<p><strong>\u201cTornou-nos participantes da natureza divina\u201d<\/strong> (2 Pedro 1,4).<\/p>\n<\/blockquote>\n\n\n\n<h2 class=\"wp-block-heading\">Efeitos<\/h2>\n\n\n\n<h3 class=\"wp-block-heading\">1. Apaga o pecado mortal (quando restaurada pela confiss\u00e3o)<\/h3>\n\n\n\n<h3 class=\"wp-block-heading\">2. Torna-nos filhos adotivos de Deus<\/h3>\n\n\n\n<h3 class=\"wp-block-heading\">3. D\u00e1-nos direito \u00e0 vida eterna<\/h3>\n\n\n\n<h3 class=\"wp-block-heading\">4. Faz a Trindade habitar na alma<\/h3>\n\n\n\n<h2 class=\"wp-block-heading\">Crescimento na gra\u00e7a<\/h2>\n\n\n\n<p>A gra\u00e7a pode aumentar atrav\u00e9s de:<\/p>\n\n\n\n<ul class=\"wp-block-list\">\n<li>ora\u00e7\u00e3o,<\/li>\n\n\n\n<li>caridade,<\/li>\n\n\n\n<li>sacrif\u00edcio,<\/li>\n\n\n\n<li>sacramentos,<\/li>\n\n\n\n<li>fidelidade.<\/li>\n<\/ul>\n\n\n\n<p>Aqui entra o princ\u00edpio do <strong>ex opere operantis<\/strong>:<br>a disposi\u00e7\u00e3o pessoal importa.<\/p>\n\n\n\n<p>Duas pessoas podem receber o mesmo sacramento, mas n\u00e3o com o mesmo fruto espiritual.<\/p>\n\n\n\n<hr class=\"wp-block-separator has-alpha-channel-opacity\"\/>\n\n\n\n<h1 class=\"wp-block-heading\">IV. Gra\u00e7a sacramental: Cristo agindo hoje<\/h1>\n\n\n\n<h2 class=\"wp-block-heading\">Os sacramentos n\u00e3o s\u00e3o s\u00edmbolos vazios<\/h2>\n\n\n\n<p>S\u00e3o sinais eficazes institu\u00eddos por Cristo para comunicar gra\u00e7a.<\/p>\n\n\n\n<h3 class=\"wp-block-heading\">Ex opere operato<\/h3>\n\n\n\n<p>Isto significa que o sacramento confere gra\u00e7a pela pr\u00f3pria a\u00e7\u00e3o de Cristo, desde que n\u00e3o haja obst\u00e1culo grave.<\/p>\n\n\n\n<h2 class=\"wp-block-heading\">Cada sacramento tem uma miss\u00e3o particular<\/h2>\n\n\n\n<h3 class=\"wp-block-heading\">Batismo<\/h3>\n\n\n\n<ul class=\"wp-block-list\">\n<li>apaga o pecado original,<\/li>\n\n\n\n<li>incorpora em Cristo.<\/li>\n<\/ul>\n\n\n\n<h3 class=\"wp-block-heading\">Confirma\u00e7\u00e3o<\/h3>\n\n\n\n<ul class=\"wp-block-list\">\n<li>fortalece para o combate espiritual.<\/li>\n<\/ul>\n\n\n\n<h3 class=\"wp-block-heading\">Eucaristia<\/h3>\n\n\n\n<ul class=\"wp-block-list\">\n<li>une intimamente a Cristo.<\/li>\n<\/ul>\n\n\n\n<blockquote class=\"wp-block-quote is-layout-flow wp-block-quote-is-layout-flow\">\n<p><strong>\u201cQuem come a minha carne e bebe o meu sangue permanece em mim\u201d<\/strong> (Jo\u00e3o 6,56).<\/p>\n<\/blockquote>\n\n\n\n<h3 class=\"wp-block-heading\">Penit\u00eancia<\/h3>\n\n\n\n<ul class=\"wp-block-list\">\n<li>restaura a gra\u00e7a perdida.<\/li>\n<\/ul>\n\n\n\n<h3 class=\"wp-block-heading\">Un\u00e7\u00e3o<\/h3>\n\n\n\n<ul class=\"wp-block-list\">\n<li>fortalece na doen\u00e7a.<\/li>\n<\/ul>\n\n\n\n<h3 class=\"wp-block-heading\">Matrim\u00f3nio<\/h3>\n\n\n\n<ul class=\"wp-block-list\">\n<li>santifica o amor conjugal.<\/li>\n<\/ul>\n\n\n\n<h3 class=\"wp-block-heading\">Ordem sacerdotal<\/h3>\n\n\n\n<ul class=\"wp-block-list\">\n<li>configura a Cristo Sacerdote.<\/li>\n<\/ul>\n\n\n\n<hr class=\"wp-block-separator has-alpha-channel-opacity\"\/>\n\n\n\n<h1 class=\"wp-block-heading\">V. Gra\u00e7as atuais: Aux\u00edlios concretos em momentos decisivos<\/h1>\n\n\n\n<p>S\u00e3o interven\u00e7\u00f5es especiais de Deus para iluminar a mente e fortalecer a vontade em circunst\u00e2ncias espec\u00edficas.<\/p>\n\n\n\n<p>Exemplos:<\/p>\n\n\n\n<ul class=\"wp-block-list\">\n<li>resistir \u00e0 tenta\u00e7\u00e3o,<\/li>\n\n\n\n<li>perdoar uma trai\u00e7\u00e3o,<\/li>\n\n\n\n<li>aceitar uma cruz,<\/li>\n\n\n\n<li>convers\u00e3o,<\/li>\n\n\n\n<li>perseveran\u00e7a.<\/li>\n<\/ul>\n\n\n\n<p>Muitas convers\u00f5es radicais nascem de uma gra\u00e7a atual.<\/p>\n\n\n\n<p>Santo Agostinho, que procurou a si mesmo nos lugares errados, tornou-se santo porque Deus irrompeu na sua vida.<\/p>\n\n\n\n<h2 class=\"wp-block-heading\">Importante:<\/h2>\n\n\n\n<p>A gra\u00e7a atual n\u00e3o anula a liberdade.<br>Move-a, convida-a, fortalece-a.<\/p>\n\n\n\n<hr class=\"wp-block-separator has-alpha-channel-opacity\"\/>\n\n\n\n<h1 class=\"wp-block-heading\">VI. Virtudes: Quando a gra\u00e7a transforma h\u00e1bitos<\/h1>\n\n\n\n<p>A gra\u00e7a n\u00e3o substitui o esfor\u00e7o humano; eleva-o.<\/p>\n\n\n\n<h2 class=\"wp-block-heading\">Virtudes teologais<\/h2>\n\n\n\n<h3 class=\"wp-block-heading\">F\u00e9<\/h3>\n\n\n\n<p>Crer em Deus.<\/p>\n\n\n\n<h3 class=\"wp-block-heading\">Esperan\u00e7a<\/h3>\n\n\n\n<p>Confiar mesmo na noite.<\/p>\n\n\n\n<h3 class=\"wp-block-heading\">Caridade<\/h3>\n\n\n\n<p>Amar como Deus ama.<\/p>\n\n\n\n<blockquote class=\"wp-block-quote is-layout-flow wp-block-quote-is-layout-flow\">\n<p><strong>\u201cAgora, pois, permanecem a f\u00e9, a esperan\u00e7a e a caridade, estas tr\u00eas; mas a maior delas \u00e9 a caridade\u201d<\/strong> (1 Cor\u00edntios 13,13).<\/p>\n<\/blockquote>\n\n\n\n<h2 class=\"wp-block-heading\">Virtudes cardeais<\/h2>\n\n\n\n<h3 class=\"wp-block-heading\">Prud\u00eancia<\/h3>\n\n\n\n<p>Escolher corretamente.<\/p>\n\n\n\n<h3 class=\"wp-block-heading\">Justi\u00e7a<\/h3>\n\n\n\n<p>Dar a cada um o que lhe \u00e9 devido.<\/p>\n\n\n\n<h3 class=\"wp-block-heading\">Fortaleza<\/h3>\n\n\n\n<p>Perseverar.<\/p>\n\n\n\n<h3 class=\"wp-block-heading\">Temperan\u00e7a<\/h3>\n\n\n\n<p>Dominar os desejos.<\/p>\n\n\n\n<h2 class=\"wp-block-heading\">O mundo moderno confunde liberdade com aus\u00eancia de disciplina.<\/h2>\n\n\n\n<p>A Igreja ensina que sem virtude n\u00e3o existe verdadeira liberdade.<\/p>\n\n\n\n<p>Um homem dominado pelos seus impulsos n\u00e3o \u00e9 livre.<\/p>\n\n\n\n<hr class=\"wp-block-separator has-alpha-channel-opacity\"\/>\n\n\n\n<h1 class=\"wp-block-heading\">VII. Sacrif\u00edcio: O caminho esquecido para a liberdade<\/h1>\n\n\n\n<h2 class=\"wp-block-heading\">O esc\u00e2ndalo moderno do sacrif\u00edcio<\/h2>\n\n\n\n<p>A nossa cultura idolatra o conforto, o prazer imediato e a fuga.<\/p>\n\n\n\n<p>Mas Cristo disse:<\/p>\n\n\n\n<blockquote class=\"wp-block-quote is-layout-flow wp-block-quote-is-layout-flow\">\n<p><strong>\u201cSe algu\u00e9m quer vir ap\u00f3s mim, negue-se a si mesmo, tome cada dia a sua cruz e siga-me\u201d<\/strong> (Lucas 9,23).<\/p>\n<\/blockquote>\n\n\n\n<h2 class=\"wp-block-heading\">O sacrif\u00edcio crist\u00e3o n\u00e3o \u00e9 autodestrui\u00e7\u00e3o<\/h2>\n\n\n\n<p>\u00c9 treino da alma.<\/p>\n\n\n\n<h3 class=\"wp-block-heading\">Implica:<\/h3>\n\n\n\n<h2 class=\"wp-block-heading\">1. Dominar-se a si mesmo<\/h2>\n\n\n\n<p>N\u00e3o viver segundo caprichos.<\/p>\n\n\n\n<h2 class=\"wp-block-heading\">2. Combater o mal<\/h2>\n\n\n\n<p>Cortar ocasi\u00f5es de pecado.<\/p>\n\n\n\n<h2 class=\"wp-block-heading\">3. Lutar pelo bem<\/h2>\n\n\n\n<p>Crescer na virtude, promover a paz e deixar o mundo melhor do que o encontr\u00e1mos.<\/p>\n\n\n\n<p>O sacrif\u00edcio liberta porque quebra correntes interiores.<\/p>\n\n\n\n<p>Jejum, ora\u00e7\u00e3o, penit\u00eancia, disciplina\u2026 n\u00e3o s\u00e3o castigos, mas medicina espiritual.<\/p>\n\n\n\n<hr class=\"wp-block-separator has-alpha-channel-opacity\"\/>\n\n\n\n<h1 class=\"wp-block-heading\">VIII. A gra\u00e7a no mundo atual: Uma urg\u00eancia pastoral<\/h1>\n\n\n\n<p>Hoje muitos batizados vivem como se a gra\u00e7a n\u00e3o existisse.<\/p>\n\n\n\n<h2 class=\"wp-block-heading\">\u00c9 substitu\u00edda por:<\/h2>\n\n\n\n<ul class=\"wp-block-list\">\n<li>autoajuda,<\/li>\n\n\n\n<li>psicologia sem transcend\u00eancia,<\/li>\n\n\n\n<li>relativismo,<\/li>\n\n\n\n<li>espiritualidade vazia.<\/li>\n<\/ul>\n\n\n\n<p>Mas nenhuma t\u00e9cnica humana pode substituir a vida divina.<\/p>\n\n\n\n<h2 class=\"wp-block-heading\">A grande crise n\u00e3o \u00e9 pol\u00edtica, econ\u00f3mica ou clim\u00e1tica.<\/h2>\n\n\n\n<p>\u00c9 espiritual.<\/p>\n\n\n\n<p>Quando a gra\u00e7a se perde:<\/p>\n\n\n\n<ul class=\"wp-block-list\">\n<li>o pecado \u00e9 banalizado,<\/li>\n\n\n\n<li>a fam\u00edlia \u00e9 destru\u00edda,<\/li>\n\n\n\n<li>a liturgia esvazia-se,<\/li>\n\n\n\n<li>a caridade esfria.<\/li>\n<\/ul>\n\n\n\n<hr class=\"wp-block-separator has-alpha-channel-opacity\"\/>\n\n\n\n<h1 class=\"wp-block-heading\">IX. Guia pr\u00e1tico: Como viver na gra\u00e7a<\/h1>\n\n\n\n<h2 class=\"wp-block-heading\">1. Confiss\u00e3o frequente<\/h2>\n\n\n\n<p>N\u00e3o apenas quando est\u00e1s \u201cmesmo muito mal\u201d.<\/p>\n\n\n\n<h2 class=\"wp-block-heading\">2. Rece\u00e7\u00e3o digna da Eucaristia<\/h2>\n\n\n\n<p>A fonte suprema da gra\u00e7a.<\/p>\n\n\n\n<h2 class=\"wp-block-heading\">3. Ora\u00e7\u00e3o di\u00e1ria<\/h2>\n\n\n\n<p>Sem ora\u00e7\u00e3o, a nossa coopera\u00e7\u00e3o com a gra\u00e7a enfraquece.<\/p>\n\n\n\n<h2 class=\"wp-block-heading\">4. Vida moral concreta<\/h2>\n\n\n\n<p>Evitar o pecado mortal.<\/p>\n\n\n\n<h2 class=\"wp-block-heading\">5. Sacrif\u00edcio volunt\u00e1rio<\/h2>\n\n\n\n<p>Jejum, ordem, disciplina.<\/p>\n\n\n\n<h2 class=\"wp-block-heading\">6. Devo\u00e7\u00e3o mariana<\/h2>\n\n\n\n<p>Maria conduz \u00e0 gra\u00e7a porque conduz a Cristo.<\/p>\n\n\n\n<hr class=\"wp-block-separator has-alpha-channel-opacity\"\/>\n\n\n\n<h1 class=\"wp-block-heading\">X. Conclus\u00e3o: A gra\u00e7a n\u00e3o te tira nada \u2014 devolve-te a ti mesmo<\/h1>\n\n\n\n<p>A trag\u00e9dia do homem n\u00e3o \u00e9 simplesmente sofrer.<br>\u00c9 viver longe de Deus acreditando-se livre.<\/p>\n\n\n\n<p>Sem gra\u00e7a, a liberdade deforma-se.<br>Com gra\u00e7a, a liberdade floresce.<\/p>\n\n\n\n<p>A gra\u00e7a n\u00e3o elimina a tua personalidade; cura-a.<br>N\u00e3o destr\u00f3i os teus desejos; ordena-os.<br>N\u00e3o apaga a tua humanidade; diviniza-a.<\/p>\n\n\n\n<p>Numa sociedade que promete liberdade enquanto multiplica escravid\u00f5es, a Igreja continua a proclamar a verdade eterna:<\/p>\n\n\n\n<h2 class=\"wp-block-heading\">S\u00f3 a gra\u00e7a torna o homem verdadeiramente livre.<\/h2>\n\n\n\n<p>Porque a maior escravid\u00e3o n\u00e3o \u00e9 pol\u00edtica.<br>\u00c9 espiritual.<\/p>\n\n\n\n<p>E a maior liberta\u00e7\u00e3o n\u00e3o \u00e9 fazer aquilo que se quer.<br>\u00c9 poder amar o bem.<\/p>\n\n\n\n<h2 class=\"wp-block-heading\">Hoje, a quest\u00e3o n\u00e3o \u00e9 se \u00e9s livre para escolher qualquer coisa.<\/h2>\n\n\n\n<h2 class=\"wp-block-heading\">A verdadeira quest\u00e3o \u00e9: \u00c9s livre para escolher Deus?<\/h2>\n\n\n\n<blockquote class=\"wp-block-quote is-layout-flow wp-block-quote-is-layout-flow\">\n<p><strong>\u201cOnde est\u00e1 o Esp\u00edrito do Senhor, a\u00ed h\u00e1 liberdade\u201d<\/strong> (2 Cor\u00edntios 3,17).<\/p>\n<\/blockquote>\n","protected":false},"excerpt":{"rendered":"<p>Tu n\u00e3o nasceste para rastejar como escravo do pecado, mas para viver na liberdade gloriosa dos filhos de Deus Introdu\u00e7\u00e3o: A grande mentira moderna sobre a liberdade Vivemos numa \u00e9poca que repete constantemente uma ideia sedutora, mas profundamente errada: ser livre \u00e9 fazer o que se quer. Dizem-nos que liberdade significa romper limites, rejeitar normas, &hellip;<\/p>\n","protected":false},"author":3,"featured_media":5899,"comment_status":"closed","ping_status":"closed","sticky":false,"template":"","format":"standard","meta":{"_seopress_robots_primary_cat":"","_seopress_titles_title":"","_seopress_titles_desc":"","_seopress_robots_index":"","footnotes":""},"categories":[43,37],"tags":[1971],"class_list":["post-5898","post","type-post","status-publish","format-standard","has-post-thumbnail","","category-catecismo-da-igreja-catolica","category-doutrina-e-fe","tag-a-graca"],"_links":{"self":[{"href":"https:\/\/catholicus.eu\/pt\/wp-json\/wp\/v2\/posts\/5898","targetHints":{"allow":["GET"]}}],"collection":[{"href":"https:\/\/catholicus.eu\/pt\/wp-json\/wp\/v2\/posts"}],"about":[{"href":"https:\/\/catholicus.eu\/pt\/wp-json\/wp\/v2\/types\/post"}],"author":[{"embeddable":true,"href":"https:\/\/catholicus.eu\/pt\/wp-json\/wp\/v2\/users\/3"}],"replies":[{"embeddable":true,"href":"https:\/\/catholicus.eu\/pt\/wp-json\/wp\/v2\/comments?post=5898"}],"version-history":[{"count":1,"href":"https:\/\/catholicus.eu\/pt\/wp-json\/wp\/v2\/posts\/5898\/revisions"}],"predecessor-version":[{"id":5900,"href":"https:\/\/catholicus.eu\/pt\/wp-json\/wp\/v2\/posts\/5898\/revisions\/5900"}],"wp:featuredmedia":[{"embeddable":true,"href":"https:\/\/catholicus.eu\/pt\/wp-json\/wp\/v2\/media\/5899"}],"wp:attachment":[{"href":"https:\/\/catholicus.eu\/pt\/wp-json\/wp\/v2\/media?parent=5898"}],"wp:term":[{"taxonomy":"category","embeddable":true,"href":"https:\/\/catholicus.eu\/pt\/wp-json\/wp\/v2\/categories?post=5898"},{"taxonomy":"post_tag","embeddable":true,"href":"https:\/\/catholicus.eu\/pt\/wp-json\/wp\/v2\/tags?post=5898"}],"curies":[{"name":"wp","href":"https:\/\/api.w.org\/{rel}","templated":true}]}}