{"id":5896,"date":"2026-05-01T22:31:40","date_gmt":"2026-05-01T20:31:40","guid":{"rendered":"https:\/\/catholicus.eu\/pt\/?p=5896"},"modified":"2026-05-01T22:31:41","modified_gmt":"2026-05-01T20:31:41","slug":"a-verdadeira-liberdade-nao-consiste-em-fazer-o-que-se-quer-mas-em-ouvir-o-que-se-deve-o-despertar-da-consciencia","status":"publish","type":"post","link":"https:\/\/catholicus.eu\/pt\/a-verdadeira-liberdade-nao-consiste-em-fazer-o-que-se-quer-mas-em-ouvir-o-que-se-deve-o-despertar-da-consciencia\/","title":{"rendered":"A verdadeira liberdade n\u00e3o consiste em fazer o que se quer, mas em ouvir o que se deve: o despertar da consci\u00eancia"},"content":{"rendered":"\n<p>Vivemos numa \u00e9poca que exalta a liberdade como nunca antes. Repete-se constantemente que ser livre significa escolher sem limites, decidir sem interfer\u00eancias, viver de acordo com os pr\u00f3prios desejos. Mas e se essa ideia de liberdade for incompleta? E se a verdadeira liberdade n\u00e3o consistir em fazer o que se quer, mas em fazer o bem que se reconhece como verdadeiro?<\/p>\n\n\n\n<p>Aqui entra em jogo uma realidade profunda, muitas vezes esquecida: a <strong>consci\u00eancia<\/strong>. N\u00e3o como um simples sentimento subjetivo, mas como aquele santu\u00e1rio interior onde o homem encontra a verdade e, em \u00faltima inst\u00e2ncia, Deus.<\/p>\n\n\n\n<p>Como ensina a Sagrada Escritura: <em>\u201cA l\u00e2mpada do Senhor \u00e9 o esp\u00edrito do homem, que esquadrinha o mais \u00edntimo do seu ser\u201d<\/em> (Prov\u00e9rbios 20,27). A consci\u00eancia \u00e9 essa luz acesa dentro de n\u00f3s. Mas, como toda luz, pode brilhar ou enfraquecer. E disso depende a nossa liberdade.<\/p>\n\n\n\n<hr class=\"wp-block-separator has-alpha-channel-opacity\"\/>\n\n\n\n<h1 class=\"wp-block-heading\"><strong>a) A consci\u00eancia: a b\u00fassola da alma<\/strong><\/h1>\n\n\n\n<p>A imagem da b\u00fassola \u00e9 simples, mas profundamente reveladora. Assim como o navegante precisa de uma orienta\u00e7\u00e3o segura para n\u00e3o se perder, o ser humano necessita de um guia interior que lhe indique o que \u00e9 bem e o que \u00e9 mal. Esse guia \u00e9 a consci\u00eancia.<\/p>\n\n\n\n<p>A consci\u00eancia n\u00e3o \u00e9 uma inven\u00e7\u00e3o cultural nem uma emo\u00e7\u00e3o passageira. \u00c9 uma <strong>capacidade espiritual<\/strong>, inscrita no mais profundo do ser humano, que lhe permite julgar as suas pr\u00f3prias a\u00e7\u00f5es. \u00c9, de certo modo, um tribunal interior onde o homem se acusa ou se defende.<\/p>\n\n\n\n<p>N\u00e3o \u00e9 por acaso que o ap\u00f3stolo S\u00e3o Paulo escreve: <em>\u201cEles mostram que as exig\u00eancias da Lei est\u00e3o escritas nos seus cora\u00e7\u00f5es, sendo disso testemunha a sua consci\u00eancia\u201d<\/em> (Romanos 2,15).<\/p>\n\n\n\n<p>A consci\u00eancia, portanto:<\/p>\n\n\n\n<ul class=\"wp-block-list\">\n<li><strong>recorda<\/strong> o que fizemos,<\/li>\n\n\n\n<li><strong>discern<\/strong> se \u00e9 bem ou mal,<\/li>\n\n\n\n<li><strong>julga<\/strong> a nossa conduta.<\/li>\n<\/ul>\n\n\n\n<p>Mas h\u00e1 um ponto crucial: <strong>a consci\u00eancia n\u00e3o \u00e9 infal\u00edvel por si s\u00f3<\/strong>. Pode errar, deformar-se ou at\u00e9 calar-se. Por isso precisa de ser educada.<\/p>\n\n\n\n<p>Uma consci\u00eancia mal formada n\u00e3o liberta: <strong>escraviza<\/strong>. S\u00f3 uma consci\u00eancia reta torna poss\u00edvel uma liberdade aut\u00eantica.<\/p>\n\n\n\n<hr class=\"wp-block-separator has-alpha-channel-opacity\"\/>\n\n\n\n<h1 class=\"wp-block-heading\"><strong>A necessidade de educar a consci\u00eancia<\/strong><\/h1>\n\n\n\n<p>Tal como uma b\u00fassola pode desajustar-se, tamb\u00e9m a consci\u00eancia pode deteriorar-se se n\u00e3o for cuidada. Hoje isso acontece frequentemente:<\/p>\n\n\n\n<ul class=\"wp-block-list\">\n<li>quando a verdade \u00e9 relativizada (\u201cdepende\u201d),<\/li>\n\n\n\n<li>quando o mal \u00e9 justificado (\u201ctoda a gente faz\u201d),<\/li>\n\n\n\n<li>quando a voz interior \u00e9 ignorada (\u201cn\u00e3o quero pensar nisso\u201d).<\/li>\n<\/ul>\n\n\n\n<p>Educar a consci\u00eancia significa:<\/p>\n\n\n\n<ul class=\"wp-block-list\">\n<li>procurar a verdade,<\/li>\n\n\n\n<li>formar-se na doutrina moral,<\/li>\n\n\n\n<li>examinar a pr\u00f3pria vida,<\/li>\n\n\n\n<li>escutar a voz de Deus na ora\u00e7\u00e3o.<\/li>\n<\/ul>\n\n\n\n<p>Sem esta forma\u00e7\u00e3o, o homem corre o risco de perder o rumo\u2026 mesmo acreditando que est\u00e1 no caminho certo.<\/p>\n\n\n\n<hr class=\"wp-block-separator has-alpha-channel-opacity\"\/>\n\n\n\n<h1 class=\"wp-block-heading\"><strong>b) Tipos de consci\u00eancia: um mapa da alma humana<\/strong><\/h1>\n\n\n\n<p>Nem todas as consci\u00eancias funcionam da mesma forma. A tradi\u00e7\u00e3o moral crist\u00e3 distingue v\u00e1rios tipos que nos ajudam a compreender melhor a nossa vida interior:<\/p>\n\n\n\n<h3 class=\"wp-block-heading\"><strong>1. Consci\u00eancia verdadeira<\/strong><\/h3>\n\n\n\n<p>Julga corretamente. Reconhece o bem como bem e o mal como mal. \u00c9 fruto de uma consci\u00eancia bem formada.<\/p>\n\n\n\n<h3 class=\"wp-block-heading\"><strong>2. Consci\u00eancia err\u00f3nea<\/strong><\/h3>\n\n\n\n<p>Confunde o bem com o mal. Pode justificar a\u00e7\u00f5es objetivamente erradas sem perceber a sua gravidade.<\/p>\n\n\n\n<p>Aqui est\u00e1 um dos grandes dramas do nosso tempo: <strong>pessoas sinceras, mas equivocadas<\/strong>.<\/p>\n\n\n\n<h3 class=\"wp-block-heading\"><strong>3. Consci\u00eancia culp\u00e1vel<\/strong><\/h3>\n\n\n\n<p>\u00c9 aquela que <strong>poderia conhecer a verdade, mas n\u00e3o quer faz\u00ea-lo<\/strong>. H\u00e1 neglig\u00eancia, indiferen\u00e7a ou at\u00e9 m\u00e1 vontade.<\/p>\n\n\n\n<p>\u00c9 uma consci\u00eancia fechada \u00e0 luz.<\/p>\n\n\n\n<h3 class=\"wp-block-heading\"><strong>4. Consci\u00eancia inculp\u00e1vel<\/strong><\/h3>\n\n\n\n<p>N\u00e3o conhece a verdade, mas aceit\u00e1-la-ia se a descobrisse. N\u00e3o h\u00e1 culpa moral no seu erro.<\/p>\n\n\n\n<p>Aqui manifesta-se a miseric\u00f3rdia de Deus, que julga o cora\u00e7\u00e3o.<\/p>\n\n\n\n<h3 class=\"wp-block-heading\"><strong>5. Consci\u00eancia duvidosa<\/strong><\/h3>\n\n\n\n<p>N\u00e3o sabe como agir. Move-se na incerteza moral.<\/p>\n\n\n\n<p>Nestes casos, a prud\u00eancia indica sempre escolher o <strong>mal menor<\/strong> ou o caminho moralmente mais seguro, evitando o risco de cometer uma falta grave.<\/p>\n\n\n\n<hr class=\"wp-block-separator has-alpha-channel-opacity\"\/>\n\n\n\n<h1 class=\"wp-block-heading\"><strong>c) O objeto da a\u00e7\u00e3o: o \u201cqu\u00ea\u201d que define tudo<\/strong><\/h1>\n\n\n\n<p>Na moral cat\u00f3lica n\u00e3o basta ter boas inten\u00e7\u00f5es. A primeira coisa a considerar \u00e9 <strong>o objeto da a\u00e7\u00e3o<\/strong>, isto \u00e9, <strong>aquilo que se faz em si mesmo<\/strong>.<\/p>\n\n\n\n<p>H\u00e1 a\u00e7\u00f5es que s\u00e3o boas por natureza:<\/p>\n\n\n\n<ul class=\"wp-block-list\">\n<li>ajudar os necessitados,<\/li>\n\n\n\n<li>dizer a verdade,<\/li>\n\n\n\n<li>honrar os pais.<\/li>\n<\/ul>\n\n\n\n<p>E h\u00e1 a\u00e7\u00f5es que s\u00e3o m\u00e1s em si mesmas:<\/p>\n\n\n\n<ul class=\"wp-block-list\">\n<li>mentir deliberadamente,<\/li>\n\n\n\n<li>roubar,<\/li>\n\n\n\n<li>odiar.<\/li>\n<\/ul>\n\n\n\n<p>O objeto responde \u00e0 pergunta: <strong>o que estou a fazer?<\/strong><\/p>\n\n\n\n<p>E aqui h\u00e1 uma verdade fundamental:<br>\ud83d\udc49 <strong>Existem a\u00e7\u00f5es que nunca podem ser justificadas<\/strong>, porque s\u00e3o m\u00e1s pela sua pr\u00f3pria natureza.<\/p>\n\n\n\n<hr class=\"wp-block-separator has-alpha-channel-opacity\"\/>\n\n\n\n<h1 class=\"wp-block-heading\"><strong>d) O fim da a\u00e7\u00e3o: o \u201cpara qu\u00ea\u201d que orienta<\/strong><\/h1>\n\n\n\n<p>O fim \u00e9 a inten\u00e7\u00e3o que move o sujeito. \u00c9 o motivo da a\u00e7\u00e3o.<\/p>\n\n\n\n<p>Responde a:<\/p>\n\n\n\n<ul class=\"wp-block-list\">\n<li>por que fa\u00e7o isto?<\/li>\n\n\n\n<li>para que o fa\u00e7o?<\/li>\n<\/ul>\n\n\n\n<p>Contudo, a moral crist\u00e3 \u00e9 clara:<br>\u2757 <strong>O fim n\u00e3o justifica os meios<\/strong>.<\/p>\n\n\n\n<p>Um exemplo simples:<\/p>\n\n\n\n<ul class=\"wp-block-list\">\n<li>ajudar os pobres \u00e9 bom,<\/li>\n\n\n\n<li>roubar para os ajudar continua a ser mau.<\/li>\n<\/ul>\n\n\n\n<p>A inten\u00e7\u00e3o pode <strong>agravar ou melhorar<\/strong> uma a\u00e7\u00e3o boa, mas <strong>n\u00e3o pode tornar bom aquilo que \u00e9 mau em si mesmo<\/strong>.<\/p>\n\n\n\n<hr class=\"wp-block-separator has-alpha-channel-opacity\"\/>\n\n\n\n<h1 class=\"wp-block-heading\"><strong>e) As circunst\u00e2ncias da a\u00e7\u00e3o: o contexto que qualifica<\/strong><\/h1>\n\n\n\n<p>As circunst\u00e2ncias acompanham o ato, mas n\u00e3o definem a sua ess\u00eancia. Incluem:<\/p>\n\n\n\n<ul class=\"wp-block-list\">\n<li><strong>quem<\/strong> age (experi\u00eancia, responsabilidade),<\/li>\n\n\n\n<li><strong>onde<\/strong> (em p\u00fablico ou em privado),<\/li>\n\n\n\n<li><strong>como<\/strong> (livremente, sob coa\u00e7\u00e3o, sob efeito\u2026).<\/li>\n<\/ul>\n\n\n\n<p>Embora secund\u00e1rias, podem influenciar significativamente:<\/p>\n\n\n\n<ul class=\"wp-block-list\">\n<li>aumentando ou diminuindo a culpa,<\/li>\n\n\n\n<li>tornando a falta mais grave,<\/li>\n\n\n\n<li>ou at\u00e9 modificando a perce\u00e7\u00e3o do ato.<\/li>\n<\/ul>\n\n\n\n<p>Por exemplo:<\/p>\n\n\n\n<ul class=\"wp-block-list\">\n<li>mentir por medo n\u00e3o \u00e9 o mesmo que mentir por mal\u00edcia,<\/li>\n\n\n\n<li>nem cometer um erro por ignor\u00e2ncia \u00e9 o mesmo que faz\u00ea-lo com plena consci\u00eancia.<\/li>\n<\/ul>\n\n\n\n<hr class=\"wp-block-separator has-alpha-channel-opacity\"\/>\n\n\n\n<h1 class=\"wp-block-heading\"><strong>Consci\u00eancia e liberdade: uma rela\u00e7\u00e3o insepar\u00e1vel<\/strong><\/h1>\n\n\n\n<p>Aqui chegamos ao cora\u00e7\u00e3o do tema.<\/p>\n\n\n\n<p>A consci\u00eancia n\u00e3o limita a liberdade\u2026 torna-a poss\u00edvel.<\/p>\n\n\n\n<p>Sem verdade, n\u00e3o h\u00e1 liberdade, mas apenas a sua apar\u00eancia.<\/p>\n\n\n\n<p>O mundo moderno prop\u00f5e uma liberdade sem verdade, mas isso conduz ao vazio, \u00e0 confus\u00e3o e, em \u00faltima an\u00e1lise, \u00e0 escravid\u00e3o interior.<\/p>\n\n\n\n<p>Cristo, por\u00e9m, revela outra l\u00f3gica:<br><em>\u201cA verdade vos tornar\u00e1 livres\u201d<\/em> (Jo\u00e3o 8,32).<\/p>\n\n\n\n<p>A consci\u00eancia \u00e9 o lugar onde essa verdade se torna uma voz pessoal.<\/p>\n\n\n\n<hr class=\"wp-block-separator has-alpha-channel-opacity\"\/>\n\n\n\n<h1 class=\"wp-block-heading\"><strong>Aplica\u00e7\u00f5es pr\u00e1ticas: como viver hoje com uma consci\u00eancia reta<\/strong><\/h1>\n\n\n\n<p>No meio do ru\u00eddo do mundo, cultivar a consci\u00eancia \u00e9 uma tarefa urgente. Algumas chaves concretas:<\/p>\n\n\n\n<h3 class=\"wp-block-heading\"><strong>1. Praticar o exame de consci\u00eancia<\/strong><\/h3>\n\n\n\n<p>Dedicar alguns minutos por dia para rever pensamentos, palavras e a\u00e7\u00f5es.<\/p>\n\n\n\n<h3 class=\"wp-block-heading\"><strong>2. Formar-se na verdade<\/strong><\/h3>\n\n\n\n<p>Ler, estudar e aprofundar o ensinamento moral da Igreja.<\/p>\n\n\n\n<h3 class=\"wp-block-heading\"><strong>3. Evitar a autojustifica\u00e7\u00e3o<\/strong><\/h3>\n\n\n\n<p>Ser honesto consigo mesmo, sem desculpas nem relativismos.<\/p>\n\n\n\n<h3 class=\"wp-block-heading\"><strong>4. Procurar orienta\u00e7\u00e3o<\/strong><\/h3>\n\n\n\n<p>Em caso de d\u00favida, recorrer a pessoas bem formadas ou a um diretor espiritual.<\/p>\n\n\n\n<h3 class=\"wp-block-heading\"><strong>5. Viver em estado de gra\u00e7a<\/strong><\/h3>\n\n\n\n<p>A vida sacramental fortalece e ilumina a consci\u00eancia.<\/p>\n\n\n\n<hr class=\"wp-block-separator has-alpha-channel-opacity\"\/>\n\n\n\n<h1 class=\"wp-block-heading\"><strong>Conclus\u00e3o: a consci\u00eancia, lugar de encontro com Deus<\/strong><\/h1>\n\n\n\n<p>A consci\u00eancia n\u00e3o \u00e9 apenas uma fun\u00e7\u00e3o psicol\u00f3gica. \u00c9, nas palavras do Magist\u00e9rio, o <strong>\u201csantu\u00e1rio do homem\u201d<\/strong>, onde ressoa a voz de Deus.<\/p>\n\n\n\n<p>Escut\u00e1-la nem sempre \u00e9 f\u00e1cil. Por vezes, incomoda, corrige e exige. Mas \u00e9 precisamente a\u00ed que reside o seu valor: <strong>chama-nos a ser melhores, a viver na verdade, a amar autenticamente<\/strong>.<\/p>\n\n\n\n<p>Num mundo que confunde liberdade com capricho, redescobrir a consci\u00eancia \u00e9 reencontrar o caminho da verdadeira liberdade.<\/p>\n\n\n\n<p>Porque, no fundo, n\u00e3o \u00e9 mais livre quem faz o que quer\u2026<br>mas quem <strong>quer o bem e o realiza<\/strong>.<\/p>\n\n\n\n<p>E isso s\u00f3 \u00e9 poss\u00edvel quando a consci\u00eancia est\u00e1 desperta, formada e aberta \u00e0 verdade.<\/p>\n","protected":false},"excerpt":{"rendered":"<p>Vivemos numa \u00e9poca que exalta a liberdade como nunca antes. Repete-se constantemente que ser livre significa escolher sem limites, decidir sem interfer\u00eancias, viver de acordo com os pr\u00f3prios desejos. Mas e se essa ideia de liberdade for incompleta? E se a verdadeira liberdade n\u00e3o consistir em fazer o que se quer, mas em fazer o &hellip;<\/p>\n","protected":false},"author":3,"featured_media":5893,"comment_status":"closed","ping_status":"closed","sticky":false,"template":"","format":"standard","meta":{"_seopress_robots_primary_cat":"","_seopress_titles_title":"","_seopress_titles_desc":"","_seopress_robots_index":"","footnotes":""},"categories":[39,57],"tags":[1970],"class_list":["post-5896","post","type-post","status-publish","format-standard","has-post-thumbnail","","category-moral-e-vida-crista","category-virtudes-cristas","tag-consciencia"],"_links":{"self":[{"href":"https:\/\/catholicus.eu\/pt\/wp-json\/wp\/v2\/posts\/5896","targetHints":{"allow":["GET"]}}],"collection":[{"href":"https:\/\/catholicus.eu\/pt\/wp-json\/wp\/v2\/posts"}],"about":[{"href":"https:\/\/catholicus.eu\/pt\/wp-json\/wp\/v2\/types\/post"}],"author":[{"embeddable":true,"href":"https:\/\/catholicus.eu\/pt\/wp-json\/wp\/v2\/users\/3"}],"replies":[{"embeddable":true,"href":"https:\/\/catholicus.eu\/pt\/wp-json\/wp\/v2\/comments?post=5896"}],"version-history":[{"count":1,"href":"https:\/\/catholicus.eu\/pt\/wp-json\/wp\/v2\/posts\/5896\/revisions"}],"predecessor-version":[{"id":5897,"href":"https:\/\/catholicus.eu\/pt\/wp-json\/wp\/v2\/posts\/5896\/revisions\/5897"}],"wp:featuredmedia":[{"embeddable":true,"href":"https:\/\/catholicus.eu\/pt\/wp-json\/wp\/v2\/media\/5893"}],"wp:attachment":[{"href":"https:\/\/catholicus.eu\/pt\/wp-json\/wp\/v2\/media?parent=5896"}],"wp:term":[{"taxonomy":"category","embeddable":true,"href":"https:\/\/catholicus.eu\/pt\/wp-json\/wp\/v2\/categories?post=5896"},{"taxonomy":"post_tag","embeddable":true,"href":"https:\/\/catholicus.eu\/pt\/wp-json\/wp\/v2\/tags?post=5896"}],"curies":[{"name":"wp","href":"https:\/\/api.w.org\/{rel}","templated":true}]}}