{"id":5886,"date":"2026-05-01T18:16:42","date_gmt":"2026-05-01T16:16:42","guid":{"rendered":"https:\/\/catholicus.eu\/pt\/?p=5886"},"modified":"2026-05-01T18:16:42","modified_gmt":"2026-05-01T16:16:42","slug":"sao-jose-nao-era-apenas-um-carpinteiro-o-tekton-que-formou-com-suas-maos-o-salvador-do-mundo","status":"publish","type":"post","link":"https:\/\/catholicus.eu\/pt\/sao-jose-nao-era-apenas-um-carpinteiro-o-tekton-que-formou-com-suas-maos-o-salvador-do-mundo\/","title":{"rendered":"S\u00e3o Jos\u00e9 n\u00e3o era \u201capenas um carpinteiro\u201d: o T\u00e9kt\u014dn que formou com suas m\u00e3os o Salvador do mundo"},"content":{"rendered":"\n<h2 class=\"wp-block-heading\"><strong>Quando descobrimos quem S\u00e3o Jos\u00e9 realmente era, compreendemos melhor como Jesus viveu<\/strong><\/h2>\n\n\n\n<p>Durante s\u00e9culos, milh\u00f5es de crist\u00e3os imaginaram S\u00e3o Jos\u00e9 como um velho silencioso em uma pequena oficina de carpintaria, cercado por mesas, cadeiras e aparas de madeira. A imagem \u00e9 terna\u2026 mas provavelmente incompleta.<\/p>\n\n\n\n<p>O Evangelho nos oferece uma palavra-chave que muda completamente nossa compreens\u00e3o:<\/p>\n\n\n\n<blockquote class=\"wp-block-quote is-layout-flow wp-block-quote-is-layout-flow\">\n<p><strong>\u201cN\u00e3o \u00e9 este o filho do t\u00e9kt\u014dn?\u201d<\/strong> (Mateus 13:55)<\/p>\n<\/blockquote>\n\n\n\n<p>A palavra grega usada por S\u00e3o Mateus n\u00e3o significa simplesmente \u201ccarpinteiro\u201d no sentido moderno. \u00c9 <strong>t\u00e9kt\u014dn<\/strong> (\u03c4\u03ad\u03ba\u03c4\u03c9\u03bd), um termo muito mais amplo, profundo e revelador.<\/p>\n\n\n\n<p>S\u00e3o Jos\u00e9 n\u00e3o era apenas um fabricante de m\u00f3veis.<\/p>\n\n\n\n<p>Era construtor. Artes\u00e3o. Oper\u00e1rio especializado. Homem da madeira e da pedra. Fabricante de ferramentas. Criador de estruturas. Trabalhador completo.<\/p>\n\n\n\n<p>Compreender isso n\u00e3o corrige apenas uma tradu\u00e7\u00e3o superficial: transforma nossa vis\u00e3o espiritual de S\u00e3o Jos\u00e9, da Sagrada Fam\u00edlia e do pr\u00f3prio Jesus Cristo.<\/p>\n\n\n\n<p>Porque o homem que ensinou Jesus a trabalhar com Suas m\u00e3os n\u00e3o fazia apenas mesas:<br><strong>erguia estruturas, fabricava jugos, reparava telhados, talhava vigas, montava portas e provavelmente trabalhava pedra para sustentar casas.<\/strong><\/p>\n\n\n\n<p>E isso tem profundas implica\u00e7\u00f5es teol\u00f3gicas.<\/p>\n\n\n\n<hr class=\"wp-block-separator has-alpha-channel-opacity\"\/>\n\n\n\n<h1 class=\"wp-block-heading\"><strong>I. O que T\u00e9kt\u014dn realmente significa? Muito al\u00e9m de \u201ccarpinteiro\u201d<\/strong><\/h1>\n\n\n\n<h2 class=\"wp-block-heading\"><strong>A riqueza de uma palavra esquecida<\/strong><\/h2>\n\n\n\n<p>No mundo greco-romano, <strong>t\u00e9kt\u014dn<\/strong> significava:<\/p>\n\n\n\n<ul class=\"wp-block-list\">\n<li>Construtor<\/li>\n\n\n\n<li>Artes\u00e3o habilidoso<\/li>\n\n\n\n<li>Oper\u00e1rio t\u00e9cnico<\/li>\n\n\n\n<li>Pedreiro<\/li>\n\n\n\n<li>Carpinteiro<\/li>\n\n\n\n<li>Fabricante de ferramentas<\/li>\n\n\n\n<li>Construtor agr\u00edcola<\/li>\n<\/ul>\n\n\n\n<p>N\u00e3o se limitava \u00e0 madeira.<\/p>\n\n\n\n<p>Designava algu\u00e9m capaz de transformar materiais brutos em instrumentos \u00fateis para a vida humana.<\/p>\n\n\n\n<p>Na Galileia do primeiro s\u00e9culo, isso era especialmente importante, porque Nazar\u00e9 n\u00e3o era uma grande cidade industrial, mas uma pequena aldeia agr\u00edcola pr\u00f3xima de projetos urbanos como S\u00e9foris, onde trabalhadores manuais provavelmente eram necess\u00e1rios.<\/p>\n\n\n\n<h2 class=\"wp-block-heading\"><strong>Madeira escassa, pedra abundante<\/strong><\/h2>\n\n\n\n<p>Aqui est\u00e1 um detalhe hist\u00f3rico fascinante:<\/p>\n\n\n\n<p>Na Terra Santa, especialmente na Galileia, a pedra era mais comum do que madeira de qualidade.<\/p>\n\n\n\n<p>Portanto, um t\u00e9kt\u014dn como Jos\u00e9 certamente trabalhava:<\/p>\n\n\n\n<h3 class=\"wp-block-heading\"><strong>Com madeira:<\/strong><\/h3>\n\n\n\n<ul class=\"wp-block-list\">\n<li>Jugos para bois<\/li>\n\n\n\n<li>Arados<\/li>\n\n\n\n<li>Portas<\/li>\n\n\n\n<li>Molduras<\/li>\n\n\n\n<li>Vigas<\/li>\n\n\n\n<li>Estruturas de telhado<\/li>\n\n\n\n<li>Ferramentas agr\u00edcolas<\/li>\n<\/ul>\n\n\n\n<h3 class=\"wp-block-heading\"><strong>Com pedra:<\/strong><\/h3>\n\n\n\n<ul class=\"wp-block-list\">\n<li>Funda\u00e7\u00f5es<\/li>\n\n\n\n<li>Muros<\/li>\n\n\n\n<li>Reparos estruturais<\/li>\n\n\n\n<li>Elementos arquitet\u00f4nicos<\/li>\n<\/ul>\n\n\n\n<p>Em outras palavras:<\/p>\n\n\n\n<h2 class=\"wp-block-heading\"><strong>S\u00e3o Jos\u00e9 era mais parecido com um construtor rural polivalente do que com um marceneiro moderno.<\/strong><\/h2>\n\n\n\n<p>Ele n\u00e3o era um designer de m\u00f3veis decorativos:<br>Era um homem que sustentava a vida cotidiana de sua comunidade.<\/p>\n\n\n\n<hr class=\"wp-block-separator has-alpha-channel-opacity\"\/>\n\n\n\n<h1 class=\"wp-block-heading\"><strong>II. S\u00e3o Jos\u00e9: santidade oper\u00e1ria e dignidade do trabalho<\/strong><\/h1>\n\n\n\n<h2 class=\"wp-block-heading\"><strong>O sil\u00eancio do Evangelho n\u00e3o \u00e9 vazio: \u00e9 profundidade<\/strong><\/h2>\n\n\n\n<p>S\u00e3o Jos\u00e9 n\u00e3o pronuncia uma \u00fanica palavra nas Escrituras.<\/p>\n\n\n\n<p>E, ainda assim, ensina mais do que muitos discursos.<\/p>\n\n\n\n<p>Por qu\u00ea?<\/p>\n\n\n\n<p>Porque Jos\u00e9 representa a espiritualidade do trabalho redentor.<\/p>\n\n\n\n<h2 class=\"wp-block-heading\"><strong>Trabalhar para sustentar Deus feito Homem<\/strong><\/h2>\n\n\n\n<p>Pensemos nisso com rever\u00eancia:<\/p>\n\n\n\n<p>As m\u00e3os de Jos\u00e9 alimentaram Maria.<br>As m\u00e3os de Jos\u00e9 protegeram o Menino Jesus.<br>As m\u00e3os de Jos\u00e9 ensinaram ao Verbo eterno encarnado a usar ferramentas humanas.<\/p>\n\n\n\n<p>O Filho eterno de Deus escolheu aprender com um trabalhador.<\/p>\n\n\n\n<p>Isso destr\u00f3i toda ideia pag\u00e3 de que o trabalho humilde n\u00e3o possui valor espiritual.<\/p>\n\n\n\n<h2 class=\"wp-block-heading\"><strong>Em Nazar\u00e9, o trabalho tornou-se escola de reden\u00e7\u00e3o<\/strong><\/h2>\n\n\n\n<p>Antes de pregar \u00e0s multid\u00f5es,<br>antes de curar os enfermos,<br>antes de carregar a Cruz\u2026<\/p>\n\n\n\n<p>Jesus passou anos observando Jos\u00e9 medir, cortar, carregar, ajustar e reparar.<\/p>\n\n\n\n<h3 class=\"wp-block-heading\">Nazar\u00e9 foi o primeiro semin\u00e1rio do trabalho santo.<\/h3>\n\n\n\n<hr class=\"wp-block-separator has-alpha-channel-opacity\"\/>\n\n\n\n<h1 class=\"wp-block-heading\"><strong>III. Jesus, disc\u00edpulo do T\u00e9kt\u014dn: quando Deus aprendeu com S\u00e3o Jos\u00e9<\/strong><\/h1>\n\n\n\n<p>Marcos 6:3 chama diretamente Jesus:<\/p>\n\n\n\n<blockquote class=\"wp-block-quote is-layout-flow wp-block-quote-is-layout-flow\">\n<p><strong>\u201cN\u00e3o \u00e9 este o t\u00e9kt\u014dn?\u201d<\/strong><\/p>\n<\/blockquote>\n\n\n\n<p>N\u00e3o apenas o filho do artes\u00e3o.<\/p>\n\n\n\n<p>O pr\u00f3prio Jesus era conhecido como artes\u00e3o.<\/p>\n\n\n\n<p>Isso significa que Cristo provavelmente trabalhou durante anos no of\u00edcio de Jos\u00e9.<\/p>\n\n\n\n<h2 class=\"wp-block-heading\"><strong>O que isso implica espiritualmente?<\/strong><\/h2>\n\n\n\n<p>Que Deus santificou:<\/p>\n\n\n\n<ul class=\"wp-block-list\">\n<li>O esfor\u00e7o f\u00edsico<\/li>\n\n\n\n<li>O cansa\u00e7o do trabalho<\/li>\n\n\n\n<li>A precis\u00e3o manual<\/li>\n\n\n\n<li>A economia familiar<\/li>\n\n\n\n<li>A constru\u00e7\u00e3o cotidiana<\/li>\n<\/ul>\n\n\n\n<p>Cada golpe de martelo em Nazar\u00e9 antecipava os cravos do Calv\u00e1rio.<\/p>\n\n\n\n<p>Cada jugo fabricado por Jesus recorda Suas palavras:<\/p>\n\n\n\n<blockquote class=\"wp-block-quote is-layout-flow wp-block-quote-is-layout-flow\">\n<p><strong>\u201cTomai sobre v\u00f3s o meu jugo\u2026 porque o meu jugo \u00e9 suave e o meu fardo \u00e9 leve.\u201d<\/strong> (Mateus 11:29-30)<\/p>\n<\/blockquote>\n\n\n\n<p>Isso n\u00e3o parece uma met\u00e1fora improvisada.<\/p>\n\n\n\n<p>Provavelmente era uma linguagem nascida da experi\u00eancia real.<\/p>\n\n\n\n<p>Cristo sabia como se fazia um jugo.<br>Sabia onde ele feriria.<br>Sabia como mold\u00e1-lo para aliviar o peso.<\/p>\n\n\n\n<h3 class=\"wp-block-heading\">Somente algu\u00e9m que conhecia esse of\u00edcio poderia usar essa imagem com tanta for\u00e7a.<\/h3>\n\n\n\n<hr class=\"wp-block-separator has-alpha-channel-opacity\"\/>\n\n\n\n<h1 class=\"wp-block-heading\"><strong>IV. As compara\u00e7\u00f5es de Jesus: uma prega\u00e7\u00e3o nascida da oficina<\/strong><\/h1>\n\n\n\n<p>Jesus n\u00e3o falou como um fil\u00f3sofo abstrato.<\/p>\n\n\n\n<p>Falou como algu\u00e9m formado entre campos, ferramentas e constru\u00e7\u00e3o.<\/p>\n\n\n\n<h2 class=\"wp-block-heading\"><strong>1. A casa constru\u00edda sobre a rocha<\/strong><\/h2>\n\n\n\n<blockquote class=\"wp-block-quote is-layout-flow wp-block-quote-is-layout-flow\">\n<p><strong>\u201cO homem prudente construiu sua casa sobre a rocha\u2026\u201d<\/strong> (Mateus 7:24)<\/p>\n<\/blockquote>\n\n\n\n<p>Isso n\u00e3o \u00e9 apenas uma met\u00e1fora espiritual:<br>\u00c9 linguagem t\u00e9cnica de construtor.<\/p>\n\n\n\n<p>Numa regi\u00e3o de chuvas torrenciais e terreno irregular, construir sobre rocha era quest\u00e3o de sobreviv\u00eancia.<\/p>\n\n\n\n<h3 class=\"wp-block-heading\">Cristo prega como algu\u00e9m que entende estruturas.<\/h3>\n\n\n\n<hr class=\"wp-block-separator has-alpha-channel-opacity\"\/>\n\n\n\n<h2 class=\"wp-block-heading\"><strong>2. A pedra angular<\/strong><\/h2>\n\n\n\n<blockquote class=\"wp-block-quote is-layout-flow wp-block-quote-is-layout-flow\">\n<p><strong>\u201cA pedra que os construtores rejeitaram\u2026\u201d<\/strong> (Salmo 118:22; Mateus 21:42)<\/p>\n<\/blockquote>\n\n\n\n<p>O termo construtores ressoa profundamente com Seu contexto formativo.<\/p>\n\n\n\n<p>Jesus compreende o valor de uma pedra estrutural porque provavelmente viu e utilizou materiais de constru\u00e7\u00e3o.<\/p>\n\n\n\n<hr class=\"wp-block-separator has-alpha-channel-opacity\"\/>\n\n\n\n<h2 class=\"wp-block-heading\"><strong>3. O jugo<\/strong><\/h2>\n\n\n\n<p>N\u00e3o \u00e9 apenas uma imagem po\u00e9tica:<br>\u00c9 uma ferramenta artesanal.<\/p>\n\n\n\n<p>Um mau jugo fere.<br>Um jugo bem feito alivia.<\/p>\n\n\n\n<p>Cristo apresenta-Se como o verdadeiro artes\u00e3o da alma.<\/p>\n\n\n\n<hr class=\"wp-block-separator has-alpha-channel-opacity\"\/>\n\n\n\n<h2 class=\"wp-block-heading\"><strong>4. Calcular o custo antes de construir<\/strong><\/h2>\n\n\n\n<blockquote class=\"wp-block-quote is-layout-flow wp-block-quote-is-layout-flow\">\n<p><strong>\u201cQual de v\u00f3s, querendo construir uma torre, n\u00e3o se senta primeiro para calcular o custo?\u201d<\/strong> (Lucas 14:28)<\/p>\n<\/blockquote>\n\n\n\n<p>Essa \u00e9 a mentalidade de um construtor.<\/p>\n\n\n\n<p>Planejamento.<br>Custo.<br>Fundamento.<br>Responsabilidade.<\/p>\n\n\n\n<hr class=\"wp-block-separator has-alpha-channel-opacity\"\/>\n\n\n\n<h1 class=\"wp-block-heading\"><strong>V. S\u00e3o Jos\u00e9 como modelo para o homem moderno<\/strong><\/h1>\n\n\n\n<h2 class=\"wp-block-heading\"><strong>Numa era de superficialidade, Jos\u00e9 ensina profundidade<\/strong><\/h2>\n\n\n\n<p>Hoje, visibilidade, sucesso r\u00e1pido e autopromo\u00e7\u00e3o s\u00e3o exaltados.<\/p>\n\n\n\n<p>Jos\u00e9 ensina o contr\u00e1rio:<\/p>\n\n\n\n<h3 class=\"wp-block-heading\">Virtudes josefinas:<\/h3>\n\n\n\n<ul class=\"wp-block-list\">\n<li>Sil\u00eancio fecundo<\/li>\n\n\n\n<li>Trabalho constante<\/li>\n\n\n\n<li>For\u00e7a sem espet\u00e1culo<\/li>\n\n\n\n<li>Prote\u00e7\u00e3o da fam\u00edlia<\/li>\n\n\n\n<li>Obedi\u00eancia a Deus<\/li>\n\n\n\n<li>Castidade<\/li>\n\n\n\n<li>Sacrif\u00edcio<\/li>\n<\/ul>\n\n\n\n<h2 class=\"wp-block-heading\"><strong>S\u00e3o Jos\u00e9 prova que um homem n\u00e3o precisa de fama para mudar a hist\u00f3ria<\/strong><\/h2>\n\n\n\n<p>Basta-lhe obedecer.<\/p>\n\n\n\n<hr class=\"wp-block-separator has-alpha-channel-opacity\"\/>\n\n\n\n<h1 class=\"wp-block-heading\"><strong>VI. Teologia do trabalho: a oficina de Nazar\u00e9 como escola de santidade<\/strong><\/h1>\n\n\n\n<p>A tradi\u00e7\u00e3o cat\u00f3lica sempre defendeu que o trabalho n\u00e3o \u00e9 castigo, mas participa\u00e7\u00e3o na obra criadora de Deus.<\/p>\n\n\n\n<p>Jos\u00e9 n\u00e3o fabricava apenas objetos:<br>Cooperava com a ordem da cria\u00e7\u00e3o.<\/p>\n\n\n\n<p>Cada ferramenta \u00fatil servia fam\u00edlias.<br>Cada estrutura protegia a vida.<br>Cada arado ajudava a alimentar.<\/p>\n\n\n\n<h2 class=\"wp-block-heading\"><strong>Trabalhar bem era amar o pr\u00f3ximo.<\/strong><\/h2>\n\n\n\n<h3 class=\"wp-block-heading\">Aqui est\u00e1 uma li\u00e7\u00e3o urgente:<\/h3>\n\n\n\n<p>Seu trabalho di\u00e1rio pode tornar-se caminho de santifica\u00e7\u00e3o.<\/p>\n\n\n\n<p>Escrit\u00f3rio.<br>Loja.<br>Constru\u00e7\u00e3o.<br>Limpeza.<br>Cuidado.<\/p>\n\n\n\n<p>Se Jos\u00e9 santificou o martelo,<br>voc\u00ea pode santificar suas responsabilidades.<\/p>\n\n\n\n<hr class=\"wp-block-separator has-alpha-channel-opacity\"\/>\n\n\n\n<h1 class=\"wp-block-heading\"><strong>VII. S\u00e3o Jos\u00e9 e a forma\u00e7\u00e3o integral de Jesus<\/strong><\/h1>\n\n\n\n<p>Embora Jesus seja Deus, em Sua humanidade escolheu crescer dentro de uma verdadeira fam\u00edlia.<\/p>\n\n\n\n<blockquote class=\"wp-block-quote is-layout-flow wp-block-quote-is-layout-flow\">\n<p><strong>\u201cE era-lhes submisso.\u201d<\/strong> (Lucas 2:51)<\/p>\n<\/blockquote>\n\n\n\n<p>Jos\u00e9 ensinou Cristo segundo a carne:<\/p>\n\n\n\n<ul class=\"wp-block-list\">\n<li>Disciplina<\/li>\n\n\n\n<li>Trabalho<\/li>\n\n\n\n<li>Ora\u00e7\u00e3o hebraica<\/li>\n\n\n\n<li>Responsabilidade<\/li>\n\n\n\n<li>Perseveran\u00e7a<\/li>\n<\/ul>\n\n\n\n<h2 class=\"wp-block-heading\">Isso faz de Jos\u00e9 patrono de:<\/h2>\n\n\n\n<ul class=\"wp-block-list\">\n<li>Pais<\/li>\n\n\n\n<li>Trabalhadores<\/li>\n\n\n\n<li>Artes\u00e3os<\/li>\n\n\n\n<li>Construtores<\/li>\n\n\n\n<li>Moribundos<\/li>\n\n\n\n<li>Igreja universal<\/li>\n<\/ul>\n\n\n\n<hr class=\"wp-block-separator has-alpha-channel-opacity\"\/>\n\n\n\n<h1 class=\"wp-block-heading\"><strong>VIII. Aplica\u00e7\u00f5es pastorais para hoje<\/strong><\/h1>\n\n\n\n<h2 class=\"wp-block-heading\"><strong>Para os pais<\/strong><\/h2>\n\n\n\n<p>Educar n\u00e3o \u00e9 apenas prover.<br>\u00c9 formar pelo exemplo.<\/p>\n\n\n\n<h2 class=\"wp-block-heading\"><strong>Para os trabalhadores<\/strong><\/h2>\n\n\n\n<p>Seu labor possui dignidade eterna.<\/p>\n\n\n\n<h2 class=\"wp-block-heading\"><strong>Para os jovens<\/strong><\/h2>\n\n\n\n<p>Aprendam of\u00edcio, virtude e disciplina.<\/p>\n\n\n\n<h2 class=\"wp-block-heading\"><strong>Para a Igreja<\/strong><\/h2>\n\n\n\n<p>Precisamos redescobrir S\u00e3o Jos\u00e9 n\u00e3o como imagem decorativa, mas como mestre de vida interior.<\/p>\n\n\n\n<hr class=\"wp-block-separator has-alpha-channel-opacity\"\/>\n\n\n\n<h1 class=\"wp-block-heading\"><strong>IX. S\u00e3o Jos\u00e9: construtor de lares\u2026 e guardi\u00e3o da Reden\u00e7\u00e3o<\/strong><\/h1>\n\n\n\n<p>H\u00e1 aqui uma beleza imensa:<\/p>\n\n\n\n<p>Jos\u00e9 constru\u00eda casas tempor\u00e1rias\u2026<br>enquanto protegia a Casa viva de Deus.<\/p>\n\n\n\n<p>Fabricava portas\u2026<br>enquanto cuidava d\u2019Aquele que disse:<\/p>\n\n\n\n<blockquote class=\"wp-block-quote is-layout-flow wp-block-quote-is-layout-flow\">\n<p><strong>\u201cEu sou a porta.\u201d<\/strong> (Jo\u00e3o 10:9)<\/p>\n<\/blockquote>\n\n\n\n<p>Constru\u00eda jugos\u2026<br>enquanto formava Aquele que aliviaria todo fardo.<\/p>\n\n\n\n<p>Trabalhava pedra\u2026<br>enquanto educava a Pedra Angular.<\/p>\n\n\n\n<hr class=\"wp-block-separator has-alpha-channel-opacity\"\/>\n\n\n\n<h1 class=\"wp-block-heading\"><strong>X. Conclus\u00e3o: redescobrir S\u00e3o Jos\u00e9 num mundo que despreza o oculto<\/strong><\/h1>\n\n\n\n<p>S\u00e3o Jos\u00e9 foi muito mais do que \u201co carpinteiro\u201d.<\/p>\n\n\n\n<p>Ele era:<\/p>\n\n\n\n<h2 class=\"wp-block-heading\"><strong>T\u00e9kt\u014dn.<\/strong><\/h2>\n\n\n\n<p>Construtor.<br>Artes\u00e3o.<br>Trabalhador santo.<br>Pai guardi\u00e3o.<br>Mestre do Redentor.<\/p>\n\n\n\n<p>Sua vida proclama que a grandeza nem sempre faz barulho.<\/p>\n\n\n\n<p>Num mundo obcecado pela fama,<br>Jos\u00e9 nos recorda que a eternidade tamb\u00e9m se constr\u00f3i no sil\u00eancio.<\/p>\n\n\n\n<h2 class=\"wp-block-heading\">Talvez hoje a pergunta n\u00e3o seja apenas:<\/h2>\n\n\n\n<p><strong>Quem foi S\u00e3o Jos\u00e9?<\/strong><\/p>\n\n\n\n<h2 class=\"wp-block-heading\">Mas sim:<\/h2>\n\n\n\n<p><strong>Estamos dispostos a viver como ele?<\/strong><\/p>\n\n\n\n<p>Trabalhando fielmente.<br>Protegendo o sagrado.<br>Construindo com paci\u00eancia.<br>Servindo sem aplausos.<\/p>\n\n\n\n<p>Porque em Nazar\u00e9, entre madeira, pedra, poeira e ora\u00e7\u00e3o,<br>um humilde t\u00e9kt\u014dn ajudou a preparar o Salvador do mundo.<\/p>\n","protected":false},"excerpt":{"rendered":"<p>Quando descobrimos quem S\u00e3o Jos\u00e9 realmente era, compreendemos melhor como Jesus viveu Durante s\u00e9culos, milh\u00f5es de crist\u00e3os imaginaram S\u00e3o Jos\u00e9 como um velho silencioso em uma pequena oficina de carpintaria, cercado por mesas, cadeiras e aparas de madeira. A imagem \u00e9 terna\u2026 mas provavelmente incompleta. O Evangelho nos oferece uma palavra-chave que muda completamente nossa &hellip;<\/p>\n","protected":false},"author":3,"featured_media":5887,"comment_status":"closed","ping_status":"closed","sticky":false,"template":"","format":"standard","meta":{"_seopress_robots_primary_cat":"","_seopress_titles_title":"","_seopress_titles_desc":"","_seopress_robots_index":"","footnotes":""},"categories":[40,61],"tags":[714,1967],"class_list":["post-5886","post","type-post","status-publish","format-standard","has-post-thumbnail","","category-oracao-e-espiritualidade","category-santos-e-calendario-liturgico","tag-sao-jose","tag-tekton"],"_links":{"self":[{"href":"https:\/\/catholicus.eu\/pt\/wp-json\/wp\/v2\/posts\/5886","targetHints":{"allow":["GET"]}}],"collection":[{"href":"https:\/\/catholicus.eu\/pt\/wp-json\/wp\/v2\/posts"}],"about":[{"href":"https:\/\/catholicus.eu\/pt\/wp-json\/wp\/v2\/types\/post"}],"author":[{"embeddable":true,"href":"https:\/\/catholicus.eu\/pt\/wp-json\/wp\/v2\/users\/3"}],"replies":[{"embeddable":true,"href":"https:\/\/catholicus.eu\/pt\/wp-json\/wp\/v2\/comments?post=5886"}],"version-history":[{"count":1,"href":"https:\/\/catholicus.eu\/pt\/wp-json\/wp\/v2\/posts\/5886\/revisions"}],"predecessor-version":[{"id":5888,"href":"https:\/\/catholicus.eu\/pt\/wp-json\/wp\/v2\/posts\/5886\/revisions\/5888"}],"wp:featuredmedia":[{"embeddable":true,"href":"https:\/\/catholicus.eu\/pt\/wp-json\/wp\/v2\/media\/5887"}],"wp:attachment":[{"href":"https:\/\/catholicus.eu\/pt\/wp-json\/wp\/v2\/media?parent=5886"}],"wp:term":[{"taxonomy":"category","embeddable":true,"href":"https:\/\/catholicus.eu\/pt\/wp-json\/wp\/v2\/categories?post=5886"},{"taxonomy":"post_tag","embeddable":true,"href":"https:\/\/catholicus.eu\/pt\/wp-json\/wp\/v2\/tags?post=5886"}],"curies":[{"name":"wp","href":"https:\/\/api.w.org\/{rel}","templated":true}]}}