{"id":5877,"date":"2026-05-01T08:45:09","date_gmt":"2026-05-01T06:45:09","guid":{"rendered":"https:\/\/catholicus.eu\/pt\/?p=5877"},"modified":"2026-05-01T08:45:09","modified_gmt":"2026-05-01T06:45:09","slug":"justica-a-virtude-que-pode-salvar-um-mundo-despedacado","status":"publish","type":"post","link":"https:\/\/catholicus.eu\/pt\/justica-a-virtude-que-pode-salvar-um-mundo-despedacado\/","title":{"rendered":"Justi\u00e7a: A virtude que pode salvar um mundo despeda\u00e7ado"},"content":{"rendered":"\n<h2 class=\"wp-block-heading\">Dar a cada um o que lhe pertence\u2026 e a Deus o primeiro lugar: um guia cat\u00f3lico profundo sobre a justi\u00e7a em tempos de ego\u00edsmo, desigualdade e confus\u00e3o moral<\/h2>\n\n\n\n<p>Vivemos numa \u00e9poca em que se fala constantemente de direitos, igualdade, justi\u00e7a social, sal\u00e1rios justos, corrup\u00e7\u00e3o pol\u00edtica, explora\u00e7\u00e3o do trabalho e pobreza estrutural. As redes sociais clamam por justi\u00e7a. As ruas protestam por justi\u00e7a. Os tribunais administram justi\u00e7a. Os governos prometem justi\u00e7a.<\/p>\n\n\n\n<p>E, no entanto, raramente vivemos numa sociedade t\u00e3o profundamente confusa sobre o que realmente significa ser justo.<\/p>\n\n\n\n<p>Porque a justi\u00e7a, do ponto de vista do catolicismo tradicional, n\u00e3o \u00e9 simplesmente uma constru\u00e7\u00e3o pol\u00edtica, uma ideologia social ou um acordo legal. A justi\u00e7a \u00e9 uma virtude moral cardinal, uma exig\u00eancia da alma, uma obriga\u00e7\u00e3o diante de Deus e uma express\u00e3o concreta do amor ao pr\u00f3ximo.<\/p>\n\n\n\n<p>Sem justi\u00e7a, n\u00e3o h\u00e1 verdadeira paz.<br>Sem justi\u00e7a, n\u00e3o h\u00e1 caridade aut\u00eantica.<br>Sem justi\u00e7a, n\u00e3o h\u00e1 santidade social.<\/p>\n\n\n\n<p>Como ensina a Sagrada Escritura:<\/p>\n\n\n\n<blockquote class=\"wp-block-quote is-layout-flow wp-block-quote-is-layout-flow\">\n<p><strong>\u201cAprendei a fazer o bem; procurai a justi\u00e7a, socorrei o oprimido, fazei justi\u00e7a ao \u00f3rf\u00e3o, defendei a vi\u00fava\u201d (Isa\u00edas 1,17).<\/strong><\/p>\n<\/blockquote>\n\n\n\n<p>A justi\u00e7a n\u00e3o \u00e9 opcional para o crist\u00e3o.<br>\u00c9 um caminho de salva\u00e7\u00e3o.<\/p>\n\n\n\n<hr class=\"wp-block-separator has-alpha-channel-opacity\"\/>\n\n\n\n<h1 class=\"wp-block-heading\">I. O que \u00e9 a justi\u00e7a?<\/h1>\n\n\n\n<h2 class=\"wp-block-heading\">Muito mais do que leis: uma virtude divina para ordenar o mundo<\/h2>\n\n\n\n<p>A defini\u00e7\u00e3o cl\u00e1ssica, herdada de Arist\u00f3teles, aperfei\u00e7oada por C\u00edcero e elevada por S\u00e3o Tom\u00e1s de Aquino, ensina:<\/p>\n\n\n\n<h2 class=\"wp-block-heading\"><strong>A justi\u00e7a consiste em dar a cada pessoa aquilo que lhe \u00e9 devido.<\/strong><\/h2>\n\n\n\n<p>Mas o cristianismo acrescenta uma profundidade ainda maior: n\u00e3o se trata apenas daquilo que \u201cpertence\u201d a algu\u00e9m em termos materiais ou legais, mas de reconhecer a dignidade sagrada de cada pessoa como imagem de Deus.<\/p>\n\n\n\n<p>Ser justo significa:<\/p>\n\n\n\n<ul class=\"wp-block-list\">\n<li>Dar a Deus o culto que Lhe \u00e9 devido.<\/li>\n\n\n\n<li>Dar ao pr\u00f3ximo aquilo que \u00e9 necess\u00e1rio.<\/li>\n\n\n\n<li>Dar \u00e0 fam\u00edlia aquilo que merece.<\/li>\n\n\n\n<li>Dar ao trabalhador um sal\u00e1rio justo.<\/li>\n\n\n\n<li>Dar ao pobre uma aten\u00e7\u00e3o real.<\/li>\n\n\n\n<li>Dar ao fraco prote\u00e7\u00e3o.<\/li>\n\n\n\n<li>Dar ao pecador corre\u00e7\u00e3o fraterna.<\/li>\n<\/ul>\n\n\n\n<p>A justi\u00e7a n\u00e3o \u00e9 matem\u00e1tica fria.<br>\u00c9 ordem moral.<\/p>\n\n\n\n<hr class=\"wp-block-separator has-alpha-channel-opacity\"\/>\n\n\n\n<h1 class=\"wp-block-heading\">II. A justi\u00e7a na B\u00edblia: Deus como fonte e medida<\/h1>\n\n\n\n<p>No pensamento b\u00edblico, o justo n\u00e3o \u00e9 apenas quem segue regras, mas quem vive retamente diante de Deus.<\/p>\n\n\n\n<h2 class=\"wp-block-heading\">No Antigo Testamento:<\/h2>\n\n\n\n<p>A justi\u00e7a est\u00e1 unida \u00e0 fidelidade \u00e0 Lei divina.<\/p>\n\n\n\n<blockquote class=\"wp-block-quote is-layout-flow wp-block-quote-is-layout-flow\">\n<p><strong>\u201cO justo florescer\u00e1 como a palmeira\u201d (Salmo 92,13).<\/strong><\/p>\n<\/blockquote>\n\n\n\n<p>Os profetas denunciaram continuamente a falsa religiosidade daqueles que ofereciam sacrif\u00edcios enquanto exploravam os pobres.<\/p>\n\n\n\n<h2 class=\"wp-block-heading\">No Novo Testamento:<\/h2>\n\n\n\n<p>Cristo leva a justi\u00e7a \u00e0 sua plenitude.<\/p>\n\n\n\n<blockquote class=\"wp-block-quote is-layout-flow wp-block-quote-is-layout-flow\">\n<p><strong>\u201cBem-aventurados os que t\u00eam fome e sede de justi\u00e7a, porque ser\u00e3o saciados\u201d (Mateus 5,6).<\/strong><\/p>\n<\/blockquote>\n\n\n\n<p>Jesus n\u00e3o veio apenas para perdoar pecados individuais, mas para restaurar a ordem quebrada entre Deus e o homem.<\/p>\n\n\n\n<p>A Cruz \u00e9 o ato supremo onde se encontram:<\/p>\n\n\n\n<ul class=\"wp-block-list\">\n<li>Justi\u00e7a divina (o pecado tem consequ\u00eancias)<\/li>\n\n\n\n<li>Miseric\u00f3rdia divina (Deus paga por n\u00f3s)<\/li>\n<\/ul>\n\n\n\n<hr class=\"wp-block-separator has-alpha-channel-opacity\"\/>\n\n\n\n<h1 class=\"wp-block-heading\">III. Os tr\u00eas grandes tipos de justi\u00e7a<\/h1>\n\n\n\n<h2 class=\"wp-block-heading\">Uma arquitetura moral para a vida pessoal, laboral e social<\/h2>\n\n\n\n<hr class=\"wp-block-separator has-alpha-channel-opacity\"\/>\n\n\n\n<h2 class=\"wp-block-heading\">A) Justi\u00e7a comutativa<\/h2>\n\n\n\n<h3 class=\"wp-block-heading\">Dar segundo o que \u00e9 devido<\/h3>\n\n\n\n<p>\u00c9 a justi\u00e7a nas trocas entre indiv\u00edduos.<\/p>\n\n\n\n<p>Exemplos:<\/p>\n\n\n\n<ul class=\"wp-block-list\">\n<li>Pagar um sal\u00e1rio justo<\/li>\n\n\n\n<li>N\u00e3o enganar numa venda<\/li>\n\n\n\n<li>N\u00e3o falsificar faturas<\/li>\n\n\n\n<li>Cumprir contratos<\/li>\n\n\n\n<li>N\u00e3o aproveitar-se da ignor\u00e2ncia alheia<\/li>\n<\/ul>\n\n\n\n<p>Se trabalhas 4 horas, recebes por 4 horas.<br>Se vendes algo, isso deve corresponder ao que foi prometido.<\/p>\n\n\n\n<h3 class=\"wp-block-heading\">Pecados contr\u00e1rios:<\/h3>\n\n\n\n<p>Fraude, roubo, trapa\u00e7a.<\/p>\n\n\n\n<hr class=\"wp-block-separator has-alpha-channel-opacity\"\/>\n\n\n\n<h2 class=\"wp-block-heading\">B) Justi\u00e7a distributiva<\/h2>\n\n\n\n<h3 class=\"wp-block-heading\">Dar segundo a necessidade e a dignidade<\/h3>\n\n\n\n<p>Regula a forma como a sociedade, as empresas ou o Estado distribuem bens e oportunidades.<\/p>\n\n\n\n<p>Exemplos:<\/p>\n\n\n\n<ul class=\"wp-block-list\">\n<li>Aten\u00e7\u00e3o especial \u00e0s pessoas com defici\u00eancia<\/li>\n\n\n\n<li>Ajuda \u00e0s fam\u00edlias numerosas<\/li>\n\n\n\n<li>Prote\u00e7\u00e3o aos idosos<\/li>\n\n\n\n<li>Apoio aos desempregados<\/li>\n<\/ul>\n\n\n\n<p>N\u00e3o se trata de um igualitarismo cego, mas de reconhecer desigualdades reais para sustentar os vulner\u00e1veis.<\/p>\n\n\n\n<h3 class=\"wp-block-heading\">Princ\u00edpio crist\u00e3o:<\/h3>\n\n\n\n<p><strong>Quem mais necessita merece maior prote\u00e7\u00e3o.<\/strong><\/p>\n\n\n\n<hr class=\"wp-block-separator has-alpha-channel-opacity\"\/>\n\n\n\n<h2 class=\"wp-block-heading\">C) Justi\u00e7a social<\/h2>\n\n\n\n<h3 class=\"wp-block-heading\">Todos contribuem para o bem comum<\/h3>\n\n\n\n<p>A sociedade n\u00e3o pode sobreviver se cada pessoa viver apenas para si mesma.<\/p>\n\n\n\n<p>Exemplos:<\/p>\n\n\n\n<ul class=\"wp-block-list\">\n<li>Tributa\u00e7\u00e3o justa<\/li>\n\n\n\n<li>Participa\u00e7\u00e3o comunit\u00e1ria<\/li>\n\n\n\n<li>Responsabilidade c\u00edvica<\/li>\n\n\n\n<li>Honestidade empresarial<\/li>\n\n\n\n<li>Solidariedade nacional<\/li>\n<\/ul>\n\n\n\n<p>A Doutrina Social da Igreja insiste que a propriedade privada existe, mas possui uma fun\u00e7\u00e3o social.<\/p>\n\n\n\n<h3 class=\"wp-block-heading\">S\u00e3o Jo\u00e3o Paulo II recordava:<\/h3>\n\n\n\n<p>A riqueza sem solidariedade torna-se idolatria.<\/p>\n\n\n\n<hr class=\"wp-block-separator has-alpha-channel-opacity\"\/>\n\n\n\n<h1 class=\"wp-block-heading\">IV. Uma chave fundamental: legalidade nem sempre \u00e9 moralidade<\/h1>\n\n\n\n<p>Aqui a tradi\u00e7\u00e3o cat\u00f3lica oferece um ensinamento decisivo para o nosso tempo:<\/p>\n\n\n\n<h2 class=\"wp-block-heading\">Nem tudo o que \u00e9 legal \u00e9 moral.<\/h2>\n\n\n\n<h2 class=\"wp-block-heading\">Nem tudo o que \u00e9 poss\u00edvel \u00e9 bom.<\/h2>\n\n\n\n<p>Hoje, sociedades podem legalizar:<\/p>\n\n\n\n<ul class=\"wp-block-list\">\n<li>explora\u00e7\u00e3o,<\/li>\n\n\n\n<li>aborto,<\/li>\n\n\n\n<li>eutan\u00e1sia,<\/li>\n\n\n\n<li>usura,<\/li>\n\n\n\n<li>corrup\u00e7\u00e3o disfar\u00e7ada.<\/li>\n<\/ul>\n\n\n\n<p>Mas uma lei injusta n\u00e3o transforma o mal em bem.<\/p>\n\n\n\n<h2 class=\"wp-block-heading\">S\u00e3o Tom\u00e1s:<\/h2>\n\n\n\n<p><strong>\u201cUma lei injusta n\u00e3o obriga em consci\u00eancia.\u201d<\/strong><\/p>\n\n\n\n<p>Portanto:<\/p>\n\n\n\n<h3 class=\"wp-block-heading\">A moral est\u00e1 sempre acima da lei humana.<\/h3>\n\n\n\n<hr class=\"wp-block-separator has-alpha-channel-opacity\"\/>\n\n\n\n<h1 class=\"wp-block-heading\">V. Os valores da justi\u00e7a<\/h1>\n\n\n\n<h2 class=\"wp-block-heading\">Quando dar ao pr\u00f3ximo se torna caminho de santidade<\/h2>\n\n\n\n<p>A justi\u00e7a crist\u00e3 n\u00e3o se limita a \u201cn\u00e3o roubar\u201d.<br>Ela inclui partilhar.<\/p>\n\n\n\n<p>Aquilo que possuis em excesso enquanto outro carece pode tornar-se uma obriga\u00e7\u00e3o moral.<\/p>\n\n\n\n<hr class=\"wp-block-separator has-alpha-channel-opacity\"\/>\n\n\n\n<h1 class=\"wp-block-heading\">A) Obras de miseric\u00f3rdia corporais<\/h1>\n\n\n\n<h2 class=\"wp-block-heading\">Justi\u00e7a material em a\u00e7\u00e3o<\/h2>\n\n\n\n<ul class=\"wp-block-list\">\n<li>Dar de comer a quem tem fome<\/li>\n\n\n\n<li>Dar de beber a quem tem sede<\/li>\n\n\n\n<li>Vestir os nus<\/li>\n\n\n\n<li>Dar abrigo ao peregrino<\/li>\n\n\n\n<li>Visitar os doentes<\/li>\n\n\n\n<li>Visitar os presos<\/li>\n\n\n\n<li>Enterrar os mortos<\/li>\n<\/ul>\n\n\n\n<p>Estas obras n\u00e3o s\u00e3o mera caridade opcional.<br>S\u00e3o express\u00f5es concretas de justi\u00e7a e amor.<\/p>\n\n\n\n<blockquote class=\"wp-block-quote is-layout-flow wp-block-quote-is-layout-flow\">\n<p><strong>\u201cPorque tive fome e me destes de comer\u2026\u201d (Mateus 25,35).<\/strong><\/p>\n<\/blockquote>\n\n\n\n<p>Cristo identifica-Se com o necessitado.<\/p>\n\n\n\n<hr class=\"wp-block-separator has-alpha-channel-opacity\"\/>\n\n\n\n<h1 class=\"wp-block-heading\">B) Obras de miseric\u00f3rdia espirituais<\/h1>\n\n\n\n<h2 class=\"wp-block-heading\">Justi\u00e7a da alma<\/h2>\n\n\n\n<p>A ajuda econ\u00f3mica n\u00e3o basta.<\/p>\n\n\n\n<p>Devemos tamb\u00e9m:<\/p>\n\n\n\n<ul class=\"wp-block-list\">\n<li>Ensinar os ignorantes<\/li>\n\n\n\n<li>Dar bom conselho<\/li>\n\n\n\n<li>Corrigir os que erram<\/li>\n\n\n\n<li>Consolar os aflitos<\/li>\n\n\n\n<li>Perdoar inj\u00farias<\/li>\n\n\n\n<li>Suportar com paci\u00eancia os defeitos do pr\u00f3ximo<\/li>\n\n\n\n<li>Rezar pelos vivos e pelos mortos<\/li>\n<\/ul>\n\n\n\n<p>Hoje, numa cultura que teme a corre\u00e7\u00e3o, advertir algu\u00e9m que se est\u00e1 a destruir tamb\u00e9m \u00e9 justi\u00e7a.<\/p>\n\n\n\n<p>O sil\u00eancio por comodidade pode tornar-se uma forma de abandono.<\/p>\n\n\n\n<hr class=\"wp-block-separator has-alpha-channel-opacity\"\/>\n\n\n\n<h1 class=\"wp-block-heading\">VI. Pecados contra a justi\u00e7a<\/h1>\n\n\n\n<h2 class=\"wp-block-heading\">Quando o cora\u00e7\u00e3o se desordena, a sociedade tamb\u00e9m se corrompe<\/h2>\n\n\n\n<hr class=\"wp-block-separator has-alpha-channel-opacity\"\/>\n\n\n\n<h1 class=\"wp-block-heading\">A) Pecados pessoais<\/h1>\n\n\n\n<h2 class=\"wp-block-heading\">1. Avareza<\/h2>\n\n\n\n<p>Amar o dinheiro mais do que a Deus.<\/p>\n\n\n\n<blockquote class=\"wp-block-quote is-layout-flow wp-block-quote-is-layout-flow\">\n<p><strong>\u201cPorque o amor ao dinheiro \u00e9 a raiz de todos os males\u201d (1 Tim\u00f3teo 6,10).<\/strong><\/p>\n<\/blockquote>\n\n\n\n<hr class=\"wp-block-separator has-alpha-channel-opacity\"\/>\n\n\n\n<h2 class=\"wp-block-heading\">2. Desperd\u00edcio<\/h2>\n\n\n\n<p>Gastar irresponsavelmente enquanto outros carecem do necess\u00e1rio.<\/p>\n\n\n\n<hr class=\"wp-block-separator has-alpha-channel-opacity\"\/>\n\n\n\n<h2 class=\"wp-block-heading\">3. Jogos de azar e apostas desordenadas<\/h2>\n\n\n\n<p>Quando o desejo de riqueza r\u00e1pida substitui o trabalho, a prud\u00eancia e a responsabilidade.<\/p>\n\n\n\n<hr class=\"wp-block-separator has-alpha-channel-opacity\"\/>\n\n\n\n<h2 class=\"wp-block-heading\">4. Lucro absoluto<\/h2>\n\n\n\n<p>Viver apenas para produzir e consumir.<\/p>\n\n\n\n<p>O valor do homem vem de ser filho de Deus, n\u00e3o da sua rentabilidade.<\/p>\n\n\n\n<hr class=\"wp-block-separator has-alpha-channel-opacity\"\/>\n\n\n\n<h1 class=\"wp-block-heading\">B) Pecados laborais e sociais<\/h1>\n\n\n\n<h2 class=\"wp-block-heading\">Roubo<\/h2>\n\n\n\n<p>Tomar o que pertence a outro.<\/p>\n\n\n\n<h2 class=\"wp-block-heading\">Furto<\/h2>\n\n\n\n<p>Posse injusta.<\/p>\n\n\n\n<h2 class=\"wp-block-heading\">Reten\u00e7\u00e3o<\/h2>\n\n\n\n<p>Reter aquilo que \u00e9 devido.<\/p>\n\n\n\n<h2 class=\"wp-block-heading\">Corrup\u00e7\u00e3o<\/h2>\n\n\n\n<p>Manipular decis\u00f5es para benef\u00edcio pr\u00f3prio.<\/p>\n\n\n\n<h2 class=\"wp-block-heading\">Reclama\u00e7\u00f5es fraudulentas<\/h2>\n\n\n\n<p>Mentir para obter vantagem.<\/p>\n\n\n\n<h3 class=\"wp-block-heading\">Hoje tamb\u00e9m acrescentar\u00edamos:<\/h3>\n\n\n\n<ul class=\"wp-block-list\">\n<li>explora\u00e7\u00e3o empresarial,<\/li>\n\n\n\n<li>fraude fiscal injusta,<\/li>\n\n\n\n<li>manipula\u00e7\u00e3o financeira,<\/li>\n\n\n\n<li>tr\u00e1fico laboral,<\/li>\n\n\n\n<li>subornos,<\/li>\n\n\n\n<li>corrup\u00e7\u00e3o pol\u00edtica.<\/li>\n<\/ul>\n\n\n\n<hr class=\"wp-block-separator has-alpha-channel-opacity\"\/>\n\n\n\n<h1 class=\"wp-block-heading\">VII. Justi\u00e7a e trabalho: uma teologia do trabalho<\/h1>\n\n\n\n<p>O trabalho n\u00e3o \u00e9 castigo; \u00e9 participa\u00e7\u00e3o na obra criadora de Deus.<\/p>\n\n\n\n<p>Portanto:<\/p>\n\n\n\n<ul class=\"wp-block-list\">\n<li>O empregador injusto peca.<\/li>\n\n\n\n<li>O trabalhador desonesto peca.<\/li>\n\n\n\n<li>O pol\u00edtico corrupto peca.<\/li>\n\n\n\n<li>O consumidor irrespons\u00e1vel tamb\u00e9m pode pecar.<\/li>\n<\/ul>\n\n\n\n<p>A justi\u00e7a exige equil\u00edbrio entre:<\/p>\n\n\n\n<h3 class=\"wp-block-heading\">produtividade + dignidade + solidariedade<\/h3>\n\n\n\n<hr class=\"wp-block-separator has-alpha-channel-opacity\"\/>\n\n\n\n<h1 class=\"wp-block-heading\">VIII. Justi\u00e7a sem caridade pode tornar-se cruel<\/h1>\n\n\n\n<h2 class=\"wp-block-heading\">Mas caridade sem justi\u00e7a \u00e9 hipocrisia<\/h2>\n\n\n\n<p>A Igreja ensina que a caridade aperfei\u00e7oa a justi\u00e7a; n\u00e3o a substitui.<\/p>\n\n\n\n<p>N\u00e3o basta dar esmola se exploras sal\u00e1rios.<br>N\u00e3o basta rezar se defraudas.<br>N\u00e3o basta doar se corrompes.<\/p>\n\n\n\n<p>A justi\u00e7a \u00e9 o m\u00ednimo moral.<br>A caridade \u00e9 o m\u00e1ximo crist\u00e3o.<\/p>\n\n\n\n<hr class=\"wp-block-separator has-alpha-channel-opacity\"\/>\n\n\n\n<h1 class=\"wp-block-heading\">IX. Cristo, Rei da justi\u00e7a<\/h1>\n\n\n\n<p>Jesus Cristo n\u00e3o apenas pregou a justi\u00e7a:<\/p>\n\n\n\n<h2 class=\"wp-block-heading\">Ele \u00c9 a Justi\u00e7a.<\/h2>\n\n\n\n<p>N\u2019Ele vemos:<\/p>\n\n\n\n<ul class=\"wp-block-list\">\n<li>Verdade sem relativismo<\/li>\n\n\n\n<li>Miseric\u00f3rdia sem cumplicidade<\/li>\n\n\n\n<li>Ordem sem opress\u00e3o<\/li>\n\n\n\n<li>Amor sem injusti\u00e7a<\/li>\n<\/ul>\n\n\n\n<p>Por isso, cada crist\u00e3o deve perguntar-se:<\/p>\n\n\n\n<h3 class=\"wp-block-heading\">Sou justo nos meus sal\u00e1rios?<\/h3>\n\n\n\n<h3 class=\"wp-block-heading\">Sou justo com a minha fam\u00edlia?<\/h3>\n\n\n\n<h3 class=\"wp-block-heading\">Pago o que devo?<\/h3>\n\n\n\n<h3 class=\"wp-block-heading\">Ajudo os necessitados?<\/h3>\n\n\n\n<h3 class=\"wp-block-heading\">Uso os meus bens como administrador ou como \u00eddolo?<\/h3>\n\n\n\n<hr class=\"wp-block-separator has-alpha-channel-opacity\"\/>\n\n\n\n<h1 class=\"wp-block-heading\">X. Guia pastoral pr\u00e1tico para viver a justi\u00e7a hoje<\/h1>\n\n\n\n<h2 class=\"wp-block-heading\">Em casa:<\/h2>\n\n\n\n<ul class=\"wp-block-list\">\n<li>Partilhar responsabilidades<\/li>\n\n\n\n<li>N\u00e3o manipular<\/li>\n\n\n\n<li>Cumprir a palavra<\/li>\n<\/ul>\n\n\n\n<h2 class=\"wp-block-heading\">No trabalho:<\/h2>\n\n\n\n<ul class=\"wp-block-list\">\n<li>Ser honesto<\/li>\n\n\n\n<li>N\u00e3o roubar tempo<\/li>\n\n\n\n<li>N\u00e3o explorar nem aproveitar-se<\/li>\n<\/ul>\n\n\n\n<h2 class=\"wp-block-heading\">Nas finan\u00e7as:<\/h2>\n\n\n\n<ul class=\"wp-block-list\">\n<li>Evitar d\u00edvidas irrespons\u00e1veis<\/li>\n\n\n\n<li>Praticar generosidade<\/li>\n\n\n\n<li>Ajudar discretamente<\/li>\n<\/ul>\n\n\n\n<h2 class=\"wp-block-heading\">Na sociedade:<\/h2>\n\n\n\n<ul class=\"wp-block-list\">\n<li>Votar com consci\u00eancia moral<\/li>\n\n\n\n<li>Denunciar a corrup\u00e7\u00e3o<\/li>\n\n\n\n<li>Promover a dignidade humana<\/li>\n<\/ul>\n\n\n\n<h2 class=\"wp-block-heading\">Na vida espiritual:<\/h2>\n\n\n\n<ul class=\"wp-block-list\">\n<li>Examinar a consci\u00eancia em rela\u00e7\u00e3o ao dinheiro<\/li>\n\n\n\n<li>Confessar injusti\u00e7as<\/li>\n\n\n\n<li>Reparar se prejudicaste algu\u00e9m<\/li>\n<\/ul>\n\n\n\n<hr class=\"wp-block-separator has-alpha-channel-opacity\"\/>\n\n\n\n<h1 class=\"wp-block-heading\">XI. Conclus\u00e3o: a justi\u00e7a \u00e9 amor com coluna vertebral<\/h1>\n\n\n\n<p>A justi\u00e7a n\u00e3o \u00e9 uma moda ideol\u00f3gica.<br>\u00c9 uma virtude eterna.<\/p>\n\n\n\n<p>Num mundo em que muitos exigem direitos mas esquecem deveres, o crist\u00e3o \u00e9 chamado a ser luz.<\/p>\n\n\n\n<p>Ser justo n\u00e3o \u00e9 apenas obedecer a regras.<br>\u00c9 refletir a ordem de Deus numa civiliza\u00e7\u00e3o ferida.<\/p>\n\n\n\n<h2 class=\"wp-block-heading\">Onde h\u00e1 justi\u00e7a, a paz floresce.<\/h2>\n\n\n\n<h2 class=\"wp-block-heading\">Onde reina a injusti\u00e7a, cresce o pecado social.<\/h2>\n\n\n\n<blockquote class=\"wp-block-quote is-layout-flow wp-block-quote-is-layout-flow\">\n<p><strong>\u201cBuscai primeiro o Reino de Deus e a sua justi\u00e7a\u201d (Mateus 6,33).<\/strong><\/p>\n<\/blockquote>\n\n\n\n<p>Porque, no fim, n\u00e3o seremos julgados por quanto acumul\u00e1mos\u2026<br>Mas por qu\u00e3o justamente am\u00e1mos.<\/p>\n\n\n\n<h2 class=\"wp-block-heading\">A verdadeira justi\u00e7a come\u00e7a quando compreendemos que tudo o que temos \u00e9 dom de Deus\u2026 e que um dia teremos de prestar contas de como o utiliz\u00e1mos.<\/h2>\n","protected":false},"excerpt":{"rendered":"<p>Dar a cada um o que lhe pertence\u2026 e a Deus o primeiro lugar: um guia cat\u00f3lico profundo sobre a justi\u00e7a em tempos de ego\u00edsmo, desigualdade e confus\u00e3o moral Vivemos numa \u00e9poca em que se fala constantemente de direitos, igualdade, justi\u00e7a social, sal\u00e1rios justos, corrup\u00e7\u00e3o pol\u00edtica, explora\u00e7\u00e3o do trabalho e pobreza estrutural. As redes sociais &hellip;<\/p>\n","protected":false},"author":3,"featured_media":5878,"comment_status":"closed","ping_status":"closed","sticky":false,"template":"","format":"standard","meta":{"_seopress_robots_primary_cat":"","_seopress_titles_title":"","_seopress_titles_desc":"","_seopress_robots_index":"","footnotes":""},"categories":[39,57],"tags":[1965],"class_list":["post-5877","post","type-post","status-publish","format-standard","has-post-thumbnail","","category-moral-e-vida-crista","category-virtudes-cristas","tag-justica"],"_links":{"self":[{"href":"https:\/\/catholicus.eu\/pt\/wp-json\/wp\/v2\/posts\/5877","targetHints":{"allow":["GET"]}}],"collection":[{"href":"https:\/\/catholicus.eu\/pt\/wp-json\/wp\/v2\/posts"}],"about":[{"href":"https:\/\/catholicus.eu\/pt\/wp-json\/wp\/v2\/types\/post"}],"author":[{"embeddable":true,"href":"https:\/\/catholicus.eu\/pt\/wp-json\/wp\/v2\/users\/3"}],"replies":[{"embeddable":true,"href":"https:\/\/catholicus.eu\/pt\/wp-json\/wp\/v2\/comments?post=5877"}],"version-history":[{"count":1,"href":"https:\/\/catholicus.eu\/pt\/wp-json\/wp\/v2\/posts\/5877\/revisions"}],"predecessor-version":[{"id":5879,"href":"https:\/\/catholicus.eu\/pt\/wp-json\/wp\/v2\/posts\/5877\/revisions\/5879"}],"wp:featuredmedia":[{"embeddable":true,"href":"https:\/\/catholicus.eu\/pt\/wp-json\/wp\/v2\/media\/5878"}],"wp:attachment":[{"href":"https:\/\/catholicus.eu\/pt\/wp-json\/wp\/v2\/media?parent=5877"}],"wp:term":[{"taxonomy":"category","embeddable":true,"href":"https:\/\/catholicus.eu\/pt\/wp-json\/wp\/v2\/categories?post=5877"},{"taxonomy":"post_tag","embeddable":true,"href":"https:\/\/catholicus.eu\/pt\/wp-json\/wp\/v2\/tags?post=5877"}],"curies":[{"name":"wp","href":"https:\/\/api.w.org\/{rel}","templated":true}]}}