{"id":5874,"date":"2026-04-30T17:56:18","date_gmt":"2026-04-30T15:56:18","guid":{"rendered":"https:\/\/catholicus.eu\/pt\/?p=5874"},"modified":"2026-04-30T17:56:18","modified_gmt":"2026-04-30T15:56:18","slug":"o-decimo-segundo-artigo-do-credo-e-a-vida-eterna","status":"publish","type":"post","link":"https:\/\/catholicus.eu\/pt\/o-decimo-segundo-artigo-do-credo-e-a-vida-eterna\/","title":{"rendered":"O D\u00e9cimo Segundo Artigo do Credo: \u00abE a Vida Eterna\u00bb"},"content":{"rendered":"\n<h2 class=\"wp-block-heading\">O grande destino do homem: o c\u00e9u, o inferno e a esperan\u00e7a crist\u00e3<\/h2>\n\n\n\n<p>Todos os domingos, milh\u00f5es de cat\u00f3licos no mundo pronunciam quase sem parar uma frase breve e solene no final do Credo: <strong>\u00abE a vida eterna. Am\u00e9m.\u00bb<\/strong><br>S\u00e3o apenas algumas palavras. Contudo, elas cont\u00eam uma das verdades mais profundas, consoladoras e tamb\u00e9m mais exigentes de toda a f\u00e9 crist\u00e3.<\/p>\n\n\n\n<p>Vivemos numa \u00e9poca obcecada pelo presente. Tudo parece imediato: not\u00edcias r\u00e1pidas, v\u00eddeos de poucos segundos, gratifica\u00e7\u00e3o instant\u00e2nea, consumo constante e um medo permanente de perder tempo. Mas precisamente por isso o \u00faltimo artigo do Credo ressoa hoje com ainda mais for\u00e7a: o homem n\u00e3o foi criado apenas para alguns anos nesta terra. Foi criado para a eternidade.<\/p>\n\n\n\n<p>A Igreja, desde os Ap\u00f3stolos at\u00e9 os nossos dias, nunca deixou de ensinar esta verdade fundamental: <strong>a vida humana n\u00e3o termina com a morte<\/strong>. Depois desta exist\u00eancia temporal come\u00e7a outra vida \u2014 definitiva, eterna, irrevers\u00edvel e cheia de consequ\u00eancias.<\/p>\n\n\n\n<p>O antigo catecismo resume-o claramente:<\/p>\n\n\n\n<blockquote class=\"wp-block-quote is-layout-flow wp-block-quote-is-layout-flow\">\n<p>\u00abDepois da vida presente, h\u00e1 outra, ou eternamente bem-aventurada para os escolhidos no c\u00e9u ou eternamente infeliz para os condenados no inferno.\u00bb<\/p>\n<\/blockquote>\n\n\n\n<p>Estas palavras podem parecer duras ao homem moderno. Mas, na realidade, elas cont\u00eam uma imensa dignidade sobre a pessoa humana. A nossa vida importa. As nossas decis\u00f5es t\u00eam peso eterno. O amor, a f\u00e9, o pecado, a convers\u00e3o, a gra\u00e7a e a liberdade n\u00e3o s\u00e3o jogos passageiros: moldam o nosso destino eterno.<\/p>\n\n\n\n<hr class=\"wp-block-separator has-alpha-channel-opacity\"\/>\n\n\n\n<h1 class=\"wp-block-heading\">A saudade da eternidade que habita no cora\u00e7\u00e3o humano<\/h1>\n\n\n\n<p>Mesmo que muitos tentem viver como se Deus n\u00e3o existisse, o cora\u00e7\u00e3o humano continua a ter fome do infinito.<\/p>\n\n\n\n<p>Isso nota-se em tudo:<\/p>\n\n\n\n<ul class=\"wp-block-list\">\n<li>no desejo de n\u00e3o morrer;<\/li>\n\n\n\n<li>no medo do esquecimento;<\/li>\n\n\n\n<li>na busca constante da felicidade;<\/li>\n\n\n\n<li>na necessidade de amar para sempre;<\/li>\n\n\n\n<li>no sofrimento causado pela separa\u00e7\u00e3o e pela morte.<\/li>\n<\/ul>\n\n\n\n<p>Santo Agostinho expressou-o magistralmente:<\/p>\n\n\n\n<blockquote class=\"wp-block-quote is-layout-flow wp-block-quote-is-layout-flow\">\n<p>\u00abFizeste-nos para Ti, Senhor, e o nosso cora\u00e7\u00e3o est\u00e1 inquieto enquanto n\u00e3o repousar em Ti.\u00bb<\/p>\n<\/blockquote>\n\n\n\n<p>O homem moderno pode encher a sua vida de entretenimento, tecnologia, viagens ou prazer, mas mais cedo ou mais tarde surge a grande pergunta:<\/p>\n\n\n\n<p><strong>E depois?<\/strong><\/p>\n\n\n\n<p>O Credo responde claramente:<\/p>\n\n\n\n<ul class=\"wp-block-list\">\n<li>depois desta vida vem a eternidade;<\/li>\n\n\n\n<li>depois do tempo vem o julgamento;<\/li>\n\n\n\n<li>depois da peregrina\u00e7\u00e3o chega o destino definitivo.<\/li>\n<\/ul>\n\n\n\n<p>A f\u00e9 cat\u00f3lica n\u00e3o ensina um ciclo intermin\u00e1vel de reencarna\u00e7\u00f5es nem uma dissolu\u00e7\u00e3o impessoal da alma. Ensina algo muito maior: cada pessoa \u00e9 \u00fanica, irrepet\u00edvel e chamada a viver eternamente diante de Deus.<\/p>\n\n\n\n<hr class=\"wp-block-separator has-alpha-channel-opacity\"\/>\n\n\n\n<h1 class=\"wp-block-heading\">O c\u00e9u: muito mais do que uma bela ideia<\/h1>\n\n\n\n<h2 class=\"wp-block-heading\">O que \u00e9 realmente o c\u00e9u?<\/h2>\n\n\n\n<p>Frequentemente o c\u00e9u \u00e9 representado de forma infantil:<\/p>\n\n\n\n<ul class=\"wp-block-list\">\n<li>nuvens,<\/li>\n\n\n\n<li>harpas,<\/li>\n\n\n\n<li>anjos flutuantes,<\/li>\n\n\n\n<li>imagens sentimentais.<\/li>\n<\/ul>\n\n\n\n<p>Mas a doutrina cat\u00f3lica ensina algo infinitamente mais profundo.<\/p>\n\n\n\n<p>O catecismo tradicional afirma:<\/p>\n\n\n\n<blockquote class=\"wp-block-quote is-layout-flow wp-block-quote-is-layout-flow\">\n<p>\u00abA bem-aventuran\u00e7a dos escolhidos consiste em ver, amar e possuir Deus para sempre, fonte de todo o bem.\u00bb<\/p>\n<\/blockquote>\n\n\n\n<p>O c\u00e9u \u00e9, antes de tudo, a uni\u00e3o perfeita com Deus.<\/p>\n\n\n\n<p>N\u00e3o \u00e9 simplesmente um lugar bonito.<br>N\u00e3o \u00e9 uma recompensa material.<br>N\u00e3o \u00e9 uma vers\u00e3o melhorada da terra.<\/p>\n\n\n\n<p>O c\u00e9u \u00e9 o cumprimento absoluto da alma humana na contempla\u00e7\u00e3o de Deus.<\/p>\n\n\n\n<p>A teologia chama isto de <strong>vis\u00e3o beat\u00edfica<\/strong>: ver Deus \u00abface a face\u00bb.<\/p>\n\n\n\n<p>S\u00e3o Paulo escreve:<\/p>\n\n\n\n<blockquote class=\"wp-block-quote is-layout-flow wp-block-quote-is-layout-flow\">\n<p>\u00abAgora vemos como por um espelho, obscuramente; mas ent\u00e3o veremos face a face.\u00bb (1 Cor 13,12)<\/p>\n<\/blockquote>\n\n\n\n<p>Todo o desejo humano encontra ali o seu cumprimento:<\/p>\n\n\n\n<ul class=\"wp-block-list\">\n<li>o desejo de verdade,<\/li>\n\n\n\n<li>o desejo de beleza,<\/li>\n\n\n\n<li>o desejo de justi\u00e7a,<\/li>\n\n\n\n<li>o desejo de amor,<\/li>\n\n\n\n<li>o desejo de felicidade.<\/li>\n<\/ul>\n\n\n\n<hr class=\"wp-block-separator has-alpha-channel-opacity\"\/>\n\n\n\n<h1 class=\"wp-block-heading\">Porque n\u00e3o podemos imaginar a gl\u00f3ria do c\u00e9u?<\/h1>\n\n\n\n<p>A resposta 248 do catecismo diz algo extraordin\u00e1rio:<\/p>\n\n\n\n<blockquote class=\"wp-block-quote is-layout-flow wp-block-quote-is-layout-flow\">\n<p>\u00abN\u00e3o podemos compreender a bem-aventuran\u00e7a da gl\u00f3ria, porque ultrapassa o nosso entendimento limitado.\u00bb<\/p>\n<\/blockquote>\n\n\n\n<p>Isto tem enormes consequ\u00eancias espirituais.<\/p>\n\n\n\n<p>Muitas vezes pensamos no c\u00e9u usando categorias terrenas. Mas o c\u00e9u ultrapassa radicalmente a nossa experi\u00eancia atual.<\/p>\n\n\n\n<p>A Escritura expressa-o assim:<\/p>\n\n\n\n<blockquote class=\"wp-block-quote is-layout-flow wp-block-quote-is-layout-flow\">\n<p>\u00abNem os olhos viram, nem os ouvidos ouviram, nem jamais penetrou no cora\u00e7\u00e3o do homem aquilo que Deus preparou para os que O amam.\u00bb (1 Cor 2,9)<\/p>\n<\/blockquote>\n\n\n\n<p>Toda alegria terrena \u00e9 apenas uma sombra:<\/p>\n\n\n\n<ul class=\"wp-block-list\">\n<li>a alegria de uma fam\u00edlia unida,<\/li>\n\n\n\n<li>a paz depois do sofrimento,<\/li>\n\n\n\n<li>o nascimento de um filho,<\/li>\n\n\n\n<li>a contempla\u00e7\u00e3o de uma paisagem,<\/li>\n\n\n\n<li>o verdadeiro amor,<\/li>\n\n\n\n<li>a beleza da liturgia,<\/li>\n\n\n\n<li>a emo\u00e7\u00e3o da m\u00fasica sacra.<\/li>\n<\/ul>\n\n\n\n<p>Tudo isso s\u00e3o apenas pequenos reflexos do Bem infinito que \u00e9 Deus.<\/p>\n\n\n\n<p>Por isso os santos falavam do c\u00e9u com l\u00e1grimas de desejo. Compreendiam que a vida presente, mesmo nos seus melhores momentos, continua a ser uma peregrina\u00e7\u00e3o.<\/p>\n\n\n\n<hr class=\"wp-block-separator has-alpha-channel-opacity\"\/>\n\n\n\n<h1 class=\"wp-block-heading\">A trag\u00e9dia moderna: viver sem pensar na eternidade<\/h1>\n\n\n\n<p>Um dos dramas espirituais do nosso tempo \u00e9 que muitos batizados deixaram de pensar nas \u00faltimas coisas:<\/p>\n\n\n\n<ul class=\"wp-block-list\">\n<li>morte,<\/li>\n\n\n\n<li>julgamento,<\/li>\n\n\n\n<li>c\u00e9u,<\/li>\n\n\n\n<li>inferno.<\/li>\n<\/ul>\n\n\n\n<p>No entanto, durante s\u00e9culos estes temas ocuparam um lugar central na prega\u00e7\u00e3o crist\u00e3. N\u00e3o para gerar um medo doentio, mas para ensinar sabedoria.<\/p>\n\n\n\n<p>Recordar a eternidade muda completamente a forma de viver.<\/p>\n\n\n\n<p>Quem se lembra de que o c\u00e9u existe:<\/p>\n\n\n\n<ul class=\"wp-block-list\">\n<li>relativiza as vaidades do mundo;<\/li>\n\n\n\n<li>suporta melhor o sofrimento;<\/li>\n\n\n\n<li>compreende o valor do sacrif\u00edcio;<\/li>\n\n\n\n<li>luta contra o pecado;<\/li>\n\n\n\n<li>aprende a viver na esperan\u00e7a.<\/li>\n<\/ul>\n\n\n\n<p>Pelo contr\u00e1rio, quando o homem esquece a eternidade:<\/p>\n\n\n\n<ul class=\"wp-block-list\">\n<li>absolutiza o prazer;<\/li>\n\n\n\n<li>desenvolve um medo obsessivo da morte;<\/li>\n\n\n\n<li>transforma o sucesso em \u00eddolo;<\/li>\n\n\n\n<li>perde o sentido do sacrif\u00edcio;<\/li>\n\n\n\n<li>cai facilmente no niilismo.<\/li>\n<\/ul>\n\n\n\n<p>Uma sociedade que esqueceu o c\u00e9u acaba por tentar construir para\u00edsos artificiais na terra\u2026 e normalmente produz novas formas de vazio e desespero.<\/p>\n\n\n\n<hr class=\"wp-block-separator has-alpha-channel-opacity\"\/>\n\n\n\n<h1 class=\"wp-block-heading\">O inferno: a verdade que o mundo moderno quer silenciar<\/h1>\n\n\n\n<h2 class=\"wp-block-heading\">O inferno existe realmente?<\/h2>\n\n\n\n<p>Cristo falou do inferno com enorme clareza \u2014 muito mais do que muitos imaginam.<\/p>\n\n\n\n<p>O catecismo ensina:<\/p>\n\n\n\n<blockquote class=\"wp-block-quote is-layout-flow wp-block-quote-is-layout-flow\">\n<p>\u00abA infelicidade dos condenados consiste em serem privados para sempre da vis\u00e3o de Deus e castigados com tormentos eternos.\u00bb<\/p>\n<\/blockquote>\n\n\n\n<p>A pior pena do inferno n\u00e3o \u00e9 o fogo material.<br>A pior pena \u00e9 a separa\u00e7\u00e3o eterna de Deus.<\/p>\n\n\n\n<p>Isto chama-se a \u00abpena da perda\u00bb: perder para sempre o Bem supremo para o qual a alma foi criada.<\/p>\n\n\n\n<p>O inferno n\u00e3o \u00e9 um \u00abcapricho cruel\u00bb de Deus.<br>\u00c9 a consequ\u00eancia definitiva da rejei\u00e7\u00e3o livre de Deus.<\/p>\n\n\n\n<p>Deus n\u00e3o condena arbitrariamente. O homem pode fechar obstinadamente o seu cora\u00e7\u00e3o \u00e0 gra\u00e7a.<\/p>\n\n\n\n<hr class=\"wp-block-separator has-alpha-channel-opacity\"\/>\n\n\n\n<h1 class=\"wp-block-heading\">Porque falar hoje do inferno?<\/h1>\n\n\n\n<p>Muitos pensam que falar do inferno \u00e9 antiquado, negativo ou pouco pastoral. Mas escond\u00ea-lo seria uma falsa caridade.<\/p>\n\n\n\n<p>Se Cristo falou dele, a Igreja n\u00e3o pode calar-se.<\/p>\n\n\n\n<p>Al\u00e9m disso, eliminar o inferno tem consequ\u00eancias graves:<\/p>\n\n\n\n<ul class=\"wp-block-list\">\n<li>o pecado deixa de parecer s\u00e9rio;<\/li>\n\n\n\n<li>a Cruz perde o seu significado;<\/li>\n\n\n\n<li>a reden\u00e7\u00e3o torna-se desnecess\u00e1ria;<\/li>\n\n\n\n<li>a justi\u00e7a divina desaparece;<\/li>\n\n\n\n<li>a liberdade humana perde import\u00e2ncia.<\/li>\n<\/ul>\n\n\n\n<p>Curiosamente, o mundo moderno fala constantemente de justi\u00e7a\u2026 mas rejeita a ideia do julgamento eterno.<\/p>\n\n\n\n<p>A doutrina cat\u00f3lica mant\u00e9m ambas as verdades:<\/p>\n\n\n\n<ul class=\"wp-block-list\">\n<li>Deus \u00e9 infinitamente misericordioso;<\/li>\n\n\n\n<li>Deus \u00e9 infinitamente justo.<\/li>\n<\/ul>\n\n\n\n<p>A miseric\u00f3rdia n\u00e3o elimina a liberdade humana.<\/p>\n\n\n\n<hr class=\"wp-block-separator has-alpha-channel-opacity\"\/>\n\n\n\n<h1 class=\"wp-block-heading\">O corpo tamb\u00e9m ressuscitar\u00e1<\/h1>\n\n\n\n<p>O catecismo ensina uma verdade frequentemente esquecida:<\/p>\n\n\n\n<blockquote class=\"wp-block-quote is-layout-flow wp-block-quote-is-layout-flow\">\n<p>\u00abDepois da ressurrei\u00e7\u00e3o, os homens ser\u00e3o ou felizes ou atormentados para sempre na alma e no corpo.\u00bb<\/p>\n<\/blockquote>\n\n\n\n<p>O cristianismo n\u00e3o despreza o corpo.<\/p>\n\n\n\n<p>Isto \u00e9 extremamente importante numa \u00e9poca marcada por:<\/p>\n\n\n\n<ul class=\"wp-block-list\">\n<li>ideologias que confundem a identidade humana;<\/li>\n\n\n\n<li>desprezo pelo corpo;<\/li>\n\n\n\n<li>hedonismo;<\/li>\n\n\n\n<li>transumanismo;<\/li>\n\n\n\n<li>redu\u00e7\u00e3o materialista do homem.<\/li>\n<\/ul>\n\n\n\n<p>A f\u00e9 cat\u00f3lica ensina que o corpo humano possui uma dignidade imensa porque est\u00e1 destinado a ressuscitar gloriosamente.<\/p>\n\n\n\n<p>Cristo ressuscitou corporalmente.<br>E n\u00f3s tamb\u00e9m ressuscitaremos.<\/p>\n\n\n\n<p>A ressurrei\u00e7\u00e3o final significa que o homem inteiro \u2014 alma e corpo \u2014 participar\u00e1 do seu destino eterno.<\/p>\n\n\n\n<hr class=\"wp-block-separator has-alpha-channel-opacity\"\/>\n\n\n\n<h1 class=\"wp-block-heading\">Todos receber\u00e3o a mesma gl\u00f3ria?<\/h1>\n\n\n\n<p>A resposta 252 do catecismo \u00e9 profundamente interessante:<\/p>\n\n\n\n<blockquote class=\"wp-block-quote is-layout-flow wp-block-quote-is-layout-flow\">\n<p>\u00abOs bens do c\u00e9u\u2026 ser\u00e3o maiores ou menores segundo os m\u00e9ritos ou dem\u00e9ritos de cada um.\u00bb<\/p>\n<\/blockquote>\n\n\n\n<p>Todos os bem-aventurados ser\u00e3o perfeitamente felizes, mas haver\u00e1 diferentes graus de gl\u00f3ria.<\/p>\n\n\n\n<p>Isto n\u00e3o produz inveja no c\u00e9u, porque cada alma estar\u00e1 completamente cheia de Deus segundo a sua capacidade.<\/p>\n\n\n\n<p>Os santos compreenderam isto perfeitamente. Por isso aspiravam a uma santidade heroica.<\/p>\n\n\n\n<p>Cada ato de amor:<\/p>\n\n\n\n<ul class=\"wp-block-list\">\n<li>uma ora\u00e7\u00e3o feita com f\u00e9,<\/li>\n\n\n\n<li>uma penit\u00eancia oferecida,<\/li>\n\n\n\n<li>uma confiss\u00e3o sincera,<\/li>\n\n\n\n<li>uma obra de miseric\u00f3rdia,<\/li>\n\n\n\n<li>uma cruz suportada com paci\u00eancia,<\/li>\n\n\n\n<li>uma fidelidade silenciosa,<\/li>\n<\/ul>\n\n\n\n<p>tem peso eterno.<\/p>\n\n\n\n<p>Nada se perde diante de Deus.<\/p>\n\n\n\n<hr class=\"wp-block-separator has-alpha-channel-opacity\"\/>\n\n\n\n<h1 class=\"wp-block-heading\">A vida eterna come\u00e7a j\u00e1 aqui<\/h1>\n\n\n\n<p>Embora o c\u00e9u alcance a sua plenitude depois da morte, a vida eterna come\u00e7a misteriosamente j\u00e1 aqui.<\/p>\n\n\n\n<p>Jesus disse:<\/p>\n\n\n\n<blockquote class=\"wp-block-quote is-layout-flow wp-block-quote-is-layout-flow\">\n<p>\u00abA vida eterna \u00e9 esta: que Te conhe\u00e7am a Ti, o \u00fanico Deus verdadeiro.\u00bb (Jo 17,3)<\/p>\n<\/blockquote>\n\n\n\n<p>Cada vez que:<\/p>\n\n\n\n<ul class=\"wp-block-list\">\n<li>rezamos,<\/li>\n\n\n\n<li>recebemos os sacramentos,<\/li>\n\n\n\n<li>adoramos Cristo,<\/li>\n\n\n\n<li>vivemos na gra\u00e7a,<\/li>\n\n\n\n<li>amamos verdadeiramente,<\/li>\n<\/ul>\n\n\n\n<p>a eternidade come\u00e7a a tocar a nossa vida.<\/p>\n\n\n\n<p>A liturgia tradicional sempre conservou esta consci\u00eancia da transcend\u00eancia. O incenso, o sil\u00eancio, o canto gregoriano, a orienta\u00e7\u00e3o para Deus, a sacralidade do templo\u2026 tudo aponta para a Jerusal\u00e9m celeste.<\/p>\n\n\n\n<p>A Igreja n\u00e3o existe simplesmente para melhorar o mundo temporal. Existe principalmente para conduzir as almas ao c\u00e9u.<\/p>\n\n\n\n<hr class=\"wp-block-separator has-alpha-channel-opacity\"\/>\n\n\n\n<h1 class=\"wp-block-heading\">O significado profundo do \u00abAm\u00e9m\u00bb<\/h1>\n\n\n\n<p>O catecismo conclui perguntando:<\/p>\n\n\n\n<blockquote class=\"wp-block-quote is-layout-flow wp-block-quote-is-layout-flow\">\n<p>\u00abQue significa a palavra AM\u00c9M no final do Credo?\u00bb<\/p>\n<\/blockquote>\n\n\n\n<p>E responde:<\/p>\n\n\n\n<blockquote class=\"wp-block-quote is-layout-flow wp-block-quote-is-layout-flow\">\n<p>\u00abAssim \u00e9\u2026 Creio que tudo o que est\u00e1 contido nestes doze artigos \u00e9 pura verdade.\u00bb<\/p>\n<\/blockquote>\n\n\n\n<p>\u00abAm\u00e9m\u00bb n\u00e3o \u00e9 apenas uma f\u00f3rmula decorativa.<br>\u00c9 uma profiss\u00e3o de certeza.<\/p>\n\n\n\n<p>Quando o crist\u00e3o diz \u00abAm\u00e9m\u00bb ao Credo, est\u00e1 afirmando:<\/p>\n\n\n\n<ul class=\"wp-block-list\">\n<li>creio em Deus;<\/li>\n\n\n\n<li>creio em Cristo;<\/li>\n\n\n\n<li>creio na Igreja;<\/li>\n\n\n\n<li>creio na ressurrei\u00e7\u00e3o;<\/li>\n\n\n\n<li>creio no julgamento;<\/li>\n\n\n\n<li>creio na vida eterna.<\/li>\n<\/ul>\n\n\n\n<p>Mesmo sem ainda a ter visto.<\/p>\n\n\n\n<p>Numa cultura dominada pelo relativismo, o \u00abAm\u00e9m\u00bb crist\u00e3o \u00e9 um ato de coragem espiritual.<\/p>\n\n\n\n<hr class=\"wp-block-separator has-alpha-channel-opacity\"\/>\n\n\n\n<h1 class=\"wp-block-heading\">A grande pergunta: para que estamos vivendo?<\/h1>\n\n\n\n<p>O \u00faltimo artigo do Credo obriga cada pessoa a fazer uma pergunta inc\u00f3moda, mas decisiva:<\/p>\n\n\n\n<h2 class=\"wp-block-heading\">Estou vivendo para a eternidade ou apenas para o presente?<\/h2>\n\n\n\n<p>Muitos vivem:<\/p>\n\n\n\n<ul class=\"wp-block-list\">\n<li>acumulando bens que deixar\u00e3o para tr\u00e1s;<\/li>\n\n\n\n<li>procurando fama passageira;<\/li>\n\n\n\n<li>consumindo entretenimento constante;<\/li>\n\n\n\n<li>fugindo do sil\u00eancio;<\/li>\n\n\n\n<li>evitando pensar na morte.<\/li>\n<\/ul>\n\n\n\n<p>Mas mais cedo ou mais tarde todo homem comparecer\u00e1 diante de Deus.<\/p>\n\n\n\n<p>Os santos possu\u00edam uma profunda liberdade interior precisamente porque se lembravam constantemente da eternidade.<\/p>\n\n\n\n<p>Isto n\u00e3o significa viver obcecado pelo medo.<br>Significa viver orientado para o verdadeiro fim.<\/p>\n\n\n\n<hr class=\"wp-block-separator has-alpha-channel-opacity\"\/>\n\n\n\n<h1 class=\"wp-block-heading\">A esperan\u00e7a crist\u00e3 diante do medo moderno<\/h1>\n\n\n\n<p>A nossa \u00e9poca tem medo:<\/p>\n\n\n\n<ul class=\"wp-block-list\">\n<li>medo de envelhecer,<\/li>\n\n\n\n<li>medo de sofrer,<\/li>\n\n\n\n<li>medo de morrer,<\/li>\n\n\n\n<li>medo do vazio.<\/li>\n<\/ul>\n\n\n\n<p>A f\u00e9 crist\u00e3 n\u00e3o elimina magicamente a dor, mas transforma radicalmente o seu significado.<\/p>\n\n\n\n<p>O crist\u00e3o sabe:<\/p>\n\n\n\n<ul class=\"wp-block-list\">\n<li>que a morte foi vencida por Cristo;<\/li>\n\n\n\n<li>que o sofrimento pode santificar;<\/li>\n\n\n\n<li>que esta vida \u00e9 passageira;<\/li>\n\n\n\n<li>que o verdadeiro amor permanece;<\/li>\n\n\n\n<li>que existe uma p\u00e1tria eterna.<\/li>\n<\/ul>\n\n\n\n<p>Por isso os m\u00e1rtires podiam morrer cantando.<br>Por isso os santos podiam suportar persegui\u00e7\u00f5es.<br>Por isso tantos crist\u00e3os simples enfrentavam a morte com serenidade sobrenatural.<\/p>\n\n\n\n<p>Eles acreditavam verdadeiramente na vida eterna.<\/p>\n\n\n\n<hr class=\"wp-block-separator has-alpha-channel-opacity\"\/>\n\n\n\n<h1 class=\"wp-block-heading\">Conclus\u00e3o: viver com os olhos voltados para o c\u00e9u<\/h1>\n\n\n\n<p>O d\u00e9cimo segundo artigo do Credo n\u00e3o \u00e9 uma ideia secund\u00e1ria. \u00c9 todo o horizonte da exist\u00eancia crist\u00e3.<\/p>\n\n\n\n<p>Toda a vida do crente muda quando ele compreende:<\/p>\n\n\n\n<ul class=\"wp-block-list\">\n<li>que foi criado para o c\u00e9u;<\/li>\n\n\n\n<li>que cada decis\u00e3o tem peso eterno;<\/li>\n\n\n\n<li>que Cristo abriu as portas da salva\u00e7\u00e3o;<\/li>\n\n\n\n<li>que a morte n\u00e3o tem a \u00faltima palavra.<\/li>\n<\/ul>\n\n\n\n<p>A Igreja n\u00e3o anuncia apenas valores morais ou bem-estar psicol\u00f3gico. Ela anuncia uma promessa infinita:<\/p>\n\n\n\n<h2 class=\"wp-block-heading\">Deus quer conduzir o homem \u00e0 vida eterna.<\/h2>\n\n\n\n<p>E por isso, ao terminar o Credo, o crist\u00e3o pode dizer com plena esperan\u00e7a:<\/p>\n\n\n\n<h2 class=\"wp-block-heading\">\u00abAm\u00e9m.\u00bb<\/h2>\n\n\n\n<h2 class=\"wp-block-heading\">Assim \u00e9.<\/h2>\n\n\n\n<h2 class=\"wp-block-heading\">Assim creio.<\/h2>\n\n\n\n<h2 class=\"wp-block-heading\">E rumo a essa eternidade caminho.<\/h2>\n","protected":false},"excerpt":{"rendered":"<p>O grande destino do homem: o c\u00e9u, o inferno e a esperan\u00e7a crist\u00e3 Todos os domingos, milh\u00f5es de cat\u00f3licos no mundo pronunciam quase sem parar uma frase breve e solene no final do Credo: \u00abE a vida eterna. Am\u00e9m.\u00bbS\u00e3o apenas algumas palavras. Contudo, elas cont\u00eam uma das verdades mais profundas, consoladoras e tamb\u00e9m mais exigentes &hellip;<\/p>\n","protected":false},"author":3,"featured_media":5875,"comment_status":"closed","ping_status":"closed","sticky":false,"template":"","format":"standard","meta":{"_seopress_robots_primary_cat":"","_seopress_titles_title":"","_seopress_titles_desc":"","_seopress_robots_index":"","footnotes":""},"categories":[43,37],"tags":[1963],"class_list":["post-5874","post","type-post","status-publish","format-standard","has-post-thumbnail","","category-catecismo-da-igreja-catolica","category-doutrina-e-fe","tag-credo"],"_links":{"self":[{"href":"https:\/\/catholicus.eu\/pt\/wp-json\/wp\/v2\/posts\/5874","targetHints":{"allow":["GET"]}}],"collection":[{"href":"https:\/\/catholicus.eu\/pt\/wp-json\/wp\/v2\/posts"}],"about":[{"href":"https:\/\/catholicus.eu\/pt\/wp-json\/wp\/v2\/types\/post"}],"author":[{"embeddable":true,"href":"https:\/\/catholicus.eu\/pt\/wp-json\/wp\/v2\/users\/3"}],"replies":[{"embeddable":true,"href":"https:\/\/catholicus.eu\/pt\/wp-json\/wp\/v2\/comments?post=5874"}],"version-history":[{"count":1,"href":"https:\/\/catholicus.eu\/pt\/wp-json\/wp\/v2\/posts\/5874\/revisions"}],"predecessor-version":[{"id":5876,"href":"https:\/\/catholicus.eu\/pt\/wp-json\/wp\/v2\/posts\/5874\/revisions\/5876"}],"wp:featuredmedia":[{"embeddable":true,"href":"https:\/\/catholicus.eu\/pt\/wp-json\/wp\/v2\/media\/5875"}],"wp:attachment":[{"href":"https:\/\/catholicus.eu\/pt\/wp-json\/wp\/v2\/media?parent=5874"}],"wp:term":[{"taxonomy":"category","embeddable":true,"href":"https:\/\/catholicus.eu\/pt\/wp-json\/wp\/v2\/categories?post=5874"},{"taxonomy":"post_tag","embeddable":true,"href":"https:\/\/catholicus.eu\/pt\/wp-json\/wp\/v2\/tags?post=5874"}],"curies":[{"name":"wp","href":"https:\/\/api.w.org\/{rel}","templated":true}]}}