{"id":5862,"date":"2026-04-29T20:50:42","date_gmt":"2026-04-29T18:50:42","guid":{"rendered":"https:\/\/catholicus.eu\/pt\/?p=5862"},"modified":"2026-04-29T20:50:43","modified_gmt":"2026-04-29T18:50:43","slug":"do-oitavo-artigo-do-credo-creio-no-espirito-santo","status":"publish","type":"post","link":"https:\/\/catholicus.eu\/pt\/do-oitavo-artigo-do-credo-creio-no-espirito-santo\/","title":{"rendered":"Do Oitavo Artigo do Credo: \u201cCreio no Esp\u00edrito Santo\u201d"},"content":{"rendered":"\n<h2 class=\"wp-block-heading\">O Grande Desconhecido para muitos\u2026 e, no entanto, o fogo sem o qual a alma morre<\/h2>\n\n\n\n<p>Existem verdades da f\u00e9 que muitos cat\u00f3licos recitam\u2026 mas poucos realmente meditam.<\/p>\n\n\n\n<p>Todos os domingos dizemos: <strong>\u201cCreio no Esp\u00edrito Santo\u201d<\/strong>, e, no entanto, muitas vezes essas palavras passam por nossos l\u00e1bios sem incendiar nosso cora\u00e7\u00e3o.<\/p>\n\n\n\n<p>Cremos no Pai porque O reconhecemos como Criador.<br>Cremos no Filho porque contemplamos Sua Cruz.<br>Mas quando se trata do Esp\u00edrito Santo\u2026 muitos O reduzem a uma \u201cfor\u00e7a\u201d, uma \u201cenergia\u201d ou uma \u201cinspira\u00e7\u00e3o\u201d.<\/p>\n\n\n\n<p>E \u00e9 exatamente a\u00ed que come\u00e7a uma das grandes trag\u00e9dias espirituais do nosso tempo.<\/p>\n\n\n\n<p>Porque o Esp\u00edrito Santo n\u00e3o \u00e9 uma emo\u00e7\u00e3o religiosa.<br>N\u00e3o \u00e9 uma onda de entusiasmo.<br>N\u00e3o \u00e9 uma met\u00e1fora po\u00e9tica.<\/p>\n\n\n\n<p><strong>Ele \u00e9 Deus.<\/strong><\/p>\n\n\n\n<p>Deus verdadeiro.<br>Terceira Pessoa da Sant\u00edssima Trindade.<br>Senhor e doador da vida.<br>O fogo eterno do amor entre o Pai e o Filho.<\/p>\n\n\n\n<p>Compreender o oitavo artigo do Credo n\u00e3o \u00e9 uma quest\u00e3o secund\u00e1ria: \u00e9 descobrir quem santifica tua alma, quem combate tua tibieza, quem te fortalece na batalha espiritual e quem pode transformar um covarde em m\u00e1rtir.<\/p>\n\n\n\n<hr class=\"wp-block-separator has-alpha-channel-opacity\"\/>\n\n\n\n<h1 class=\"wp-block-heading\">1. \u201cCreio no Esp\u00edrito Santo\u201d: uma declara\u00e7\u00e3o revolucion\u00e1ria<\/h1>\n\n\n\n<p>O catecismo ensina:<\/p>\n\n\n\n<p><strong>\u201cO oitavo artigo do Credo nos ensina que h\u00e1 Esp\u00edrito Santo, terceira Pessoa da Sant\u00edssima Trindade, que \u00e9 Deus eterno, infinito, onipotente, Criador e Senhor de todas as coisas, como o Pai e o Filho.\u201d<\/strong><\/p>\n\n\n\n<p>Isso significa algo imenso:<br>O Esp\u00edrito Santo n\u00e3o \u00e9 inferior ao Pai nem ao Filho.<\/p>\n\n\n\n<p>Ele n\u00e3o foi criado.<br>Ele n\u00e3o apareceu depois.<br>Ele n\u00e3o \u00e9 \u201cmenos Deus\u201d.<\/p>\n\n\n\n<p>\u00c9 consubstancial: possui a mesma natureza divina.<\/p>\n\n\n\n<h2 class=\"wp-block-heading\">Ele \u00e9 eterno<\/h2>\n\n\n\n<p>Nunca come\u00e7ou a existir.<\/p>\n\n\n\n<h2 class=\"wp-block-heading\">Ele \u00e9 infinito<\/h2>\n\n\n\n<p>N\u00e3o tem limites.<\/p>\n\n\n\n<h2 class=\"wp-block-heading\">Ele \u00e9 onipotente<\/h2>\n\n\n\n<p>Todo poder divino Lhe pertence.<\/p>\n\n\n\n<h2 class=\"wp-block-heading\">Ele \u00e9 Senhor<\/h2>\n\n\n\n<p>Governa toda a cria\u00e7\u00e3o com o Pai e o Filho.<\/p>\n\n\n\n<p>Aqui a Igreja destr\u00f3i s\u00e9culos de erros: o Esp\u00edrito Santo n\u00e3o \u00e9 uma criatura ang\u00e9lica, nem uma simples manifesta\u00e7\u00e3o de Deus, nem uma presen\u00e7a impessoal.<\/p>\n\n\n\n<p><strong>Ele \u00e9 uma Pessoa.<\/strong><br>Ama.<br>Santifica.<br>Fala.<br>Guia.<br>Envia.<br>Consola.<\/p>\n\n\n\n<p>Por isso, mentir ao Esp\u00edrito Santo, como fizeram Ananias e Safira, era mentir ao pr\u00f3prio Deus (Atos 5).<\/p>\n\n\n\n<hr class=\"wp-block-separator has-alpha-channel-opacity\"\/>\n\n\n\n<h1 class=\"wp-block-heading\">2. De quem procede o Esp\u00edrito Santo?<\/h1>\n\n\n\n<p>O catecismo responde:<\/p>\n\n\n\n<p><strong>\u201cO Esp\u00edrito Santo procede do Pai e do Filho, por via de vontade e de amor, como de um s\u00f3 princ\u00edpio.\u201d<\/strong><\/p>\n\n\n\n<p>Aqui entramos em um dos mist\u00e9rios mais profundos da Trindade.<\/p>\n\n\n\n<h2 class=\"wp-block-heading\">O Pai gera o Filho<\/h2>\n\n\n\n<p>Por via de intelig\u00eancia eterna.<\/p>\n\n\n\n<h2 class=\"wp-block-heading\">O Esp\u00edrito Santo procede do Pai e do Filho<\/h2>\n\n\n\n<p>Por via de amor eterno.<\/p>\n\n\n\n<p>Dito de forma simples:<\/p>\n\n\n\n<p>O Pai conhece perfeitamente o Filho.<br>O Filho conhece perfeitamente o Pai.<br>E desse Amor infinito procede o Esp\u00edrito Santo.<\/p>\n\n\n\n<p>N\u00e3o como algo separado.<br>Mas como Pessoa divina.<\/p>\n\n\n\n<hr class=\"wp-block-separator has-alpha-channel-opacity\"\/>\n\n\n\n<h1 class=\"wp-block-heading\">3. O mist\u00e9rio do \u201cFilioque\u201d: por que isso importa<\/h1>\n\n\n\n<p>Quando a Igreja latina professa que o Esp\u00edrito Santo procede \u201cdo Pai <strong>e do Filho<\/strong>\u201d (Filioque), n\u00e3o est\u00e1 acrescentando uma curiosidade teol\u00f3gica, mas defendendo uma verdade fundamental sobre a comunh\u00e3o trinit\u00e1ria.<\/p>\n\n\n\n<p>Porque o Esp\u00edrito \u00e9 o Amor subsistente entre ambos.<\/p>\n\n\n\n<p>Negar isso n\u00e3o \u00e9 uma quest\u00e3o menor; afeta a compreens\u00e3o da vida \u00edntima de Deus.<\/p>\n\n\n\n<p>E embora esse mist\u00e9rio supere a raz\u00e3o humana, a Igreja o guarda porque Cristo prometeu que o Esp\u00edrito conduziria Sua Igreja a toda a verdade.<\/p>\n\n\n\n<hr class=\"wp-block-separator has-alpha-channel-opacity\"\/>\n\n\n\n<h1 class=\"wp-block-heading\">4. O Esp\u00edrito Santo \u00e9 \u201cposterior\u201d ao Pai e ao Filho?<\/h1>\n\n\n\n<p>Pergunta cl\u00e1ssica:<br>Se procede do Pai e do Filho, veio depois?<\/p>\n\n\n\n<p>Resposta: <strong>N\u00e3o.<\/strong><\/p>\n\n\n\n<p>Deus n\u00e3o vive no tempo.<\/p>\n\n\n\n<p>Em Deus n\u00e3o existe \u201cantes\u201d nem \u201cdepois\u201d.<\/p>\n\n\n\n<p>O Pai gera eternamente.<br>O Filho \u00e9 eternamente gerado.<br>O Esp\u00edrito procede eternamente.<\/p>\n\n\n\n<p>Nunca houve um \u201cmomento\u201d em que o Esp\u00edrito Santo n\u00e3o existisse.<\/p>\n\n\n\n<p>Isso rompe nossas categorias humanas, porque pensamos cronologicamente. Mas a eternidade divina n\u00e3o funciona como um rel\u00f3gio.<\/p>\n\n\n\n<hr class=\"wp-block-separator has-alpha-channel-opacity\"\/>\n\n\n\n<h1 class=\"wp-block-heading\">5. Por que \u00e9 chamado \u201cEsp\u00edrito Santo\u201d?<\/h1>\n\n\n\n<p>Porque procede por via de aspira\u00e7\u00e3o e de amor.<\/p>\n\n\n\n<p>\u201cEsp\u00edrito\u201d expressa essa process\u00e3o imaterial e divina.<br>\u201cSanto\u201d porque Ele \u00e9 a santidade subsistente, pureza absoluta, fogo divino que purifica.<\/p>\n\n\n\n<p>Ele n\u00e3o apenas possui santidade.<br><strong>Ele \u00e9 Santidade.<\/strong><\/p>\n\n\n\n<p>Por isso, onde o Esp\u00edrito Santo entra:<\/p>\n\n\n\n<ul class=\"wp-block-list\">\n<li>A intelig\u00eancia \u00e9 iluminada<\/li>\n\n\n\n<li>A vontade \u00e9 fortalecida<\/li>\n\n\n\n<li>O cora\u00e7\u00e3o \u00e9 purificado<\/li>\n\n\n\n<li>O pecado \u00e9 destru\u00eddo se a alma coopera<\/li>\n<\/ul>\n\n\n\n<hr class=\"wp-block-separator has-alpha-channel-opacity\"\/>\n\n\n\n<h1 class=\"wp-block-heading\">6. A grande obra do Esp\u00edrito Santo: santificar as almas<\/h1>\n\n\n\n<p>O catecismo diz:<\/p>\n\n\n\n<p><strong>\u201cAo Esp\u00edrito Santo se atribui especialmente a santifica\u00e7\u00e3o das almas.\u201d<\/strong><\/p>\n\n\n\n<p>Embora toda a Trindade aja unida, a santifica\u00e7\u00e3o \u00e9 atribu\u00edda especialmente ao Esp\u00edrito Santo porque \u00e9 obra de amor.<\/p>\n\n\n\n<p>E aqui est\u00e1 uma verdade urgent\u00edssima:<\/p>\n\n\n\n<h2 class=\"wp-block-heading\">Sem o Esp\u00edrito Santo n\u00e3o h\u00e1 santidade.<\/h2>\n\n\n\n<p>Voc\u00ea pode ter estrutura religiosa\u2026 mas n\u00e3o vida.<br>Pode ter regras\u2026 mas n\u00e3o fogo.<br>Pode ter tradi\u00e7\u00e3o externa\u2026 mas n\u00e3o transforma\u00e7\u00e3o interior.<\/p>\n\n\n\n<p>O Esp\u00edrito Santo:<\/p>\n\n\n\n<ul class=\"wp-block-list\">\n<li>Infunde a gra\u00e7a santificante<\/li>\n\n\n\n<li>Comunica dons<\/li>\n\n\n\n<li>Produz virtudes<\/li>\n\n\n\n<li>Inspira boas obras<\/li>\n\n\n\n<li>Sustenta na prova\u00e7\u00e3o<\/li>\n\n\n\n<li>D\u00e1 perseveran\u00e7a final<\/li>\n<\/ul>\n\n\n\n<hr class=\"wp-block-separator has-alpha-channel-opacity\"\/>\n\n\n\n<h1 class=\"wp-block-heading\">7. Pentecostes: quando o medo se tornou fogo<\/h1>\n\n\n\n<p>Antes de Pentecostes:<br>Os Ap\u00f3stolos estavam escondidos.<\/p>\n\n\n\n<p>Depois de Pentecostes:<br>Pregaram publicamente.<br>Converteram na\u00e7\u00f5es.<br>Abra\u00e7aram o mart\u00edrio.<\/p>\n\n\n\n<p>O que mudou?<\/p>\n\n\n\n<p><strong>O Esp\u00edrito Santo.<\/strong><\/p>\n\n\n\n<p>Cinquenta dias ap\u00f3s a Ressurrei\u00e7\u00e3o, dez dias ap\u00f3s a Ascens\u00e3o, Ele desceu sobre eles como vento impetuoso e l\u00ednguas de fogo.<\/p>\n\n\n\n<p>N\u00e3o foi simbolismo vazio.<\/p>\n\n\n\n<p>Foi uma transforma\u00e7\u00e3o real.<\/p>\n\n\n\n<p>Pedro, que havia negado Cristo diante de uma serva, agora desafia autoridades religiosas.<\/p>\n\n\n\n<p>\u00c9 isso que o Esp\u00edrito Santo faz:<br>Transforma fragilidade em fortaleza sobrenatural.<\/p>\n\n\n\n<hr class=\"wp-block-separator has-alpha-channel-opacity\"\/>\n\n\n\n<h1 class=\"wp-block-heading\">8. O Cen\u00e1culo: escola de espera, sil\u00eancio e Maria<\/h1>\n\n\n\n<p>Os Ap\u00f3stolos n\u00e3o receberam o Esp\u00edrito de forma casual.<\/p>\n\n\n\n<p>Esperaram em ora\u00e7\u00e3o.<br>Com perseveran\u00e7a.<br>Com Nossa Senhora.<\/p>\n\n\n\n<p>Isso importa profundamente hoje.<\/p>\n\n\n\n<p>Muitos querem dons\u2026 sem ora\u00e7\u00e3o.<br>Querem carismas\u2026 sem convers\u00e3o.<br>Querem inspira\u00e7\u00e3o\u2026 sem recolhimento.<\/p>\n\n\n\n<p>Mas Pentecostes nasceu no Cen\u00e1culo.<\/p>\n\n\n\n<h2 class=\"wp-block-heading\">Onde est\u00e1 Maria, o Esp\u00edrito Santo encontra docilidade.<\/h2>\n\n\n\n<p>Porque ningu\u00e9m jamais foi mais d\u00f3cil ao Esp\u00edrito do que a Sant\u00edssima Virgem.<\/p>\n\n\n\n<hr class=\"wp-block-separator has-alpha-channel-opacity\"\/>\n\n\n\n<h1 class=\"wp-block-heading\">9. Os dons do Esp\u00edrito Santo: armas para tempos de confus\u00e3o<\/h1>\n\n\n\n<p>O Esp\u00edrito n\u00e3o apenas \u201cacompanha\u201d; Ele capacita.<\/p>\n\n\n\n<p>Seus sete dons:<br><strong>Sabedoria, entendimento, conselho, fortaleza, ci\u00eancia, piedade e temor de Deus.<\/strong><\/p>\n\n\n\n<p>Hoje, em uma era de relativismo, tibieza e caos moral, esses dons s\u00e3o mais necess\u00e1rios do que nunca:<\/p>\n\n\n\n<h3 class=\"wp-block-heading\">Sabedoria<\/h3>\n\n\n\n<p>Para saborear as coisas de Deus.<\/p>\n\n\n\n<h3 class=\"wp-block-heading\">Entendimento<\/h3>\n\n\n\n<p>Para penetrar as verdades reveladas.<\/p>\n\n\n\n<h3 class=\"wp-block-heading\">Conselho<\/h3>\n\n\n\n<p>Para decidir segundo Deus.<\/p>\n\n\n\n<h3 class=\"wp-block-heading\">Fortaleza<\/h3>\n\n\n\n<p>Para resistir \u00e0 press\u00e3o cultural, persegui\u00e7\u00e3o e tenta\u00e7\u00e3o.<\/p>\n\n\n\n<h3 class=\"wp-block-heading\">Ci\u00eancia<\/h3>\n\n\n\n<p>Para ordenar corretamente as coisas criadas.<\/p>\n\n\n\n<h3 class=\"wp-block-heading\">Piedade<\/h3>\n\n\n\n<p>Para amar a Deus com devo\u00e7\u00e3o filial.<\/p>\n\n\n\n<h3 class=\"wp-block-heading\">Temor de Deus<\/h3>\n\n\n\n<p>Para fugir do pecado por santa rever\u00eancia.<\/p>\n\n\n\n<hr class=\"wp-block-separator has-alpha-channel-opacity\"\/>\n\n\n\n<h1 class=\"wp-block-heading\">10. O Esp\u00edrito Santo e a Igreja: a alma do Corpo M\u00edstico<\/h1>\n\n\n\n<p>O catecismo ensina uma imagem poderosa:<\/p>\n\n\n\n<p><strong>Assim como a alma d\u00e1 vida ao corpo, assim o Esp\u00edrito Santo d\u00e1 vida \u00e0 Igreja.<\/strong><\/p>\n\n\n\n<p>Sem Ele, a Igreja seria apenas mais uma institui\u00e7\u00e3o humana.<\/p>\n\n\n\n<p>Com Ele:<\/p>\n\n\n\n<ul class=\"wp-block-list\">\n<li>Conserva a verdade<\/li>\n\n\n\n<li>Administra sacramentos eficazes<\/li>\n\n\n\n<li>Produz santos<\/li>\n\n\n\n<li>Evangeliza<\/li>\n\n\n\n<li>Persevera<\/li>\n<\/ul>\n\n\n\n<p>Por isso, apesar de crises humanas, pecados de seus membros e persegui\u00e7\u00f5es hist\u00f3ricas, a Igreja n\u00e3o desaparece.<\/p>\n\n\n\n<p>Porque seu princ\u00edpio vital n\u00e3o \u00e9 pol\u00edtico.<br>\u00c9 divino.<\/p>\n\n\n\n<hr class=\"wp-block-separator has-alpha-channel-opacity\"\/>\n\n\n\n<h1 class=\"wp-block-heading\">11. Um aviso moderno: resistir ao Esp\u00edrito Santo<\/h1>\n\n\n\n<p>Um dos maiores perigos modernos \u00e9 reduzir a f\u00e9 a costume externo enquanto se sufoca a a\u00e7\u00e3o interior do Esp\u00edrito.<\/p>\n\n\n\n<p>Resiste-se ao Esp\u00edrito quando:<\/p>\n\n\n\n<ul class=\"wp-block-list\">\n<li>O pecado \u00e9 justificado<\/li>\n\n\n\n<li>A gra\u00e7a \u00e9 desprezada<\/li>\n\n\n\n<li>A verdade \u00e9 rejeitada<\/li>\n\n\n\n<li>Vive-se em tibieza volunt\u00e1ria<\/li>\n\n\n\n<li>O cora\u00e7\u00e3o se endurece<\/li>\n<\/ul>\n\n\n\n<p>A blasf\u00eamia contra o Esp\u00edrito Santo implica esse fechamento obstinado \u00e0 gra\u00e7a que quer salvar.<\/p>\n\n\n\n<hr class=\"wp-block-separator has-alpha-channel-opacity\"\/>\n\n\n\n<h1 class=\"wp-block-heading\">12. Como viver hoje o oitavo artigo do Credo<\/h1>\n\n\n\n<h2 class=\"wp-block-heading\">Invoque-O todos os dias:<\/h2>\n\n\n\n<p>\u201cVinde, Esp\u00edrito Santo.\u201d<\/p>\n\n\n\n<h2 class=\"wp-block-heading\">Confesse-se frequentemente:<\/h2>\n\n\n\n<p>A gra\u00e7a restaura a docilidade.<\/p>\n\n\n\n<h2 class=\"wp-block-heading\">Reze ao amanhecer:<\/h2>\n\n\n\n<p>Consagre suas decis\u00f5es.<\/p>\n\n\n\n<h2 class=\"wp-block-heading\">Leia a Escritura:<\/h2>\n\n\n\n<p>Foi Ele quem inspirou Sua Palavra.<\/p>\n\n\n\n<h2 class=\"wp-block-heading\">Ame a verdade:<\/h2>\n\n\n\n<p>O Esp\u00edrito nunca contradiz Cristo.<\/p>\n\n\n\n<h2 class=\"wp-block-heading\">Permane\u00e7a pr\u00f3ximo de Maria:<\/h2>\n\n\n\n<p>Esposa do Esp\u00edrito Santo.<\/p>\n\n\n\n<hr class=\"wp-block-separator has-alpha-channel-opacity\"\/>\n\n\n\n<h1 class=\"wp-block-heading\">Conclus\u00e3o: Sem o Esp\u00edrito Santo, o cristianismo se torna cinzas<\/h1>\n\n\n\n<p>O Pai te criou.<br>O Filho te redimiu.<br>O Esp\u00edrito Santo quer te santificar.<\/p>\n\n\n\n<p>Muitos vivem como batizados\u2026 mas espiritualmente apagados.<\/p>\n\n\n\n<p>E, no entanto, o mesmo fogo de Pentecostes continua dispon\u00edvel.<\/p>\n\n\n\n<p>O mesmo Esp\u00edrito que desceu sobre os Ap\u00f3stolos pode:<\/p>\n\n\n\n<ul class=\"wp-block-list\">\n<li>Quebrar tuas correntes<\/li>\n\n\n\n<li>Curar tua tibieza<\/li>\n\n\n\n<li>Fortalecer tua pureza<\/li>\n\n\n\n<li>Fazer de ti uma testemunha corajosa<\/li>\n<\/ul>\n\n\n\n<p>Voc\u00ea n\u00e3o \u00e9 chamado apenas a \u201ccrer que Ele existe\u201d.<\/p>\n\n\n\n<p>\u00c9 chamado a viver n\u2019Ele.<\/p>\n\n\n\n<h2 class=\"wp-block-heading\">Porque o Esp\u00edrito Santo n\u00e3o veio simplesmente para te visitar.<\/h2>\n\n\n\n<p>Ele veio para fazer da tua alma Seu templo.<\/p>\n\n\n\n<p><strong>\u201cVinde, Esp\u00edrito Criador, visitai as almas dos Vossos fi\u00e9is e enchei de gra\u00e7a divina os cora\u00e7\u00f5es que V\u00f3s mesmos criastes.\u201d<\/strong><\/p>\n","protected":false},"excerpt":{"rendered":"<p>O Grande Desconhecido para muitos\u2026 e, no entanto, o fogo sem o qual a alma morre Existem verdades da f\u00e9 que muitos cat\u00f3licos recitam\u2026 mas poucos realmente meditam. Todos os domingos dizemos: \u201cCreio no Esp\u00edrito Santo\u201d, e, no entanto, muitas vezes essas palavras passam por nossos l\u00e1bios sem incendiar nosso cora\u00e7\u00e3o. Cremos no Pai porque &hellip;<\/p>\n","protected":false},"author":3,"featured_media":5863,"comment_status":"closed","ping_status":"closed","sticky":false,"template":"","format":"standard","meta":{"_seopress_robots_primary_cat":"","_seopress_titles_title":"","_seopress_titles_desc":"","_seopress_robots_index":"","footnotes":""},"categories":[43,37],"tags":[1963],"class_list":["post-5862","post","type-post","status-publish","format-standard","has-post-thumbnail","","category-catecismo-da-igreja-catolica","category-doutrina-e-fe","tag-credo"],"_links":{"self":[{"href":"https:\/\/catholicus.eu\/pt\/wp-json\/wp\/v2\/posts\/5862","targetHints":{"allow":["GET"]}}],"collection":[{"href":"https:\/\/catholicus.eu\/pt\/wp-json\/wp\/v2\/posts"}],"about":[{"href":"https:\/\/catholicus.eu\/pt\/wp-json\/wp\/v2\/types\/post"}],"author":[{"embeddable":true,"href":"https:\/\/catholicus.eu\/pt\/wp-json\/wp\/v2\/users\/3"}],"replies":[{"embeddable":true,"href":"https:\/\/catholicus.eu\/pt\/wp-json\/wp\/v2\/comments?post=5862"}],"version-history":[{"count":1,"href":"https:\/\/catholicus.eu\/pt\/wp-json\/wp\/v2\/posts\/5862\/revisions"}],"predecessor-version":[{"id":5864,"href":"https:\/\/catholicus.eu\/pt\/wp-json\/wp\/v2\/posts\/5862\/revisions\/5864"}],"wp:featuredmedia":[{"embeddable":true,"href":"https:\/\/catholicus.eu\/pt\/wp-json\/wp\/v2\/media\/5863"}],"wp:attachment":[{"href":"https:\/\/catholicus.eu\/pt\/wp-json\/wp\/v2\/media?parent=5862"}],"wp:term":[{"taxonomy":"category","embeddable":true,"href":"https:\/\/catholicus.eu\/pt\/wp-json\/wp\/v2\/categories?post=5862"},{"taxonomy":"post_tag","embeddable":true,"href":"https:\/\/catholicus.eu\/pt\/wp-json\/wp\/v2\/tags?post=5862"}],"curies":[{"name":"wp","href":"https:\/\/api.w.org\/{rel}","templated":true}]}}