{"id":5859,"date":"2026-04-29T17:11:31","date_gmt":"2026-04-29T15:11:31","guid":{"rendered":"https:\/\/catholicus.eu\/pt\/?p=5859"},"modified":"2026-04-29T17:11:31","modified_gmt":"2026-04-29T15:11:31","slug":"de-la-ha-de-vir-a-julgar-os-vivos-e-os-mortos-o-setimo-artigo-do-credo-explicado-para-o-nosso-tempo","status":"publish","type":"post","link":"https:\/\/catholicus.eu\/pt\/de-la-ha-de-vir-a-julgar-os-vivos-e-os-mortos-o-setimo-artigo-do-credo-explicado-para-o-nosso-tempo\/","title":{"rendered":"\u00abDe l\u00e1 h\u00e1 de vir a julgar os vivos e os mortos\u00bb: o s\u00e9timo artigo do Credo explicado para o nosso tempo"},"content":{"rendered":"\n<p>Todos os domingos, milh\u00f5es de crist\u00e3os recitam o Credo quase de mem\u00f3ria. As palavras saem naturalmente dos seus l\u00e1bios: <em>\u00abe de novo h\u00e1 de vir em gl\u00f3ria para julgar os vivos e os mortos\u2026\u00bb<\/em> No entanto, poucas frases do Credo geram hoje tanto desconforto, confus\u00e3o ou at\u00e9 sil\u00eancio quanto esta.<\/p>\n\n\n\n<p>Falar do ju\u00edzo de Deus parece, para muitos, algo ultrapassado. Vivemos numa \u00e9poca que tolera quase tudo, exceto a ideia de que exista uma verdade definitiva sobre o bem e o mal. Fala-se constantemente de autoestima, bem-estar emocional ou crescimento pessoal, mas muito pouco de responsabilidade moral, eternidade ou ju\u00edzo.<\/p>\n\n\n\n<p>E, no entanto, a Igreja nunca deixou de ensinar esta verdade fundamental: Jesus Cristo voltar\u00e1 em gl\u00f3ria no fim dos tempos e julgar\u00e1 toda a humanidade.<\/p>\n\n\n\n<p>N\u00e3o se trata de uma amea\u00e7a inventada para assustar as consci\u00eancias. Nem de uma imagem medieval criada para controlar as pessoas. O Ju\u00edzo Final pertence ao pr\u00f3prio n\u00facleo da f\u00e9 crist\u00e3. Est\u00e1 presente no Evangelho, na prega\u00e7\u00e3o apost\u00f3lica, nos Padres da Igreja e no Credo professado h\u00e1 s\u00e9culos.<\/p>\n\n\n\n<p>O s\u00e9timo artigo do Credo obriga-nos a olhar para a vida a partir de uma perspetiva muito maior do que a do presente imediato. Recorda-nos que a hist\u00f3ria tem um sentido, que o mal n\u00e3o triunfar\u00e1 para sempre, que a injusti\u00e7a n\u00e3o ter\u00e1 a \u00faltima palavra e que cada ato humano possui um peso eterno.<\/p>\n\n\n\n<hr class=\"wp-block-separator has-alpha-channel-opacity\"\/>\n\n\n\n<h1 class=\"wp-block-heading\">Cristo voltar\u00e1: uma verdade esquecida<\/h1>\n\n\n\n<p>O Catecismo tradicional ensina:<\/p>\n\n\n\n<blockquote class=\"wp-block-quote is-layout-flow wp-block-quote-is-layout-flow\">\n<p>\u00abNo fim do mundo, Jesus Cristo, cheio de gl\u00f3ria e majestade, vir\u00e1 do c\u00e9u para julgar todos os homens, bons e maus, e dar a cada um o pr\u00e9mio ou o castigo que tiver merecido.\u00bb<\/p>\n<\/blockquote>\n\n\n\n<p>Este ensinamento fundamenta-se diretamente nas palavras de Cristo:<\/p>\n\n\n\n<blockquote class=\"wp-block-quote is-layout-flow wp-block-quote-is-layout-flow\">\n<p>\u00abVer\u00e3o o Filho do Homem vir sobre as nuvens do c\u00e9u com grande poder e gl\u00f3ria\u00bb (Mt 24,30).<\/p>\n<\/blockquote>\n\n\n\n<p>A primeira vinda de Cristo foi humilde. Nasceu numa manjedoura, viveu oculto durante muitos anos e morreu pregado numa cruz. Muitos O desprezaram, zombaram d\u2019Ele e condenaram-n\u2019O injustamente.<\/p>\n\n\n\n<p>Mas a segunda vinda ser\u00e1 completamente diferente.<\/p>\n\n\n\n<p>Vir\u00e1 como Rei universal.<br>Vir\u00e1 como Senhor da hist\u00f3ria.<br>Vir\u00e1 como Juiz.<\/p>\n\n\n\n<p>A tradi\u00e7\u00e3o crist\u00e3 chama a este acontecimento a <strong>Parusia<\/strong>, isto \u00e9, a manifesta\u00e7\u00e3o gloriosa de Cristo no fim dos tempos.<\/p>\n\n\n\n<p>Hoje o mundo vive como se Jesus Cristo nunca fosse voltar. A cultura moderna est\u00e1 obcecada com o presente: consumir, produzir, divertir-se, distrair-se. A eternidade desaparece do horizonte mental. O homem contempor\u00e2neo organiza frequentemente toda a sua vida como se nunca tivesse de prestar contas diante de ningu\u00e9m.<\/p>\n\n\n\n<p>Mas o Credo destr\u00f3i essa ilus\u00e3o.<\/p>\n\n\n\n<p>A hist\u00f3ria humana n\u00e3o caminha para o vazio. Caminha para um encontro definitivo com Cristo.<\/p>\n\n\n\n<hr class=\"wp-block-separator has-alpha-channel-opacity\"\/>\n\n\n\n<h1 class=\"wp-block-heading\">O ju\u00edzo particular e o ju\u00edzo universal<\/h1>\n\n\n\n<p>Aqui surge uma pergunta importante, \u00e0 qual o Catecismo tradicional responde claramente:<\/p>\n\n\n\n<h2 class=\"wp-block-heading\">Se cada alma \u00e9 julgada imediatamente ap\u00f3s a morte, porque haver\u00e1 tamb\u00e9m um ju\u00edzo universal?<\/h2>\n\n\n\n<p>A Igreja ensina dois ju\u00edzos:<\/p>\n\n\n\n<h2 class=\"wp-block-heading\">1. O ju\u00edzo particular<\/h2>\n\n\n\n<p>Acontece imediatamente ap\u00f3s a morte.<\/p>\n\n\n\n<p>A alma comparece diante de Cristo e recebe o seu destino eterno:<\/p>\n\n\n\n<ul class=\"wp-block-list\">\n<li>c\u00e9u,<\/li>\n\n\n\n<li>purgat\u00f3rio,<\/li>\n\n\n\n<li>ou inferno.<\/li>\n<\/ul>\n\n\n\n<p>N\u00e3o existe reencarna\u00e7\u00e3o.<br>N\u00e3o existe uma \u00absegunda oportunidade\u00bb ap\u00f3s a morte.<br>N\u00e3o existe dissolu\u00e7\u00e3o da alma numa energia c\u00f3smica.<\/p>\n\n\n\n<p>A vida presente \u00e9 o tempo da decis\u00e3o.<\/p>\n\n\n\n<p>Como ensina a Carta aos Hebreus:<\/p>\n\n\n\n<blockquote class=\"wp-block-quote is-layout-flow wp-block-quote-is-layout-flow\">\n<p>\u00abEst\u00e1 determinado que os homens morram uma s\u00f3 vez, e depois disso vem o ju\u00edzo\u00bb (Heb 9,27).<\/p>\n<\/blockquote>\n\n\n\n<h2 class=\"wp-block-heading\">2. O ju\u00edzo universal<\/h2>\n\n\n\n<p>Acontecer\u00e1 no fim do mundo, quando Cristo voltar em gl\u00f3ria.<\/p>\n\n\n\n<p>Ent\u00e3o toda a humanidade comparecer\u00e1 publicamente diante d\u2019Ele.<\/p>\n\n\n\n<p>N\u00e3o porque Deus precise de mais informa\u00e7\u00f5es \u2014 Deus j\u00e1 conhece perfeitamente cada alma \u2014 mas porque este ju\u00edzo ter\u00e1 uma dimens\u00e3o universal, vis\u00edvel e definitiva.<\/p>\n\n\n\n<p>O Catecismo aponta cinco raz\u00f5es profundas para este ju\u00edzo final.<\/p>\n\n\n\n<hr class=\"wp-block-separator has-alpha-channel-opacity\"\/>\n\n\n\n<h1 class=\"wp-block-heading\">1. O ju\u00edzo universal manifestar\u00e1 a gl\u00f3ria de Deus<\/h1>\n\n\n\n<p>Vivemos num mundo onde muitas vezes parece reinar a injusti\u00e7a.<\/p>\n\n\n\n<p>Os corruptos prosperam.<br>Os violentos triunfam.<br>Os mentirosos s\u00e3o admirados.<br>Os impuros s\u00e3o celebrados.<br>Os fi\u00e9is s\u00e3o ridicularizados.<\/p>\n\n\n\n<p>Muitos perguntam:<br>\u00abOnde est\u00e1 a justi\u00e7a de Deus?\u00bb<\/p>\n\n\n\n<p>Precisamente o Ju\u00edzo Final revelar\u00e1 que Deus nunca perdeu o controlo da hist\u00f3ria.<\/p>\n\n\n\n<p>Ent\u00e3o ficar\u00e1 claro:<\/p>\n\n\n\n<ul class=\"wp-block-list\">\n<li>porque permitiu certos sofrimentos,<\/li>\n\n\n\n<li>como a gra\u00e7a atuou secretamente,<\/li>\n\n\n\n<li>quais foram as verdadeiras consequ\u00eancias das nossas decis\u00f5es,<\/li>\n\n\n\n<li>e como a Sua justi\u00e7a foi perfeita mesmo quando parecia silenciosa.<\/li>\n<\/ul>\n\n\n\n<p>Quantas vezes os santos foram perseguidos enquanto os \u00edmpios eram elogiados. Pensemos em tantos m\u00e1rtires, religiosos, m\u00e3es sacrificadas, sacerdotes fi\u00e9is ou crist\u00e3os escondidos que nunca receberam reconhecimento humano.<\/p>\n\n\n\n<p>O Ju\u00edzo Final ser\u00e1 a revela\u00e7\u00e3o p\u00fablica da verdade completa.<\/p>\n\n\n\n<p>Nada ficar\u00e1 oculto.<\/p>\n\n\n\n<p>O pr\u00f3prio Cristo disse:<\/p>\n\n\n\n<blockquote class=\"wp-block-quote is-layout-flow wp-block-quote-is-layout-flow\">\n<p>\u00abNada h\u00e1 escondido que n\u00e3o venha a ser descoberto\u00bb (Lc 8,17).<\/p>\n<\/blockquote>\n\n\n\n<hr class=\"wp-block-separator has-alpha-channel-opacity\"\/>\n\n\n\n<h1 class=\"wp-block-heading\">2. O ju\u00edzo universal manifestar\u00e1 a gl\u00f3ria de Jesus Cristo<\/h1>\n\n\n\n<p>Esta parte \u00e9 profundamente comovente.<\/p>\n\n\n\n<p>Jesus Cristo foi julgado pelos homens.<\/p>\n\n\n\n<p>O Inocente foi tratado como culpado.<br>A pr\u00f3pria Verdade foi condenada.<br>O Autor da vida foi executado.<\/p>\n\n\n\n<p>Diante de Pilatos parecia derrotado.<br>Diante de Herodes parecia rid\u00edculo.<br>Diante da multid\u00e3o parecia um fracasso.<\/p>\n\n\n\n<p>Mas o ju\u00edzo universal inverter\u00e1 completamente a cena.<\/p>\n\n\n\n<p>Esse Cristo humilhado aparecer\u00e1 como o Juiz soberano do universo.<\/p>\n\n\n\n<p>O mesmo que foi cuspido ser\u00e1 adorado.<br>O mesmo que foi coroado de espinhos ser\u00e1 coroado de gl\u00f3ria.<br>O mesmo que foi condenado pelos tribunais humanos julgar\u00e1 toda a humanidade.<\/p>\n\n\n\n<p>Aqui existe um ensinamento muito atual.<\/p>\n\n\n\n<p>A nossa cultura tenta constantemente \u00abjulgar\u00bb Cristo:<\/p>\n\n\n\n<ul class=\"wp-block-list\">\n<li>julga a Sua moral,<\/li>\n\n\n\n<li>julga a Sua Igreja,<\/li>\n\n\n\n<li>julga os Seus mandamentos,<\/li>\n\n\n\n<li>julga o Evangelho.<\/li>\n<\/ul>\n\n\n\n<p>O homem moderno quer sentar-se no trono de Deus e decidir o que \u00e9 bem e o que \u00e9 mal.<\/p>\n\n\n\n<p>Mas o Credo recorda-nos algo essencial:<br>n\u00e3o somos n\u00f3s que julgamos definitivamente Cristo; ser\u00e1 Cristo quem nos julgar\u00e1.<\/p>\n\n\n\n<hr class=\"wp-block-separator has-alpha-channel-opacity\"\/>\n\n\n\n<h1 class=\"wp-block-heading\">3. O ju\u00edzo universal manifestar\u00e1 a gl\u00f3ria dos santos<\/h1>\n\n\n\n<p>Muitos santos morreram incompreendidos.<\/p>\n\n\n\n<p>Alguns foram considerados loucos.<br>Outros fan\u00e1ticos.<br>Outros in\u00fateis.<br>Outros fracassados.<\/p>\n\n\n\n<p>O mundo raramente compreende a verdadeira santidade.<\/p>\n\n\n\n<p>Pensemos em tantos:<\/p>\n\n\n\n<ul class=\"wp-block-list\">\n<li>monges escondidos,<\/li>\n\n\n\n<li>m\u00e3es dedicadas,<\/li>\n\n\n\n<li>idosos que ofereceram os seus sofrimentos,<\/li>\n\n\n\n<li>jovens que defenderam a pureza,<\/li>\n\n\n\n<li>sacerdotes perseguidos,<\/li>\n\n\n\n<li>crist\u00e3os ridicularizados por permanecerem fi\u00e9is.<\/li>\n<\/ul>\n\n\n\n<p>Hoje as redes sociais recompensam a apar\u00eancia, o ego e a exibi\u00e7\u00e3o constante. Mas Deus olha para outra coisa: a fidelidade silenciosa.<\/p>\n\n\n\n<p>O ju\u00edzo universal revelar\u00e1 o verdadeiro valor dessas vidas escondidas.<\/p>\n\n\n\n<p>Ent\u00e3o muitos que pareciam insignificantes brilhar\u00e3o com uma gl\u00f3ria imensa.<\/p>\n\n\n\n<p>E muitos que pareciam importantes ser\u00e3o desmascarados.<\/p>\n\n\n\n<p>Cristo j\u00e1 nos advertiu:<\/p>\n\n\n\n<blockquote class=\"wp-block-quote is-layout-flow wp-block-quote-is-layout-flow\">\n<p>\u00abMuitos dos primeiros ser\u00e3o os \u00faltimos, e muitos dos \u00faltimos ser\u00e3o os primeiros\u00bb (Mt 19,30).<\/p>\n<\/blockquote>\n\n\n\n<hr class=\"wp-block-separator has-alpha-channel-opacity\"\/>\n\n\n\n<h1 class=\"wp-block-heading\">4. O ju\u00edzo universal trar\u00e1 a confus\u00e3o dos maus<\/h1>\n\n\n\n<p>Este ponto \u00e9 especialmente inc\u00f3modo para a mentalidade contempor\u00e2nea, mas faz parte da doutrina crist\u00e3.<\/p>\n\n\n\n<p>O Catecismo ensina que a confus\u00e3o dos maus ser\u00e1 imensa, especialmente daqueles que:<\/p>\n\n\n\n<ul class=\"wp-block-list\">\n<li>oprimiram os justos,<\/li>\n\n\n\n<li>fingiram virtude,<\/li>\n\n\n\n<li>manipularam os outros,<\/li>\n\n\n\n<li>ou esconderam vidas gravemente pecaminosas sob apar\u00eancias respeit\u00e1veis.<\/li>\n<\/ul>\n\n\n\n<p>Vivemos numa cultura profundamente obcecada pela imagem.<\/p>\n\n\n\n<p>Muitos constroem identidades p\u00fablicas cuidadosamente desenhadas:<\/p>\n\n\n\n<ul class=\"wp-block-list\">\n<li>apar\u00eancias de bondade,<\/li>\n\n\n\n<li>discursos moralistas,<\/li>\n\n\n\n<li>ativismo superficial,<\/li>\n\n\n\n<li>espiritualidade est\u00e9tica,<\/li>\n\n\n\n<li>virtude exibida para obter aprova\u00e7\u00e3o social.<\/li>\n<\/ul>\n\n\n\n<p>Mas Deus v\u00ea o cora\u00e7\u00e3o.<\/p>\n\n\n\n<p>O ju\u00edzo universal destruir\u00e1 todas as m\u00e1scaras.<\/p>\n\n\n\n<p>N\u00e3o haver\u00e1 marketing pessoal.<br>N\u00e3o haver\u00e1 propaganda.<br>N\u00e3o haver\u00e1 manipula\u00e7\u00e3o medi\u00e1tica.<br>N\u00e3o haver\u00e1 maneira de esconder a verdade.<\/p>\n\n\n\n<p>Isto n\u00e3o deveria provocar em n\u00f3s um medo neur\u00f3tico, mas antes um sincero apelo \u00e0 autenticidade.<\/p>\n\n\n\n<p>A santidade n\u00e3o consiste em parecer bom.<br>Consiste em ser realmente transformado pela gra\u00e7a.<\/p>\n\n\n\n<hr class=\"wp-block-separator has-alpha-channel-opacity\"\/>\n\n\n\n<h1 class=\"wp-block-heading\">5. O corpo tamb\u00e9m participar\u00e1 do pr\u00e9mio ou do castigo<\/h1>\n\n\n\n<p>Esta verdade \u00e9 profundamente crist\u00e3 e muito importante.<\/p>\n\n\n\n<p>N\u00e3o somos almas aprisionadas em corpos, como acreditavam algumas filosofias antigas. O ser humano \u00e9 uma unidade de alma e corpo.<\/p>\n\n\n\n<p>Por isso, no fim dos tempos, acontecer\u00e1 tamb\u00e9m a ressurrei\u00e7\u00e3o dos mortos.<\/p>\n\n\n\n<p>Os corpos ressuscitar\u00e3o:<\/p>\n\n\n\n<ul class=\"wp-block-list\">\n<li>para a gl\u00f3ria eterna,<\/li>\n\n\n\n<li>ou para a condena\u00e7\u00e3o eterna.<\/li>\n<\/ul>\n\n\n\n<p>Aqui compreendemos algo decisivo:<br>o que fazemos com o corpo importa.<\/p>\n\n\n\n<p>Numa \u00e9poca marcada por:<\/p>\n\n\n\n<ul class=\"wp-block-list\">\n<li>a banaliza\u00e7\u00e3o da sexualidade,<\/li>\n\n\n\n<li>o culto do prazer,<\/li>\n\n\n\n<li>a pornografia,<\/li>\n\n\n\n<li>a ideologia de g\u00e9nero,<\/li>\n\n\n\n<li>a explora\u00e7\u00e3o do corpo humano,<\/li>\n\n\n\n<li>e a perda do sentido da dignidade corporal,<\/li>\n<\/ul>\n\n\n\n<p>a doutrina crist\u00e3 recorda que o corpo est\u00e1 destinado \u00e0 eternidade.<\/p>\n\n\n\n<p>O cristianismo n\u00e3o despreza o corpo.<br>Eleva-o.<\/p>\n\n\n\n<p>Por isso os santos davam tanta import\u00e2ncia \u00e0 pureza, \u00e0 mod\u00e9stia, ao sacrif\u00edcio e \u00e0 disciplina corporal. Sabiam que o corpo n\u00e3o \u00e9 um brinquedo nem um objeto de consumo: \u00e9 templo do Esp\u00edrito Santo.<\/p>\n\n\n\n<hr class=\"wp-block-separator has-alpha-channel-opacity\"\/>\n\n\n\n<h1 class=\"wp-block-heading\">Devemos temer o Ju\u00edzo Final?<\/h1>\n\n\n\n<p>A resposta depende de como vivemos.<\/p>\n\n\n\n<p>Para quem rejeita obstinadamente Deus, o ju\u00edzo \u00e9 terr\u00edvel porque significa enfrentar finalmente a verdade.<\/p>\n\n\n\n<p>Mas para quem ama sinceramente Cristo, o ju\u00edzo \u00e9 tamb\u00e9m esperan\u00e7a.<\/p>\n\n\n\n<p>Vivemos num mundo cheio de injusti\u00e7as n\u00e3o resolvidas:<\/p>\n\n\n\n<ul class=\"wp-block-list\">\n<li>v\u00edtimas que nunca receberam justi\u00e7a,<\/li>\n\n\n\n<li>inocentes esquecidos,<\/li>\n\n\n\n<li>sofrimentos ocultos,<\/li>\n\n\n\n<li>sacrif\u00edcios ignorados.<\/li>\n<\/ul>\n\n\n\n<p>O Ju\u00edzo Final significa que Deus estabelecer\u00e1 uma justi\u00e7a perfeita.<\/p>\n\n\n\n<p>Nenhuma boa a\u00e7\u00e3o ficar\u00e1 sem recompensa.<br>Nenhuma l\u00e1grima oferecida por amor ser\u00e1 in\u00fatil.<br>Nenhum ato de fidelidade ser\u00e1 esquecido.<\/p>\n\n\n\n<p>O problema \u00e9 que muitas vezes queremos um Cristo Salvador, mas n\u00e3o um Cristo Juiz.<\/p>\n\n\n\n<p>Queremos miseric\u00f3rdia sem convers\u00e3o.<br>Consolo sem arrependimento.<br>C\u00e9u sem Cruz.<\/p>\n\n\n\n<p>No entanto, a verdadeira miseric\u00f3rdia n\u00e3o elimina a verdade. Pressup\u00f5e-na.<\/p>\n\n\n\n<hr class=\"wp-block-separator has-alpha-channel-opacity\"\/>\n\n\n\n<h1 class=\"wp-block-heading\">O Ju\u00edzo Final e a vida quotidiana<\/h1>\n\n\n\n<p>Esta doutrina pode parecer pertencer apenas ao campo da escatologia ou dos grandes tratados teol\u00f3gicos. Mas possui consequ\u00eancias muito concretas para a vida di\u00e1ria.<\/p>\n\n\n\n<h2 class=\"wp-block-heading\">1. Ajuda-nos a viver com responsabilidade<\/h2>\n\n\n\n<p>Cada ato possui valor eterno.<\/p>\n\n\n\n<p>Cada decis\u00e3o importa.<\/p>\n\n\n\n<p>A cultura atual repete:<br>\u00abFaz o que quiseres.\u00bb<br>Mas o Evangelho ensina:<br>\u00abVive olhando para a eternidade.\u00bb<\/p>\n\n\n\n<hr class=\"wp-block-separator has-alpha-channel-opacity\"\/>\n\n\n\n<h2 class=\"wp-block-heading\">2. Liberta-nos do cinismo<\/h2>\n\n\n\n<p>Muitos perdem a esperan\u00e7a ao ver tanta corrup\u00e7\u00e3o ou maldade.<\/p>\n\n\n\n<p>O Ju\u00edzo Final recorda-nos que o mal n\u00e3o triunfar\u00e1 definitivamente.<\/p>\n\n\n\n<p>Cristo ter\u00e1 a \u00faltima palavra.<\/p>\n\n\n\n<hr class=\"wp-block-separator has-alpha-channel-opacity\"\/>\n\n\n\n<h2 class=\"wp-block-heading\">3. Chama-nos \u00e0 convers\u00e3o<\/h2>\n\n\n\n<p>Pensar no ju\u00edzo n\u00e3o deveria produzir desespero, mas despertar espiritual.<\/p>\n\n\n\n<p>A Igreja sempre recomendou meditar sobre as \u00faltimas coisas:<\/p>\n\n\n\n<ul class=\"wp-block-list\">\n<li>morte,<\/li>\n\n\n\n<li>ju\u00edzo,<\/li>\n\n\n\n<li>inferno,<\/li>\n\n\n\n<li>gl\u00f3ria eterna.<\/li>\n<\/ul>\n\n\n\n<p>N\u00e3o para viver obcecados pelo medo, mas para aprender a viver com sabedoria.<\/p>\n\n\n\n<hr class=\"wp-block-separator has-alpha-channel-opacity\"\/>\n\n\n\n<h2 class=\"wp-block-heading\">4. Convida-nos \u00e0 autenticidade<\/h2>\n\n\n\n<p>Deus n\u00e3o olha para as apar\u00eancias.<\/p>\n\n\n\n<p>Podemos enganar o mundo.<br>Podemos at\u00e9 enganar aqueles que nos s\u00e3o pr\u00f3ximos.<br>Mas n\u00e3o podemos enganar Cristo.<\/p>\n\n\n\n<hr class=\"wp-block-separator has-alpha-channel-opacity\"\/>\n\n\n\n<h1 class=\"wp-block-heading\">Um apelo urgente para o nosso tempo<\/h1>\n\n\n\n<p>Talvez uma das grandes trag\u00e9dias espirituais do nosso tempo seja ter perdido o sentido da eternidade.<\/p>\n\n\n\n<p>Muitos batizados vivem praticamente como pag\u00e3os:<\/p>\n\n\n\n<ul class=\"wp-block-list\">\n<li>sem ora\u00e7\u00e3o,<\/li>\n\n\n\n<li>sem sacramentos,<\/li>\n\n\n\n<li>sem exame de consci\u00eancia,<\/li>\n\n\n\n<li>sem jamais pensar no ju\u00edzo de Deus.<\/li>\n<\/ul>\n\n\n\n<p>E, no entanto, o Credo continua a ser proclamado todos os domingos.<\/p>\n\n\n\n<p>Cristo voltar\u00e1.<\/p>\n\n\n\n<p>N\u00e3o sabemos quando.<br>N\u00e3o sabemos exatamente como ser\u00e1 esse dia.<br>Mas sabemos com certeza que vir\u00e1.<\/p>\n\n\n\n<p>E ent\u00e3o apenas uma coisa permanecer\u00e1:<br>se vivemos unidos a Deus ou separados d\u2019Ele.<\/p>\n\n\n\n<hr class=\"wp-block-separator has-alpha-channel-opacity\"\/>\n\n\n\n<h1 class=\"wp-block-heading\">Conclus\u00e3o: viver preparados<\/h1>\n\n\n\n<p>O s\u00e9timo artigo do Credo n\u00e3o \u00e9 um an\u00fancio de terror. \u00c9 uma proclama\u00e7\u00e3o de verdade e esperan\u00e7a.<\/p>\n\n\n\n<p>A hist\u00f3ria humana n\u00e3o termina no caos.<br>O sofrimento n\u00e3o \u00e9 absurdo.<br>A injusti\u00e7a n\u00e3o ter\u00e1 a vit\u00f3ria definitiva.<br>Cristo reina.<br>E Cristo voltar\u00e1.<\/p>\n\n\n\n<p>Por isso o crist\u00e3o n\u00e3o vive aterrorizado, mas vigilante.<\/p>\n\n\n\n<p>Como ensinaram tantos santos:<br>devemos viver cada dia de tal maneira que possamos olhar para Cristo sem vergonha quando Ele vier.<\/p>\n\n\n\n<p>A melhor prepara\u00e7\u00e3o para o Ju\u00edzo Final n\u00e3o \u00e9 o medo, mas a amizade com Jesus:<\/p>\n\n\n\n<ul class=\"wp-block-list\">\n<li>confessar-se,<\/li>\n\n\n\n<li>viver em estado de gra\u00e7a,<\/li>\n\n\n\n<li>praticar a caridade,<\/li>\n\n\n\n<li>perseverar na ora\u00e7\u00e3o,<\/li>\n\n\n\n<li>permanecer fiel \u00e0 verdade,<\/li>\n\n\n\n<li>e amar Deus acima de todas as coisas.<\/li>\n<\/ul>\n\n\n\n<p>Porque o Juiz que vir\u00e1 no fim dos tempos \u00e9 o mesmo que morreu na Cruz por n\u00f3s.<\/p>\n\n\n\n<p>E para aquele que tentou viver unido a Ele, o Ju\u00edzo Final n\u00e3o ser\u00e1 o encontro com um desconhecido, mas o abra\u00e7o definitivo do Senhor.<\/p>\n","protected":false},"excerpt":{"rendered":"<p>Todos os domingos, milh\u00f5es de crist\u00e3os recitam o Credo quase de mem\u00f3ria. As palavras saem naturalmente dos seus l\u00e1bios: \u00abe de novo h\u00e1 de vir em gl\u00f3ria para julgar os vivos e os mortos\u2026\u00bb No entanto, poucas frases do Credo geram hoje tanto desconforto, confus\u00e3o ou at\u00e9 sil\u00eancio quanto esta. Falar do ju\u00edzo de Deus &hellip;<\/p>\n","protected":false},"author":3,"featured_media":5860,"comment_status":"closed","ping_status":"closed","sticky":false,"template":"","format":"standard","meta":{"_seopress_robots_primary_cat":"","_seopress_titles_title":"","_seopress_titles_desc":"","_seopress_robots_index":"","footnotes":""},"categories":[43,37],"tags":[1963],"class_list":["post-5859","post","type-post","status-publish","format-standard","has-post-thumbnail","","category-catecismo-da-igreja-catolica","category-doutrina-e-fe","tag-credo"],"_links":{"self":[{"href":"https:\/\/catholicus.eu\/pt\/wp-json\/wp\/v2\/posts\/5859","targetHints":{"allow":["GET"]}}],"collection":[{"href":"https:\/\/catholicus.eu\/pt\/wp-json\/wp\/v2\/posts"}],"about":[{"href":"https:\/\/catholicus.eu\/pt\/wp-json\/wp\/v2\/types\/post"}],"author":[{"embeddable":true,"href":"https:\/\/catholicus.eu\/pt\/wp-json\/wp\/v2\/users\/3"}],"replies":[{"embeddable":true,"href":"https:\/\/catholicus.eu\/pt\/wp-json\/wp\/v2\/comments?post=5859"}],"version-history":[{"count":1,"href":"https:\/\/catholicus.eu\/pt\/wp-json\/wp\/v2\/posts\/5859\/revisions"}],"predecessor-version":[{"id":5861,"href":"https:\/\/catholicus.eu\/pt\/wp-json\/wp\/v2\/posts\/5859\/revisions\/5861"}],"wp:featuredmedia":[{"embeddable":true,"href":"https:\/\/catholicus.eu\/pt\/wp-json\/wp\/v2\/media\/5860"}],"wp:attachment":[{"href":"https:\/\/catholicus.eu\/pt\/wp-json\/wp\/v2\/media?parent=5859"}],"wp:term":[{"taxonomy":"category","embeddable":true,"href":"https:\/\/catholicus.eu\/pt\/wp-json\/wp\/v2\/categories?post=5859"},{"taxonomy":"post_tag","embeddable":true,"href":"https:\/\/catholicus.eu\/pt\/wp-json\/wp\/v2\/tags?post=5859"}],"curies":[{"name":"wp","href":"https:\/\/api.w.org\/{rel}","templated":true}]}}