{"id":5856,"date":"2026-04-29T16:24:22","date_gmt":"2026-04-29T14:24:22","guid":{"rendered":"https:\/\/catholicus.eu\/pt\/?p=5856"},"modified":"2026-04-29T16:24:23","modified_gmt":"2026-04-29T14:24:23","slug":"santa-catarina-de-siena-a-mulher-que-falou-com-deus-desafiou-os-poderosos-e-salvou-a-igreja-em-tempos-de-caos","status":"publish","type":"post","link":"https:\/\/catholicus.eu\/pt\/santa-catarina-de-siena-a-mulher-que-falou-com-deus-desafiou-os-poderosos-e-salvou-a-igreja-em-tempos-de-caos\/","title":{"rendered":"Santa Catarina de Siena: A mulher que falou com Deus, desafiou os poderosos e salvou a Igreja em tempos de caos"},"content":{"rendered":"\n<h2 class=\"wp-block-heading\">Introdu\u00e7\u00e3o: Quando o mundo arde, Deus suscita santos<\/h2>\n\n\n\n<p>H\u00e1 momentos na hist\u00f3ria em que tudo parece vacilar: corrup\u00e7\u00e3o moral, divis\u00e3o pol\u00edtica, crise espiritual, l\u00edderes fracos e uma sociedade confusa. Muitos ent\u00e3o acreditam que as trevas venceram\u2026 mas a hist\u00f3ria da Igreja prova o contr\u00e1rio: precisamente nos tempos mais sombrios, Deus suscita almas de fogo.<\/p>\n\n\n\n<p>Uma dessas almas foi Santa Catarina de Siena.<\/p>\n\n\n\n<p>Ela n\u00e3o foi rainha, nem freira de clausura, nem te\u00f3loga universit\u00e1ria. Foi uma jovem leiga, terci\u00e1ria dominicana, sem educa\u00e7\u00e3o formal, nascida numa Europa ferida por guerras, peste, decad\u00eancia eclesial e lutas de poder. E, no entanto, essa mulher simples acabou corrigindo papas, reconciliando cidades, guiando almas, escrevendo obras m\u00edsticas imortais e tornando-se Doutora da Igreja e Padroeira da Europa.<\/p>\n\n\n\n<p>Como p\u00f4de uma mulher do s\u00e9culo XIV mudar a hist\u00f3ria da Igreja e ainda falar com tanta for\u00e7a ao s\u00e9culo XXI?<\/p>\n\n\n\n<p>Porque Santa Catarina n\u00e3o foi simplesmente uma figura hist\u00f3rica: foi uma voz prof\u00e9tica.<\/p>\n\n\n\n<p>Hoje, numa \u00e9poca tamb\u00e9m marcada por crises doutrinais, relativismo moral, superficialidade espiritual e confus\u00e3o cultural, sua vida ressoa com uma atualidade impressionante.<\/p>\n\n\n\n<hr class=\"wp-block-separator has-alpha-channel-opacity\"\/>\n\n\n\n<h1 class=\"wp-block-heading\">I. O contexto hist\u00f3rico: Uma Igreja ferida e uma Europa em crise<\/h1>\n\n\n\n<p>Catarina nasceu em 25 de mar\u00e7o de 1347, em Siena, It\u00e1lia, num s\u00e9culo profundamente turbulento.<\/p>\n\n\n\n<p>A Europa vivia:<\/p>\n\n\n\n<ul class=\"wp-block-list\">\n<li>A Peste Negra (1348), que devastou milh\u00f5es de vidas<\/li>\n\n\n\n<li>Guerras constantes entre cidades-estado<\/li>\n\n\n\n<li>Corrup\u00e7\u00e3o moral em muitos setores eclesi\u00e1sticos<\/li>\n\n\n\n<li>O Papado de Avinh\u00e3o, no qual os papas residiam fora de Roma sob forte influ\u00eancia pol\u00edtica francesa<\/li>\n\n\n\n<li>Uma crise espiritual e social generalizada<\/li>\n<\/ul>\n\n\n\n<p>Nesse contexto, muitos poderiam ter desesperado. Mas Deus estava preparando uma crian\u00e7a para se tornar uma tocha.<\/p>\n\n\n\n<p>Catarina Benincasa nasceu numa fam\u00edlia numerosa, sendo a 24\u00aa ou 25\u00aa filha. Desde muito pequena demonstrou uma intensa vida espiritual. Aos seis anos, teve uma vis\u00e3o de Cristo revestido como pont\u00edfice, acompanhado por S\u00e3o Pedro, S\u00e3o Paulo e S\u00e3o Jo\u00e3o.<\/p>\n\n\n\n<p>Esse encontro marcou toda a sua vida.<\/p>\n\n\n\n<hr class=\"wp-block-separator has-alpha-channel-opacity\"\/>\n\n\n\n<h1 class=\"wp-block-heading\">II. Uma inf\u00e2ncia sobrenatural: Uma alma consagrada desde cedo<\/h1>\n\n\n\n<p>Enquanto outras meninas sonhavam com casamento ou prest\u00edgio, Catarina fez voto de virgindade a Cristo ainda muito jovem.<\/p>\n\n\n\n<p>Sua fam\u00edlia tentou cas\u00e1-la, mas ela resistiu com uma radicalidade extraordin\u00e1ria. Chegou at\u00e9 mesmo a cortar os cabelos para evitar press\u00f5es.<\/p>\n\n\n\n<p>Esse gesto n\u00e3o foi rebeldia adolescente; foi uma declara\u00e7\u00e3o espiritual:<\/p>\n\n\n\n<p><strong>\u201cMeu \u00fanico Esposo ser\u00e1 Cristo.\u201d<\/strong><\/p>\n\n\n\n<p>Aqui encontramos uma verdade teol\u00f3gica fundamental: a voca\u00e7\u00e3o n\u00e3o nasce do capricho humano, mas de um chamado divino.<\/p>\n\n\n\n<p>Como diz Jeremias:<\/p>\n\n\n\n<p><strong>\u201cAntes que eu te formasse no ventre, eu te conheci; antes que sa\u00edsses do seio materno, eu te consagrei\u201d (Jeremias 1,5).<\/strong><\/p>\n\n\n\n<p>Catarina compreendeu que pertencia inteiramente a Deus.<\/p>\n\n\n\n<p>Por fim, ingressou na Terceira Ordem de S\u00e3o Domingos (as Mantellate), vivendo no mundo, mas sem ser do mundo.<\/p>\n\n\n\n<hr class=\"wp-block-separator has-alpha-channel-opacity\"\/>\n\n\n\n<h1 class=\"wp-block-heading\">III. A \u201ccela interior\u201d: A grande escola espiritual de Catarina<\/h1>\n\n\n\n<p>Uma das contribui\u00e7\u00f5es mais profundas de Santa Catarina foi sua espiritualidade da \u201ccela interior\u201d.<\/p>\n\n\n\n<p>Embora vivesse em sua casa, transformou sua alma em um mosteiro.<\/p>\n\n\n\n<p>Ela ensinava que o cora\u00e7\u00e3o deve ser um quarto onde a alma encontra Deus constantemente.<\/p>\n\n\n\n<p>Isso recorda as palavras de Cristo:<\/p>\n\n\n\n<p><strong>\u201cTu, por\u00e9m, quando orares, entra no teu quarto, fecha a porta e ora a teu Pai em segredo\u201d (Mateus 6,6).<\/strong><\/p>\n\n\n\n<p>Para Catarina, esse \u201cquarto\u201d era o interior da alma.<\/p>\n\n\n\n<h3 class=\"wp-block-heading\">Aplica\u00e7\u00e3o pastoral atual:<\/h3>\n\n\n\n<p>Num mundo saturado de ru\u00eddo, redes sociais, ansiedade digital e distra\u00e7\u00e3o constante, Santa Catarina oferece um rem\u00e9dio urgente:<\/p>\n\n\n\n<p><strong>Recuperar o sil\u00eancio interior.<\/strong><\/p>\n\n\n\n<p>N\u00e3o se pode ouvir Deus em meio ao caos cont\u00ednuo.<\/p>\n\n\n\n<hr class=\"wp-block-separator has-alpha-channel-opacity\"\/>\n\n\n\n<h1 class=\"wp-block-heading\">IV. O matrim\u00f4nio m\u00edstico com Cristo: Uma uni\u00e3o radical<\/h1>\n\n\n\n<p>Catarina viveu experi\u00eancias m\u00edsticas extraordin\u00e1rias, entre elas seu \u201cmatrim\u00f4nio m\u00edstico\u201d com Cristo, no qual recebeu um anel invis\u00edvel.<\/p>\n\n\n\n<p>Longe de mero sentimentalismo piedoso, esse epis\u00f3dio expressa uma verdade central da espiritualidade cat\u00f3lica:<\/p>\n\n\n\n<h3 class=\"wp-block-heading\">A alma \u00e9 chamada a uma uni\u00e3o esponsal com Deus.<\/h3>\n\n\n\n<p>A Igreja n\u00e3o entende a santidade apenas como obedi\u00eancia moral, mas como comunh\u00e3o transformadora.<\/p>\n\n\n\n<p>Catarina n\u00e3o queria simplesmente \u201cfazer coisas boas\u201d; queria pertencer totalmente a Cristo crucificado.<\/p>\n\n\n\n<p>Sua espiritualidade era profundamente cristoc\u00eantrica:<\/p>\n\n\n\n<ul class=\"wp-block-list\">\n<li>Amor ao Sangue de Cristo<\/li>\n\n\n\n<li>Devo\u00e7\u00e3o \u00e0 Cruz<\/li>\n\n\n\n<li>Penit\u00eancia<\/li>\n\n\n\n<li>Caridade ativa<\/li>\n<\/ul>\n\n\n\n<p>Ela repetia constantemente a import\u00e2ncia do Sangue de Cristo como fonte de reden\u00e7\u00e3o.<\/p>\n\n\n\n<p>Isso se conecta com S\u00e3o Pedro:<\/p>\n\n\n\n<p><strong>\u201cFostes resgatados\u2026 pelo precioso Sangue de Cristo\u201d (1 Pedro 1,18-19).<\/strong><\/p>\n\n\n\n<hr class=\"wp-block-separator has-alpha-channel-opacity\"\/>\n\n\n\n<h1 class=\"wp-block-heading\">V. Uma m\u00edstica em a\u00e7\u00e3o: Servir Cristo nos pobres, enfermos e pecadores<\/h1>\n\n\n\n<p>Santa Catarina n\u00e3o foi uma contemplativa desligada do sofrimento humano.<\/p>\n\n\n\n<p>Cuidou de doentes, serviu v\u00edtimas da peste, acompanhou condenados \u00e0 morte e trabalhou pela convers\u00e3o dos pecadores.<\/p>\n\n\n\n<p>Aqui surge uma dimens\u00e3o essencial:<\/p>\n\n\n\n<h2 class=\"wp-block-heading\">A aut\u00eantica m\u00edstica produz caridade concreta.<\/h2>\n\n\n\n<p>N\u00e3o existe verdadeira uni\u00e3o com Deus sem amor sacrificial ao pr\u00f3ximo.<\/p>\n\n\n\n<p>Como ensina Tiago:<\/p>\n\n\n\n<p><strong>\u201cA f\u00e9 sem obras est\u00e1 morta\u201d (Tiago 2,26).<\/strong><\/p>\n\n\n\n<p>Catarina abra\u00e7ava Cristo na Eucaristia e nas feridas dos sofredores.<\/p>\n\n\n\n<hr class=\"wp-block-separator has-alpha-channel-opacity\"\/>\n\n\n\n<h1 class=\"wp-block-heading\">VI. Catarina e o Papado: A santa que corrigiu o Papa<\/h1>\n\n\n\n<p>Talvez um dos aspectos mais impressionantes de sua vida tenha sido sua interven\u00e7\u00e3o na crise do Papado de Avinh\u00e3o.<\/p>\n\n\n\n<p>Com coragem sobrenatural, escreveu ao Papa Greg\u00f3rio XI exortando-o a retornar a Roma.<\/p>\n\n\n\n<p>N\u00e3o o fez por arrog\u00e2ncia pol\u00edtica, mas por fidelidade eclesial.<\/p>\n\n\n\n<p>Sua mensagem essencial era clara:<\/p>\n\n\n\n<p><strong>A Igreja deve ser governada com santidade, coragem e verdade.<\/strong><\/p>\n\n\n\n<p>E o mais impressionante \u00e9 que foi ouvida.<\/p>\n\n\n\n<p>Greg\u00f3rio XI finalmente retornou a Roma em 1377.<\/p>\n\n\n\n<h3 class=\"wp-block-heading\">Relev\u00e2ncia teol\u00f3gica:<\/h3>\n\n\n\n<p>Santa Catarina demonstra que amar a Igreja n\u00e3o significa permanecer em sil\u00eancio diante de suas feridas.<\/p>\n\n\n\n<p>A corre\u00e7\u00e3o filial, reverente e santa pode ser uma forma profunda de fidelidade.<\/p>\n\n\n\n<h3 class=\"wp-block-heading\">Para hoje:<\/h3>\n\n\n\n<p>Em tempos de esc\u00e2ndalo ou confus\u00e3o, o cat\u00f3lico n\u00e3o deve cair nem no servilismo cego nem na rebeli\u00e3o destrutiva, mas numa fidelidade corajosa.<\/p>\n\n\n\n<p>Catarina amou apaixonadamente o Papado, mas n\u00e3o adulou suas fraquezas.<\/p>\n\n\n\n<hr class=\"wp-block-separator has-alpha-channel-opacity\"\/>\n\n\n\n<h1 class=\"wp-block-heading\">VII. O Grande Cisma e sua luta pela unidade<\/h1>\n\n\n\n<p>Ap\u00f3s a morte de Greg\u00f3rio XI, explodiu o Grande Cisma do Ocidente.<\/p>\n\n\n\n<p>Catarina defendeu com firmeza a legitimidade do Papa Urbano VI e trabalhou incansavelmente pela unidade.<\/p>\n\n\n\n<p>Porque compreendia algo essencial:<\/p>\n\n\n\n<h2 class=\"wp-block-heading\">Satan\u00e1s divide; Cristo une.<\/h2>\n\n\n\n<p>A unidade da Igreja n\u00e3o \u00e9 um detalhe administrativo: \u00e9 um sinal teol\u00f3gico.<\/p>\n\n\n\n<p>Cristo rezou:<\/p>\n\n\n\n<p><strong>\u201cQue todos sejam um\u201d (Jo\u00e3o 17,21).<\/strong><\/p>\n\n\n\n<p>Catarina sofreu profundamente com as divis\u00f5es, oferecendo ora\u00e7\u00e3o, sacrif\u00edcio e a\u00e7\u00e3o.<\/p>\n\n\n\n<hr class=\"wp-block-separator has-alpha-channel-opacity\"\/>\n\n\n\n<h1 class=\"wp-block-heading\">VIII. Doutora da Igreja: Uma mulher sem forma\u00e7\u00e3o acad\u00eamica que ensinou gera\u00e7\u00f5es<\/h1>\n\n\n\n<p>Em 1970, S\u00e3o Paulo VI proclamou-a Doutora da Igreja.<\/p>\n\n\n\n<p>Isso foi revolucion\u00e1rio: uma mulher leiga medieval, sem educa\u00e7\u00e3o universit\u00e1ria formal, reconhecida entre os grandes mestres doutrinais da Igreja.<\/p>\n\n\n\n<p>Sua obra mais c\u00e9lebre, <em>O Di\u00e1logo<\/em>, \u00e9 uma joia da teologia espiritual.<\/p>\n\n\n\n<h3 class=\"wp-block-heading\">Temas-chave de sua doutrina:<\/h3>\n\n\n\n<ul class=\"wp-block-list\">\n<li>Conhecimento de Deus e de si mesmo<\/li>\n\n\n\n<li>Miseric\u00f3rdia divina<\/li>\n\n\n\n<li>A dignidade da alma<\/li>\n\n\n\n<li>A virtude como caminho de transforma\u00e7\u00e3o<\/li>\n\n\n\n<li>Cristo como ponte entre Deus e o homem<\/li>\n<\/ul>\n\n\n\n<p>Uma de suas frases mais famosas resume sua miss\u00e3o:<\/p>\n\n\n\n<p><strong>\u201cSe fordes aquilo que deveis ser, incendiareis o mundo inteiro.\u201d<\/strong><\/p>\n\n\n\n<p>Isto n\u00e3o \u00e9 autoajuda; \u00e9 teologia da gra\u00e7a:<br>Quando a alma vive plenamente sua voca\u00e7\u00e3o em Deus, transforma a hist\u00f3ria.<\/p>\n\n\n\n<hr class=\"wp-block-separator has-alpha-channel-opacity\"\/>\n\n\n\n<h1 class=\"wp-block-heading\">IX. Padroeira da Europa: Por que Catarina continua essencial para o Ocidente<\/h1>\n\n\n\n<p>S\u00e3o Jo\u00e3o Paulo II proclamou-a Padroeira da Europa em 1999.<\/p>\n\n\n\n<p>Por qu\u00ea?<\/p>\n\n\n\n<p>Porque a Europa n\u00e3o pode ser compreendida apenas como projeto econ\u00f4mico ou pol\u00edtico.<\/p>\n\n\n\n<p>A Europa nasceu de ra\u00edzes crist\u00e3s.<\/p>\n\n\n\n<p>Catarina representa:<\/p>\n\n\n\n<ul class=\"wp-block-list\">\n<li>A dignidade da consci\u00eancia iluminada por Deus<\/li>\n\n\n\n<li>A centralidade de Cristo<\/li>\n\n\n\n<li>A defesa da verdade<\/li>\n\n\n\n<li>A reforma moral<\/li>\n\n\n\n<li>A unidade espiritual<\/li>\n<\/ul>\n\n\n\n<p>Numa Europa secularizada, tecnocr\u00e1tica e frequentemente desligada de suas ra\u00edzes, Santa Catarina recorda que uma civiliza\u00e7\u00e3o sem alma acaba por se perder.<\/p>\n\n\n\n<hr class=\"wp-block-separator has-alpha-channel-opacity\"\/>\n\n\n\n<h1 class=\"wp-block-heading\">X. Aplica\u00e7\u00f5es pr\u00e1ticas para hoje: Como viver como Santa Catarina no s\u00e9culo XXI<\/h1>\n\n\n\n<h2 class=\"wp-block-heading\">1. Recupera a vida interior<\/h2>\n\n\n\n<p>Menos ru\u00eddo, mais ora\u00e7\u00e3o.<\/p>\n\n\n\n<h2 class=\"wp-block-heading\">2. Ama a Igreja sem ingenuidade<\/h2>\n\n\n\n<p>Fidelidade n\u00e3o significa negar problemas, mas lutar pela santidade.<\/p>\n\n\n\n<h2 class=\"wp-block-heading\">3. Une contempla\u00e7\u00e3o e a\u00e7\u00e3o<\/h2>\n\n\n\n<p>N\u00e3o basta rezar; \u00e9 preciso tamb\u00e9m servir.<\/p>\n\n\n\n<h2 class=\"wp-block-heading\">4. Fala a verdade<\/h2>\n\n\n\n<p>Catarina n\u00e3o buscava agradar, mas salvar.<\/p>\n\n\n\n<h2 class=\"wp-block-heading\">5. Vive centrado em Cristo crucificado<\/h2>\n\n\n\n<p>A Cruz continua sendo a resposta ao caos.<\/p>\n\n\n\n<hr class=\"wp-block-separator has-alpha-channel-opacity\"\/>\n\n\n\n<h1 class=\"wp-block-heading\">XI. Uma espiritualidade para tempos de crise<\/h1>\n\n\n\n<p>Santa Catarina ensina que crises n\u00e3o s\u00e3o desculpa para abandonar a f\u00e9, mas oportunidade para radicalizar a santidade.<\/p>\n\n\n\n<p>Ela n\u00e3o esperou tempos melhores para agir.<br>Tornou-se santa em meio ao desastre.<\/p>\n\n\n\n<p>E talvez essa seja sua li\u00e7\u00e3o mais urgente para n\u00f3s:<\/p>\n\n\n\n<h3 class=\"wp-block-heading\">N\u00e3o amaldi\u00e7oes a escurid\u00e3o; torna-te luz.<\/h3>\n\n\n\n<hr class=\"wp-block-separator has-alpha-channel-opacity\"\/>\n\n\n\n<h1 class=\"wp-block-heading\">Conclus\u00e3o: Santa Catarina e tua pr\u00f3pria voca\u00e7\u00e3o<\/h1>\n\n\n\n<p>Santa Catarina de Siena n\u00e3o foi grande por poder humano, mas por docilidade absoluta a Deus.<\/p>\n\n\n\n<p>Sua vida proclama que a santidade n\u00e3o est\u00e1 reservada ao clero, aos estudiosos ou a figuras hist\u00f3ricas extraordin\u00e1rias.<\/p>\n\n\n\n<p>Ela est\u00e1 aberta a qualquer pessoa que diga \u201csim\u201d sem reservas.<\/p>\n\n\n\n<p>Numa \u00e9poca de confus\u00e3o, tibieza e ru\u00eddo, sua voz ainda ressoa:<\/p>\n\n\n\n<h2 class=\"wp-block-heading\">\u201cBasta de sil\u00eancios covardes. Basta de f\u00e9 superficial. Basta de cristianismo confort\u00e1vel.\u201d<\/h2>\n\n\n\n<p>Cristo ainda procura almas incendiadas.<\/p>\n\n\n\n<p>E talvez, como em Siena, queira ainda hoje mudar o mundo\u2026 atrav\u00e9s de uma \u00fanica pessoa completamente entregue.<\/p>\n\n\n\n<h2 class=\"wp-block-heading\">\u201cSede aquilo que Deus vos chamou a ser e colocareis fogo no mundo.\u201d<\/h2>\n\n\n\n<p>\u2014 Santa Catarina de Siena<\/p>\n","protected":false},"excerpt":{"rendered":"<p>Introdu\u00e7\u00e3o: Quando o mundo arde, Deus suscita santos H\u00e1 momentos na hist\u00f3ria em que tudo parece vacilar: corrup\u00e7\u00e3o moral, divis\u00e3o pol\u00edtica, crise espiritual, l\u00edderes fracos e uma sociedade confusa. Muitos ent\u00e3o acreditam que as trevas venceram\u2026 mas a hist\u00f3ria da Igreja prova o contr\u00e1rio: precisamente nos tempos mais sombrios, Deus suscita almas de fogo. Uma &hellip;<\/p>\n","protected":false},"author":3,"featured_media":5857,"comment_status":"closed","ping_status":"closed","sticky":false,"template":"","format":"standard","meta":{"_seopress_robots_primary_cat":"","_seopress_titles_title":"","_seopress_titles_desc":"","_seopress_robots_index":"","footnotes":""},"categories":[38,49],"tags":[1964],"class_list":["post-5856","post","type-post","status-publish","format-standard","has-post-thumbnail","","category-historia-e-tradicao","category-padres-e-doutores-da-igreja","tag-santa-catarina-de-siena"],"_links":{"self":[{"href":"https:\/\/catholicus.eu\/pt\/wp-json\/wp\/v2\/posts\/5856","targetHints":{"allow":["GET"]}}],"collection":[{"href":"https:\/\/catholicus.eu\/pt\/wp-json\/wp\/v2\/posts"}],"about":[{"href":"https:\/\/catholicus.eu\/pt\/wp-json\/wp\/v2\/types\/post"}],"author":[{"embeddable":true,"href":"https:\/\/catholicus.eu\/pt\/wp-json\/wp\/v2\/users\/3"}],"replies":[{"embeddable":true,"href":"https:\/\/catholicus.eu\/pt\/wp-json\/wp\/v2\/comments?post=5856"}],"version-history":[{"count":1,"href":"https:\/\/catholicus.eu\/pt\/wp-json\/wp\/v2\/posts\/5856\/revisions"}],"predecessor-version":[{"id":5858,"href":"https:\/\/catholicus.eu\/pt\/wp-json\/wp\/v2\/posts\/5856\/revisions\/5858"}],"wp:featuredmedia":[{"embeddable":true,"href":"https:\/\/catholicus.eu\/pt\/wp-json\/wp\/v2\/media\/5857"}],"wp:attachment":[{"href":"https:\/\/catholicus.eu\/pt\/wp-json\/wp\/v2\/media?parent=5856"}],"wp:term":[{"taxonomy":"category","embeddable":true,"href":"https:\/\/catholicus.eu\/pt\/wp-json\/wp\/v2\/categories?post=5856"},{"taxonomy":"post_tag","embeddable":true,"href":"https:\/\/catholicus.eu\/pt\/wp-json\/wp\/v2\/tags?post=5856"}],"curies":[{"name":"wp","href":"https:\/\/api.w.org\/{rel}","templated":true}]}}