{"id":5847,"date":"2026-04-29T12:57:45","date_gmt":"2026-04-29T10:57:45","guid":{"rendered":"https:\/\/catholicus.eu\/pt\/?p=5847"},"modified":"2026-04-29T12:57:45","modified_gmt":"2026-04-29T10:57:45","slug":"do-quarto-artigo-do-credo-padeceu-sob-poncio-pilatos-foi-crucificado-morreu-e-foi-sepultado","status":"publish","type":"post","link":"https:\/\/catholicus.eu\/pt\/do-quarto-artigo-do-credo-padeceu-sob-poncio-pilatos-foi-crucificado-morreu-e-foi-sepultado\/","title":{"rendered":"Do quarto artigo do Credo: \u201cPadeceu sob P\u00f4ncio Pilatos; foi crucificado, morreu e foi sepultado\u201d"},"content":{"rendered":"\n<h2 class=\"wp-block-heading\">O pre\u00e7o infinito da nossa reden\u00e7\u00e3o e o mist\u00e9rio comovente da Cruz<\/h2>\n\n\n\n<p>H\u00e1 palavras que, por as termos repetido tantas vezes, correm o risco de j\u00e1 n\u00e3o nos abalar.<\/p>\n\n\n\n<p>\u201cPadeceu sob P\u00f4ncio Pilatos; foi crucificado, morreu e foi sepultado.\u201d<\/p>\n\n\n\n<p>N\u00f3s as pronunciamos em cada Credo. N\u00f3s as ouvimos desde a inf\u00e2ncia. N\u00f3s as sabemos de cor.<\/p>\n\n\n\n<p>Mas se realmente compreend\u00eassemos o que cont\u00eam\u2026 cair\u00edamos de joelhos.<\/p>\n\n\n\n<p>Porque aqui n\u00e3o estamos simplesmente diante de uma f\u00f3rmula doutrinal: estamos diante do pr\u00f3prio centro da hist\u00f3ria humana. Aqui se concentram o drama do pecado, a justi\u00e7a divina, o amor infinito de Deus, a derrota de Satan\u00e1s e a reden\u00e7\u00e3o do homem.<\/p>\n\n\n\n<p>O quarto artigo do Credo n\u00e3o \u00e9 um detalhe secund\u00e1rio da nossa f\u00e9. \u00c9 o cora\u00e7\u00e3o sangrante do cristianismo.<\/p>\n\n\n\n<p>Sem a Paix\u00e3o, n\u00e3o h\u00e1 reden\u00e7\u00e3o.<br>Sem a Cruz, n\u00e3o h\u00e1 salva\u00e7\u00e3o.<br>Sem o Sangue do Cordeiro, n\u00e3o h\u00e1 esperan\u00e7a.<\/p>\n\n\n\n<h2 class=\"wp-block-heading\">I. \u201cPadeceu\u201d: uma pequena palavra para um oceano de dor<\/h2>\n\n\n\n<p>O catecismo ensina que a palavra \u201cpadeceu\u201d expressa todas as dores que Jesus Cristo sofreu na sua Paix\u00e3o.<\/p>\n\n\n\n<p>E aqui \u00e9 preciso parar profundamente.<\/p>\n\n\n\n<p>N\u00e3o diz simplesmente que \u201cmorreu\u201d. Diz primeiro que \u201cpadeceu\u201d.<\/p>\n\n\n\n<p>Porque Cristo n\u00e3o veio apenas para morrer, mas para sofrer voluntariamente por amor.<\/p>\n\n\n\n<p>De Gets\u00eamani at\u00e9 ao Calv\u00e1rio, Nosso Senhor abra\u00e7ou uma cadeia de dores f\u00edsicas, morais, espirituais e m\u00edsticas imposs\u00edvel de medir plenamente:<\/p>\n\n\n\n<h3 class=\"wp-block-heading\">1. Sofrimento f\u00edsico<\/h3>\n\n\n\n<ul class=\"wp-block-list\">\n<li>A agonia no Horto, at\u00e9 suar sangue.<\/li>\n\n\n\n<li>A brutal flagela\u00e7\u00e3o na coluna.<\/li>\n\n\n\n<li>A coroa\u00e7\u00e3o de espinhos.<\/li>\n\n\n\n<li>Os golpes, bofetadas e cusparadas.<\/li>\n\n\n\n<li>O peso da Cruz.<\/li>\n\n\n\n<li>A crucifica\u00e7\u00e3o com pregos.<\/li>\n\n\n\n<li>O sufocamento progressivo.<\/li>\n\n\n\n<li>A lan\u00e7a final.<\/li>\n<\/ul>\n\n\n\n<h3 class=\"wp-block-heading\">2. Sofrimento moral<\/h3>\n\n\n\n<ul class=\"wp-block-list\">\n<li>A trai\u00e7\u00e3o de Judas.<\/li>\n\n\n\n<li>O abandono de muitos disc\u00edpulos.<\/li>\n\n\n\n<li>A nega\u00e7\u00e3o de Pedro.<\/li>\n\n\n\n<li>As zombarias da multid\u00e3o.<\/li>\n\n\n\n<li>A covardia de Pilatos.<\/li>\n\n\n\n<li>A humilha\u00e7\u00e3o p\u00fablica.<\/li>\n<\/ul>\n\n\n\n<h3 class=\"wp-block-heading\">3. Sofrimento espiritual<\/h3>\n\n\n\n<p>Cristo, carregando misteriosamente os pecados do mundo, quis experimentar o peso da separa\u00e7\u00e3o causada pelo pecado:<br>\u201cMeu Deus, meu Deus, por que me abandonaste?\u201d<\/p>\n\n\n\n<p>N\u00e3o porque o Pai realmente tivesse abandonado o Filho na sua divindade, mas porque Cristo quis beber at\u00e9 ao fim o c\u00e1lice do sofrimento humano.<\/p>\n\n\n\n<h2 class=\"wp-block-heading\">II. Deus morreu?<\/h2>\n\n\n\n<p>Aqui entramos num dos mist\u00e9rios mais sublimes da teologia cat\u00f3lica.<\/p>\n\n\n\n<p>Jesus Cristo morreu enquanto homem, n\u00e3o enquanto Deus.<\/p>\n\n\n\n<p>A natureza divina \u00e9 impass\u00edvel e imortal. Deus n\u00e3o pode deixar de ser.<\/p>\n\n\n\n<p>Mas Jesus Cristo \u00e9 uma \u00fanica Pessoa divina com duas naturezas:<\/p>\n\n\n\n<ul class=\"wp-block-list\">\n<li>verdadeiro Deus<\/li>\n\n\n\n<li>verdadeiro homem<\/li>\n<\/ul>\n\n\n\n<p>O seu corpo morreu realmente. A sua alma humana separou-se do corpo. Mas a sua divindade permaneceu unida a ambos.<\/p>\n\n\n\n<p>Este ponto \u00e9 fundamental.<\/p>\n\n\n\n<p>N\u00e3o morreu simplesmente um homem bom.<br>N\u00e3o morreu um profeta.<br>N\u00e3o morreu um m\u00e1rtir qualquer.<\/p>\n\n\n\n<p>O Verbo encarnado morreu na sua natureza humana.<\/p>\n\n\n\n<p>Por isso cada gota de Sangue tem valor infinito.<\/p>\n\n\n\n<h2 class=\"wp-block-heading\">III. P\u00f4ncio Pilatos: o s\u00edmbolo eterno do respeito humano e da cobardia pol\u00edtica<\/h2>\n\n\n\n<p>O Credo menciona P\u00f4ncio Pilatos pelo nome. N\u00e3o \u00e9 por acaso.<\/p>\n\n\n\n<p>Pilatos representa todos aqueles que reconhecem a verdade, mas se submetem \u00e0 press\u00e3o do mundo.<\/p>\n\n\n\n<p>Ele sabia que Cristo era inocente. Declarou-o publicamente. Quis lavar as m\u00e3os.<\/p>\n\n\n\n<p>Mas cedeu.<\/p>\n\n\n\n<p>Aqui h\u00e1 uma li\u00e7\u00e3o extremamente atual.<\/p>\n\n\n\n<p>Quantos hoje sabem o que \u00e9 verdade, mas silenciam por medo?<br>Quantos preferem agradar \u00e0 multid\u00e3o em vez de defender Cristo?<br>Quantos, para conservar poder, prest\u00edgio ou aceita\u00e7\u00e3o social, o condenam novamente?<\/p>\n\n\n\n<p>Pilatos n\u00e3o foi apenas uma figura hist\u00f3rica.<\/p>\n\n\n\n<p>Pilatos revive sempre que a verdade \u00e9 sacrificada pela conveni\u00eancia.<\/p>\n\n\n\n<h2 class=\"wp-block-heading\">IV. A Cruz: o supl\u00edcio mais cruel e mais glorioso<\/h2>\n\n\n\n<p>A crucifica\u00e7\u00e3o romana era a pena mais brutal e humilhante.<\/p>\n\n\n\n<p>N\u00e3o visava apenas matar, mas degradar.<\/p>\n\n\n\n<p>Era uma morte:<\/p>\n\n\n\n<ul class=\"wp-block-list\">\n<li>p\u00fablica<\/li>\n\n\n\n<li>lenta<\/li>\n\n\n\n<li>dolorosa<\/li>\n\n\n\n<li>vergonhosa<\/li>\n<\/ul>\n\n\n\n<p>E foi precisamente essa que Cristo escolheu.<\/p>\n\n\n\n<p>Por qu\u00ea?<\/p>\n\n\n\n<p>Porque quis descer ao mais profundo da nossa mis\u00e9ria para redimi-la totalmente.<\/p>\n\n\n\n<p>A Cruz, instrumento de tortura, tornou-se um trono.<br>A vergonha tornou-se gl\u00f3ria.<br>A derrota aparente tornou-se vit\u00f3ria eterna.<\/p>\n\n\n\n<p>Por isso o cat\u00f3lico n\u00e3o v\u00ea a Cruz como um simples s\u00edmbolo decorativo. V\u00ea-a como o altar onde o seu resgate foi pago.<\/p>\n\n\n\n<h2 class=\"wp-block-heading\">V. Jesus poderia ter-se libertado?<\/h2>\n\n\n\n<p>Sim. Absolutamente.<\/p>\n\n\n\n<p>Com uma \u00fanica palavra Ele poderia ter derrubado os seus inimigos.<\/p>\n\n\n\n<p>J\u00e1 o mostrou em Gets\u00eamani quando disse: \u201cSou Eu\u201d, e eles ca\u00edram por terra.<\/p>\n\n\n\n<p>Cristo n\u00e3o era uma v\u00edtima impotente. Era Sacerdote e V\u00edtima volunt\u00e1ria.<\/p>\n\n\n\n<p>Ningu\u00e9m Lhe tirou a vida. Ele deu-a.<\/p>\n\n\n\n<p>Aqui resplandece o verdadeiro amor:<br>N\u00e3o amar quando n\u00e3o h\u00e1 outra op\u00e7\u00e3o\u2026<br>mas escolher o sacrif\u00edcio mesmo podendo evit\u00e1-lo.<\/p>\n\n\n\n<h2 class=\"wp-block-heading\">VI. Por que era necess\u00e1rio ser Deus e homem ao mesmo tempo?<\/h2>\n\n\n\n<p>Esta quest\u00e3o toca o centro da reden\u00e7\u00e3o.<\/p>\n\n\n\n<p>O pecado ofende Deus, cuja majestade \u00e9 infinita.<br>Portanto, a repara\u00e7\u00e3o devia ter valor infinito.<\/p>\n\n\n\n<p>Mas o homem tinha pecado, logo o homem devia pagar.<\/p>\n\n\n\n<p>O problema:<br>O homem finito n\u00e3o pode oferecer satisfa\u00e7\u00e3o infinita.<\/p>\n\n\n\n<p>A solu\u00e7\u00e3o divina:<br>O Filho de Deus faz-se homem.<\/p>\n\n\n\n<p>Como homem pode sofrer.<br>Como Deus, o seu sofrimento tem valor infinito.<\/p>\n\n\n\n<p>S\u00f3 Jesus Cristo podia construir a ponte.<\/p>\n\n\n\n<p>Nenhum anjo seria suficiente.<br>Nem toda a humanidade junta.<br>Nem s\u00e9culos de penit\u00eancia.<\/p>\n\n\n\n<p>S\u00f3 o Deus-homem.<\/p>\n\n\n\n<h2 class=\"wp-block-heading\">VII. Era necess\u00e1rio tanto sofrimento?<\/h2>\n\n\n\n<p>Teologicamente, n\u00e3o.<\/p>\n\n\n\n<p>O menor ato de Cristo tinha valor infinito.<\/p>\n\n\n\n<p>Uma \u00fanica l\u00e1grima teria bastado.<\/p>\n\n\n\n<p>Ent\u00e3o por que tanto sofrimento?<\/p>\n\n\n\n<h3 class=\"wp-block-heading\">Porque Ele quis:<\/h3>\n\n\n\n<h3 class=\"wp-block-heading\">1. Mostrar a gravidade terr\u00edvel do pecado<\/h3>\n\n\n\n<p>Se o pecado fosse algo pequeno, teria sido necess\u00e1rio tal pre\u00e7o?<\/p>\n\n\n\n<h3 class=\"wp-block-heading\">2. Manifestar o amor sem medida de Deus<\/h3>\n\n\n\n<p>A Cruz responde para sempre a quem duvida do amor divino.<\/p>\n\n\n\n<h3 class=\"wp-block-heading\">3. Mover os nossos cora\u00e7\u00f5es \u00e0 convers\u00e3o<\/h3>\n\n\n\n<p>Cada ferida grita:<br>\u201cAssim Eu te amo.\u201d<br>\u201cAssim \u00e9 grave o pecado.\u201d<br>\u201cN\u00e3o Me crucifiques novamente.\u201d<\/p>\n\n\n\n<h2 class=\"wp-block-heading\">VIII. As sete palavras da Cruz: testamento eterno<\/h2>\n\n\n\n<p>Da madeira da Cruz, Cristo:<\/p>\n\n\n\n<ul class=\"wp-block-list\">\n<li>perdoa os seus algozes,<\/li>\n\n\n\n<li>promete o Para\u00edso ao bom ladr\u00e3o,<\/li>\n\n\n\n<li>entrega-nos Maria como M\u00e3e,<\/li>\n\n\n\n<li>manifesta a sua sede,<\/li>\n\n\n\n<li>declara a consuma\u00e7\u00e3o,<\/li>\n\n\n\n<li>entrega o seu esp\u00edrito.<\/li>\n<\/ul>\n\n\n\n<p>No Calv\u00e1rio nasce tamb\u00e9m a nossa maternidade espiritual:<br>\u201cEis a tua M\u00e3e.\u201d<\/p>\n\n\n\n<p>Maria n\u00e3o \u00e9 um acess\u00f3rio sentimental. \u00c9 o dom de Cristo crucificado.<\/p>\n\n\n\n<h2 class=\"wp-block-heading\">IX. Os prod\u00edgios da sua morte: a cria\u00e7\u00e3o estremece<\/h2>\n\n\n\n<p>Quando Cristo morre:<\/p>\n\n\n\n<ul class=\"wp-block-list\">\n<li>o sol escurece,<\/li>\n\n\n\n<li>a terra treme,<\/li>\n\n\n\n<li>o v\u00e9u do Templo rasga-se,<\/li>\n\n\n\n<li>os sepulcros abrem-se.<\/li>\n<\/ul>\n\n\n\n<p>A natureza reage porque o seu Criador est\u00e1 a ser imolado.<\/p>\n\n\n\n<p>O v\u00e9u rasgado anuncia algo imenso:<br>O acesso a Deus \u00e9 aberto pelo Sangue do Cordeiro.<\/p>\n\n\n\n<h2 class=\"wp-block-heading\">X. Foi sepultado: a realidade total da sua morte<\/h2>\n\n\n\n<p>Cristo foi verdadeiramente sepultado.<\/p>\n\n\n\n<p>N\u00e3o apenas pareceu morrer.<br>N\u00e3o desmaiou simplesmente.<br>N\u00e3o era um s\u00edmbolo.<\/p>\n\n\n\n<p>Ele morreu realmente.<\/p>\n\n\n\n<p>O sepulcro novo confirma a realidade hist\u00f3rica da sua morte\u2026 e prepara a gl\u00f3ria incompar\u00e1vel da Ressurrei\u00e7\u00e3o.<\/p>\n\n\n\n<h2 class=\"wp-block-heading\">XI. Morreu por todos\u2026 mas nem todos se salvam<\/h2>\n\n\n\n<p>Aqui a teologia cat\u00f3lica \u00e9 clara:<\/p>\n\n\n\n<p>Cristo morreu por todos sem exce\u00e7\u00e3o.<br>O seu sacrif\u00edcio \u00e9 suficiente para todos.<br>Mas nem todos recebem os seus frutos.<\/p>\n\n\n\n<p>A salva\u00e7\u00e3o n\u00e3o \u00e9 imposta.<\/p>\n\n\n\n<p>Muitos rejeitam:<\/p>\n\n\n\n<ul class=\"wp-block-list\">\n<li>a f\u00e9<\/li>\n\n\n\n<li>a convers\u00e3o<\/li>\n\n\n\n<li>os sacramentos<\/li>\n\n\n\n<li>a obedi\u00eancia<\/li>\n<\/ul>\n\n\n\n<p>A Cruz abre a porta.<br>Mas cada alma deve entrar.<\/p>\n\n\n\n<h2 class=\"wp-block-heading\">XII. Os sacramentos: aplica\u00e7\u00e3o viva da Paix\u00e3o<\/h2>\n\n\n\n<p>A Igreja ensina algo essencial: n\u00e3o basta saber que Cristo morreu.<\/p>\n\n\n\n<p>Os m\u00e9ritos da sua Paix\u00e3o devem ser aplicados pessoalmente.<\/p>\n\n\n\n<p>Como?<br>Principalmente atrav\u00e9s dos sacramentos:<\/p>\n\n\n\n<ul class=\"wp-block-list\">\n<li>Batismo<\/li>\n\n\n\n<li>Confiss\u00e3o<\/li>\n\n\n\n<li>Eucaristia<\/li>\n\n\n\n<li>etc.<\/li>\n<\/ul>\n\n\n\n<p>Os sacramentos n\u00e3o s\u00e3o rituais vazios; s\u00e3o canais do Sangue de Cristo.<\/p>\n\n\n\n<p>Desprez\u00e1-los \u00e9 rejeitar o rem\u00e9dio.<\/p>\n\n\n\n<h2 class=\"wp-block-heading\">XIII. A grande trag\u00e9dia moderna: querer Cristo sem a Cruz<\/h2>\n\n\n\n<p>Hoje muitos querem um Jesus inspirador, mas n\u00e3o crucificado.<br>Um Jesus terapeuta, mas n\u00e3o Redentor.<br>Um Jesus tolerante, mas n\u00e3o Salvador.<\/p>\n\n\n\n<p>Mas o Credo n\u00e3o diz:<br>\u201cFoi admirado, aplaudido e compreendido.\u201d<\/p>\n\n\n\n<p>Diz:<br>\u201cPadeceu\u2026 foi crucificado\u2026\u201d<\/p>\n\n\n\n<p>O cristianismo sem Cruz n\u00e3o salva.<br>A f\u00e9 sem sacrif\u00edcio esvazia-se.<br>A religi\u00e3o sem expia\u00e7\u00e3o torna-se sentimentalismo.<\/p>\n\n\n\n<h2 class=\"wp-block-heading\">XIV. O que este artigo nos pede?<\/h2>\n\n\n\n<h3 class=\"wp-block-heading\">1. Horror ao pecado<\/h3>\n\n\n\n<p>Todo pecado mortal grita: \u201cCrucifica-O.\u201d<\/p>\n\n\n\n<h3 class=\"wp-block-heading\">2. Gratid\u00e3o infinita<\/h3>\n\n\n\n<p>N\u00e3o fomos comprados com ouro, mas com Sangue.<\/p>\n\n\n\n<h3 class=\"wp-block-heading\">3. Uni\u00e3o com os nossos sofrimentos<\/h3>\n\n\n\n<p>Quando sofremos unidos a Cristo, a Cruz torna-se caminho de santifica\u00e7\u00e3o.<\/p>\n\n\n\n<h3 class=\"wp-block-heading\">4. Fidelidade<\/h3>\n\n\n\n<p>N\u00e3o basta emocionar-se diante do Crucificado. \u00c9 preciso segui-Lo.<\/p>\n\n\n\n<h2 class=\"wp-block-heading\">Conclus\u00e3o: olhar para a Cruz at\u00e9 compreender quem somos<\/h2>\n\n\n\n<p>O quarto artigo do Credo ensina-nos duas verdades insepar\u00e1veis:<\/p>\n\n\n\n<h3 class=\"wp-block-heading\">O horror do pecado<\/h3>\n\n\n\n<p>e<\/p>\n\n\n\n<h3 class=\"wp-block-heading\">A imensid\u00e3o do amor divino<\/h3>\n\n\n\n<p>Olha para a Cruz e compreender\u00e1s quanto custa o pecado.<br>Olha para a Cruz e compreender\u00e1s quanto vales para Deus.<\/p>\n\n\n\n<p>N\u00e3o \u00e9s um acaso.<br>N\u00e3o \u00e9s uma estat\u00edstica.<br>N\u00e3o \u00e9s um res\u00edduo.<\/p>\n\n\n\n<p>\u00c9s uma alma pela qual Cristo aceitou:<\/p>\n\n\n\n<ul class=\"wp-block-list\">\n<li>a flagela\u00e7\u00e3o,<\/li>\n\n\n\n<li>os espinhos,<\/li>\n\n\n\n<li>os pregos,<\/li>\n\n\n\n<li>a sede,<\/li>\n\n\n\n<li>a lan\u00e7a,<\/li>\n\n\n\n<li>o sepulcro.<\/li>\n<\/ul>\n\n\n\n<p>Toda a Sexta-feira Santa o universo inteiro parece sussurrar:<\/p>\n\n\n\n<p>\u201cN\u00e3o foi o ferro que manteve Cristo na Cruz\u2026 foi o amor.\u201d<\/p>\n\n\n\n<p>E agora a grande pergunta n\u00e3o \u00e9 apenas:<br>\u201cO que sofreu Cristo?\u201d<\/p>\n\n\n\n<p>Mas:<br>\u201cO que farei eu com este sacrif\u00edcio?\u201d<\/p>\n\n\n\n<p>Porque diante da Cruz ningu\u00e9m permanece neutro.<br>Ou a abra\u00e7as\u2026<br>ou a desprezas.<\/p>\n\n\n\n<p>E dessa resposta depende a eternidade.<\/p>\n","protected":false},"excerpt":{"rendered":"<p>O pre\u00e7o infinito da nossa reden\u00e7\u00e3o e o mist\u00e9rio comovente da Cruz H\u00e1 palavras que, por as termos repetido tantas vezes, correm o risco de j\u00e1 n\u00e3o nos abalar. \u201cPadeceu sob P\u00f4ncio Pilatos; foi crucificado, morreu e foi sepultado.\u201d N\u00f3s as pronunciamos em cada Credo. N\u00f3s as ouvimos desde a inf\u00e2ncia. N\u00f3s as sabemos de &hellip;<\/p>\n","protected":false},"author":3,"featured_media":5848,"comment_status":"closed","ping_status":"closed","sticky":false,"template":"","format":"standard","meta":{"_seopress_robots_primary_cat":"","_seopress_titles_title":"","_seopress_titles_desc":"","_seopress_robots_index":"","footnotes":""},"categories":[43,37],"tags":[1963],"class_list":["post-5847","post","type-post","status-publish","format-standard","has-post-thumbnail","","category-catecismo-da-igreja-catolica","category-doutrina-e-fe","tag-credo"],"_links":{"self":[{"href":"https:\/\/catholicus.eu\/pt\/wp-json\/wp\/v2\/posts\/5847","targetHints":{"allow":["GET"]}}],"collection":[{"href":"https:\/\/catholicus.eu\/pt\/wp-json\/wp\/v2\/posts"}],"about":[{"href":"https:\/\/catholicus.eu\/pt\/wp-json\/wp\/v2\/types\/post"}],"author":[{"embeddable":true,"href":"https:\/\/catholicus.eu\/pt\/wp-json\/wp\/v2\/users\/3"}],"replies":[{"embeddable":true,"href":"https:\/\/catholicus.eu\/pt\/wp-json\/wp\/v2\/comments?post=5847"}],"version-history":[{"count":1,"href":"https:\/\/catholicus.eu\/pt\/wp-json\/wp\/v2\/posts\/5847\/revisions"}],"predecessor-version":[{"id":5849,"href":"https:\/\/catholicus.eu\/pt\/wp-json\/wp\/v2\/posts\/5847\/revisions\/5849"}],"wp:featuredmedia":[{"embeddable":true,"href":"https:\/\/catholicus.eu\/pt\/wp-json\/wp\/v2\/media\/5848"}],"wp:attachment":[{"href":"https:\/\/catholicus.eu\/pt\/wp-json\/wp\/v2\/media?parent=5847"}],"wp:term":[{"taxonomy":"category","embeddable":true,"href":"https:\/\/catholicus.eu\/pt\/wp-json\/wp\/v2\/categories?post=5847"},{"taxonomy":"post_tag","embeddable":true,"href":"https:\/\/catholicus.eu\/pt\/wp-json\/wp\/v2\/tags?post=5847"}],"curies":[{"name":"wp","href":"https:\/\/api.w.org\/{rel}","templated":true}]}}