{"id":5838,"date":"2026-04-29T10:07:57","date_gmt":"2026-04-29T08:07:57","guid":{"rendered":"https:\/\/catholicus.eu\/pt\/?p=5838"},"modified":"2026-04-29T10:07:57","modified_gmt":"2026-04-29T08:07:57","slug":"sobre-o-primeiro-artigo-do-credo-creio-em-deus-pai-todo-poderoso-criador-do-ceu-e-da-terra","status":"publish","type":"post","link":"https:\/\/catholicus.eu\/pt\/sobre-o-primeiro-artigo-do-credo-creio-em-deus-pai-todo-poderoso-criador-do-ceu-e-da-terra\/","title":{"rendered":"Sobre o primeiro artigo do Credo: \u201cCreio em Deus Pai todo-poderoso, Criador do c\u00e9u e da terra\u201d"},"content":{"rendered":"\n<h2 class=\"wp-block-heading\">O fundamento de toda a f\u00e9 cat\u00f3lica: quem \u00e9 Deus, quem \u00e9s tu e por que existes<\/h2>\n\n\n\n<p>Existem verdades que n\u00e3o se limitam a ser estudadas: sustentam uma vida inteira.<\/p>\n\n\n\n<p>O primeiro artigo do Credo n\u00e3o \u00e9 simplesmente uma frase aprendida na inf\u00e2ncia ou repetida mecanicamente na Santa Missa. \u00c9 a pedra angular de toda vis\u00e3o cat\u00f3lica do mundo. \u00c9 o come\u00e7o de toda teologia, de toda verdadeira antropologia, de toda moral e de toda esperan\u00e7a.<\/p>\n\n\n\n<p><strong>\u201cCreio em Deus Pai todo-poderoso, Criador do c\u00e9u e da terra.\u201d<\/strong><\/p>\n\n\n\n<p>Nestas poucas palavras, o ate\u00edsmo desmorona, o materialismo \u00e9 corrigido, o caos moderno recebe resposta, o sentido do sofrimento \u00e9 iluminado e a dignidade do homem \u00e9 revelada.<\/p>\n\n\n\n<p>Hoje vivemos numa \u00e9poca em que muitos sabem usar tecnologia, mas n\u00e3o sabem quem os criou. Fala-se de progresso, mas ignora-se a origem. Idolatra-se a liberdade, mas desconhece-se o seu prop\u00f3sito.<\/p>\n\n\n\n<p>Por isso, voltar ao Credo n\u00e3o \u00e9 nostalgia: \u00e9 sobreviv\u00eancia espiritual.<\/p>\n\n\n\n<hr class=\"wp-block-separator has-alpha-channel-opacity\"\/>\n\n\n\n<h1 class=\"wp-block-heading\">I. \u201cCREIO\u201d: O ATO MAIS REVOLUCION\u00c1RIO NUM MUNDO C\u00c9TICO<\/h1>\n\n\n\n<p>Dizer \u201ccreio\u201d n\u00e3o significa \u201cacho\u201d.<\/p>\n\n\n\n<p>N\u00e3o \u00e9 uma emo\u00e7\u00e3o vaga.<br>N\u00e3o \u00e9 uma prefer\u00eancia cultural.<br>N\u00e3o \u00e9 uma tradi\u00e7\u00e3o herdada aceita sem reflex\u00e3o.<\/p>\n\n\n\n<p>Crer, no sentido cat\u00f3lico, significa aderir com intelig\u00eancia e vontade \u00e0 Verdade revelada por Deus.<\/p>\n\n\n\n<p>A f\u00e9 n\u00e3o destr\u00f3i a raz\u00e3o: eleva-a.<\/p>\n\n\n\n<h2 class=\"wp-block-heading\">Raz\u00e3o e f\u00e9: duas asas para Deus<\/h2>\n\n\n\n<p>O catecismo tradicional ensina:<\/p>\n\n\n\n<p><strong>Sabemos que Deus existe porque a raz\u00e3o o demonstra e a f\u00e9 o confirma.<\/strong><\/p>\n\n\n\n<p>Isto \u00e9 crucial.<\/p>\n\n\n\n<p>A Igreja nunca ensinou uma f\u00e9 irracional. Desde os Padres da Igreja at\u00e9 S\u00e3o Tom\u00e1s de Aquino, o cristianismo defendeu que a pr\u00f3pria cria\u00e7\u00e3o clama pela exist\u00eancia de um Criador.<\/p>\n\n\n\n<h2 class=\"wp-block-heading\">Como a raz\u00e3o o demonstra?<\/h2>\n\n\n\n<h3 class=\"wp-block-heading\">1. A ordem do universo exige uma intelig\u00eancia ordenadora<\/h3>\n\n\n\n<p>N\u00e3o pode haver des\u00edgnio sem um Designer.<\/p>\n\n\n\n<h3 class=\"wp-block-heading\">2. Todo efeito tem uma causa<\/h3>\n\n\n\n<p>Nada pode surgir absolutamente do nada por si mesmo.<\/p>\n\n\n\n<h3 class=\"wp-block-heading\">3. A lei moral interior aponta para um Legislador<\/h3>\n\n\n\n<p>A consci\u00eancia n\u00e3o \u00e9 um acidente qu\u00edmico.<\/p>\n\n\n\n<h3 class=\"wp-block-heading\">4. A conting\u00eancia do mundo exige um Ser necess\u00e1rio<\/h3>\n\n\n\n<p>Se tudo dependesse de outra coisa, nada existiria.<\/p>\n\n\n\n<p>Em outras palavras:<\/p>\n\n\n\n<p><strong>N\u00e3o acreditar em Deus exige mais f\u00e9 irracional do que acreditar n\u2019Ele.<\/strong><\/p>\n\n\n\n<hr class=\"wp-block-separator has-alpha-channel-opacity\"\/>\n\n\n\n<h1 class=\"wp-block-heading\">II. DEUS \u00c9 UM: CONTRA O POLITE\u00cdSMO ANTIGO E OS \u00cdDOLOS MODERNOS<\/h1>\n\n\n\n<p>A f\u00e9 cat\u00f3lica proclama uma verdade absoluta:<\/p>\n\n\n\n<h2 class=\"wp-block-heading\">H\u00e1 um s\u00f3 Deus.<\/h2>\n\n\n\n<p>N\u00e3o muitos.<br>N\u00e3o energias impessoais.<br>N\u00e3o \u201co universo\u201d.<br>N\u00e3o \u201ca m\u00e3e terra\u201d.<br>N\u00e3o \u201ca minha verdade\u201d.<\/p>\n\n\n\n<p>Um s\u00f3 Deus verdadeiro: eterno, infinito, perfeito, puro esp\u00edrito.<\/p>\n\n\n\n<h2 class=\"wp-block-heading\">Os novos \u00eddolos n\u00e3o desapareceram; apenas mudaram de nome<\/h2>\n\n\n\n<p>Antes, adorava-se Baal.<br>Hoje, adora-se o dinheiro.<\/p>\n\n\n\n<p>Antes, oferecia-se incenso a est\u00e1tuas.<br>Hoje, sacrificam-se almas ao prazer, ao poder, \u00e0 imagem p\u00fablica e \u00e0 ideologia.<\/p>\n\n\n\n<p>O homem sempre adora alguma coisa.<br>A quest\u00e3o n\u00e3o \u00e9 se adora, mas o que adora.<\/p>\n\n\n\n<p>E quando deixa de adorar a Deus, acaba por adorar coisas inferiores\u2026 at\u00e9 a si mesmo.<\/p>\n\n\n\n<hr class=\"wp-block-separator has-alpha-channel-opacity\"\/>\n\n\n\n<h1 class=\"wp-block-heading\">III. \u201cPAI\u201d: A PATERNIDADE DIVINA QUE D\u00c1 SENTIDO A TODA A EXIST\u00caNCIA<\/h1>\n\n\n\n<p>Chamar Deus de Pai n\u00e3o \u00e9 uma met\u00e1fora sentimental.<\/p>\n\n\n\n<p>\u00c9 uma verdade profund\u00edssima.<\/p>\n\n\n\n<h2 class=\"wp-block-heading\">Deus \u00e9 Pai de tr\u00eas modos:<\/h2>\n\n\n\n<h3 class=\"wp-block-heading\">1. Pai eterno do Filho<\/h3>\n\n\n\n<p>Desde toda a eternidade, o Pai gera o Filho.<br>N\u00e3o criado.<br>N\u00e3o posterior.<br>Mas consubstancial.<\/p>\n\n\n\n<p>Aqui entramos no sublime mist\u00e9rio da Sant\u00edssima Trindade.<\/p>\n\n\n\n<h3 class=\"wp-block-heading\">2. Pai de toda a humanidade pela cria\u00e7\u00e3o<\/h3>\n\n\n\n<p>Ele nos fez.<br>Ele nos conserva.<br>Ele nos governa.<\/p>\n\n\n\n<p>N\u00e3o somos acidentes biol\u00f3gicos.<br>N\u00e3o somos produtos do acaso.<br>Somos criaturas amadas por Deus.<\/p>\n\n\n\n<h3 class=\"wp-block-heading\">3. Pai por gra\u00e7a dos crist\u00e3os<\/h3>\n\n\n\n<p>Pelo Batismo somos filhos adotivos.<\/p>\n\n\n\n<p>Isto muda tudo.<\/p>\n\n\n\n<p>N\u00e3o rezamos a uma for\u00e7a c\u00f3smica.<br>Rezamos ao nosso Pai.<\/p>\n\n\n\n<h2 class=\"wp-block-heading\">A crise moderna da paternidade tamb\u00e9m \u00e9 espiritual<\/h2>\n\n\n\n<p>Quando a figura do pai \u00e9 destru\u00edda na sociedade, torna-se mais dif\u00edcil compreender Deus.<br>E quando Deus Pai \u00e9 rejeitado, a cultura torna-se \u00f3rf\u00e3.<\/p>\n\n\n\n<p>Uma civiliza\u00e7\u00e3o sem Pai acaba por se perder.<\/p>\n\n\n\n<hr class=\"wp-block-separator has-alpha-channel-opacity\"\/>\n\n\n\n<h1 class=\"wp-block-heading\">IV. \u201cTODO-PODEROSO\u201d: DEUS PODE TUDO\u2026 MAS N\u00c3O COMO O HOMEM IMAGINA<\/h1>\n\n\n\n<p>A onipot\u00eancia divina n\u00e3o significa arbitrariedade.<\/p>\n\n\n\n<p>Deus pode tudo o que corresponde \u00e0 Sua natureza perfeita.<\/p>\n\n\n\n<h2 class=\"wp-block-heading\">Ent\u00e3o por que n\u00e3o pode pecar?<\/h2>\n\n\n\n<p>Porque pecar n\u00e3o \u00e9 poder.<br>\u00c9 fraqueza.<\/p>\n\n\n\n<p>Mentir n\u00e3o aperfei\u00e7oa.<br>Corrompe.<\/p>\n\n\n\n<p>Morrer n\u00e3o eleva.<br>Limita.<\/p>\n\n\n\n<p>Deus n\u00e3o pode deixar de ser Deus.<\/p>\n\n\n\n<p>O Seu poder n\u00e3o consiste em contradi\u00e7\u00e3o, mas em perfei\u00e7\u00e3o absoluta.<\/p>\n\n\n\n<h2 class=\"wp-block-heading\">Isto tem imensas consequ\u00eancias espirituais:<\/h2>\n\n\n\n<ul class=\"wp-block-list\">\n<li>Nenhum pecado \u00e9 maior do que a Sua miseric\u00f3rdia.<\/li>\n\n\n\n<li>Nenhum caos supera a Sua provid\u00eancia.<\/li>\n\n\n\n<li>Nenhum inimigo derrota o Seu plano.<\/li>\n<\/ul>\n\n\n\n<p>O mundo muitas vezes parece fora de controlo.<br>Mas n\u00e3o est\u00e1 fora do governo de Deus.<\/p>\n\n\n\n<hr class=\"wp-block-separator has-alpha-channel-opacity\"\/>\n\n\n\n<h1 class=\"wp-block-heading\">V. \u201cCRIADOR DO C\u00c9U E DA TERRA\u201d: TUDO PROCEDE DE DEUS<\/h1>\n\n\n\n<h2 class=\"wp-block-heading\">Criar significa fazer algo do nada.<\/h2>\n\n\n\n<p>S\u00f3 Deus cria.<\/p>\n\n\n\n<p>O homem transforma.<br>Deus cria.<\/p>\n\n\n\n<p>Isto destr\u00f3i dois erros modernos:<\/p>\n\n\n\n<h3 class=\"wp-block-heading\">Materialismo:<\/h3>\n\n\n\n<p>A mat\u00e9ria n\u00e3o \u00e9 eterna.<\/p>\n\n\n\n<h3 class=\"wp-block-heading\">Pante\u00edsmo:<\/h3>\n\n\n\n<p>Deus n\u00e3o \u00e9 o universo; Deus criou o universo.<\/p>\n\n\n\n<h2 class=\"wp-block-heading\">O c\u00e9u e a terra incluem:<\/h2>\n\n\n\n<ul class=\"wp-block-list\">\n<li>Anjos<\/li>\n\n\n\n<li>Mat\u00e9ria<\/li>\n\n\n\n<li>Tempo<\/li>\n\n\n\n<li>Espa\u00e7o<\/li>\n\n\n\n<li>Leis naturais<\/li>\n\n\n\n<li>O homem<\/li>\n<\/ul>\n\n\n\n<p>Nada existe fora da depend\u00eancia d\u2019Ele.<\/p>\n\n\n\n<hr class=\"wp-block-separator has-alpha-channel-opacity\"\/>\n\n\n\n<h1 class=\"wp-block-heading\">VI. A PROVID\u00caNCIA: DEUS N\u00c3O ABANDONOU A SUA CRIA\u00c7\u00c3O<\/h1>\n\n\n\n<p>Deus n\u00e3o \u00e9 um relojoeiro ausente.<\/p>\n\n\n\n<p>N\u00e3o criou o mundo para depois o deixar sozinho.<\/p>\n\n\n\n<h2 class=\"wp-block-heading\">Deus conserva, governa e permite<\/h2>\n\n\n\n<p>Aqui est\u00e1 uma das quest\u00f5es mais dif\u00edceis:<\/p>\n\n\n\n<h3 class=\"wp-block-heading\">Se Deus governa tudo, por que existe o mal?<\/h3>\n\n\n\n<p>O ensinamento cat\u00f3lico distingue:<\/p>\n\n\n\n<h3 class=\"wp-block-heading\">Deus quer o bem<\/h3>\n\n\n\n<h3 class=\"wp-block-heading\">Deus permite certos males para tirar deles bens maiores<\/h3>\n\n\n\n<p>O exemplo supremo:<br>A Cruz.<\/p>\n\n\n\n<p>O maior crime da hist\u00f3ria (matar o Filho de Deus) foi permitido para realizar a maior obra de miseric\u00f3rdia (a Reden\u00e7\u00e3o).<\/p>\n\n\n\n<p>Isto n\u00e3o banaliza o sofrimento.<br>Mas afirma que nada escapa ao poder redentor de Deus.<\/p>\n\n\n\n<hr class=\"wp-block-separator has-alpha-channel-opacity\"\/>\n\n\n\n<h1 class=\"wp-block-heading\">VII. OS ANJOS: O MUNDO INVIS\u00cdVEL \u00c9 REAL<\/h1>\n\n\n\n<p>A modernidade ridiculariza anjos e dem\u00f3nios como s\u00edmbolos psicol\u00f3gicos.<\/p>\n\n\n\n<p>A f\u00e9 cat\u00f3lica ensina algo radicalmente diferente:<\/p>\n\n\n\n<h2 class=\"wp-block-heading\">Os anjos existem.<\/h2>\n\n\n\n<p>S\u00e3o criaturas:<\/p>\n\n\n\n<ul class=\"wp-block-list\">\n<li>Inteligentes<\/li>\n\n\n\n<li>Espirituais<\/li>\n\n\n\n<li>Livres<\/li>\n<\/ul>\n\n\n\n<p>Foram criados para glorificar Deus.<\/p>\n\n\n\n<h2 class=\"wp-block-heading\">A rebeli\u00e3o de L\u00facifer<\/h2>\n\n\n\n<p>O pecado ang\u00e9lico foi a soberba:<br><strong>\u201cN\u00e3o servirei.\u201d<\/strong><\/p>\n\n\n\n<p>E isso continua a ser a ess\u00eancia de toda rebeli\u00e3o contra Deus.<\/p>\n\n\n\n<p>Cada pecado repete, em miniatura, o eco de L\u00facifer.<\/p>\n\n\n\n<hr class=\"wp-block-separator has-alpha-channel-opacity\"\/>\n\n\n\n<h1 class=\"wp-block-heading\">VIII. DEM\u00d3NIOS, TENTA\u00c7\u00c3O E GUERRA ESPIRITUAL<\/h1>\n\n\n\n<p>Falar do diabo n\u00e3o \u00e9 fanatismo medieval.<br>\u00c9 doutrina crist\u00e3.<\/p>\n\n\n\n<p>Satan\u00e1s odeia o homem porque o homem \u00e9 chamado a um lugar de gl\u00f3ria que ele perdeu.<\/p>\n\n\n\n<h2 class=\"wp-block-heading\">Como tenta?<\/h2>\n\n\n\n<ul class=\"wp-block-list\">\n<li>Soberba<\/li>\n\n\n\n<li>Impureza<\/li>\n\n\n\n<li>Desespero<\/li>\n\n\n\n<li>Tibieza<\/li>\n\n\n\n<li>Erro doutrinal<\/li>\n<\/ul>\n\n\n\n<h2 class=\"wp-block-heading\">Como venc\u00ea-lo?<\/h2>\n\n\n\n<p>O catecismo resume-o com sabedoria imortal:<\/p>\n\n\n\n<h3 class=\"wp-block-heading\">Vigil\u00e2ncia<\/h3>\n\n\n\n<h3 class=\"wp-block-heading\">Ora\u00e7\u00e3o<\/h3>\n\n\n\n<h3 class=\"wp-block-heading\">Mortifica\u00e7\u00e3o<\/h3>\n\n\n\n<p>N\u00e3o existe cristianismo s\u00e9rio sem combate espiritual.<\/p>\n\n\n\n<hr class=\"wp-block-separator has-alpha-channel-opacity\"\/>\n\n\n\n<h1 class=\"wp-block-heading\">IX. O ANJO DA GUARDA: O TEU COMPANHEIRO INVIS\u00cdVEL<\/h1>\n\n\n\n<p>Cada alma fiel tem um anjo da guarda.<\/p>\n\n\n\n<p>Isto n\u00e3o \u00e9 poesia piedosa.<br>\u00c9 ensinamento constante da Tradi\u00e7\u00e3o.<\/p>\n\n\n\n<p>O teu anjo:<\/p>\n\n\n\n<ul class=\"wp-block-list\">\n<li>Protege<\/li>\n\n\n\n<li>Inspira<\/li>\n\n\n\n<li>Adverte<\/li>\n\n\n\n<li>Intercede<\/li>\n<\/ul>\n\n\n\n<h2 class=\"wp-block-heading\">Que trag\u00e9dia moderna:<\/h2>\n\n\n\n<p>Muitos consultam hor\u00f3scopos\u2026 mas ignoram o seu Anjo da Guarda.<\/p>\n\n\n\n<hr class=\"wp-block-separator has-alpha-channel-opacity\"\/>\n\n\n\n<h1 class=\"wp-block-heading\">X. O HOMEM: IMAGEM DE DEUS, N\u00c3O PRODUTO DO CAOS<\/h1>\n\n\n\n<h2 class=\"wp-block-heading\">O que \u00e9 o homem?<\/h2>\n\n\n\n<p>Uma criatura racional composta de corpo e alma.<\/p>\n\n\n\n<p>Aqui responde-se \u00e0 grande crise antropol\u00f3gica do nosso tempo.<\/p>\n\n\n\n<p>N\u00e3o \u00e9s apenas biologia.<br>N\u00e3o \u00e9s apenas desejo.<br>N\u00e3o \u00e9s apenas mat\u00e9ria.<\/p>\n\n\n\n<p>Tens uma alma imortal.<\/p>\n\n\n\n<h2 class=\"wp-block-heading\">A dignidade humana n\u00e3o depende de:<\/h2>\n\n\n\n<ul class=\"wp-block-list\">\n<li>Idade<\/li>\n\n\n\n<li>Utilidade<\/li>\n\n\n\n<li>Sa\u00fade<\/li>\n\n\n\n<li>Produtividade<\/li>\n<\/ul>\n\n\n\n<p>Depende de ter sido criado \u00e0 imagem de Deus.<\/p>\n\n\n\n<p>Por isso, toda cultura que nega a alma acaba por degradar o corpo.<\/p>\n\n\n\n<hr class=\"wp-block-separator has-alpha-channel-opacity\"\/>\n\n\n\n<h1 class=\"wp-block-heading\">XI. O PECADO ORIGINAL: A FERIDA QUE EXPLICA O MUNDO<\/h1>\n\n\n\n<p>Sem esta doutrina, o mundo parece incompreens\u00edvel.<\/p>\n\n\n\n<h2 class=\"wp-block-heading\">Por que existem:<\/h2>\n\n\n\n<ul class=\"wp-block-list\">\n<li>morte?<\/li>\n\n\n\n<li>sofrimento?<\/li>\n\n\n\n<li>concupisc\u00eancia?<\/li>\n\n\n\n<li>injusti\u00e7a?<\/li>\n\n\n\n<li>inclina\u00e7\u00e3o para o mal?<\/li>\n<\/ul>\n\n\n\n<p>Porque o homem caiu.<\/p>\n\n\n\n<p>Ad\u00e3o n\u00e3o cometeu um \u201cerro mitol\u00f3gico\u201d.<br>Cometeu uma desobedi\u00eancia real com consequ\u00eancias reais.<\/p>\n\n\n\n<h2 class=\"wp-block-heading\">O pecado original explica:<\/h2>\n\n\n\n<p>Desejamos o bem\u2026 mas fazemos o mal.<br>Procuramos ordem\u2026 mas produzimos caos.<\/p>\n\n\n\n<p>A humanidade n\u00e3o est\u00e1 simplesmente \u201cdesinformada\u201d.<br>Est\u00e1 ferida.<\/p>\n\n\n\n<hr class=\"wp-block-separator has-alpha-channel-opacity\"\/>\n\n\n\n<h1 class=\"wp-block-heading\">XII. MARIA IMACULADA: A EXCE\u00c7\u00c3O GLORIOSA<\/h1>\n\n\n\n<p>Onde Ad\u00e3o caiu,<br>Cristo redime.<\/p>\n\n\n\n<p>Onde Eva foi ferida,<br>Maria foi preservada.<\/p>\n\n\n\n<h2 class=\"wp-block-heading\">A Imaculada Concei\u00e7\u00e3o<\/h2>\n\n\n\n<p>Maria foi concebida sem pecado original por antecipa\u00e7\u00e3o dos m\u00e9ritos de Cristo.<\/p>\n\n\n\n<p>Ela n\u00e3o precisou de menos Salvador.<br>Recebeu a salva\u00e7\u00e3o de modo mais perfeito.<\/p>\n\n\n\n<hr class=\"wp-block-separator has-alpha-channel-opacity\"\/>\n\n\n\n<h1 class=\"wp-block-heading\">XIII. O MESSIAS PROMETIDO: A MISERIC\u00d3RDIA COME\u00c7A NO G\u00c9NESIS<\/h1>\n\n\n\n<p>Depois da Queda, Deus n\u00e3o abandona.<\/p>\n\n\n\n<p>Promete um Redentor.<\/p>\n\n\n\n<p>Toda a hist\u00f3ria humana muda a partir desse momento.<\/p>\n\n\n\n<p>Todo o Antigo Testamento \u00e9 espera.<br>O Novo \u00e9 cumprimento.<\/p>\n\n\n\n<p>Cristo n\u00e3o aparece inesperadamente.<br>\u00c9 o Messias prometido desde o princ\u00edpio.<\/p>\n\n\n\n<hr class=\"wp-block-separator has-alpha-channel-opacity\"\/>\n\n\n\n<h1 class=\"wp-block-heading\">XIV. POR QUE ESTE ARTIGO DO CREDO \u00c9 T\u00c3O URGENTE HOJE?<\/h1>\n\n\n\n<p>Porque o mundo moderno nega precisamente estas verdades:<\/p>\n\n\n\n<h2 class=\"wp-block-heading\">Nega Deus \u2192 relativismo<\/h2>\n\n\n\n<h2 class=\"wp-block-heading\">Nega o Criador \u2192 niilismo<\/h2>\n\n\n\n<h2 class=\"wp-block-heading\">Nega a alma \u2192 materialismo<\/h2>\n\n\n\n<h2 class=\"wp-block-heading\">Nega o pecado \u2192 corrup\u00e7\u00e3o moral<\/h2>\n\n\n\n<h2 class=\"wp-block-heading\">Nega o diabo \u2192 ingenuidade espiritual<\/h2>\n\n\n\n<h2 class=\"wp-block-heading\">Nega o Redentor \u2192 desespero<\/h2>\n\n\n\n<p>O Credo n\u00e3o \u00e9 uma rel\u00edquia:<br>\u00c9 um mapa para a sobreviv\u00eancia espiritual.<\/p>\n\n\n\n<hr class=\"wp-block-separator has-alpha-channel-opacity\"\/>\n\n\n\n<h1 class=\"wp-block-heading\">CONCLUS\u00c3O: SABER DE ONDE VENS PARA SABER PARA ONDE VAIS<\/h1>\n\n\n\n<p>O primeiro artigo do Credo responde \u00e0s perguntas mais decisivas:<\/p>\n\n\n\n<h2 class=\"wp-block-heading\">Quem te criou?<\/h2>\n\n\n\n<p>Deus.<\/p>\n\n\n\n<h2 class=\"wp-block-heading\">Por que existes?<\/h2>\n\n\n\n<p>Para O conhecer, amar e servir.<\/p>\n\n\n\n<h2 class=\"wp-block-heading\">Por que o mundo est\u00e1 ferido?<\/h2>\n\n\n\n<p>Por causa do pecado.<\/p>\n\n\n\n<h2 class=\"wp-block-heading\">Est\u00e1s sozinho?<\/h2>\n\n\n\n<p>N\u00e3o. Tens provid\u00eancia, gra\u00e7a, anjos e um Redentor.<\/p>\n\n\n\n<h2 class=\"wp-block-heading\">Qual \u00e9 o teu destino?<\/h2>\n\n\n\n<p>O c\u00e9u.<\/p>\n\n\n\n<p>Crer em Deus Pai todo-poderoso n\u00e3o \u00e9 uma f\u00f3rmula vazia:<br>\u00c9 recuperar a realidade.<\/p>\n\n\n\n<p>Em tempos de confus\u00e3o, voltar ao Credo \u00e9 voltar para casa.<\/p>\n\n\n\n<p>Porque quem sabe que foi criado por Deus\u2026<br>vive de modo diferente.<\/p>\n\n\n\n<p>E quem sabe que tem um Pai\u2026<br>nunca est\u00e1 verdadeiramente \u00f3rf\u00e3o.<\/p>\n","protected":false},"excerpt":{"rendered":"<p>O fundamento de toda a f\u00e9 cat\u00f3lica: quem \u00e9 Deus, quem \u00e9s tu e por que existes Existem verdades que n\u00e3o se limitam a ser estudadas: sustentam uma vida inteira. O primeiro artigo do Credo n\u00e3o \u00e9 simplesmente uma frase aprendida na inf\u00e2ncia ou repetida mecanicamente na Santa Missa. \u00c9 a pedra angular de toda &hellip;<\/p>\n","protected":false},"author":3,"featured_media":5839,"comment_status":"closed","ping_status":"closed","sticky":false,"template":"","format":"standard","meta":{"_seopress_robots_primary_cat":"","_seopress_titles_title":"","_seopress_titles_desc":"","_seopress_robots_index":"","footnotes":""},"categories":[43,37],"tags":[1963],"class_list":["post-5838","post","type-post","status-publish","format-standard","has-post-thumbnail","","category-catecismo-da-igreja-catolica","category-doutrina-e-fe","tag-credo"],"_links":{"self":[{"href":"https:\/\/catholicus.eu\/pt\/wp-json\/wp\/v2\/posts\/5838","targetHints":{"allow":["GET"]}}],"collection":[{"href":"https:\/\/catholicus.eu\/pt\/wp-json\/wp\/v2\/posts"}],"about":[{"href":"https:\/\/catholicus.eu\/pt\/wp-json\/wp\/v2\/types\/post"}],"author":[{"embeddable":true,"href":"https:\/\/catholicus.eu\/pt\/wp-json\/wp\/v2\/users\/3"}],"replies":[{"embeddable":true,"href":"https:\/\/catholicus.eu\/pt\/wp-json\/wp\/v2\/comments?post=5838"}],"version-history":[{"count":1,"href":"https:\/\/catholicus.eu\/pt\/wp-json\/wp\/v2\/posts\/5838\/revisions"}],"predecessor-version":[{"id":5840,"href":"https:\/\/catholicus.eu\/pt\/wp-json\/wp\/v2\/posts\/5838\/revisions\/5840"}],"wp:featuredmedia":[{"embeddable":true,"href":"https:\/\/catholicus.eu\/pt\/wp-json\/wp\/v2\/media\/5839"}],"wp:attachment":[{"href":"https:\/\/catholicus.eu\/pt\/wp-json\/wp\/v2\/media?parent=5838"}],"wp:term":[{"taxonomy":"category","embeddable":true,"href":"https:\/\/catholicus.eu\/pt\/wp-json\/wp\/v2\/categories?post=5838"},{"taxonomy":"post_tag","embeddable":true,"href":"https:\/\/catholicus.eu\/pt\/wp-json\/wp\/v2\/tags?post=5838"}],"curies":[{"name":"wp","href":"https:\/\/api.w.org\/{rel}","templated":true}]}}