{"id":5835,"date":"2026-04-28T10:52:18","date_gmt":"2026-04-28T08:52:18","guid":{"rendered":"https:\/\/catholicus.eu\/pt\/?p=5835"},"modified":"2026-04-28T10:52:18","modified_gmt":"2026-04-28T08:52:18","slug":"discernir-ou-se-perder-as-regras-espirituais-que-podem-mudar-a-sua-vida-e-por-que-hoje-sao-mais-necessarias-do-que-nunca","status":"publish","type":"post","link":"https:\/\/catholicus.eu\/pt\/discernir-ou-se-perder-as-regras-espirituais-que-podem-mudar-a-sua-vida-e-por-que-hoje-sao-mais-necessarias-do-que-nunca\/","title":{"rendered":"Discernir ou se perder: as regras espirituais que podem mudar a sua vida (e por que hoje s\u00e3o mais necess\u00e1rias do que nunca)"},"content":{"rendered":"\n<p>Vivemos numa \u00e9poca marcada pelo ru\u00eddo: opini\u00f5es constantes, est\u00edmulos incessantes, decis\u00f5es r\u00e1pidas\u2026 e, no entanto, uma profunda confus\u00e3o interior. Nunca tivemos tantas op\u00e7\u00f5es e, ao mesmo tempo, t\u00e3o pouca clareza sobre o que escolher. Neste contexto, o <strong>discernimento espiritual<\/strong> n\u00e3o \u00e9 um luxo reservado a monges ou sacerdotes: \u00e9 uma necessidade urgente para qualquer crist\u00e3o que queira viver com sentido, liberdade e fidelidade a Deus.<\/p>\n\n\n\n<p>Este artigo pretende ser um guia claro, profundo e pr\u00e1tico para compreender o que \u00e9 o discernimento espiritual, de onde vem, qual \u00e9 o seu fundamento teol\u00f3gico e como aplic\u00e1-lo hoje. Apoiar-nos-emos especialmente nas regras dos <strong>Exerc\u00edcios Espirituais de Santo In\u00e1cio de Loyola (nn. 316\u2013336)<\/strong>, uma das contribui\u00e7\u00f5es mais refinadas e realistas da tradi\u00e7\u00e3o espiritual da Igreja.<\/p>\n\n\n\n<hr class=\"wp-block-separator has-alpha-channel-opacity\"\/>\n\n\n\n<h2 class=\"wp-block-heading\"><strong>1. O que \u00e9 o discernimento espiritual?<\/strong><\/h2>\n\n\n\n<p>O discernimento espiritual \u00e9 a arte \u2014 e a gra\u00e7a \u2014 de <strong>reconhecer o que vem de Deus e o que n\u00e3o vem Dele<\/strong>, dentro da nossa vida interior: pensamentos, desejos, emo\u00e7\u00f5es e decis\u00f5es.<\/p>\n\n\n\n<p>N\u00e3o se trata simplesmente de escolher entre o bem e o mal (isso j\u00e1 \u00e9 regulado pela moral), mas de <strong>escolher entre o bem e o melhor<\/strong>, entre caminhos aparentemente v\u00e1lidos, mas que conduzem a destinos muito diferentes.<\/p>\n\n\n\n<p>A Sagrada Escritura convida-nos constantemente a este exerc\u00edcio:<\/p>\n\n\n\n<blockquote class=\"wp-block-quote is-layout-flow wp-block-quote-is-layout-flow\">\n<p><em>\u201cExaminai tudo; retende o que \u00e9 bom.\u201d<\/em> (1 Tessalonicenses 5,21)<\/p>\n<\/blockquote>\n\n\n\n<p>O discernimento \u00e9, portanto, uma atitude vigilante, humilde e profundamente espiritual.<\/p>\n\n\n\n<hr class=\"wp-block-separator has-alpha-channel-opacity\"\/>\n\n\n\n<h2 class=\"wp-block-heading\"><strong>2. Ra\u00edzes b\u00edblicas e tradi\u00e7\u00e3o da Igreja<\/strong><\/h2>\n\n\n\n<p>J\u00e1 no Antigo Testamento encontramos figuras que praticam o discernimento: os profetas, o rei Salom\u00e3o \u2014 que pediu a Deus \u201cum cora\u00e7\u00e3o que escuta\u201d \u2014 e os salmistas que examinavam o seu interior diante de Deus.<\/p>\n\n\n\n<p>No Novo Testamento, este tema atinge a sua plenitude. S\u00e3o Paulo fala claramente da luta interior:<\/p>\n\n\n\n<blockquote class=\"wp-block-quote is-layout-flow wp-block-quote-is-layout-flow\">\n<p><em>\u201cPois n\u00e3o fa\u00e7o o bem que quero, mas o mal que n\u00e3o quero, esse fa\u00e7o.\u201d<\/em> (Romanos 7,19)<\/p>\n<\/blockquote>\n\n\n\n<p>Ele tamb\u00e9m distingue diferentes \u201cesp\u00edritos\u201d que influenciam a alma:<\/p>\n\n\n\n<ul class=\"wp-block-list\">\n<li>O Esp\u00edrito de Deus<\/li>\n\n\n\n<li>O esp\u00edrito do mundo<\/li>\n\n\n\n<li>O esp\u00edrito do mal<\/li>\n<\/ul>\n\n\n\n<p>A tradi\u00e7\u00e3o patr\u00edstica desenvolveu este ensinamento, mas foi <strong>Santo In\u00e1cio de Loyola<\/strong> quem o sistematizou de forma magistral nas regras 316\u2013336 dos Exerc\u00edcios Espirituais.<\/p>\n\n\n\n<hr class=\"wp-block-separator has-alpha-channel-opacity\"\/>\n\n\n\n<h2 class=\"wp-block-heading\"><strong>3. Fundamento teol\u00f3gico: por que o discernimento \u00e9 necess\u00e1rio?<\/strong><\/h2>\n\n\n\n<p>O discernimento n\u00e3o \u00e9 opcional porque o ser humano vive num <strong>campo de batalha espiritual<\/strong>.<\/p>\n\n\n\n<h3 class=\"wp-block-heading\"><strong>Tr\u00eas agentes principais na alma:<\/strong><\/h3>\n\n\n\n<ol class=\"wp-block-list\">\n<li><strong>Deus<\/strong>, que atrai para o bem, a verdade e a vida.<\/li>\n\n\n\n<li><strong>O dem\u00f3nio<\/strong>, que engana, confunde e desvia.<\/li>\n\n\n\n<li><strong>A pr\u00f3pria natureza humana<\/strong>, ferida pelo pecado original.<\/li>\n<\/ol>\n\n\n\n<p>Isto significa que <strong>nem tudo o que sentimos ou pensamos \u00e9 fi\u00e1vel<\/strong>. Aqui est\u00e1 o n\u00facleo do problema contempor\u00e2neo: absolutiz\u00e1mos as emo\u00e7\u00f5es, quando na realidade elas precisam de ser discernidas.<\/p>\n\n\n\n<hr class=\"wp-block-separator has-alpha-channel-opacity\"\/>\n\n\n\n<h2 class=\"wp-block-heading\"><strong>4. Santo In\u00e1cio de Loyola: uma pedagogia da alma (nn. 316\u2013336)<\/strong><\/h2>\n\n\n\n<p>As regras de Santo In\u00e1cio concentram-se num ponto-chave: <strong>os movimentos interiores<\/strong>, que ele chama:<\/p>\n\n\n\n<ul class=\"wp-block-list\">\n<li><strong>consola\u00e7\u00e3o espiritual<\/strong><\/li>\n\n\n\n<li><strong>desola\u00e7\u00e3o espiritual<\/strong><\/li>\n<\/ul>\n\n\n\n<hr class=\"wp-block-separator has-alpha-channel-opacity\"\/>\n\n\n\n<h3 class=\"wp-block-heading\"><strong>4.1. O que \u00e9 a consola\u00e7\u00e3o espiritual? (n. 316)<\/strong><\/h3>\n\n\n\n<p>\u00c9 tudo aquilo que:<\/p>\n\n\n\n<ul class=\"wp-block-list\">\n<li>inflama a alma no amor de Deus<\/li>\n\n\n\n<li>aumenta a f\u00e9, a esperan\u00e7a e a caridade<\/li>\n\n\n\n<li>d\u00e1 paz profunda e sentido<\/li>\n<\/ul>\n\n\n\n<p>N\u00e3o \u00e9 simplesmente \u201csentir-se bem\u201d. \u00c9 uma alegria que <strong>aproxima de Deus<\/strong>.<\/p>\n\n\n\n<p>Exemplo atual:<br>Uma decis\u00e3o dif\u00edcil, mas que traz paz profunda e clareza interior.<\/p>\n\n\n\n<hr class=\"wp-block-separator has-alpha-channel-opacity\"\/>\n\n\n\n<h3 class=\"wp-block-heading\"><strong>4.2. O que \u00e9 a desola\u00e7\u00e3o espiritual? (n. 317)<\/strong><\/h3>\n\n\n\n<p>\u00c9 o contr\u00e1rio:<\/p>\n\n\n\n<ul class=\"wp-block-list\">\n<li>escurid\u00e3o interior<\/li>\n\n\n\n<li>inquieta\u00e7\u00e3o<\/li>\n\n\n\n<li>tristeza sem causa clara<\/li>\n\n\n\n<li>afastamento de Deus<\/li>\n<\/ul>\n\n\n\n<p>Exemplo atual:<br>Uma vida cheia de distra\u00e7\u00f5es, ansiedade e vazio\u2026 mesmo quando exteriormente tudo \u201cfunciona\u201d.<\/p>\n\n\n\n<hr class=\"wp-block-separator has-alpha-channel-opacity\"\/>\n\n\n\n<h2 class=\"wp-block-heading\"><strong>5. Regras fundamentais do discernimento (316\u2013336)<\/strong><\/h2>\n\n\n\n<h3 class=\"wp-block-heading\"><strong>5.1. Regra fundamental: agir segundo o estado da alma<\/strong><\/h3>\n\n\n\n<p>Santo In\u00e1cio distingue dois tipos de pessoas:<\/p>\n\n\n\n<h4 class=\"wp-block-heading\"><strong>1. Aqueles que v\u00e3o de pecado em pecado (n. 314)<\/strong><\/h4>\n\n\n\n<p>O dem\u00f3nio tranquiliza-os falsamente.<br>Deus inquieta-os para despert\u00e1-los.<\/p>\n\n\n\n<h4 class=\"wp-block-heading\"><strong>2. Aqueles que procuram sinceramente Deus<\/strong><\/h4>\n\n\n\n<p>O contr\u00e1rio acontece:<\/p>\n\n\n\n<ul class=\"wp-block-list\">\n<li>Deus consola<\/li>\n\n\n\n<li>O dem\u00f3nio inquieta<\/li>\n<\/ul>\n\n\n\n<p>\ud83d\udc49 Aqui est\u00e1 uma chave decisiva:<br><strong>Nem toda consola\u00e7\u00e3o vem de Deus, e nem toda inquieta\u00e7\u00e3o \u00e9 m\u00e1.<\/strong><\/p>\n\n\n\n<hr class=\"wp-block-separator has-alpha-channel-opacity\"\/>\n\n\n\n<h3 class=\"wp-block-heading\"><strong>5.2. Regra de ouro: nunca mudar decis\u00f5es na desola\u00e7\u00e3o (n. 318)<\/strong><\/h3>\n\n\n\n<p>Santo In\u00e1cio \u00e9 categ\u00f3rico:<\/p>\n\n\n\n<blockquote class=\"wp-block-quote is-layout-flow wp-block-quote-is-layout-flow\">\n<p>Em tempo de desola\u00e7\u00e3o, nunca fazer mudan\u00e7as.<\/p>\n<\/blockquote>\n\n\n\n<p>Por qu\u00ea?<\/p>\n\n\n\n<p>Porque na desola\u00e7\u00e3o:<\/p>\n\n\n\n<ul class=\"wp-block-list\">\n<li>perdemos clareza<\/li>\n\n\n\n<li>ficamos mais vulner\u00e1veis<\/li>\n\n\n\n<li>o inimigo atua com mais for\u00e7a<\/li>\n<\/ul>\n\n\n\n<p>Aplica\u00e7\u00e3o pr\u00e1tica:<br>N\u00e3o tomar decis\u00f5es importantes em momentos de crise emocional.<\/p>\n\n\n\n<hr class=\"wp-block-separator has-alpha-channel-opacity\"\/>\n\n\n\n<h3 class=\"wp-block-heading\"><strong>5.3. O que fazer na desola\u00e7\u00e3o (nn. 319\u2013321)<\/strong><\/h3>\n\n\n\n<p>Santo In\u00e1cio prop\u00f5e tr\u00eas atitudes:<\/p>\n\n\n\n<ol class=\"wp-block-list\">\n<li><strong>Orar mais<\/strong><\/li>\n\n\n\n<li><strong>Examinar-se<\/strong><\/li>\n\n\n\n<li><strong>Fazer penit\u00eancia moderada<\/strong><\/li>\n<\/ol>\n\n\n\n<p>Al\u00e9m disso, a desola\u00e7\u00e3o pode vir de:<\/p>\n\n\n\n<ul class=\"wp-block-list\">\n<li>tibieza espiritual<\/li>\n\n\n\n<li>uma prova\u00e7\u00e3o permitida por Deus<\/li>\n\n\n\n<li>pedagogia divina para crescimento<\/li>\n<\/ul>\n\n\n\n<hr class=\"wp-block-separator has-alpha-channel-opacity\"\/>\n\n\n\n<h3 class=\"wp-block-heading\"><strong>5.4. Como agir na consola\u00e7\u00e3o (n. 323)<\/strong><\/h3>\n\n\n\n<p>Na consola\u00e7\u00e3o:<\/p>\n\n\n\n<ul class=\"wp-block-list\">\n<li>humildade<\/li>\n\n\n\n<li>prepara\u00e7\u00e3o para futuras prova\u00e7\u00f5es<\/li>\n\n\n\n<li>aproveitar o momento para fortalecer a alma<\/li>\n<\/ul>\n\n\n\n<p>\ud83d\udc49 A consola\u00e7\u00e3o n\u00e3o \u00e9 o fim; \u00e9 um <strong>meio para amar mais a Deus<\/strong>.<\/p>\n\n\n\n<hr class=\"wp-block-separator has-alpha-channel-opacity\"\/>\n\n\n\n<h3 class=\"wp-block-heading\"><strong>5.5. O inimigo age estrategicamente (nn. 325\u2013326)<\/strong><\/h3>\n\n\n\n<p>Santo In\u00e1cio descreve o dem\u00f3nio com grande realismo:<\/p>\n\n\n\n<ul class=\"wp-block-list\">\n<li>como um sedutor que atua em segredo<\/li>\n\n\n\n<li>como um falso amante que quer permanecer escondido<\/li>\n\n\n\n<li>como um general que estuda as nossas fraquezas<\/li>\n<\/ul>\n\n\n\n<p>Isto \u00e9 profundamente atual:<\/p>\n\n\n\n<p>Hoje as tenta\u00e7\u00f5es n\u00e3o s\u00e3o \u00f3bvias. S\u00e3o subtis:<\/p>\n\n\n\n<ul class=\"wp-block-list\">\n<li>relativismo<\/li>\n\n\n\n<li>autojustifica\u00e7\u00e3o<\/li>\n\n\n\n<li>uma espiritualidade sem compromisso<\/li>\n<\/ul>\n\n\n\n<hr class=\"wp-block-separator has-alpha-channel-opacity\"\/>\n\n\n\n<h2 class=\"wp-block-heading\"><strong>6. Atualidade do discernimento: discernir num mundo confuso<\/strong><\/h2>\n\n\n\n<p>Hoje mais do que nunca precisamos de discernimento porque vivemos numa cultura que:<\/p>\n\n\n\n<ul class=\"wp-block-list\">\n<li>confunde liberdade com capricho<\/li>\n\n\n\n<li>confunde bem-estar com verdade<\/li>\n\n\n\n<li>confunde emo\u00e7\u00e3o com crit\u00e9rio<\/li>\n<\/ul>\n\n\n\n<p>O discernimento devolve-nos algo essencial:<br><strong>a capacidade de viver na verdade interior.<\/strong><\/p>\n\n\n\n<hr class=\"wp-block-separator has-alpha-channel-opacity\"\/>\n\n\n\n<h2 class=\"wp-block-heading\"><strong>7. Aplica\u00e7\u00f5es pr\u00e1ticas para a vida di\u00e1ria<\/strong><\/h2>\n\n\n\n<h3 class=\"wp-block-heading\"><strong>7.1. Antes de tomar decis\u00f5es<\/strong><\/h3>\n\n\n\n<p>Pergunta-te:<\/p>\n\n\n\n<ul class=\"wp-block-list\">\n<li>Isto aproxima-me de Deus ou afasta-me?<\/li>\n\n\n\n<li>D\u00e1-me paz profunda ou apenas satisfa\u00e7\u00e3o moment\u00e2nea?<\/li>\n\n\n\n<li>\u00c9 coerente com o Evangelho?<\/li>\n<\/ul>\n\n\n\n<hr class=\"wp-block-separator has-alpha-channel-opacity\"\/>\n\n\n\n<h3 class=\"wp-block-heading\"><strong>7.2. Na vida espiritual di\u00e1ria<\/strong><\/h3>\n\n\n\n<ul class=\"wp-block-list\">\n<li>tempo de sil\u00eancio<\/li>\n\n\n\n<li>exame de consci\u00eancia di\u00e1rio<\/li>\n\n\n\n<li>dire\u00e7\u00e3o espiritual, se poss\u00edvel<\/li>\n<\/ul>\n\n\n\n<hr class=\"wp-block-separator has-alpha-channel-opacity\"\/>\n\n\n\n<h3 class=\"wp-block-heading\"><strong>7.3. Em momentos de crise<\/strong><\/h3>\n\n\n\n<ul class=\"wp-block-list\">\n<li>n\u00e3o decidir sob impulso<\/li>\n\n\n\n<li>manter-se fiel ao que j\u00e1 se sabe ser verdadeiro<\/li>\n\n\n\n<li>perseverar<\/li>\n<\/ul>\n\n\n\n<hr class=\"wp-block-separator has-alpha-channel-opacity\"\/>\n\n\n\n<h2 class=\"wp-block-heading\"><strong>8. Discernimento e cumprimento do preceito crist\u00e3o<\/strong><\/h2>\n\n\n\n<p>O discernimento n\u00e3o \u00e9 apenas uma ferramenta; \u00e9 <strong>um meio necess\u00e1rio para viver a vontade de Deus<\/strong>, e portanto para cumprir o mandamento fundamental:<\/p>\n\n\n\n<blockquote class=\"wp-block-quote is-layout-flow wp-block-quote-is-layout-flow\">\n<p><em>\u201cAmar\u00e1s o Senhor teu Deus com todo o teu cora\u00e7\u00e3o.\u201d<\/em> (Mateus 22,37)<\/p>\n<\/blockquote>\n\n\n\n<p>Sem discernimento:<\/p>\n\n\n\n<ul class=\"wp-block-list\">\n<li>podemos fazer coisas boas\u2026 por motivos errados<\/li>\n\n\n\n<li>podemos perder-nos sem perceber<\/li>\n\n\n\n<li>podemos viver uma f\u00e9 superficial<\/li>\n<\/ul>\n\n\n\n<p>Com discernimento:<\/p>\n\n\n\n<ul class=\"wp-block-list\">\n<li>agimos com liberdade<\/li>\n\n\n\n<li>escolhemos o que mais glorifica a Deus<\/li>\n\n\n\n<li>caminhamos para a verdadeira santidade<\/li>\n<\/ul>\n\n\n\n<hr class=\"wp-block-separator has-alpha-channel-opacity\"\/>\n\n\n\n<h2 class=\"wp-block-heading\"><strong>9. Um guia espiritual para hoje<\/strong><\/h2>\n\n\n\n<p>O discernimento espiritual n\u00e3o \u00e9 complicado, mas exige:<\/p>\n\n\n\n<ul class=\"wp-block-list\">\n<li>honestidade interior<\/li>\n\n\n\n<li>vida de ora\u00e7\u00e3o<\/li>\n\n\n\n<li>forma\u00e7\u00e3o espiritual<\/li>\n<\/ul>\n\n\n\n<p>\u00c9 um caminho progressivo, mas profundamente libertador.<\/p>\n\n\n\n<hr class=\"wp-block-separator has-alpha-channel-opacity\"\/>\n\n\n\n<h2 class=\"wp-block-heading\"><strong>10. Conclus\u00e3o: aprender a escutar Deus no meio do ru\u00eddo<\/strong><\/h2>\n\n\n\n<p>O grande drama do homem moderno n\u00e3o \u00e9 que Deus n\u00e3o fale, mas que <strong>n\u00e3o sabemos escutar<\/strong>.<\/p>\n\n\n\n<p>As regras de Santo In\u00e1cio continuam, s\u00e9culos depois, a ser uma b\u00fassola segura no meio da confus\u00e3o.<\/p>\n\n\n\n<p>Porque, no fundo, discernir n\u00e3o \u00e9 apenas escolher bem\u2026<br>\u00e9 <strong>aprender a viver em harmonia com Deus<\/strong>.<\/p>\n\n\n\n<blockquote class=\"wp-block-quote is-layout-flow wp-block-quote-is-layout-flow\">\n<p><em>\u201cAs minhas ovelhas ouvem a minha voz; eu conhe\u00e7o-as e elas seguem-me.\u201d<\/em> (Jo\u00e3o 10,27)<\/p>\n<\/blockquote>\n","protected":false},"excerpt":{"rendered":"<p>Vivemos numa \u00e9poca marcada pelo ru\u00eddo: opini\u00f5es constantes, est\u00edmulos incessantes, decis\u00f5es r\u00e1pidas\u2026 e, no entanto, uma profunda confus\u00e3o interior. Nunca tivemos tantas op\u00e7\u00f5es e, ao mesmo tempo, t\u00e3o pouca clareza sobre o que escolher. Neste contexto, o discernimento espiritual n\u00e3o \u00e9 um luxo reservado a monges ou sacerdotes: \u00e9 uma necessidade urgente para qualquer crist\u00e3o &hellip;<\/p>\n","protected":false},"author":3,"featured_media":5836,"comment_status":"closed","ping_status":"closed","sticky":false,"template":"","format":"standard","meta":{"_seopress_robots_primary_cat":"","_seopress_titles_title":"","_seopress_titles_desc":"","_seopress_robots_index":"","footnotes":""},"categories":[40,58],"tags":[181],"class_list":["post-5835","post","type-post","status-publish","format-standard","has-post-thumbnail","","category-oracao-e-espiritualidade","category-oracao-e-vida-espiritual","tag-discernimento"],"_links":{"self":[{"href":"https:\/\/catholicus.eu\/pt\/wp-json\/wp\/v2\/posts\/5835","targetHints":{"allow":["GET"]}}],"collection":[{"href":"https:\/\/catholicus.eu\/pt\/wp-json\/wp\/v2\/posts"}],"about":[{"href":"https:\/\/catholicus.eu\/pt\/wp-json\/wp\/v2\/types\/post"}],"author":[{"embeddable":true,"href":"https:\/\/catholicus.eu\/pt\/wp-json\/wp\/v2\/users\/3"}],"replies":[{"embeddable":true,"href":"https:\/\/catholicus.eu\/pt\/wp-json\/wp\/v2\/comments?post=5835"}],"version-history":[{"count":1,"href":"https:\/\/catholicus.eu\/pt\/wp-json\/wp\/v2\/posts\/5835\/revisions"}],"predecessor-version":[{"id":5837,"href":"https:\/\/catholicus.eu\/pt\/wp-json\/wp\/v2\/posts\/5835\/revisions\/5837"}],"wp:featuredmedia":[{"embeddable":true,"href":"https:\/\/catholicus.eu\/pt\/wp-json\/wp\/v2\/media\/5836"}],"wp:attachment":[{"href":"https:\/\/catholicus.eu\/pt\/wp-json\/wp\/v2\/media?parent=5835"}],"wp:term":[{"taxonomy":"category","embeddable":true,"href":"https:\/\/catholicus.eu\/pt\/wp-json\/wp\/v2\/categories?post=5835"},{"taxonomy":"post_tag","embeddable":true,"href":"https:\/\/catholicus.eu\/pt\/wp-json\/wp\/v2\/tags?post=5835"}],"curies":[{"name":"wp","href":"https:\/\/api.w.org\/{rel}","templated":true}]}}