{"id":5831,"date":"2026-04-28T10:31:57","date_gmt":"2026-04-28T08:31:57","guid":{"rendered":"https:\/\/catholicus.eu\/pt\/?p=5831"},"modified":"2026-04-28T10:31:58","modified_gmt":"2026-04-28T08:31:58","slug":"situacoes-irregulares-e-dificeis-nas-familias-quando-a-igreja-nao-condena-mas-acompanha","status":"publish","type":"post","link":"https:\/\/catholicus.eu\/pt\/situacoes-irregulares-e-dificeis-nas-familias-quando-a-igreja-nao-condena-mas-acompanha\/","title":{"rendered":"Situa\u00e7\u00f5es irregulares e dif\u00edceis nas fam\u00edlias: quando a Igreja n\u00e3o condena, mas acompanha"},"content":{"rendered":"\n<p>Vivemos numa \u00e9poca em que falar da fam\u00edlia se tornou cada vez mais complexo. Aquilo que durante s\u00e9culos parecia claro, hoje aparece envolvido em d\u00favidas, feridas, rupturas e novas formas de conviv\u00eancia que desafiam profundamente a vis\u00e3o crist\u00e3 do matrim\u00f4nio.<\/p>\n\n\n\n<p>Muitos cat\u00f3licos se perguntam: o que a Igreja realmente diz sobre as situa\u00e7\u00f5es familiares irregulares? H\u00e1 esperan\u00e7a para aqueles que vivem nessas circunst\u00e2ncias? A Igreja exclui ou acompanha? Miseric\u00f3rdia e verdade podem existir ao mesmo tempo?<\/p>\n\n\n\n<p>A resposta cat\u00f3lica n\u00e3o pode ser reduzida nem a uma dureza fria nem a um sentimentalismo sem verdade. A Igreja, como M\u00e3e e Mestra, anuncia com clareza o plano de Deus sobre o matrim\u00f4nio, mas tamb\u00e9m estende os seus bra\u00e7os \u00e0queles que vivem situa\u00e7\u00f5es dif\u00edceis, buscando sempre a convers\u00e3o, a cura e a salva\u00e7\u00e3o das almas.<\/p>\n\n\n\n<p>Falar de situa\u00e7\u00f5es irregulares n\u00e3o significa apontar com desprezo, mas iluminar com caridade. Porque por tr\u00e1s de cada hist\u00f3ria h\u00e1 pessoas concretas, sofrimentos reais, decis\u00f5es dif\u00edceis e, muitas vezes, uma profunda sede de Deus.<\/p>\n\n\n\n<h2 class=\"wp-block-heading\">O plano de Deus para a fam\u00edlia<\/h2>\n\n\n\n<p>Antes de falar sobre o que \u00e9 irregular, devemos recordar o que \u00e9 regular segundo o cora\u00e7\u00e3o de Deus.<\/p>\n\n\n\n<p>O matrim\u00f4nio n\u00e3o \u00e9 uma simples conviv\u00eancia nem um contrato social. \u00c9 uma institui\u00e7\u00e3o divina. Desde o princ\u00edpio, Deus criou o homem e a mulher para uma uni\u00e3o est\u00e1vel, fiel, fecunda e indissol\u00favel.<\/p>\n\n\n\n<p>Cristo elevou essa uni\u00e3o \u00e0 dignidade de sacramento, fazendo do matrim\u00f4nio crist\u00e3o um sinal vis\u00edvel do seu amor pela Igreja.<\/p>\n\n\n\n<p>Por isso, o verdadeiro matrim\u00f4nio implica:<\/p>\n\n\n\n<ul class=\"wp-block-list\">\n<li>unidade (um s\u00f3 homem e uma s\u00f3 mulher)<\/li>\n\n\n\n<li>fidelidade (para sempre)<\/li>\n\n\n\n<li>abertura \u00e0 vida<\/li>\n\n\n\n<li>compromisso definitivo<\/li>\n\n\n\n<li>entrega m\u00fatua total<\/li>\n\n\n\n<li>sacramentalidade entre os batizados<\/li>\n<\/ul>\n\n\n\n<p>Quando algum desses elementos \u00e9 rejeitado ou substitu\u00eddo, surgem as chamadas \u201csitua\u00e7\u00f5es irregulares\u201d.<\/p>\n\n\n\n<h2 class=\"wp-block-heading\">Quais s\u00e3o as principais situa\u00e7\u00f5es irregulares?<\/h2>\n\n\n\n<p>Entre as principais situa\u00e7\u00f5es que contradizem o plano de Deus para a fam\u00edlia encontramos:<\/p>\n\n\n\n<ul class=\"wp-block-list\">\n<li>o chamado \u201cmatrim\u00f4nio de prova\u201d<\/li>\n\n\n\n<li>as uni\u00f5es livres<\/li>\n\n\n\n<li>os cat\u00f3licos unidos apenas pelo matrim\u00f4nio civil<\/li>\n\n\n\n<li>as pessoas separadas ou divorciadas n\u00e3o recasadas<\/li>\n\n\n\n<li>as pessoas divorciadas e recasadas civilmente<\/li>\n\n\n\n<li>os privados de fam\u00edlia<\/li>\n<\/ul>\n\n\n\n<p>Cada uma dessas situa\u00e7\u00f5es exige discernimento, verdade e acompanhamento pastoral.<\/p>\n\n\n\n<h2 class=\"wp-block-heading\">O chamado \u201cmatrim\u00f4nio de prova\u201d: uma contradi\u00e7\u00e3o interior<\/h2>\n\n\n\n<p>Hoje muitos jovens dizem:<\/p>\n\n\n\n<p>\u201cPrimeiro vamos viver juntos e, se der certo, nos casaremos.\u201d<\/p>\n\n\n\n<p>Essa mentalidade normalizou o que se chama de \u201cmatrim\u00f4nio de prova\u201d.<\/p>\n\n\n\n<p>No entanto, propriamente falando, isso n\u00e3o \u00e9 matrim\u00f4nio.<\/p>\n\n\n\n<p>Por qu\u00ea?<\/p>\n\n\n\n<p>Porque o verdadeiro matrim\u00f4nio exclui precisamente a ideia de provisoriedade. N\u00e3o pode existir uma entrega total enquanto se deixa aberta a porta de sa\u00edda.<\/p>\n\n\n\n<p>O amor aut\u00eantico n\u00e3o diz:<\/p>\n\n\n\n<p>\u201cFico enquanto funcionar.\u201d<\/p>\n\n\n\n<p>Ele diz:<\/p>\n\n\n\n<p>\u201cEntrego-me para sempre.\u201d<\/p>\n\n\n\n<p>Quando um casal vive junto \u201cexperimentando\u201d, na realidade n\u00e3o est\u00e1 construindo sobre a rocha, mas sobre a possibilidade permanente de ruptura.<\/p>\n\n\n\n<p>Isso enfraquece o amor desde a sua raiz.<\/p>\n\n\n\n<p>N\u00e3o se testa uma pessoa como se fosse um produto. O amor n\u00e3o se ensaia: ele se decide.<\/p>\n\n\n\n<h2 class=\"wp-block-heading\">As uni\u00f5es livres: conviv\u00eancia sem compromisso<\/h2>\n\n\n\n<p>Outra realidade cada vez mais frequente s\u00e3o as chamadas uni\u00f5es livres.<\/p>\n\n\n\n<p>Aqui n\u00e3o existe sequer uma inten\u00e7\u00e3o clara de matrim\u00f4nio futuro. Um homem e uma mulher simplesmente decidem viver juntos sem assumir qualquer compromisso est\u00e1vel.<\/p>\n\n\n\n<p>As causas podem ser muitas:<\/p>\n\n\n\n<ul class=\"wp-block-list\">\n<li>problemas econ\u00f4micos<\/li>\n\n\n\n<li>ambientes culturais secularizados<\/li>\n\n\n\n<li>medo do compromisso<\/li>\n\n\n\n<li>imaturidade afetiva<\/li>\n\n\n\n<li>feridas familiares anteriores<\/li>\n\n\n\n<li>busca desordenada do prazer<\/li>\n\n\n\n<li>rejei\u00e7\u00e3o ideol\u00f3gica do matrim\u00f4nio<\/li>\n<\/ul>\n\n\n\n<p>Mas, no fundo, geralmente existe uma grande dificuldade: n\u00e3o querer assumir a responsabilidade de formar uma verdadeira fam\u00edlia.<\/p>\n\n\n\n<p>A liberdade mal compreendida leva a pensar que comprometer-se significa perder autonomia, quando, na realidade, o amor maduro exige precisamente a capacidade de doar-se.<\/p>\n\n\n\n<p>Sem compromisso n\u00e3o h\u00e1 alian\u00e7a. Sem alian\u00e7a n\u00e3o h\u00e1 fam\u00edlia s\u00f3lida.<\/p>\n\n\n\n<h2 class=\"wp-block-heading\">Como evitar essas situa\u00e7\u00f5es?<\/h2>\n\n\n\n<p>N\u00e3o basta condenar. \u00c9 preciso formar.<\/p>\n\n\n\n<p>A solu\u00e7\u00e3o n\u00e3o est\u00e1 simplesmente em repetir normas, mas em educar o cora\u00e7\u00e3o.<\/p>\n\n\n\n<p>\u00c9 necess\u00e1rio:<\/p>\n\n\n\n<ul class=\"wp-block-list\">\n<li>ensinar aos jovens o valor da fidelidade<\/li>\n\n\n\n<li>mostrar a beleza do matrim\u00f4nio crist\u00e3o<\/li>\n\n\n\n<li>apresentar a fam\u00edlia como voca\u00e7\u00e3o e n\u00e3o como peso<\/li>\n\n\n\n<li>curar feridas afetivas<\/li>\n\n\n\n<li>acompanhar desde a adolesc\u00eancia<\/li>\n\n\n\n<li>fortalecer a forma\u00e7\u00e3o espiritual e moral<\/li>\n<\/ul>\n\n\n\n<p>Muitos rejeitam o matrim\u00f4nio n\u00e3o porque o compreendem e o negam, mas porque nunca lhes foi mostrada a sua verdadeira grandeza.<\/p>\n\n\n\n<p>A pastoral familiar deve come\u00e7ar muito antes do casamento.<\/p>\n\n\n\n<h2 class=\"wp-block-heading\">Os cat\u00f3licos unidos apenas pelo matrim\u00f4nio civil<\/h2>\n\n\n\n<p>Aqui devemos distinguir dois casos muito diferentes.<\/p>\n\n\n\n<h3 class=\"wp-block-heading\">Aqueles que nunca receberam o sacramento<\/h3>\n\n\n\n<p>S\u00e3o pessoas batizadas que se casaram apenas civilmente.<\/p>\n\n\n\n<p>A sua situa\u00e7\u00e3o \u00e9 diferente das uni\u00f5es livres porque, ao menos, aceitam certas obriga\u00e7\u00f5es pr\u00f3prias do matrim\u00f4nio: estabilidade, responsabilidade e reconhecimento p\u00fablico.<\/p>\n\n\n\n<p>No entanto, entre cat\u00f3licos, o \u00fanico matrim\u00f4nio v\u00e1lido e l\u00edcito \u00e9 o sacramental.<\/p>\n\n\n\n<p>Por isso, a Igreja os encoraja a regularizar a sua situa\u00e7\u00e3o recebendo o sacramento do matrim\u00f4nio.<\/p>\n\n\n\n<p>N\u00e3o como um simples \u201cprocedimento religioso\u201d, mas como uma verdadeira consagra\u00e7\u00e3o do seu lar a Deus.<\/p>\n\n\n\n<p>Enquanto essa situa\u00e7\u00e3o perdurar, n\u00e3o podem ter pleno acesso aos sacramentos.<\/p>\n\n\n\n<p>N\u00e3o se trata de castigo, mas de coer\u00eancia entre a f\u00e9 professada e a vida vivida.<\/p>\n\n\n\n<h3 class=\"wp-block-heading\">Aqueles que j\u00e1 eram casados sacramentalmente e depois se casaram civilmente<\/h3>\n\n\n\n<p>Aqui a situa\u00e7\u00e3o \u00e9 mais grave, porque existe um v\u00ednculo matrimonial anterior que permanece v\u00e1lido enquanto a sua nulidade n\u00e3o for comprovada.<\/p>\n\n\n\n<p>A Igreja n\u00e3o pode reconhecer uma segunda uni\u00e3o enquanto a primeira permanece.<\/p>\n\n\n\n<p>N\u00e3o porque falte compaix\u00e3o, mas porque Cristo foi absolutamente claro sobre a indissolubilidade do matrim\u00f4nio.<\/p>\n\n\n\n<h2 class=\"wp-block-heading\">Um cat\u00f3lico pode se separar?<\/h2>\n\n\n\n<p>Sim. E isso \u00e9 importante esclarecer.<\/p>\n\n\n\n<p>A Igreja n\u00e3o obriga ningu\u00e9m a permanecer vivendo junto quando existe verdadeiro perigo ou grave injusti\u00e7a.<\/p>\n\n\n\n<p>Nos casos de:<\/p>\n\n\n\n<ul class=\"wp-block-list\">\n<li>viol\u00eancia<\/li>\n\n\n\n<li>grave infidelidade<\/li>\n\n\n\n<li>abandono<\/li>\n\n\n\n<li>corrup\u00e7\u00e3o moral dos filhos<\/li>\n\n\n\n<li>situa\u00e7\u00f5es seriamente destrutivas<\/li>\n<\/ul>\n\n\n\n<p>o c\u00f4njuge inocente pode pedir licitamente a separa\u00e7\u00e3o.<\/p>\n\n\n\n<p>N\u00e3o se trata de romper o v\u00ednculo sacramental, mas de proteger a dignidade, a seguran\u00e7a e o bem dos filhos.<\/p>\n\n\n\n<p>Separar-se nem sempre significa pecar.<\/p>\n\n\n\n<p>\u00c0s vezes \u00e9 um ato de prud\u00eancia e justi\u00e7a.<\/p>\n\n\n\n<p>Ainda assim, conv\u00e9m sempre buscar o conselho de um sacerdote prudente e experiente.<\/p>\n\n\n\n<h2 class=\"wp-block-heading\">Divorciados e recasados: uma ferida profunda<\/h2>\n\n\n\n<p>Este \u00e9 um dos temas pastorais mais delicados.<\/p>\n\n\n\n<p>Jesus foi muito claro:<\/p>\n\n\n\n<p>\u201cQuem repudia sua mulher e se une a outra comete adult\u00e9rio.\u201d<\/p>\n\n\n\n<p>N\u00e3o \u00e9 uma afirma\u00e7\u00e3o cultural nem disciplinar: \u00e9 a palavra do Senhor.<\/p>\n\n\n\n<p>Por isso, quando uma pessoa divorciada contrai uma nova uni\u00e3o civil enquanto o primeiro v\u00ednculo sacramental permanece v\u00e1lido, a Igreja n\u00e3o pode reconhecer essa segunda uni\u00e3o como verdadeiro matrim\u00f4nio.<\/p>\n\n\n\n<p>Isso n\u00e3o significa rejei\u00e7\u00e3o da pessoa.<\/p>\n\n\n\n<p>Significa fidelidade a Cristo.<\/p>\n\n\n\n<h2 class=\"wp-block-heading\">Que caminhos existem?<\/h2>\n\n\n\n<p>A Igreja convida essas pessoas a buscarem solu\u00e7\u00f5es reais:<\/p>\n\n\n\n<h3 class=\"wp-block-heading\">Investigar uma poss\u00edvel nulidade<\/h3>\n\n\n\n<p>N\u00e3o se trata de \u201canular\u201d um matrim\u00f4nio v\u00e1lido, mas de verificar se ele realmente existiu desde o princ\u00edpio.<\/p>\n\n\n\n<p>Se faltou verdadeiro consentimento, liberdade suficiente ou elementos essenciais, a nulidade poderia ser declarada.<\/p>\n\n\n\n<h3 class=\"wp-block-heading\">Tentar a reconcilia\u00e7\u00e3o<\/h3>\n\n\n\n<p>Quando poss\u00edvel, reconstruir o primeiro matrim\u00f4nio continua sendo um ideal profundamente crist\u00e3o.<\/p>\n\n\n\n<h3 class=\"wp-block-heading\">Viver em contin\u00eancia<\/h3>\n\n\n\n<p>Se existem deveres s\u00e9rios \u2014 especialmente por causa dos filhos \u2014 e a segunda conviv\u00eancia n\u00e3o pode ser dissolvida, a Igreja prop\u00f5e viver como irm\u00e3o e irm\u00e3, isto \u00e9, sem rela\u00e7\u00f5es conjugais.<\/p>\n\n\n\n<p>Nesse caso, evitando tamb\u00e9m o esc\u00e2ndalo p\u00fablico, poderia haver acesso aos sacramentos.<\/p>\n\n\n\n<p>Esse ensinamento pode parecer exigente, mas o Evangelho nunca foi um desconto moral: sempre foi um chamado \u00e0 santidade.<\/p>\n\n\n\n<h2 class=\"wp-block-heading\">Est\u00e3o fora da Igreja?<\/h2>\n\n\n\n<p>De modo algum.<\/p>\n\n\n\n<p>Isso deve ser repetido com clareza.<\/p>\n\n\n\n<p>As pessoas divorciadas e recasadas n\u00e3o est\u00e3o excomungadas nem expulsas da Igreja.<\/p>\n\n\n\n<p>Continuam sendo filhos de Deus e membros do Povo de Deus.<\/p>\n\n\n\n<p>Podem e devem:<\/p>\n\n\n\n<ul class=\"wp-block-list\">\n<li>rezar<\/li>\n\n\n\n<li>ouvir a Palavra de Deus<\/li>\n\n\n\n<li>participar da Santa Missa<\/li>\n\n\n\n<li>praticar a caridade<\/li>\n\n\n\n<li>educar crist\u00e3mente os seus filhos<\/li>\n\n\n\n<li>viver a penit\u00eancia<\/li>\n\n\n\n<li>participar da vida eclesial segundo a sua situa\u00e7\u00e3o<\/li>\n<\/ul>\n\n\n\n<p>A Igreja n\u00e3o fecha as suas portas.<\/p>\n\n\n\n<p>Mas tamb\u00e9m n\u00e3o pode chamar de bem aquilo que objetivamente contradiz o Evangelho.<\/p>\n\n\n\n<p>A verdadeira miseric\u00f3rdia nunca mente.<\/p>\n\n\n\n<h2 class=\"wp-block-heading\">Aqueles que n\u00e3o t\u00eam fam\u00edlia: um chamado especial da Igreja<\/h2>\n\n\n\n<p>Existem tamb\u00e9m pessoas que n\u00e3o t\u00eam fam\u00edlia: solteiros involunt\u00e1rios, vi\u00favos, pessoas abandonadas, idosos solit\u00e1rios, pessoas marginalizadas, \u00f3rf\u00e3os, aqueles que carregam profundas solid\u00f5es.<\/p>\n\n\n\n<p>A Igreja olha para todos eles com especial afeto.<\/p>\n\n\n\n<p>S\u00e3o Jo\u00e3o Paulo II insistia para que a Igreja abrisse ainda mais as suas portas \u00e0queles que n\u00e3o t\u00eam fam\u00edlia, porque a pr\u00f3pria Igreja deve ser fam\u00edlia.<\/p>\n\n\n\n<p>A par\u00f3quia n\u00e3o pode ser apenas um lugar de culto.<\/p>\n\n\n\n<p>Deve ser casa.<\/p>\n\n\n\n<p>Deve ser abra\u00e7o.<\/p>\n\n\n\n<p>Deve ser ref\u00fagio.<\/p>\n\n\n\n<p>Cristo tinha uma imensa sensibilidade para com os solit\u00e1rios, os cansados e os rejeitados.<\/p>\n\n\n\n<p>A Igreja n\u00e3o pode fazer menos.<\/p>\n\n\n\n<h2 class=\"wp-block-heading\">Verdade e miseric\u00f3rdia: nunca separ\u00e1-las<\/h2>\n\n\n\n<p>Um dos maiores erros atuais \u00e9 opor verdade e miseric\u00f3rdia.<\/p>\n\n\n\n<p>Como se dizer a verdade fosse falta de amor.<\/p>\n\n\n\n<p>Como se a miseric\u00f3rdia consistisse em negar o pecado.<\/p>\n\n\n\n<p>N\u00e3o.<\/p>\n\n\n\n<p>Cristo disse \u00e0 mulher ad\u00faltera:<\/p>\n\n\n\n<p>\u201cEu tamb\u00e9m n\u00e3o te condeno.\u201d<\/p>\n\n\n\n<p>Mas acrescentou:<\/p>\n\n\n\n<p>\u201cVai e n\u00e3o peques mais.\u201d<\/p>\n\n\n\n<p>A\u00ed est\u00e1 toda a pastoral cat\u00f3lica.<\/p>\n\n\n\n<p>Acolher, sim.<\/p>\n\n\n\n<p>Justificar o erro, n\u00e3o.<\/p>\n\n\n\n<p>Acompanhar, sim.<\/p>\n\n\n\n<p>Renunciar \u00e0 verdade, nunca.<\/p>\n\n\n\n<h2 class=\"wp-block-heading\">A fam\u00edlia continua sendo esperan\u00e7a<\/h2>\n\n\n\n<p>Embora vivamos tempos dif\u00edceis, a fam\u00edlia continua sendo o grande campo de batalha espiritual do nosso tempo.<\/p>\n\n\n\n<p>Satan\u00e1s ataca a fam\u00edlia porque sabe que ali se formam a alma, a f\u00e9 e o futuro da Igreja.<\/p>\n\n\n\n<p>Por isso, defender o matrim\u00f4nio n\u00e3o \u00e9 uma obsess\u00e3o moralista, mas uma urg\u00eancia espiritual.<\/p>\n\n\n\n<p>Cada lar santo \u00e9 uma vit\u00f3ria do C\u00e9u.<\/p>\n\n\n\n<p>Cada matrim\u00f4nio fiel \u00e9 uma prega\u00e7\u00e3o silenciosa.<\/p>\n\n\n\n<p>Cada reconcilia\u00e7\u00e3o familiar \u00e9 uma derrota do inferno.<\/p>\n\n\n\n<h2 class=\"wp-block-heading\">Conclus\u00e3o: ningu\u00e9m est\u00e1 perdido<\/h2>\n\n\n\n<p>Se algu\u00e9m l\u00ea isto a partir de uma situa\u00e7\u00e3o dif\u00edcil, deve saber algo importante: a Igreja n\u00e3o o abandona.<\/p>\n\n\n\n<p>Nunca.<\/p>\n\n\n\n<p>Pode haver pecado.<\/p>\n\n\n\n<p>Pode haver feridas.<\/p>\n\n\n\n<p>Pode haver erros graves.<\/p>\n\n\n\n<p>Mas a possibilidade de voltar para Deus nunca desaparece.<\/p>\n\n\n\n<p>Sempre existe um caminho.<\/p>\n\n\n\n<p>Sempre h\u00e1 uma porta aberta.<\/p>\n\n\n\n<p>Sempre h\u00e1 gra\u00e7a suficiente.<\/p>\n\n\n\n<p>A Igreja n\u00e3o \u00e9 um museu de perfeitos.<\/p>\n\n\n\n<p>\u00c9 um hospital para pecadores.<\/p>\n\n\n\n<p>Mas precisamente por isso, ela n\u00e3o pode deixar de chamar a ferida de doen\u00e7a, nem chamar de rem\u00e9dio aquilo que mata.<\/p>\n\n\n\n<p>A verdade salva.<\/p>\n\n\n\n<p>A gra\u00e7a transforma.<\/p>\n\n\n\n<p>E a fam\u00edlia, mesmo ferida, continua sendo terra sagrada onde Deus quer realizar milagres.<\/p>\n","protected":false},"excerpt":{"rendered":"<p>Vivemos numa \u00e9poca em que falar da fam\u00edlia se tornou cada vez mais complexo. Aquilo que durante s\u00e9culos parecia claro, hoje aparece envolvido em d\u00favidas, feridas, rupturas e novas formas de conviv\u00eancia que desafiam profundamente a vis\u00e3o crist\u00e3 do matrim\u00f4nio. Muitos cat\u00f3licos se perguntam: o que a Igreja realmente diz sobre as situa\u00e7\u00f5es familiares irregulares? &hellip;<\/p>\n","protected":false},"author":3,"featured_media":5833,"comment_status":"closed","ping_status":"closed","sticky":false,"template":"","format":"standard","meta":{"_seopress_robots_primary_cat":"","_seopress_titles_title":"","_seopress_titles_desc":"","_seopress_robots_index":"","footnotes":""},"categories":[55,39],"tags":[1962],"class_list":["post-5831","post","type-post","status-publish","format-standard","has-post-thumbnail","","category-familia-e-matrimonio","category-moral-e-vida-crista","tag-situacoes-irregulares"],"_links":{"self":[{"href":"https:\/\/catholicus.eu\/pt\/wp-json\/wp\/v2\/posts\/5831","targetHints":{"allow":["GET"]}}],"collection":[{"href":"https:\/\/catholicus.eu\/pt\/wp-json\/wp\/v2\/posts"}],"about":[{"href":"https:\/\/catholicus.eu\/pt\/wp-json\/wp\/v2\/types\/post"}],"author":[{"embeddable":true,"href":"https:\/\/catholicus.eu\/pt\/wp-json\/wp\/v2\/users\/3"}],"replies":[{"embeddable":true,"href":"https:\/\/catholicus.eu\/pt\/wp-json\/wp\/v2\/comments?post=5831"}],"version-history":[{"count":1,"href":"https:\/\/catholicus.eu\/pt\/wp-json\/wp\/v2\/posts\/5831\/revisions"}],"predecessor-version":[{"id":5834,"href":"https:\/\/catholicus.eu\/pt\/wp-json\/wp\/v2\/posts\/5831\/revisions\/5834"}],"wp:featuredmedia":[{"embeddable":true,"href":"https:\/\/catholicus.eu\/pt\/wp-json\/wp\/v2\/media\/5833"}],"wp:attachment":[{"href":"https:\/\/catholicus.eu\/pt\/wp-json\/wp\/v2\/media?parent=5831"}],"wp:term":[{"taxonomy":"category","embeddable":true,"href":"https:\/\/catholicus.eu\/pt\/wp-json\/wp\/v2\/categories?post=5831"},{"taxonomy":"post_tag","embeddable":true,"href":"https:\/\/catholicus.eu\/pt\/wp-json\/wp\/v2\/tags?post=5831"}],"curies":[{"name":"wp","href":"https:\/\/api.w.org\/{rel}","templated":true}]}}