{"id":5828,"date":"2026-04-28T09:57:18","date_gmt":"2026-04-28T07:57:18","guid":{"rendered":"https:\/\/catholicus.eu\/pt\/?p=5828"},"modified":"2026-04-28T09:57:18","modified_gmt":"2026-04-28T07:57:18","slug":"as-criancas-o-maior-tesouro-confiado-por-deus-a-familia","status":"publish","type":"post","link":"https:\/\/catholicus.eu\/pt\/as-criancas-o-maior-tesouro-confiado-por-deus-a-familia\/","title":{"rendered":"As crian\u00e7as: O maior tesouro confiado por Deus \u00e0 fam\u00edlia"},"content":{"rendered":"\n<h2 class=\"wp-block-heading\">Prote\u00e7\u00e3o, educa\u00e7\u00e3o, dignidade e miss\u00e3o crist\u00e3 em um mundo que parece ter esquecido o seu valor<\/h2>\n\n\n\n<p>Vivemos em uma \u00e9poca paradoxal. Nunca se falou tanto sobre os \u201cdireitos das crian\u00e7as\u201d, e, no entanto, raramente as crian\u00e7as estiveram t\u00e3o expostas \u00e0 confus\u00e3o moral, \u00e0 desintegra\u00e7\u00e3o familiar, \u00e0 manipula\u00e7\u00e3o ideol\u00f3gica na educa\u00e7\u00e3o e ao abandono espiritual.<\/p>\n\n\n\n<p>S\u00e3o protegidas fisicamente, mas muitas vezes feridas na alma.<br>Prioriza-se o seu entretenimento, mas negligencia-se a sua forma\u00e7\u00e3o.<br>D\u00e1-se a elas tecnologia, mas nem sempre verdade.<br>Oferece-se conforto, mas n\u00e3o necessariamente virtude.<\/p>\n\n\n\n<p>E aqui surge uma pergunta decisiva para toda sociedade verdadeiramente humana:<\/p>\n\n\n\n<h2 class=\"wp-block-heading\">Do que uma crian\u00e7a realmente precisa?<\/h2>\n\n\n\n<p>A resposta crist\u00e3 \u00e9 clara, profunda e revolucion\u00e1ria:<\/p>\n\n\n\n<p><strong>Uma crian\u00e7a precisa de fam\u00edlia, amor, prote\u00e7\u00e3o, educa\u00e7\u00e3o e Deus.<\/strong><\/p>\n\n\n\n<p>N\u00e3o basta aliment\u00e1-la ou vesti-la.<br>N\u00e3o basta coloc\u00e1-la na escola.<br>N\u00e3o basta simplesmente \u201cdeix\u00e1-la ser\u201d.<\/p>\n\n\n\n<p>Uma crian\u00e7a precisa ser formada integralmente: corpo, intelig\u00eancia, vontade, emo\u00e7\u00f5es e alma.<\/p>\n\n\n\n<p>Porque cada crian\u00e7a n\u00e3o \u00e9 apenas um futuro adulto.<br>Ela j\u00e1 \u00e9, agora mesmo, uma pessoa criada \u00e0 imagem de Deus, com uma voca\u00e7\u00e3o eterna.<\/p>\n\n\n\n<hr class=\"wp-block-separator has-alpha-channel-opacity\"\/>\n\n\n\n<h1 class=\"wp-block-heading\">I. A crian\u00e7a: Um dom de Deus, n\u00e3o um produto humano<\/h1>\n\n\n\n<p>A vis\u00e3o crist\u00e3 come\u00e7a aqui:<\/p>\n\n\n\n<h2 class=\"wp-block-heading\">Toda crian\u00e7a \u00e9 querida por Deus.<\/h2>\n\n\n\n<p>Uma crian\u00e7a n\u00e3o \u00e9 um acidente biol\u00f3gico.<br>Nem um peso social.<br>Nem um objeto do desejo adulto.<br>Nem propriedade de seus pais.<\/p>\n\n\n\n<p>Cada crian\u00e7a \u00e9 uma criatura \u00fanica, irrepet\u00edvel e imortal.<\/p>\n\n\n\n<p>A alma de cada crian\u00e7a foi criada diretamente por Deus com um destino sobrenatural.<\/p>\n\n\n\n<p>Por isso Cristo demonstrou uma ternura singular pelos pequenos:<\/p>\n\n\n\n<p><strong>\u201cDeixai vir a Mim as criancinhas e n\u00e3o as impe\u00e7ais, porque delas \u00e9 o Reino dos C\u00e9us\u201d (Mt 19,14).<\/strong><\/p>\n\n\n\n<p>Essa frase destr\u00f3i toda vis\u00e3o utilitarista da inf\u00e2ncia.<\/p>\n\n\n\n<p>O valor de uma crian\u00e7a n\u00e3o vem de sua produtividade.<br>O valor de uma crian\u00e7a vem daquilo que ela \u00e9 diante de Deus.<\/p>\n\n\n\n<hr class=\"wp-block-separator has-alpha-channel-opacity\"\/>\n\n\n\n<h1 class=\"wp-block-heading\">II. O que as crian\u00e7as devem encontrar em suas fam\u00edlias?<\/h1>\n\n\n\n<h2 class=\"wp-block-heading\">1. Prote\u00e7\u00e3o: Um ref\u00fagio em um mundo ferido<\/h2>\n\n\n\n<p>A fam\u00edlia deve ser o primeiro santu\u00e1rio.<\/p>\n\n\n\n<p>Uma crian\u00e7a precisa de seguran\u00e7a f\u00edsica, sim, mas tamb\u00e9m de:<\/p>\n\n\n\n<ul class=\"wp-block-list\">\n<li>Seguran\u00e7a emocional<\/li>\n\n\n\n<li>Seguran\u00e7a moral<\/li>\n\n\n\n<li>Seguran\u00e7a espiritual<\/li>\n<\/ul>\n\n\n\n<p>Os pais n\u00e3o s\u00e3o meros provedores.<br>S\u00e3o guardi\u00f5es.<\/p>\n\n\n\n<p>Hoje existem novas amea\u00e7as:<\/p>\n\n\n\n<ul class=\"wp-block-list\">\n<li>Exposi\u00e7\u00e3o precoce \u00e0 pornografia<\/li>\n\n\n\n<li>Ideologias anticrist\u00e3s<\/li>\n\n\n\n<li>Hipersexualiza\u00e7\u00e3o<\/li>\n\n\n\n<li>Cultura do relativismo<\/li>\n\n\n\n<li>Tecnologia sem limites<\/li>\n<\/ul>\n\n\n\n<p>Portanto, proteger j\u00e1 n\u00e3o significa apenas \u201cmant\u00ea-la aquecida\u201d.<\/p>\n\n\n\n<p>Significa guardar a inoc\u00eancia.<\/p>\n\n\n\n<p>A inoc\u00eancia n\u00e3o \u00e9 ignor\u00e2ncia;<br>\u00e9 pureza interior, capacidade para a verdade e abertura ao bem.<\/p>\n\n\n\n<p>Perd\u00ea-la prematuramente \u00e9 uma forma de viol\u00eancia.<\/p>\n\n\n\n<hr class=\"wp-block-separator has-alpha-channel-opacity\"\/>\n\n\n\n<h2 class=\"wp-block-heading\">2. Cuidado: Amar concretamente e com sacrif\u00edcio<\/h2>\n\n\n\n<p>O verdadeiro amor familiar n\u00e3o consiste apenas em sentimentos.<\/p>\n\n\n\n<p>Consiste em presen\u00e7a.<\/p>\n\n\n\n<p>As crian\u00e7as precisam de:<\/p>\n\n\n\n<ul class=\"wp-block-list\">\n<li>Tempo<\/li>\n\n\n\n<li>Escuta<\/li>\n\n\n\n<li>Corre\u00e7\u00e3o<\/li>\n\n\n\n<li>Ternura<\/li>\n\n\n\n<li>Exemplo<\/li>\n<\/ul>\n\n\n\n<p>Muitos pais acreditam que amam profundamente porque trabalham arduamente por seus filhos.<br>Mas muitas vezes uma crian\u00e7a trocaria brinquedos por aten\u00e7\u00e3o.<\/p>\n\n\n\n<p>A aus\u00eancia afetiva deixa feridas profundas.<\/p>\n\n\n\n<p>Uma crian\u00e7a precisa saber que \u00e9 amada n\u00e3o por suas conquistas, mas por sua pr\u00f3pria exist\u00eancia.<\/p>\n\n\n\n<p>\u00c9 assim que Deus ama.<\/p>\n\n\n\n<hr class=\"wp-block-separator has-alpha-channel-opacity\"\/>\n\n\n\n<h2 class=\"wp-block-heading\">3. Educa\u00e7\u00e3o: Formar a alma, n\u00e3o apenas instruir a mente<\/h2>\n\n\n\n<p>Aqui est\u00e1 uma das maiores crises modernas.<\/p>\n\n\n\n<p>Educar n\u00e3o significa apenas ensinar matem\u00e1tica ou idiomas.<\/p>\n\n\n\n<p>Educar vem de <em>educere<\/em>: \u201cconduzir para fora\u201d, ajudar a fazer emergir o melhor da alma.<\/p>\n\n\n\n<h2 class=\"wp-block-heading\">Educar crist\u00e3mente significa ensinar:<\/h2>\n\n\n\n<ul class=\"wp-block-list\">\n<li>A distinguir o bem do mal<\/li>\n\n\n\n<li>A dominar impulsos<\/li>\n\n\n\n<li>A dizer a verdade<\/li>\n\n\n\n<li>A respeitar a autoridade leg\u00edtima<\/li>\n\n\n\n<li>A rezar<\/li>\n\n\n\n<li>A amar a Deus<\/li>\n\n\n\n<li>A servir aos outros<\/li>\n<\/ul>\n\n\n\n<p>Sem isso, pode haver forma\u00e7\u00e3o t\u00e9cnica, mas n\u00e3o verdadeira educa\u00e7\u00e3o.<\/p>\n\n\n\n<p>Uma sociedade pode produzir profissionais brilhantes\u2026<br>e, ao mesmo tempo, cidad\u00e3os moralmente destru\u00eddos.<\/p>\n\n\n\n<hr class=\"wp-block-separator has-alpha-channel-opacity\"\/>\n\n\n\n<h1 class=\"wp-block-heading\">III. A educa\u00e7\u00e3o: Uma das miss\u00f5es mais sublimes da pessoa humana<\/h1>\n\n\n\n<h2 class=\"wp-block-heading\">\u201cFormar bem a alma de um jovem \u00e9 uma das tarefas mais transcendentes que uma pessoa pode realizar.\u201d<\/h2>\n\n\n\n<p>Isso n\u00e3o \u00e9 exagero.<br>\u00c9 uma verdade civilizacional.<\/p>\n\n\n\n<p>Quem educa coopera com Deus.<\/p>\n\n\n\n<p>Os pais participam do poder criador divino n\u00e3o apenas ao dar vida f\u00edsica, mas ao conduzir essa vida \u00e0 sua plenitude.<\/p>\n\n\n\n<hr class=\"wp-block-separator has-alpha-channel-opacity\"\/>\n\n\n\n<h2 class=\"wp-block-heading\">1. Educar exige sacrif\u00edcio<\/h2>\n\n\n\n<p>Ser verdadeiramente pai ou m\u00e3e n\u00e3o \u00e9 apenas biologia:<br>\u00e9 uma voca\u00e7\u00e3o de entrega.<\/p>\n\n\n\n<p>Educar implica:<\/p>\n\n\n\n<ul class=\"wp-block-list\">\n<li>Renunciar ao conforto<\/li>\n\n\n\n<li>Repetir corre\u00e7\u00f5es mil vezes<\/li>\n\n\n\n<li>Dar exemplo mesmo quando \u00e9 dif\u00edcil<\/li>\n\n\n\n<li>Sustentar a disciplina<\/li>\n\n\n\n<li>Lutar contra influ\u00eancias externas nocivas<\/li>\n<\/ul>\n\n\n\n<p>A paci\u00eancia dos pais \u00e9 uma forma de mart\u00edrio cotidiano.<\/p>\n\n\n\n<p>Mas tamb\u00e9m de santifica\u00e7\u00e3o.<\/p>\n\n\n\n<hr class=\"wp-block-separator has-alpha-channel-opacity\"\/>\n\n\n\n<h2 class=\"wp-block-heading\">2. O exemplo educa mais do que discursos<\/h2>\n\n\n\n<p>As crian\u00e7as escutam\u2026<br>mas, acima de tudo, observam.<\/p>\n\n\n\n<p>Se um pai fala de ora\u00e7\u00e3o, mas nunca reza, ensina hipocrisia.<br>Se uma m\u00e3e fala de pureza, mas mina a dignidade, ensina contradi\u00e7\u00e3o.<\/p>\n\n\n\n<p>As crian\u00e7as aprendem o amor vendo como seus pais se amam.<br>Aprendem o perd\u00e3o vendo o perd\u00e3o.<br>Aprendem a f\u00e9 vendo a f\u00e9.<\/p>\n\n\n\n<p>A primeira catequese n\u00e3o est\u00e1 na sala de aula.<br>Est\u00e1 em casa.<\/p>\n\n\n\n<hr class=\"wp-block-separator has-alpha-channel-opacity\"\/>\n\n\n\n<h1 class=\"wp-block-heading\">IV. Filhos nascidos fora do matrim\u00f4nio: Justi\u00e7a, responsabilidade e reden\u00e7\u00e3o<\/h1>\n\n\n\n<p>Vivemos em uma cultura que normaliza decis\u00f5es adultas sem medir suas consequ\u00eancias para as crian\u00e7as.<\/p>\n\n\n\n<p>A doutrina moral crist\u00e3 nos recorda algo essencial:<\/p>\n\n\n\n<h2 class=\"wp-block-heading\">Uma crian\u00e7a nunca \u00e9 culpada pelas circunst\u00e2ncias de sua concep\u00e7\u00e3o.<\/h2>\n\n\n\n<p>Nunca.<\/p>\n\n\n\n<p>Sua dignidade permanece intacta.<\/p>\n\n\n\n<p>Ela deve ser amada, protegida e educada com plena justi\u00e7a.<\/p>\n\n\n\n<hr class=\"wp-block-separator has-alpha-channel-opacity\"\/>\n\n\n\n<h2 class=\"wp-block-heading\">1. A responsabilidade dos pais<\/h2>\n\n\n\n<p>Quando um filho foi concebido fora do matrim\u00f4nio, o dever moral n\u00e3o desaparece:<\/p>\n\n\n\n<ul class=\"wp-block-list\">\n<li>Responsabilidade econ\u00f4mica<\/li>\n\n\n\n<li>Presen\u00e7a afetiva<\/li>\n\n\n\n<li>Educa\u00e7\u00e3o moral<\/li>\n\n\n\n<li>Exemplo de retifica\u00e7\u00e3o<\/li>\n<\/ul>\n\n\n\n<p>N\u00e3o basta \u201creconhecer\u201d a crian\u00e7a; \u00e9 preciso assumir responsabilidade.<\/p>\n\n\n\n<p>O pecado dos adultos n\u00e3o deve transformar-se em abandono da crian\u00e7a.<\/p>\n\n\n\n<hr class=\"wp-block-separator has-alpha-channel-opacity\"\/>\n\n\n\n<h2 class=\"wp-block-heading\">2. A retifica\u00e7\u00e3o tamb\u00e9m educa<\/h2>\n\n\n\n<p>Se houve erro, a resposta crist\u00e3 n\u00e3o \u00e9 desespero, mas convers\u00e3o.<\/p>\n\n\n\n<p>Os pais podem ensinar at\u00e9 mesmo a partir de sua fragilidade, mostrando arrependimento, responsabilidade e desejo de ordem.<\/p>\n\n\n\n<p>A miseric\u00f3rdia n\u00e3o nega a verdade:<br>O ideal continua sendo que toda crian\u00e7a cres\u00e7a em uma fam\u00edlia est\u00e1vel fundada no matrim\u00f4nio.<\/p>\n\n\n\n<p>Porque a crian\u00e7a tem direito, por justi\u00e7a, \u00e0 maior estabilidade poss\u00edvel.<\/p>\n\n\n\n<hr class=\"wp-block-separator has-alpha-channel-opacity\"\/>\n\n\n\n<h1 class=\"wp-block-heading\">V. Um matrim\u00f4nio sem filhos fracassou?<\/h1>\n\n\n\n<p>Aqui \u00e9 necess\u00e1rio corrigir uma vis\u00e3o superficial.<\/p>\n\n\n\n<h2 class=\"wp-block-heading\">N\u00e3o.<\/h2>\n\n\n\n<p>A infertilidade n\u00e3o anula a dignidade matrimonial.<\/p>\n\n\n\n<p>O matrim\u00f4nio n\u00e3o se reduz \u00e0 biologia.<\/p>\n\n\n\n<p>Sua ess\u00eancia permanece em:<\/p>\n\n\n\n<ul class=\"wp-block-list\">\n<li>Amor fiel<\/li>\n\n\n\n<li>Entrega m\u00fatua<\/li>\n\n\n\n<li>Santifica\u00e7\u00e3o rec\u00edproca<\/li>\n\n\n\n<li>Servi\u00e7o<\/li>\n<\/ul>\n\n\n\n<hr class=\"wp-block-separator has-alpha-channel-opacity\"\/>\n\n\n\n<h2 class=\"wp-block-heading\">1. O sofrimento da infertilidade<\/h2>\n\n\n\n<p>Pode ser uma cruz profunda.<br>E deve ser tratado com compaix\u00e3o, nunca com julgamento cruel.<\/p>\n\n\n\n<p>Mas a cruz tamb\u00e9m pode tornar-se fecundidade espiritual.<\/p>\n\n\n\n<hr class=\"wp-block-separator has-alpha-channel-opacity\"\/>\n\n\n\n<h2 class=\"wp-block-heading\">2. Outras formas de fecundidade<\/h2>\n\n\n\n<p>Muitos matrim\u00f4nios sem filhos tornam-se:<\/p>\n\n\n\n<ul class=\"wp-block-list\">\n<li>Pais adotivos<\/li>\n\n\n\n<li>Educadores<\/li>\n\n\n\n<li>Protetores<\/li>\n\n\n\n<li>Catequistas<\/li>\n\n\n\n<li>Benfeitores<\/li>\n<\/ul>\n\n\n\n<p>A hist\u00f3ria da Igreja est\u00e1 repleta de matrim\u00f4nios cuja fecundidade ultrapassou o sangue.<\/p>\n\n\n\n<p>Porque gerar corpos \u00e9 imenso.<br>Mas ajudar a salvar almas tamb\u00e9m \u00e9.<\/p>\n\n\n\n<hr class=\"wp-block-separator has-alpha-channel-opacity\"\/>\n\n\n\n<h1 class=\"wp-block-heading\">VI. A guerra moderna contra a inf\u00e2ncia<\/h1>\n\n\n\n<p>Hoje muitos ataques contra as crian\u00e7as n\u00e3o parecem ataques.<\/p>\n\n\n\n<p>S\u00e3o apresentados como progresso.<\/p>\n\n\n\n<p>Mas o discernimento \u00e9 necess\u00e1rio:<\/p>\n\n\n\n<h2 class=\"wp-block-heading\">Quando uma crian\u00e7a \u00e9 privada de:<\/h2>\n\n\n\n<ul class=\"wp-block-list\">\n<li>Inoc\u00eancia<\/li>\n\n\n\n<li>Pai ou m\u00e3e sem causa grave<\/li>\n\n\n\n<li>Identidade natural<\/li>\n\n\n\n<li>Forma\u00e7\u00e3o moral<\/li>\n\n\n\n<li>Direito a Deus<\/li>\n<\/ul>\n\n\n\n<p>\u2026causa-se um dano profundo ao seu desenvolvimento.<\/p>\n\n\n\n<p>Uma sociedade que confunde suas crian\u00e7as compromete seu futuro.<\/p>\n\n\n\n<hr class=\"wp-block-separator has-alpha-channel-opacity\"\/>\n\n\n\n<h1 class=\"wp-block-heading\">VII. A Sagrada Fam\u00edlia: O modelo perfeito<\/h1>\n\n\n\n<h2 class=\"wp-block-heading\">Jesus, Maria e Jos\u00e9<\/h2>\n\n\n\n<p>Em Nazar\u00e9 encontramos o paradigma:<\/p>\n\n\n\n<h3 class=\"wp-block-heading\">Jesus:<\/h3>\n\n\n\n<p>Obedi\u00eancia filial.<\/p>\n\n\n\n<h3 class=\"wp-block-heading\">Maria:<\/h3>\n\n\n\n<p>Ternura, pureza, entrega.<\/p>\n\n\n\n<h3 class=\"wp-block-heading\">Jos\u00e9:<\/h3>\n\n\n\n<p>Prote\u00e7\u00e3o, trabalho, autoridade silenciosa.<\/p>\n\n\n\n<p>Toda fam\u00edlia crist\u00e3 deveria contemplar esse lar.<\/p>\n\n\n\n<p>N\u00e3o era rico.<br>N\u00e3o era poderoso.<br>Mas era santo.<\/p>\n\n\n\n<p>E a santidade continua sendo o maior presente que os pais podem oferecer.<\/p>\n\n\n\n<hr class=\"wp-block-separator has-alpha-channel-opacity\"\/>\n\n\n\n<h1 class=\"wp-block-heading\">VIII. Conselhos pr\u00e1ticos para formar crian\u00e7as crist\u00e3s hoje<\/h1>\n\n\n\n<h2 class=\"wp-block-heading\">1. Rezem com elas todos os dias<\/h2>\n\n\n\n<p>Mesmo que brevemente.<\/p>\n\n\n\n<h2 class=\"wp-block-heading\">2. Aben\u00e7oem-nas<\/h2>\n\n\n\n<p>A b\u00ean\u00e7\u00e3o dos pais possui for\u00e7a espiritual.<\/p>\n\n\n\n<h2 class=\"wp-block-heading\">3. Limitem as telas<\/h2>\n\n\n\n<p>Nem todo conte\u00fado forma bem.<\/p>\n\n\n\n<h2 class=\"wp-block-heading\">4. Ensinem sacrif\u00edcio<\/h2>\n\n\n\n<p>N\u00e3o deem tudo imediatamente.<\/p>\n\n\n\n<h2 class=\"wp-block-heading\">5. Levem-nas \u00e0 Missa<\/h2>\n\n\n\n<p>N\u00e3o como obriga\u00e7\u00e3o vazia, mas como encontro com Deus.<\/p>\n\n\n\n<h2 class=\"wp-block-heading\">6. Corrijam com firmeza e amor<\/h2>\n\n\n\n<p>Disciplina sem amor destr\u00f3i; amor sem disciplina estraga.<\/p>\n\n\n\n<h2 class=\"wp-block-heading\">7. Mostrem coer\u00eancia<\/h2>\n\n\n\n<p>A f\u00e9 \u00e9 transmitida mais pelo testemunho do que pela imposi\u00e7\u00e3o.<\/p>\n\n\n\n<hr class=\"wp-block-separator has-alpha-channel-opacity\"\/>\n\n\n\n<h1 class=\"wp-block-heading\">IX. Uma civiliza\u00e7\u00e3o aposta seu futuro em suas crian\u00e7as<\/h1>\n\n\n\n<p>Cada gera\u00e7\u00e3o decide se entregar\u00e1 a seus filhos:<\/p>\n\n\n\n<h2 class=\"wp-block-heading\">Ou:<\/h2>\n\n\n\n<p>Consumismo, relativismo e vazio.<\/p>\n\n\n\n<h2 class=\"wp-block-heading\">Ou:<\/h2>\n\n\n\n<p>Verdade, virtude e eternidade.<\/p>\n\n\n\n<p>As crian\u00e7as de hoje ser\u00e3o:<\/p>\n\n\n\n<ul class=\"wp-block-list\">\n<li>Os pais de amanh\u00e3<\/li>\n\n\n\n<li>Os sacerdotes de amanh\u00e3<\/li>\n\n\n\n<li>Os l\u00edderes de amanh\u00e3<\/li>\n\n\n\n<li>Os santos ou os perdidos de amanh\u00e3<\/li>\n<\/ul>\n\n\n\n<p>Por isso educ\u00e1-las bem n\u00e3o \u00e9 apenas uma tarefa privada.<\/p>\n\n\n\n<p>\u00c9 uma obra de civiliza\u00e7\u00e3o.<\/p>\n\n\n\n<hr class=\"wp-block-separator has-alpha-channel-opacity\"\/>\n\n\n\n<h1 class=\"wp-block-heading\">Conclus\u00e3o: Quem acolhe, forma e ama uma crian\u00e7a toca o cora\u00e7\u00e3o de Cristo<\/h1>\n\n\n\n<p>Cristo o disse com solenidade eterna:<\/p>\n\n\n\n<p><strong>\u201cTudo o que fizestes a um destes pequeninos, a Mim o fizestes\u201d (cf. Mt 25,40).<\/strong><\/p>\n\n\n\n<p>Cada fralda trocada com amor,<br>cada noite sem dormir,<br>cada corre\u00e7\u00e3o paciente,<br>cada ros\u00e1rio ensinado,<br>cada sacrif\u00edcio silencioso\u2026<\/p>\n\n\n\n<p>Tem valor sobrenatural.<\/p>\n\n\n\n<p>Porque criar uma crian\u00e7a n\u00e3o \u00e9 simplesmente preparar algu\u00e9m para a vida.<\/p>\n\n\n\n<p>\u00c9 preparar uma alma para a eternidade.<\/p>\n\n\n\n<h2 class=\"wp-block-heading\">Em um mundo que frequentemente confunde liberdade com abandono,<\/h2>\n\n\n\n<p>a fam\u00edlia crist\u00e3 \u00e9 chamada a recordar esta verdade:<\/p>\n\n\n\n<p><strong>As crian\u00e7as n\u00e3o s\u00e3o um acess\u00f3rio da sociedade.<br>S\u00e3o o seu tesouro mais sagrado.<\/strong><\/p>\n","protected":false},"excerpt":{"rendered":"<p>Prote\u00e7\u00e3o, educa\u00e7\u00e3o, dignidade e miss\u00e3o crist\u00e3 em um mundo que parece ter esquecido o seu valor Vivemos em uma \u00e9poca paradoxal. Nunca se falou tanto sobre os \u201cdireitos das crian\u00e7as\u201d, e, no entanto, raramente as crian\u00e7as estiveram t\u00e3o expostas \u00e0 confus\u00e3o moral, \u00e0 desintegra\u00e7\u00e3o familiar, \u00e0 manipula\u00e7\u00e3o ideol\u00f3gica na educa\u00e7\u00e3o e ao abandono espiritual. S\u00e3o &hellip;<\/p>\n","protected":false},"author":3,"featured_media":5829,"comment_status":"closed","ping_status":"closed","sticky":false,"template":"","format":"standard","meta":{"_seopress_robots_primary_cat":"","_seopress_titles_title":"","_seopress_titles_desc":"","_seopress_robots_index":"","footnotes":""},"categories":[55,39],"tags":[185],"class_list":["post-5828","post","type-post","status-publish","format-standard","has-post-thumbnail","","category-familia-e-matrimonio","category-moral-e-vida-crista","tag-criancas"],"_links":{"self":[{"href":"https:\/\/catholicus.eu\/pt\/wp-json\/wp\/v2\/posts\/5828","targetHints":{"allow":["GET"]}}],"collection":[{"href":"https:\/\/catholicus.eu\/pt\/wp-json\/wp\/v2\/posts"}],"about":[{"href":"https:\/\/catholicus.eu\/pt\/wp-json\/wp\/v2\/types\/post"}],"author":[{"embeddable":true,"href":"https:\/\/catholicus.eu\/pt\/wp-json\/wp\/v2\/users\/3"}],"replies":[{"embeddable":true,"href":"https:\/\/catholicus.eu\/pt\/wp-json\/wp\/v2\/comments?post=5828"}],"version-history":[{"count":1,"href":"https:\/\/catholicus.eu\/pt\/wp-json\/wp\/v2\/posts\/5828\/revisions"}],"predecessor-version":[{"id":5830,"href":"https:\/\/catholicus.eu\/pt\/wp-json\/wp\/v2\/posts\/5828\/revisions\/5830"}],"wp:featuredmedia":[{"embeddable":true,"href":"https:\/\/catholicus.eu\/pt\/wp-json\/wp\/v2\/media\/5829"}],"wp:attachment":[{"href":"https:\/\/catholicus.eu\/pt\/wp-json\/wp\/v2\/media?parent=5828"}],"wp:term":[{"taxonomy":"category","embeddable":true,"href":"https:\/\/catholicus.eu\/pt\/wp-json\/wp\/v2\/categories?post=5828"},{"taxonomy":"post_tag","embeddable":true,"href":"https:\/\/catholicus.eu\/pt\/wp-json\/wp\/v2\/tags?post=5828"}],"curies":[{"name":"wp","href":"https:\/\/api.w.org\/{rel}","templated":true}]}}