{"id":5825,"date":"2026-04-28T08:56:04","date_gmt":"2026-04-28T06:56:04","guid":{"rendered":"https:\/\/catholicus.eu\/pt\/?p=5825"},"modified":"2026-04-28T08:56:04","modified_gmt":"2026-04-28T06:56:04","slug":"a-purificacao-da-santissima-virgem-maria-luz-humildade-e-obediencia-em-um-mundo-que-precisa-voltar-a-deus","status":"publish","type":"post","link":"https:\/\/catholicus.eu\/pt\/a-purificacao-da-santissima-virgem-maria-luz-humildade-e-obediencia-em-um-mundo-que-precisa-voltar-a-deus\/","title":{"rendered":"A Purifica\u00e7\u00e3o da Sant\u00edssima Virgem Maria: luz, humildade e obedi\u00eancia em um mundo que precisa voltar a Deus"},"content":{"rendered":"\n<p>H\u00e1 festas lit\u00fargicas que, \u00e0 primeira vista, podem parecer discretas, quase silenciosas. E, no entanto, encerram uma profundidade espiritual imensa. Uma delas \u00e9 a <strong>Purifica\u00e7\u00e3o da Sant\u00edssima Virgem Maria<\/strong>, celebrada no dia 2 de fevereiro, tamb\u00e9m conhecida como <strong>Candel\u00e1ria<\/strong>.<\/p>\n\n\n\n<p>Este mist\u00e9rio, profundamente enraizado na tradi\u00e7\u00e3o da Igreja, n\u00e3o \u00e9 apenas uma recorda\u00e7\u00e3o piedosa: \u00e9 uma verdadeira escola de vida crist\u00e3. Nele se entrela\u00e7am a humildade de Maria, a obedi\u00eancia \u00e0 lei de Deus, o reconhecimento de Cristo como luz do mundo e um chamado urgente \u00e0 nossa convers\u00e3o hoje.<\/p>\n\n\n\n<hr class=\"wp-block-separator has-alpha-channel-opacity\"\/>\n\n\n\n<h2 class=\"wp-block-heading\">Um ato simples\u2026 com um significado eterno<\/h2>\n\n\n\n<p>A festa da Purifica\u00e7\u00e3o recorda o dia em que a Virgem Maria subiu ao templo de Jerusal\u00e9m para cumprir dois preceitos da lei mosaica:<\/p>\n\n\n\n<ol class=\"wp-block-list\">\n<li><strong>A purifica\u00e7\u00e3o ritual da m\u00e3e ap\u00f3s o parto<\/strong><\/li>\n\n\n\n<li><strong>A apresenta\u00e7\u00e3o do primog\u00eanito a Deus<\/strong><\/li>\n<\/ol>\n\n\n\n<p>Tudo isso estava prescrito na antiga lei dada por Deus por meio de Mois\u00e9s. Segundo essa lei, toda mulher devia purificar-se depois de dar \u00e0 luz e oferecer um sacrif\u00edcio. Al\u00e9m disso, os filhos primog\u00eanitos do sexo masculino deviam ser consagrados ao Senhor.<\/p>\n\n\n\n<p>Mas aqui surge uma pergunta fundamental.<\/p>\n\n\n\n<hr class=\"wp-block-separator has-alpha-channel-opacity\"\/>\n\n\n\n<h2 class=\"wp-block-heading\">Maria estava obrigada a purificar-se?<\/h2>\n\n\n\n<p>A resposta \u00e9 clara: <strong>n\u00e3o<\/strong>.<\/p>\n\n\n\n<p>A Virgem Maria havia concebido por obra do Esp\u00edrito Santo e permaneceu sempre Virgem. N\u00e3o havia nela nenhuma mancha, nem f\u00edsica nem espiritual. N\u00e3o precisava de purifica\u00e7\u00e3o.<\/p>\n\n\n\n<p>E, no entanto, <strong>ela sobe ao templo do mesmo modo<\/strong>.<\/p>\n\n\n\n<p>Por qu\u00ea?<\/p>\n\n\n\n<p>Aqui encontramos uma das mais belas li\u00e7\u00f5es do Evangelho:<br>\ud83d\udc49 <strong>Maria n\u00e3o age por obriga\u00e7\u00e3o, mas por amor, humildade e obedi\u00eancia.<\/strong><\/p>\n\n\n\n<p>Em um mundo obcecado por direitos, Maria nos ensina o valor do dever. Em uma cultura que busca desculpas, ela abra\u00e7a a fidelidade. Em uma sociedade que foge da humilha\u00e7\u00e3o, ela a escolhe livremente.<\/p>\n\n\n\n<hr class=\"wp-block-separator has-alpha-channel-opacity\"\/>\n\n\n\n<h2 class=\"wp-block-heading\">A pobreza de Deus: uma oferta de rolas<\/h2>\n\n\n\n<p>O Evangelho revela um detalhe comovente: Maria n\u00e3o oferece um cordeiro, mas <strong>duas rolas ou dois pombinhos<\/strong>, o sacrif\u00edcio permitido aos pobres.<\/p>\n\n\n\n<p>Deus entra no mundo <strong>sem privil\u00e9gios humanos<\/strong>.<br>Cristo n\u00e3o \u00e9 apresentado com grandeza exterior, mas na simplicidade dos humildes.<\/p>\n\n\n\n<p>Isso nos interpela profundamente hoje:<\/p>\n\n\n\n<ul class=\"wp-block-list\">\n<li>Onde buscamos Deus?<\/li>\n\n\n\n<li>No sucesso, no poder, no espetacular\u2026 ou no pequeno e escondido?<\/li>\n<\/ul>\n\n\n\n<hr class=\"wp-block-separator has-alpha-channel-opacity\"\/>\n\n\n\n<h2 class=\"wp-block-heading\">A Apresenta\u00e7\u00e3o do Menino Jesus: Cristo, luz para o mundo<\/h2>\n\n\n\n<p>O momento culminante chega quando o Menino Jesus \u00e9 apresentado no templo. Ali acontece algo extraordin\u00e1rio: duas almas justas reconhecem aquilo que muitos n\u00e3o souberam ver.<\/p>\n\n\n\n<h3 class=\"wp-block-heading\">Sime\u00e3o: a espera cumprida<\/h3>\n\n\n\n<p>Um anci\u00e3o justo e piedoso, cheio do Esp\u00edrito Santo, toma o Menino em seus bra\u00e7os e proclama o c\u00e9lebre c\u00e2ntico:<\/p>\n\n\n\n<blockquote class=\"wp-block-quote is-layout-flow wp-block-quote-is-layout-flow\">\n<p>\u201cAgora, Senhor, podes deixar teu servo partir em paz\u2026\u201d<\/p>\n<\/blockquote>\n\n\n\n<p>Sime\u00e3o reconhece nesse Menino:<\/p>\n\n\n\n<ul class=\"wp-block-list\">\n<li>a <strong>salva\u00e7\u00e3o<\/strong><\/li>\n\n\n\n<li>a <strong>luz para as na\u00e7\u00f5es<\/strong><\/li>\n\n\n\n<li>a <strong>gl\u00f3ria de Israel<\/strong><\/li>\n<\/ul>\n\n\n\n<p>Mas tamb\u00e9m anuncia o sofrimento:<\/p>\n\n\n\n<ul class=\"wp-block-list\">\n<li>Cristo ser\u00e1 sinal de contradi\u00e7\u00e3o<\/li>\n\n\n\n<li>e uma espada traspassar\u00e1 a alma de Maria<\/li>\n<\/ul>\n\n\n\n<p>A Cruz j\u00e1 est\u00e1 presente\u2026 mesmo neste momento de luz.<\/p>\n\n\n\n<hr class=\"wp-block-separator has-alpha-channel-opacity\"\/>\n\n\n\n<h3 class=\"wp-block-heading\">Ana: a esperan\u00e7a anunciada<\/h3>\n\n\n\n<p>Ao lado de Sime\u00e3o aparece uma profetisa idosa, Ana, que:<\/p>\n\n\n\n<ul class=\"wp-block-list\">\n<li>d\u00e1 gra\u00e7as a Deus<\/li>\n\n\n\n<li>fala do Menino a todos os que esperavam a reden\u00e7\u00e3o<\/li>\n<\/ul>\n\n\n\n<p>Ela representa os fi\u00e9is que, em meio \u00e0s trevas do mundo, <strong>n\u00e3o deixaram de esperar em Deus<\/strong>.<\/p>\n\n\n\n<hr class=\"wp-block-separator has-alpha-channel-opacity\"\/>\n\n\n\n<h2 class=\"wp-block-heading\">A Candel\u00e1ria: uma prociss\u00e3o de luz no meio das trevas<\/h2>\n\n\n\n<p>Deste mist\u00e9rio nasce uma das mais belas tradi\u00e7\u00f5es da Igreja: a <strong>prociss\u00e3o das velas<\/strong>.<\/p>\n\n\n\n<p>As velas acesas simbolizam algo profundamente atual:<\/p>\n\n\n\n<p>\ud83d\udc49 <strong>Cristo \u00e9 a luz que ilumina as nossas trevas<\/strong><\/p>\n\n\n\n<p>Em uma \u00e9poca marcada por:<\/p>\n\n\n\n<ul class=\"wp-block-list\">\n<li>confus\u00e3o moral<\/li>\n\n\n\n<li>perda de sentido<\/li>\n\n\n\n<li>crise de f\u00e9<\/li>\n<\/ul>\n\n\n\n<p>a Igreja nos convida a caminhar com uma luz nas m\u00e3os.<\/p>\n\n\n\n<p>N\u00e3o \u00e9 um gesto vazio. \u00c9 uma proclama\u00e7\u00e3o:<\/p>\n\n\n\n<ul class=\"wp-block-list\">\n<li>Eu creio em Cristo<\/li>\n\n\n\n<li>Quero que Ele ilumine a minha vida<\/li>\n\n\n\n<li>Desejo chegar ao templo eterno<\/li>\n<\/ul>\n\n\n\n<hr class=\"wp-block-separator has-alpha-channel-opacity\"\/>\n\n\n\n<h2 class=\"wp-block-heading\">Tr\u00eas li\u00e7\u00f5es para a nossa vida (mais necess\u00e1rias do que nunca)<\/h2>\n\n\n\n<p>Deste mist\u00e9rio brotam ensinamentos concretos e urgentes:<\/p>\n\n\n\n<h3 class=\"wp-block-heading\">1. Fidelidade sem desculpas<\/h3>\n\n\n\n<p>Maria cumpre a lei sem buscar dispensas.<\/p>\n\n\n\n<p>Hoje vivemos rodeados de justificativas:<\/p>\n\n\n\n<ul class=\"wp-block-list\">\n<li>\u201cN\u00e3o tem problema\u201d<\/li>\n\n\n\n<li>\u201cTodo mundo faz\u201d<\/li>\n\n\n\n<li>\u201cDeus entende\u2026\u201d<\/li>\n<\/ul>\n\n\n\n<p>Mas o Evangelho n\u00e3o \u00e9 negoci\u00e1vel.<br>\ud83d\udc49 A santidade come\u00e7a nas pequenas coisas, no dia a dia.<\/p>\n\n\n\n<hr class=\"wp-block-separator has-alpha-channel-opacity\"\/>\n\n\n\n<h3 class=\"wp-block-heading\">2. Viver oferecidos a Deus<\/h3>\n\n\n\n<p>Jesus \u00e9 apresentado ao Pai. Maria O oferece.<\/p>\n\n\n\n<p>E n\u00f3s:<\/p>\n\n\n\n<ul class=\"wp-block-list\">\n<li>J\u00e1 nos oferecemos verdadeiramente a Deus?<\/li>\n\n\n\n<li>Ou vivemos apenas para os nossos pr\u00f3prios planos?<\/li>\n<\/ul>\n\n\n\n<p>A vida crist\u00e3 n\u00e3o consiste apenas em crer\u2026<br>\ud83d\udc49 Consiste em pertencer a Deus.<\/p>\n\n\n\n<hr class=\"wp-block-separator has-alpha-channel-opacity\"\/>\n\n\n\n<h3 class=\"wp-block-heading\">3. Amar a humildade e a purifica\u00e7\u00e3o interior<\/h3>\n\n\n\n<p>Maria se submete a um rito de que n\u00e3o necessita.<\/p>\n\n\n\n<p>N\u00f3s, ao contr\u00e1rio:<\/p>\n\n\n\n<ul class=\"wp-block-list\">\n<li>evitamos a penit\u00eancia<\/li>\n\n\n\n<li>fugimos do sacrif\u00edcio<\/li>\n\n\n\n<li>rejeitamos a corre\u00e7\u00e3o<\/li>\n<\/ul>\n\n\n\n<p>E, no entanto, a alma precisa ser purificada:<\/p>\n\n\n\n<ul class=\"wp-block-list\">\n<li>pela confiss\u00e3o<\/li>\n\n\n\n<li>pela ora\u00e7\u00e3o<\/li>\n\n\n\n<li>pelo sacrif\u00edcio oferecido<\/li>\n<\/ul>\n\n\n\n<p>\ud83d\udc49 Sem purifica\u00e7\u00e3o, n\u00e3o h\u00e1 santidade.<\/p>\n\n\n\n<hr class=\"wp-block-separator has-alpha-channel-opacity\"\/>\n\n\n\n<h2 class=\"wp-block-heading\">Um chamado especial aos pais<\/h2>\n\n\n\n<p>A tradi\u00e7\u00e3o da Igreja prop\u00f5e algo profundamente atual:<\/p>\n\n\n\n<p>\ud83d\udc49 <strong>Oferecer os filhos a Deus<\/strong><\/p>\n\n\n\n<p>N\u00e3o como um gesto simb\u00f3lico vazio, mas como um compromisso real:<\/p>\n\n\n\n<ul class=\"wp-block-list\">\n<li>educ\u00e1-los na f\u00e9<\/li>\n\n\n\n<li>ensin\u00e1-los a rezar<\/li>\n\n\n\n<li>formar sua consci\u00eancia<\/li>\n\n\n\n<li>proteger sua alma<\/li>\n<\/ul>\n\n\n\n<p>Em um mundo que quer formar as crian\u00e7as sem Deus,<br>os pais crist\u00e3os s\u00e3o chamados a ser <strong>os primeiros evangelizadores<\/strong>.<\/p>\n\n\n\n<hr class=\"wp-block-separator has-alpha-channel-opacity\"\/>\n\n\n\n<h2 class=\"wp-block-heading\">Caminhar rumo \u00e0 luz definitiva<\/h2>\n\n\n\n<p>A prociss\u00e3o da Candel\u00e1ria n\u00e3o \u00e9 apenas uma recorda\u00e7\u00e3o do passado. \u00c9 uma imagem da nossa vida.<\/p>\n\n\n\n<p>Caminhamos:<\/p>\n\n\n\n<ul class=\"wp-block-list\">\n<li>entre sombras<\/li>\n\n\n\n<li>com lutas<\/li>\n\n\n\n<li>com incertezas<\/li>\n<\/ul>\n\n\n\n<p>Mas levamos uma luz.<\/p>\n\n\n\n<p>Essa luz \u00e9 Cristo.<br>E Maria caminha conosco.<\/p>\n\n\n\n<p>Se permanecermos fi\u00e9is, humildes e oferecidos a Deus, um dia essa pequena chama se transformar\u00e1 em vis\u00e3o eterna:<\/p>\n\n\n\n<p>\ud83d\udc49 <strong>entraremos no templo da gl\u00f3ria<\/strong><\/p>\n\n\n\n<hr class=\"wp-block-separator has-alpha-channel-opacity\"\/>\n\n\n\n<h2 class=\"wp-block-heading\">Conclus\u00e3o: voltar ao essencial<\/h2>\n\n\n\n<p>A Purifica\u00e7\u00e3o da Sant\u00edssima Virgem Maria n\u00e3o \u00e9 apenas mais uma festa no calend\u00e1rio. \u00c9 um chamado radical:<\/p>\n\n\n\n<ul class=\"wp-block-list\">\n<li>\u00e0 humildade em um mundo orgulhoso<\/li>\n\n\n\n<li>\u00e0 obedi\u00eancia em uma cultura rebelde<\/li>\n\n\n\n<li>\u00e0 luz em meio \u00e0s trevas<\/li>\n<\/ul>\n\n\n\n<p>Maria n\u00e3o precisava de purifica\u00e7\u00e3o\u2026<br>e, no entanto, a realizou por amor.<\/p>\n\n\n\n<p>E aqui est\u00e1 o segredo de toda vida crist\u00e3 aut\u00eantica:<\/p>\n\n\n\n<p>\ud83d\udc49 <strong>fazer a vontade de Deus, mesmo quando n\u00e3o \u00e9 necess\u00e1rio\u2026 mas porque \u00e9 amado.<\/strong><\/p>\n","protected":false},"excerpt":{"rendered":"<p>H\u00e1 festas lit\u00fargicas que, \u00e0 primeira vista, podem parecer discretas, quase silenciosas. E, no entanto, encerram uma profundidade espiritual imensa. Uma delas \u00e9 a Purifica\u00e7\u00e3o da Sant\u00edssima Virgem Maria, celebrada no dia 2 de fevereiro, tamb\u00e9m conhecida como Candel\u00e1ria. Este mist\u00e9rio, profundamente enraizado na tradi\u00e7\u00e3o da Igreja, n\u00e3o \u00e9 apenas uma recorda\u00e7\u00e3o piedosa: \u00e9 uma &hellip;<\/p>\n","protected":false},"author":3,"featured_media":5826,"comment_status":"closed","ping_status":"closed","sticky":false,"template":"","format":"standard","meta":{"_seopress_robots_primary_cat":"","_seopress_titles_title":"","_seopress_titles_desc":"","_seopress_robots_index":"","footnotes":""},"categories":[38,52],"tags":[1719,1886],"class_list":["post-5825","post","type-post","status-publish","format-standard","has-post-thumbnail","","category-historia-e-tradicao","category-liturgia-e-ano-liturgico","tag-candelaria","tag-purificacao"],"_links":{"self":[{"href":"https:\/\/catholicus.eu\/pt\/wp-json\/wp\/v2\/posts\/5825","targetHints":{"allow":["GET"]}}],"collection":[{"href":"https:\/\/catholicus.eu\/pt\/wp-json\/wp\/v2\/posts"}],"about":[{"href":"https:\/\/catholicus.eu\/pt\/wp-json\/wp\/v2\/types\/post"}],"author":[{"embeddable":true,"href":"https:\/\/catholicus.eu\/pt\/wp-json\/wp\/v2\/users\/3"}],"replies":[{"embeddable":true,"href":"https:\/\/catholicus.eu\/pt\/wp-json\/wp\/v2\/comments?post=5825"}],"version-history":[{"count":1,"href":"https:\/\/catholicus.eu\/pt\/wp-json\/wp\/v2\/posts\/5825\/revisions"}],"predecessor-version":[{"id":5827,"href":"https:\/\/catholicus.eu\/pt\/wp-json\/wp\/v2\/posts\/5825\/revisions\/5827"}],"wp:featuredmedia":[{"embeddable":true,"href":"https:\/\/catholicus.eu\/pt\/wp-json\/wp\/v2\/media\/5826"}],"wp:attachment":[{"href":"https:\/\/catholicus.eu\/pt\/wp-json\/wp\/v2\/media?parent=5825"}],"wp:term":[{"taxonomy":"category","embeddable":true,"href":"https:\/\/catholicus.eu\/pt\/wp-json\/wp\/v2\/categories?post=5825"},{"taxonomy":"post_tag","embeddable":true,"href":"https:\/\/catholicus.eu\/pt\/wp-json\/wp\/v2\/tags?post=5825"}],"curies":[{"name":"wp","href":"https:\/\/api.w.org\/{rel}","templated":true}]}}