{"id":5822,"date":"2026-04-27T21:34:40","date_gmt":"2026-04-27T19:34:40","guid":{"rendered":"https:\/\/catholicus.eu\/pt\/?p=5822"},"modified":"2026-04-27T21:34:40","modified_gmt":"2026-04-27T19:34:40","slug":"as-obras-de-misericordia-o-exame-do-amor-que-ninguem-podera-evitar","status":"publish","type":"post","link":"https:\/\/catholicus.eu\/pt\/as-obras-de-misericordia-o-exame-do-amor-que-ninguem-podera-evitar\/","title":{"rendered":"As obras de miseric\u00f3rdia: o exame do amor que ningu\u00e9m poder\u00e1 evitar"},"content":{"rendered":"\n<p>Existe uma verdade profundamente s\u00e9ria \u2014 e ao mesmo tempo cheia de esperan\u00e7a \u2014 no ensinamento tradicional da Igreja: <strong>seremos julgados pelo amor feito a\u00e7\u00e3o<\/strong>. N\u00e3o por ideias abstratas, nem por inten\u00e7\u00f5es vagas, mas pelo que fizemos \u2014 ou deixamos de fazer \u2014 em rela\u00e7\u00e3o ao pr\u00f3ximo concreto que Deus colocou no nosso caminho.<\/p>\n\n\n\n<p>Isto n\u00e3o \u00e9 uma opini\u00e3o piedosa. \u00c9 o pr\u00f3prio cora\u00e7\u00e3o do Evangelho, expresso com for\u00e7a no ju\u00edzo final narrado no Evangelho segundo Mateus (Mt 25,31\u201346), onde Jesus Cristo se identifica com os famintos, os sedentos, os doentes e os presos. Ali \u00e9 revelado o crit\u00e9rio definitivo:<\/p>\n\n\n\n<blockquote class=\"wp-block-quote is-layout-flow wp-block-quote-is-layout-flow\">\n<p>\u00abSempre que o fizestes a um destes meus irm\u00e3os mais pequeninos, a mim o fizestes.\u00bb<\/p>\n<\/blockquote>\n\n\n\n<p>Esta passagem n\u00e3o apenas inspira: <strong>define o conte\u00fado concreto do Ju\u00edzo<\/strong>.<\/p>\n\n\n\n<hr class=\"wp-block-separator has-alpha-channel-opacity\"\/>\n\n\n\n<h2 class=\"wp-block-heading\">O que s\u00e3o as obras de miseric\u00f3rdia?<\/h2>\n\n\n\n<p>A tradi\u00e7\u00e3o catequ\u00e9tica da Igreja responde claramente:<\/p>\n\n\n\n<p><strong>As obras de miseric\u00f3rdia s\u00e3o aquelas a\u00e7\u00f5es pelas quais socorremos as necessidades corporais e espirituais do nosso pr\u00f3ximo.<\/strong><\/p>\n\n\n\n<p>N\u00e3o se trata simplesmente de \u201cser uma boa pessoa\u201d. Trata-se de <strong>tornar vis\u00edvel a miseric\u00f3rdia de Deus<\/strong> na vida quotidiana. A palavra \u201cmiseric\u00f3rdia\u201d vem do latim <em>miseri-cor-dare<\/em>: <em>dar o cora\u00e7\u00e3o aos miser\u00e1veis<\/em>, aos que est\u00e3o em necessidade.<\/p>\n\n\n\n<p>E aqui est\u00e1 um ponto fundamental:<br>\ud83d\udc49 <strong>N\u00e3o existe verdadeira vida crist\u00e3 sem obras de miseric\u00f3rdia.<\/strong><br>\ud83d\udc49 <strong>N\u00e3o existe santidade sem caridade concreta.<\/strong><\/p>\n\n\n\n<hr class=\"wp-block-separator has-alpha-channel-opacity\"\/>\n\n\n\n<h2 class=\"wp-block-heading\">Os dois rostos da miseric\u00f3rdia: corpo e alma<\/h2>\n\n\n\n<p>A Igreja, com a sua sabedoria milenar, distingue <strong>dois tipos de obras de miseric\u00f3rdia<\/strong>:<\/p>\n\n\n\n<ul class=\"wp-block-list\">\n<li>Corporais (para as necessidades f\u00edsicas)<\/li>\n\n\n\n<li>Espirituais (para as necessidades da alma)<\/li>\n<\/ul>\n\n\n\n<p>Ambas s\u00e3o insepar\u00e1veis. Reduzir a f\u00e9 apenas ao aux\u00edlio material empobrece-a; esquecer o sofrimento f\u00edsico em nome do espiritual desumaniza-a.<\/p>\n\n\n\n<hr class=\"wp-block-separator has-alpha-channel-opacity\"\/>\n\n\n\n<h1 class=\"wp-block-heading\">I. As obras de miseric\u00f3rdia corporais<\/h1>\n\n\n\n<p>S\u00e3o sete e permanecem profundamente atuais, mesmo parecendo antigas:<\/p>\n\n\n\n<h3 class=\"wp-block-heading\">1. Dar de comer aos famintos<\/h3>\n\n\n\n<p>Num mundo onde a fome real ainda existe \u2014 e tamb\u00e9m a fome de dignidade \u2014 esta obra continua urgente. N\u00e3o se limita a dar esmola: implica <strong>partilha, ren\u00fancia e envolvimento<\/strong>.<\/p>\n\n\n\n<h3 class=\"wp-block-heading\">2. Dar de beber aos sedentos<\/h3>\n\n\n\n<p>A \u00e1gua, s\u00edmbolo da vida, \u00e9 tamb\u00e9m s\u00edmbolo da justi\u00e7a. Hoje esta obra toca quest\u00f5es sociais: acesso a recursos, pobreza, desigualdade.<\/p>\n\n\n\n<h3 class=\"wp-block-heading\">3. Vestir os nus<\/h3>\n\n\n\n<p>N\u00e3o se trata apenas de cobrir o corpo, mas de <strong>restaurar a dignidade<\/strong>. Muitas vezes a \u201cnudez\u201d tamb\u00e9m \u00e9 social: marginaliza\u00e7\u00e3o, exclus\u00e3o.<\/p>\n\n\n\n<h3 class=\"wp-block-heading\">4. Hospedar os estrangeiros (ou dar abrigo aos sem-abrigo)<\/h3>\n\n\n\n<p>No tempo das migra\u00e7\u00f5es em massa, dos refugiados e deslocados, esta obra \u00e9 mais atual do que nunca. Aqui o crist\u00e3o enfrenta uma pergunta concreta: <strong>v\u00ea no estrangeiro um problema ou um irm\u00e3o?<\/strong><\/p>\n\n\n\n<h3 class=\"wp-block-heading\">5. Visitar os enfermos<\/h3>\n\n\n\n<p>Uma das obras mais profundamente crist\u00e3s. Nem sempre podemos curar, mas <strong>sempre podemos acompanhar<\/strong>. A solid\u00e3o do doente muitas vezes \u00e9 pior do que a pr\u00f3pria doen\u00e7a.<\/p>\n\n\n\n<h3 class=\"wp-block-heading\">6. Visitar os presos<\/h3>\n\n\n\n<p>Uma obra inc\u00f3moda e frequentemente esquecida. Obriga-nos a olhar para al\u00e9m do crime e reconhecer a <strong>dignidade irreduz\u00edvel de cada pessoa<\/strong>.<\/p>\n\n\n\n<h3 class=\"wp-block-heading\">7. Enterrar os mortos<\/h3>\n\n\n\n<p>Pode parecer distante, mas revela uma verdade essencial: <strong>honrar o corpo mesmo ap\u00f3s a morte<\/strong>, afirmando a esperan\u00e7a na ressurrei\u00e7\u00e3o.<\/p>\n\n\n\n<hr class=\"wp-block-separator has-alpha-channel-opacity\"\/>\n\n\n\n<h1 class=\"wp-block-heading\">II. As obras de miseric\u00f3rdia espirituais<\/h1>\n\n\n\n<p>Se as obras corporais dizem respeito ao corpo, estas atingem o n\u00facleo mais profundo: a alma.<\/p>\n\n\n\n<h3 class=\"wp-block-heading\">1. Aconselhar os que duvidam<\/h3>\n\n\n\n<p>N\u00e3o se trata apenas de dar opini\u00f5es, mas de <strong>ajudar a discernir segundo a verdade e o bem<\/strong>.<\/p>\n\n\n\n<h3 class=\"wp-block-heading\">2. Ensinar os ignorantes<\/h3>\n\n\n\n<p>Obra fundamental em tempos de confus\u00e3o. Ensinar n\u00e3o \u00e9 impor, mas <strong>iluminar com caridade e verdade<\/strong>.<\/p>\n\n\n\n<h3 class=\"wp-block-heading\">3. Corrigir os que erram<\/h3>\n\n\n\n<p>Provavelmente a mais dif\u00edcil hoje. Vivemos numa cultura que rejeita a corre\u00e7\u00e3o. Ainda assim, <strong>corrigir com amor \u00e9 um ato de miseric\u00f3rdia<\/strong>, n\u00e3o de julgamento.<\/p>\n\n\n\n<h3 class=\"wp-block-heading\">4. Consolar os tristes<\/h3>\n\n\n\n<p>Uma palavra, uma presen\u00e7a, um sil\u00eancio partilhado\u2026 O consolo \u00e9 uma das formas mais puras do amor crist\u00e3o.<\/p>\n\n\n\n<h3 class=\"wp-block-heading\">5. Perdoar as ofensas<\/h3>\n\n\n\n<p>Aqui tudo se decide. O cristianismo n\u00e3o se compreende sem o perd\u00e3o. N\u00e3o \u00e9 fraqueza, mas <strong>participa\u00e7\u00e3o na miseric\u00f3rdia de Deus<\/strong>.<\/p>\n\n\n\n<h3 class=\"wp-block-heading\">6. Suportar com paci\u00eancia os defeitos do pr\u00f3ximo<\/h3>\n\n\n\n<p>A conviv\u00eancia revela as nossas mis\u00e9rias. Esta obra exige humildade e caridade quotidiana.<\/p>\n\n\n\n<h3 class=\"wp-block-heading\">7. Rezar por vivos e mortos<\/h3>\n\n\n\n<p>A ora\u00e7\u00e3o tamb\u00e9m \u00e9 uma obra de miseric\u00f3rdia. Interceder \u00e9 amar profundamente, mesmo quando n\u00e3o podemos agir diretamente.<\/p>\n\n\n\n<hr class=\"wp-block-separator has-alpha-channel-opacity\"\/>\n\n\n\n<h2 class=\"wp-block-heading\">O Ju\u00edzo: n\u00e3o ser\u00e1 te\u00f3rico, mas concreto<\/h2>\n\n\n\n<p>O ensinamento tradicional \u00e9 claro:<br>\ud83d\udc49 <strong>Prestaremos contas destas obras.<\/strong><\/p>\n\n\n\n<p>N\u00e3o em abstrato, mas concretamente:<\/p>\n\n\n\n<ul class=\"wp-block-list\">\n<li>Quem ajudaste?<\/li>\n\n\n\n<li>Quem ignoraste?<\/li>\n\n\n\n<li>Quem perdoaste?<\/li>\n\n\n\n<li>Quem rejeitaste?<\/li>\n<\/ul>\n\n\n\n<p>O cristianismo n\u00e3o \u00e9 uma ideia bonita; \u00e9 uma vida vivida na caridade.<\/p>\n\n\n\n<p>Como ensinava S\u00e3o Tom\u00e1s de Aquino, a miseric\u00f3rdia \u00e9 a maior das virtudes em rela\u00e7\u00e3o ao pr\u00f3ximo, porque reflete diretamente o amor de Deus.<\/p>\n\n\n\n<hr class=\"wp-block-separator has-alpha-channel-opacity\"\/>\n\n\n\n<h2 class=\"wp-block-heading\">Um apelo urgente para hoje<\/h2>\n\n\n\n<p>Vivemos numa \u00e9poca paradoxal:<\/p>\n\n\n\n<ul class=\"wp-block-list\">\n<li>Muita sensibilidade\u2026 mas pouca a\u00e7\u00e3o.<\/li>\n\n\n\n<li>Muito discurso\u2026 mas pouco sacrif\u00edcio.<\/li>\n\n\n\n<li>Muitas opini\u00f5es\u2026 mas pouca miseric\u00f3rdia real.<\/li>\n<\/ul>\n\n\n\n<p>As obras de miseric\u00f3rdia n\u00e3o s\u00e3o opcionais. S\u00e3o <strong>o term\u00f3metro da nossa f\u00e9<\/strong>.<\/p>\n\n\n\n<p>N\u00e3o se trata de fazer grandes coisas, mas de fazer <strong>pequenas coisas com grande amor<\/strong>, como lembrava Santa Teresa de Calcut\u00e1.<\/p>\n\n\n\n<hr class=\"wp-block-separator has-alpha-channel-opacity\"\/>\n\n\n\n<h2 class=\"wp-block-heading\">Guia pr\u00e1tico: como come\u00e7ar hoje<\/h2>\n\n\n\n<p>N\u00e3o \u00e9 necess\u00e1rio esperar condi\u00e7\u00f5es ideais. Pode-se come\u00e7ar agora:<\/p>\n\n\n\n<ul class=\"wp-block-list\">\n<li>Telefonar a uma pessoa doente ou idosa.<\/li>\n\n\n\n<li>Ouvir algu\u00e9m que sofre.<\/li>\n\n\n\n<li>Perdoar uma ofensa n\u00e3o resolvida.<\/li>\n\n\n\n<li>Dar algo concreto a quem precisa.<\/li>\n\n\n\n<li>Rezar por algu\u00e9m que n\u00e3o pode faz\u00ea-lo.<\/li>\n<\/ul>\n\n\n\n<p>A miseric\u00f3rdia come\u00e7a nas pequenas coisas\u2026 mas tem consequ\u00eancias eternas.<\/p>\n\n\n\n<hr class=\"wp-block-separator has-alpha-channel-opacity\"\/>\n\n\n\n<h2 class=\"wp-block-heading\">Conclus\u00e3o: o cristianismo vive-se no amor concreto<\/h2>\n\n\n\n<p>No fim, tudo se resume a isto:<\/p>\n\n\n\n<p>\ud83d\udc49 <strong>Am\u00e1mos como Cristo amou?<\/strong><\/p>\n\n\n\n<p>As obras de miseric\u00f3rdia n\u00e3o s\u00e3o uma lista moralista. S\u00e3o o <strong>retrato de Cristo vivido em n\u00f3s<\/strong>.<\/p>\n\n\n\n<p>Porque no dia do Ju\u00edzo n\u00e3o nos ser\u00e1 perguntado quanto sab\u00edamos\u2026<br>mas <strong>quanto am\u00e1mos<\/strong>.<\/p>\n\n\n\n<p>E esse amor ter\u00e1 um nome, um rosto e obras concretas.<\/p>\n","protected":false},"excerpt":{"rendered":"<p>Existe uma verdade profundamente s\u00e9ria \u2014 e ao mesmo tempo cheia de esperan\u00e7a \u2014 no ensinamento tradicional da Igreja: seremos julgados pelo amor feito a\u00e7\u00e3o. N\u00e3o por ideias abstratas, nem por inten\u00e7\u00f5es vagas, mas pelo que fizemos \u2014 ou deixamos de fazer \u2014 em rela\u00e7\u00e3o ao pr\u00f3ximo concreto que Deus colocou no nosso caminho. Isto &hellip;<\/p>\n","protected":false},"author":3,"featured_media":5823,"comment_status":"closed","ping_status":"closed","sticky":false,"template":"","format":"standard","meta":{"_seopress_robots_primary_cat":"","_seopress_titles_title":"","_seopress_titles_desc":"","_seopress_robots_index":"","footnotes":""},"categories":[43,37],"tags":[1961],"class_list":["post-5822","post","type-post","status-publish","format-standard","has-post-thumbnail","","category-catecismo-da-igreja-catolica","category-doutrina-e-fe","tag-obras-de-misericordia"],"_links":{"self":[{"href":"https:\/\/catholicus.eu\/pt\/wp-json\/wp\/v2\/posts\/5822","targetHints":{"allow":["GET"]}}],"collection":[{"href":"https:\/\/catholicus.eu\/pt\/wp-json\/wp\/v2\/posts"}],"about":[{"href":"https:\/\/catholicus.eu\/pt\/wp-json\/wp\/v2\/types\/post"}],"author":[{"embeddable":true,"href":"https:\/\/catholicus.eu\/pt\/wp-json\/wp\/v2\/users\/3"}],"replies":[{"embeddable":true,"href":"https:\/\/catholicus.eu\/pt\/wp-json\/wp\/v2\/comments?post=5822"}],"version-history":[{"count":1,"href":"https:\/\/catholicus.eu\/pt\/wp-json\/wp\/v2\/posts\/5822\/revisions"}],"predecessor-version":[{"id":5824,"href":"https:\/\/catholicus.eu\/pt\/wp-json\/wp\/v2\/posts\/5822\/revisions\/5824"}],"wp:featuredmedia":[{"embeddable":true,"href":"https:\/\/catholicus.eu\/pt\/wp-json\/wp\/v2\/media\/5823"}],"wp:attachment":[{"href":"https:\/\/catholicus.eu\/pt\/wp-json\/wp\/v2\/media?parent=5822"}],"wp:term":[{"taxonomy":"category","embeddable":true,"href":"https:\/\/catholicus.eu\/pt\/wp-json\/wp\/v2\/categories?post=5822"},{"taxonomy":"post_tag","embeddable":true,"href":"https:\/\/catholicus.eu\/pt\/wp-json\/wp\/v2\/tags?post=5822"}],"curies":[{"name":"wp","href":"https:\/\/api.w.org\/{rel}","templated":true}]}}