{"id":5819,"date":"2026-04-27T18:01:31","date_gmt":"2026-04-27T16:01:31","guid":{"rendered":"https:\/\/catholicus.eu\/pt\/?p=5819"},"modified":"2026-04-27T18:01:31","modified_gmt":"2026-04-27T16:01:31","slug":"a-circuncisao-do-senhor-o-primeiro-sangue-redentor-de-cristo-e-o-inicio-da-nossa-salvacao","status":"publish","type":"post","link":"https:\/\/catholicus.eu\/pt\/a-circuncisao-do-senhor-o-primeiro-sangue-redentor-de-cristo-e-o-inicio-da-nossa-salvacao\/","title":{"rendered":"A Circuncis\u00e3o do Senhor: o primeiro sangue redentor de Cristo e o in\u00edcio da nossa salva\u00e7\u00e3o"},"content":{"rendered":"\n<p>H\u00e1 mist\u00e9rios na vida de Cristo que passam quase despercebidos na sensibilidade moderna. N\u00e3o t\u00eam a for\u00e7a dram\u00e1tica da Cruz nem a gl\u00f3ria da Ressurrei\u00e7\u00e3o. E, no entanto, cont\u00eam uma profundidade teol\u00f3gica imensa, capaz de iluminar toda a vida crist\u00e3.<\/p>\n\n\n\n<p>Um deles \u00e9 a <strong>Circuncis\u00e3o do Senhor<\/strong>.<\/p>\n\n\n\n<p>Longe de ser um simples rito judaico sem grande relev\u00e2ncia, este acontecimento encerra uma verdade poderosa: <strong>Cristo come\u00e7a a redimir-nos desde os primeiros dias da sua vida<\/strong>, e n\u00e3o apenas no Calv\u00e1rio. Aqui, no sil\u00eancio, sem multid\u00f5es de testemunhas, Ele come\u00e7a a derramar o seu sangue por n\u00f3s.<\/p>\n\n\n\n<p>E isso muda tudo.<\/p>\n\n\n\n<hr class=\"wp-block-separator has-alpha-channel-opacity\"\/>\n\n\n\n<h2 class=\"wp-block-heading\">1. Um mist\u00e9rio esquecido\u2026 mas decisivo<\/h2>\n\n\n\n<p>Durante s\u00e9culos, a Igreja celebrou solenemente este mist\u00e9rio no dia 1 de janeiro. N\u00e3o era uma data qualquer: marcava o in\u00edcio do ano sob o sinal da <strong>reden\u00e7\u00e3o e do Santo Nome de Jesus<\/strong>.<\/p>\n\n\n\n<p>Hoje, embora o calend\u00e1rio lit\u00fargico ponha o acento na maternidade de Maria, o conte\u00fado espiritual desta festa permanece plenamente vivo.<\/p>\n\n\n\n<p>Porque aqui contemplamos tr\u00eas verdades essenciais:<\/p>\n\n\n\n<ul class=\"wp-block-list\">\n<li>Cristo submete-se \u00e0 Lei<\/li>\n\n\n\n<li>Cristo derrama o seu primeiro sangue<\/li>\n\n\n\n<li>Cristo recebe o Nome que salva<\/li>\n<\/ul>\n\n\n\n<p>Nada \u00e9 secund\u00e1rio. Tudo \u00e9 revela\u00e7\u00e3o.<\/p>\n\n\n\n<hr class=\"wp-block-separator has-alpha-channel-opacity\"\/>\n\n\n\n<h2 class=\"wp-block-heading\">2. Cristo, Senhor da Lei\u2026 submetido \u00e0 Lei<\/h2>\n\n\n\n<p>A circuncis\u00e3o era o sinal de perten\u00e7a ao povo de Israel, estabelecido por Deus como marca da Alian\u00e7a. Todo o menino judeu devia receb\u00ea-la ao oitavo dia ap\u00f3s o nascimento.<\/p>\n\n\n\n<p>Mas aqui surge uma pergunta fundamental:<\/p>\n\n\n\n<p><strong>Estava Cristo obrigado a submeter-se a este rito?<\/strong><\/p>\n\n\n\n<p>A resposta \u00e9 clara: <strong>n\u00e3o<\/strong>.<\/p>\n\n\n\n<p>Cristo n\u00e3o \u00e9 simplesmente um membro do povo de Israel. Ele \u00e9:<\/p>\n\n\n\n<ul class=\"wp-block-list\">\n<li>O Filho eterno de Deus<\/li>\n\n\n\n<li>O autor da Lei<\/li>\n\n\n\n<li>A pr\u00f3pria santidade<\/li>\n<\/ul>\n\n\n\n<p>A circuncis\u00e3o estava ligada ao pecado original, \u00e0 condi\u00e7\u00e3o ca\u00edda do homem. Era um sinal da necessidade de purifica\u00e7\u00e3o.<\/p>\n\n\n\n<p>Cristo, por\u00e9m, \u00e9 inocente.<\/p>\n\n\n\n<p>Ent\u00e3o, por que se submete?<\/p>\n\n\n\n<h3 class=\"wp-block-heading\">Por amor.<\/h3>\n\n\n\n<p>Cristo n\u00e3o veio para impor-se de fora, mas para <strong>entrar plenamente na nossa condi\u00e7\u00e3o<\/strong>. N\u00e3o veio abolir a Lei de forma arbitr\u00e1ria, mas cumpri-la perfeitamente.<\/p>\n\n\n\n<p>Este gesto revela algo essencial:<br>\ud83d\udc49 <strong>Deus n\u00e3o salva \u00e0 dist\u00e2ncia, mas atrav\u00e9s de uma proximidade radical.<\/strong><\/p>\n\n\n\n<hr class=\"wp-block-separator has-alpha-channel-opacity\"\/>\n\n\n\n<h2 class=\"wp-block-heading\">3. O primeiro sangue: o in\u00edcio vis\u00edvel da Reden\u00e7\u00e3o<\/h2>\n\n\n\n<p>Aqui entramos num ponto profundamente comovente.<\/p>\n\n\n\n<p>A circuncis\u00e3o implica o derramamento de sangue.<\/p>\n\n\n\n<p>E este \u00e9 o <strong>primeiro sangue que Cristo derrama por n\u00f3s<\/strong>.<\/p>\n\n\n\n<p>N\u00e3o \u00e9 por acaso. N\u00e3o \u00e9 um simples detalhe biogr\u00e1fico. \u00c9 um sinal.<\/p>\n\n\n\n<p>A tradi\u00e7\u00e3o da Igreja sempre viu neste momento:<\/p>\n\n\n\n<ul class=\"wp-block-list\">\n<li>O <strong>in\u00edcio do sacrif\u00edcio redentor<\/strong><\/li>\n\n\n\n<li>A <strong>antecipa\u00e7\u00e3o da Cruz<\/strong><\/li>\n\n\n\n<li>A manifesta\u00e7\u00e3o de que Cristo realmente veio sofrer pela humanidade<\/li>\n<\/ul>\n\n\n\n<p>Cristo n\u00e3o espera pela idade adulta. N\u00e3o espera pela sua Paix\u00e3o.<\/p>\n\n\n\n<p>Desde crian\u00e7a, no oculto, no que parece insignificante, Ele j\u00e1 se oferece.<\/p>\n\n\n\n<p>Isto traz uma li\u00e7\u00e3o profundamente atual:<\/p>\n\n\n\n<p>\ud83d\udc49 <strong>A salva\u00e7\u00e3o n\u00e3o come\u00e7a nos grandes momentos, mas na fidelidade quotidiana, no pequeno, no escondido.<\/strong><\/p>\n\n\n\n<hr class=\"wp-block-separator has-alpha-channel-opacity\"\/>\n\n\n\n<h2 class=\"wp-block-heading\">4. O Nome de Jesus: identidade e miss\u00e3o<\/h2>\n\n\n\n<p>No mesmo ato da circuncis\u00e3o acontece algo decisivo: o Menino recebe o Nome.<\/p>\n\n\n\n<p>N\u00e3o \u00e9 um nome escolhido ao acaso.<\/p>\n\n\n\n<p>\u00c9 um nome revelado por Deus.<\/p>\n\n\n\n<p><strong>Jesus<\/strong> significa: <em>\u201cDeus salva\u201d<\/em>.<\/p>\n\n\n\n<p>Aqui n\u00e3o h\u00e1 simbolismo vazio, mas uma declara\u00e7\u00e3o de identidade e miss\u00e3o:<\/p>\n\n\n\n<ul class=\"wp-block-list\">\n<li>Ele \u00e9 o Salvador<\/li>\n\n\n\n<li>Veio para nos libertar do pecado<\/li>\n\n\n\n<li>A sua pr\u00f3pria pessoa \u00e9 salva\u00e7\u00e3o<\/li>\n<\/ul>\n\n\n\n<p>Por isso, a tradi\u00e7\u00e3o crist\u00e3 sempre teve uma profunda devo\u00e7\u00e3o ao Santo Nome de Jesus.<\/p>\n\n\n\n<p>N\u00e3o como uma f\u00f3rmula m\u00e1gica, mas como uma realidade viva.<\/p>\n\n\n\n<p>Invocar o seu Nome \u00e9:<\/p>\n\n\n\n<ul class=\"wp-block-list\">\n<li>Reconhecer quem Ele \u00e9<\/li>\n\n\n\n<li>Confiar no seu poder<\/li>\n\n\n\n<li>Refugiar-se na sua miseric\u00f3rdia<\/li>\n<\/ul>\n\n\n\n<p>Num mundo que banaliza o sagrado, recuperar a rever\u00eancia pelo Nome de Jesus \u00e9 um ato profundamente contracultural.<\/p>\n\n\n\n<hr class=\"wp-block-separator has-alpha-channel-opacity\"\/>\n\n\n\n<h2 class=\"wp-block-heading\">5. A verdadeira circuncis\u00e3o: o cora\u00e7\u00e3o<\/h2>\n\n\n\n<p>Talvez este seja o ponto mais importante para a nossa vida hoje.<\/p>\n\n\n\n<p>A circuncis\u00e3o exterior era apenas um sinal. O essencial sempre foi interior.<\/p>\n\n\n\n<p>J\u00e1 no Antigo Testamento se falava da necessidade de uma <strong>circuncis\u00e3o do cora\u00e7\u00e3o<\/strong>.<\/p>\n\n\n\n<p>E o que significa isso?<\/p>\n\n\n\n<p>Significa:<\/p>\n\n\n\n<ul class=\"wp-block-list\">\n<li>Cortar o pecado pela raiz<\/li>\n\n\n\n<li>Renunciar aos afetos desordenados<\/li>\n\n\n\n<li>Purificar a inten\u00e7\u00e3o<\/li>\n\n\n\n<li>Orientar a vida para Deus<\/li>\n<\/ul>\n\n\n\n<p>Uma religi\u00e3o exterior, cultural ou herdada n\u00e3o \u00e9 suficiente.<\/p>\n\n\n\n<p>A Circuncis\u00e3o do Senhor confronta-nos com uma pergunta inc\u00f3moda:<\/p>\n\n\n\n<p>\ud83d\udc49 <strong>O que h\u00e1 na minha vida que precisa ser \u201ccortado\u201d?<\/strong><\/p>\n\n\n\n<p>Pode ser:<\/p>\n\n\n\n<ul class=\"wp-block-list\">\n<li>Um h\u00e1bito<\/li>\n\n\n\n<li>Uma rela\u00e7\u00e3o<\/li>\n\n\n\n<li>Um apego<\/li>\n\n\n\n<li>Uma incoer\u00eancia<\/li>\n<\/ul>\n\n\n\n<p>E \u00e9 aqui que o mist\u00e9rio se torna profundamente atual.<\/p>\n\n\n\n<p>Porque vivemos numa cultura que evita o sacrif\u00edcio, foge do esfor\u00e7o interior e prefere uma espiritualidade confort\u00e1vel.<\/p>\n\n\n\n<p>Mas o Evangelho n\u00e3o segue esse caminho.<\/p>\n\n\n\n<hr class=\"wp-block-separator has-alpha-channel-opacity\"\/>\n\n\n\n<h2 class=\"wp-block-heading\">6. Come\u00e7ar o ano com Deus (e n\u00e3o apenas com resolu\u00e7\u00f5es vazias)<\/h2>\n\n\n\n<p>O facto de este mist\u00e9rio ser celebrado no dia 1 de janeiro n\u00e3o \u00e9 coincid\u00eancia.<\/p>\n\n\n\n<p>A Igreja ensina-nos a come\u00e7ar o ano de uma forma muito concreta:<\/p>\n\n\n\n<p>N\u00e3o com listas intermin\u00e1veis de objetivos\u2026<br>mas com uma <strong>verdadeira consagra\u00e7\u00e3o a Deus<\/strong>.<\/p>\n\n\n\n<p>Isto implica:<\/p>\n\n\n\n<ul class=\"wp-block-list\">\n<li>Colocar o ano nas suas m\u00e3os<\/li>\n\n\n\n<li>Pedir a gra\u00e7a de viver na fidelidade<\/li>\n\n\n\n<li>Reexaminar a dire\u00e7\u00e3o da nossa vida<\/li>\n<\/ul>\n\n\n\n<p>N\u00e3o se trata de \u201cfazer mais coisas\u201d, mas de <strong>viver melhor orientados<\/strong>.<\/p>\n\n\n\n<p>Porque sem Deus, at\u00e9 os melhores prop\u00f3sitos perdem o sentido.<\/p>\n\n\n\n<hr class=\"wp-block-separator has-alpha-channel-opacity\"\/>\n\n\n\n<h2 class=\"wp-block-heading\">7. Uma li\u00e7\u00e3o para o nosso tempo<\/h2>\n\n\n\n<p>A Circuncis\u00e3o do Senhor deixa-nos v\u00e1rios ensinamentos urgentes para hoje:<\/p>\n\n\n\n<h3 class=\"wp-block-heading\">1. A humildade \u00e9 o caminho de Deus<\/h3>\n\n\n\n<p>Cristo n\u00e3o se imp\u00f5e. Ele humilha-se.<\/p>\n\n\n\n<h3 class=\"wp-block-heading\">2. A obedi\u00eancia n\u00e3o \u00e9 fraqueza<\/h3>\n\n\n\n<p>\u00c9 for\u00e7a interior e fidelidade ao plano de Deus.<\/p>\n\n\n\n<h3 class=\"wp-block-heading\">3. A salva\u00e7\u00e3o passa pelo sacrif\u00edcio<\/h3>\n\n\n\n<p>N\u00e3o h\u00e1 reden\u00e7\u00e3o sem entrega.<\/p>\n\n\n\n<h3 class=\"wp-block-heading\">4. O pequeno importa<\/h3>\n\n\n\n<p>Deus age no escondido antes do espetacular.<\/p>\n\n\n\n<h3 class=\"wp-block-heading\">5. A convers\u00e3o \u00e9 concreta<\/h3>\n\n\n\n<p>N\u00e3o \u00e9 uma ideia, mas uma transforma\u00e7\u00e3o real da vida.<\/p>\n\n\n\n<hr class=\"wp-block-separator has-alpha-channel-opacity\"\/>\n\n\n\n<h2 class=\"wp-block-heading\">8. Conclus\u00e3o: recome\u00e7ar\u2026 de verdade<\/h2>\n\n\n\n<p>Este mist\u00e9rio coloca-nos diante de uma verdade exigente, mas libertadora:<\/p>\n\n\n\n<p>\ud83d\udc49 <strong>Cristo j\u00e1 come\u00e7ou a obra em n\u00f3s.<br>A quest\u00e3o \u00e9 saber se queremos responder.<\/strong><\/p>\n\n\n\n<p>A Circuncis\u00e3o do Senhor n\u00e3o \u00e9 apenas uma recorda\u00e7\u00e3o do passado.<\/p>\n\n\n\n<p>\u00c9 um convite presente:<\/p>\n\n\n\n<ul class=\"wp-block-list\">\n<li>A viver com mais autenticidade<\/li>\n\n\n\n<li>A cortar o que nos afasta de Deus<\/li>\n\n\n\n<li>A confiar mais profundamente em Cristo<\/li>\n<\/ul>\n\n\n\n<p>E, sobretudo, a fazer algo muito simples e muito dif\u00edcil ao mesmo tempo:<\/p>\n\n\n\n<p><strong>colocar toda a nossa vida sob o Nome de Jesus.<\/strong><\/p>\n\n\n\n<p>Porque \u00e9 a\u00ed \u2014 e n\u00e3o nas nossas pr\u00f3prias for\u00e7as \u2014<br>que se encontra a verdadeira salva\u00e7\u00e3o.<\/p>\n","protected":false},"excerpt":{"rendered":"<p>H\u00e1 mist\u00e9rios na vida de Cristo que passam quase despercebidos na sensibilidade moderna. N\u00e3o t\u00eam a for\u00e7a dram\u00e1tica da Cruz nem a gl\u00f3ria da Ressurrei\u00e7\u00e3o. E, no entanto, cont\u00eam uma profundidade teol\u00f3gica imensa, capaz de iluminar toda a vida crist\u00e3. Um deles \u00e9 a Circuncis\u00e3o do Senhor. Longe de ser um simples rito judaico sem &hellip;<\/p>\n","protected":false},"author":3,"featured_media":5820,"comment_status":"closed","ping_status":"closed","sticky":false,"template":"","format":"standard","meta":{"_seopress_robots_primary_cat":"","_seopress_titles_title":"","_seopress_titles_desc":"","_seopress_robots_index":"","footnotes":""},"categories":[43,37],"tags":[1023],"class_list":["post-5819","post","type-post","status-publish","format-standard","has-post-thumbnail","","category-catecismo-da-igreja-catolica","category-doutrina-e-fe","tag-circuncisao"],"_links":{"self":[{"href":"https:\/\/catholicus.eu\/pt\/wp-json\/wp\/v2\/posts\/5819","targetHints":{"allow":["GET"]}}],"collection":[{"href":"https:\/\/catholicus.eu\/pt\/wp-json\/wp\/v2\/posts"}],"about":[{"href":"https:\/\/catholicus.eu\/pt\/wp-json\/wp\/v2\/types\/post"}],"author":[{"embeddable":true,"href":"https:\/\/catholicus.eu\/pt\/wp-json\/wp\/v2\/users\/3"}],"replies":[{"embeddable":true,"href":"https:\/\/catholicus.eu\/pt\/wp-json\/wp\/v2\/comments?post=5819"}],"version-history":[{"count":1,"href":"https:\/\/catholicus.eu\/pt\/wp-json\/wp\/v2\/posts\/5819\/revisions"}],"predecessor-version":[{"id":5821,"href":"https:\/\/catholicus.eu\/pt\/wp-json\/wp\/v2\/posts\/5819\/revisions\/5821"}],"wp:featuredmedia":[{"embeddable":true,"href":"https:\/\/catholicus.eu\/pt\/wp-json\/wp\/v2\/media\/5820"}],"wp:attachment":[{"href":"https:\/\/catholicus.eu\/pt\/wp-json\/wp\/v2\/media?parent=5819"}],"wp:term":[{"taxonomy":"category","embeddable":true,"href":"https:\/\/catholicus.eu\/pt\/wp-json\/wp\/v2\/categories?post=5819"},{"taxonomy":"post_tag","embeddable":true,"href":"https:\/\/catholicus.eu\/pt\/wp-json\/wp\/v2\/tags?post=5819"}],"curies":[{"name":"wp","href":"https:\/\/api.w.org\/{rel}","templated":true}]}}