{"id":5657,"date":"2026-04-09T10:59:45","date_gmt":"2026-04-09T08:59:45","guid":{"rendered":"https:\/\/catholicus.eu\/pt\/?p=5657"},"modified":"2026-04-09T10:59:45","modified_gmt":"2026-04-09T08:59:45","slug":"nao-era-um-simbolo-cristo-voltou-e-se-deixou-ver-as-aparicoes-de-jesus-ressuscitado-que-mudaram-a-historia-e-podem-mudar-a-sua-vida-hoje","status":"publish","type":"post","link":"https:\/\/catholicus.eu\/pt\/nao-era-um-simbolo-cristo-voltou-e-se-deixou-ver-as-aparicoes-de-jesus-ressuscitado-que-mudaram-a-historia-e-podem-mudar-a-sua-vida-hoje\/","title":{"rendered":"N\u00e3o era um s\u00edmbolo: Cristo voltou e se deixou ver \u2014 As apari\u00e7\u00f5es de Jesus ressuscitado que mudaram a hist\u00f3ria (e podem mudar a sua vida hoje)"},"content":{"rendered":"\n<h2 class=\"wp-block-heading\">Introdu\u00e7\u00e3o: quando a f\u00e9 deixa de ser teoria<\/h2>\n\n\n\n<p>A f\u00e9 crist\u00e3 n\u00e3o nasce de uma boa ideia, nem de uma filosofia elevada, nem de um conjunto de regras morais. Ela nasce de um fato: <strong>Jesus Cristo morreu\u2026 e ressuscitou.<\/strong><\/p>\n\n\n\n<p>E n\u00e3o apenas isso: <strong>Ele se deixou ver.<\/strong><\/p>\n\n\n\n<p>Durante quarenta dias, o Senhor ressuscitado n\u00e3o permaneceu escondido em uma gl\u00f3ria distante. Pelo contr\u00e1rio, Ele procurou os seus, foi ao encontro deles, falou com eles, comeu com eles, os ensinou, corrigiu e enviou.<\/p>\n\n\n\n<p>As apari\u00e7\u00f5es do Ressuscitado s\u00e3o a ponte entre o drama do Calv\u00e1rio e a miss\u00e3o da Igreja. Sem elas, n\u00e3o haveria cristianismo. Sem elas, a cruz seria um fracasso. Com elas, a morte \u00e9 vencida para sempre.<\/p>\n\n\n\n<p>Este artigo n\u00e3o serve apenas para entender o que aconteceu\u2026<br>mas para descobrir o que continua acontecendo hoje.<\/p>\n\n\n\n<hr class=\"wp-block-separator has-alpha-channel-opacity\"\/>\n\n\n\n<h2 class=\"wp-block-heading\">1. O que significa que Cristo \u201capareceu\u201d?<\/h2>\n\n\n\n<p>Na linguagem teol\u00f3gica, as apari\u00e7\u00f5es do Ressuscitado n\u00e3o s\u00e3o meras vis\u00f5es subjetivas ou experi\u00eancias internas. S\u00e3o <strong>encontros reais com um Cristo verdadeiramente ressuscitado<\/strong>, glorioso, mas tang\u00edvel.<\/p>\n\n\n\n<p>Ele n\u00e3o \u00e9 um fantasma. N\u00e3o \u00e9 uma proje\u00e7\u00e3o emocional. N\u00e3o \u00e9 uma mem\u00f3ria.<\/p>\n\n\n\n<p>Ele mesmo deixa claro:<\/p>\n\n\n\n<blockquote class=\"wp-block-quote is-layout-flow wp-block-quote-is-layout-flow\">\n<p>\u201cVede minhas m\u00e3os e meus p\u00e9s; sou eu mesmo. Tocai-me e vede; um esp\u00edrito n\u00e3o tem carne nem ossos, como vedes que eu tenho.\u201d (Lucas 24,39)<\/p>\n<\/blockquote>\n\n\n\n<p>Aqui est\u00e1 uma verdade essencial:<br><strong>a ressurrei\u00e7\u00e3o n\u00e3o \u00e9 apenas espiritual, \u00e9 corporal.<\/strong><\/p>\n\n\n\n<p>O mesmo corpo que foi crucificado \u00e9 aquele que ressuscita, mas transformado, glorificado e livre das limita\u00e7\u00f5es do tempo e do espa\u00e7o.<\/p>\n\n\n\n<hr class=\"wp-block-separator has-alpha-channel-opacity\"\/>\n\n\n\n<h2 class=\"wp-block-heading\">2. As apari\u00e7\u00f5es: um caminho que revela o cora\u00e7\u00e3o de Deus<\/h2>\n\n\n\n<p>As apari\u00e7\u00f5es n\u00e3o s\u00e3o aleat\u00f3rias. Elas t\u00eam uma ordem, um prop\u00f3sito, uma mensagem profunda.<\/p>\n\n\n\n<h3 class=\"wp-block-heading\">\u2726 A Maria Madalena: quando o amor reconhece primeiro<\/h3>\n\n\n\n<p>O primeiro encontro \u00e9 profundamente significativo. Ele n\u00e3o se mostra aos poderosos, nem aos sacerdotes, nem aos s\u00e1bios\u2026 mas a uma mulher que chorava.<\/p>\n\n\n\n<blockquote class=\"wp-block-quote is-layout-flow wp-block-quote-is-layout-flow\">\n<p>\u201cJesus disse-lhe: \u2018Maria!\u2019 Ela se voltou e disse-lhe: \u2018Rabbuni!\u2019\u201d (Jo\u00e3o 20,16)<\/p>\n<\/blockquote>\n\n\n\n<p>O Ressuscitado se revela no \u00edntimo, no pessoal.<br>Deus te chama pelo nome.<\/p>\n\n\n\n<hr class=\"wp-block-separator has-alpha-channel-opacity\"\/>\n\n\n\n<h3 class=\"wp-block-heading\">\u2726 Aos disc\u00edpulos de Ema\u00fas: quando a f\u00e9 se reacende no caminho<\/h3>\n\n\n\n<p>Dois disc\u00edpulos caminham tristes e desanimados. Jesus se aproxima deles, mas eles n\u00e3o o reconhecem.<\/p>\n\n\n\n<p>Ele explica as Escrituras\u2026 e finalmente, ao partir o p\u00e3o, seus olhos se abrem.<\/p>\n\n\n\n<p>Aqui reside uma chave pastoral imensa:<br><strong>Cristo se revela na Palavra e na Eucaristia.<\/strong><\/p>\n\n\n\n<hr class=\"wp-block-separator has-alpha-channel-opacity\"\/>\n\n\n\n<h3 class=\"wp-block-heading\">\u2726 Aos ap\u00f3stolos: quando o medo se transforma em miss\u00e3o<\/h3>\n\n\n\n<p>Enclausurados pelo medo, os disc\u00edpulos recebem a visita do Ressuscitado:<\/p>\n\n\n\n<blockquote class=\"wp-block-quote is-layout-flow wp-block-quote-is-layout-flow\">\n<p>\u201cPaz seja convosco\u201d (Jo\u00e3o 20,19)<\/p>\n<\/blockquote>\n\n\n\n<p>N\u00e3o h\u00e1 repreens\u00e3o. N\u00e3o h\u00e1 condena\u00e7\u00e3o.<br>H\u00e1 paz\u2026 e envio.<\/p>\n\n\n\n<p>Ele lhes mostra suas feridas. Sopra sobre eles. D\u00e1-lhes o Esp\u00edrito Santo.<\/p>\n\n\n\n<p>Aqui nasce a Igreja.<\/p>\n\n\n\n<hr class=\"wp-block-separator has-alpha-channel-opacity\"\/>\n\n\n\n<h3 class=\"wp-block-heading\">\u2726 A Tom\u00e9: quando a d\u00favida se torna f\u00e9<\/h3>\n\n\n\n<p>O ap\u00f3stolo incr\u00e9dulo nos representa a todos.<\/p>\n\n\n\n<blockquote class=\"wp-block-quote is-layout-flow wp-block-quote-is-layout-flow\">\n<p>\u201cMeu Senhor e meu Deus\u201d (Jo\u00e3o 20,28)<\/p>\n<\/blockquote>\n\n\n\n<p>Jesus n\u00e3o rejeita a d\u00favida sincera, mas a conduz a uma f\u00e9 mais profunda.<br>E pronuncia uma bem-aventuran\u00e7a que ecoa pelos s\u00e9culos:<\/p>\n\n\n\n<blockquote class=\"wp-block-quote is-layout-flow wp-block-quote-is-layout-flow\">\n<p>\u201cBem-aventurados os que n\u00e3o viram e creram\u201d (Jo\u00e3o 20,29)<\/p>\n<\/blockquote>\n\n\n\n<p>Esse \u00e9 voc\u00ea.<\/p>\n\n\n\n<hr class=\"wp-block-separator has-alpha-channel-opacity\"\/>\n\n\n\n<h3 class=\"wp-block-heading\">\u2726 A mais de 500 irm\u00e3os: quando a f\u00e9 se torna testemunho p\u00fablico<\/h3>\n\n\n\n<p>S\u00e3o Paulo relata este fato impressionante (1 Cor\u00edntios 15,6):<br>Cristo apareceu a mais de quinhentas pessoas.<\/p>\n\n\n\n<p>N\u00e3o \u00e9 uma experi\u00eancia privada. \u00c9 um fato hist\u00f3rico com m\u00faltiplas testemunhas.<\/p>\n\n\n\n<hr class=\"wp-block-separator has-alpha-channel-opacity\"\/>\n\n\n\n<h3 class=\"wp-block-heading\">\u2726 A Pedro: quando o amor repara a trai\u00e7\u00e3o<\/h3>\n\n\n\n<p>Depois de neg\u00e1-lo tr\u00eas vezes, Pedro recebe uma nova oportunidade:<\/p>\n\n\n\n<blockquote class=\"wp-block-quote is-layout-flow wp-block-quote-is-layout-flow\">\n<p>\u201cTu me amas?\u201d (Jo\u00e3o 21)<\/p>\n<\/blockquote>\n\n\n\n<p>Tr\u00eas vezes.<\/p>\n\n\n\n<p>Cristo n\u00e3o humilha. <strong>Ele restaura.<\/strong><br>N\u00e3o rejeita. <strong>Ele levanta.<\/strong><\/p>\n\n\n\n<p>E confia a Ele a sua Igreja.<\/p>\n\n\n\n<hr class=\"wp-block-separator has-alpha-channel-opacity\"\/>\n\n\n\n<h3 class=\"wp-block-heading\">\u2726 A Ascens\u00e3o: quando nossa miss\u00e3o come\u00e7a<\/h3>\n\n\n\n<p>Ap\u00f3s quarenta dias, Cristo sobe ao c\u00e9u, n\u00e3o para se afastar\u2026 mas para reinar.<\/p>\n\n\n\n<p>Antes de partir, Ele deixa um comando claro:<\/p>\n\n\n\n<blockquote class=\"wp-block-quote is-layout-flow wp-block-quote-is-layout-flow\">\n<p>\u201cIde, fazei disc\u00edpulos de todas as na\u00e7\u00f5es\u201d (Mateus 28,19)<\/p>\n<\/blockquote>\n\n\n\n<hr class=\"wp-block-separator has-alpha-channel-opacity\"\/>\n\n\n\n<h2 class=\"wp-block-heading\">3. O n\u00famero 40: n\u00e3o \u00e9 coincid\u00eancia<\/h2>\n\n\n\n<p>Na B\u00edblia, o n\u00famero 40 indica sempre <strong>um tempo de prepara\u00e7\u00e3o, purifica\u00e7\u00e3o e miss\u00e3o<\/strong>:<\/p>\n\n\n\n<ul class=\"wp-block-list\">\n<li>40 dias do dil\u00favio<\/li>\n\n\n\n<li>40 anos no deserto<\/li>\n\n\n\n<li>40 dias de jejum de Cristo<\/li>\n<\/ul>\n\n\n\n<p>As apari\u00e7\u00f5es durante 40 dias n\u00e3o s\u00e3o um detalhe insignificante.<br>S\u00e3o <strong>um tempo pedag\u00f3gico de Deus<\/strong> para formar seus disc\u00edpulos antes de envi\u00e1-los ao mundo.<\/p>\n\n\n\n<hr class=\"wp-block-separator has-alpha-channel-opacity\"\/>\n\n\n\n<h2 class=\"wp-block-heading\">4. Import\u00e2ncia teol\u00f3gica: por que isso muda tudo<\/h2>\n\n\n\n<p>As apari\u00e7\u00f5es do Ressuscitado sustentam quatro pilares da f\u00e9 crist\u00e3:<\/p>\n\n\n\n<h3 class=\"wp-block-heading\">1. Elas confirmam a divindade de Cristo<\/h3>\n\n\n\n<p>S\u00f3 Deus tem poder sobre a morte.<\/p>\n\n\n\n<h3 class=\"wp-block-heading\">2. Elas validam a reden\u00e7\u00e3o<\/h3>\n\n\n\n<p>A cruz n\u00e3o foi uma derrota, mas uma vit\u00f3ria.<\/p>\n\n\n\n<h3 class=\"wp-block-heading\">3. Elas fundam a Igreja<\/h3>\n\n\n\n<p>Os ap\u00f3stolos n\u00e3o pregam ideias, mas o que <strong>viram<\/strong>.<\/p>\n\n\n\n<h3 class=\"wp-block-heading\">4. Elas anunciam nossa pr\u00f3pria ressurrei\u00e7\u00e3o<\/h3>\n\n\n\n<p>Cristo \u00e9 as \u201cprim\u00edcias\u201d (1 Cor\u00edntios 15,20).<br>O que aconteceu nele\u2026 acontecer\u00e1 em n\u00f3s.<\/p>\n\n\n\n<hr class=\"wp-block-separator has-alpha-channel-opacity\"\/>\n\n\n\n<h2 class=\"wp-block-heading\">5. O que essas apari\u00e7\u00f5es nos dizem hoje? (Aplica\u00e7\u00e3o pr\u00e1tica)<\/h2>\n\n\n\n<p>\u00c9 aqui que tudo ganha vida.<\/p>\n\n\n\n<h3 class=\"wp-block-heading\">\u2726 1. Cristo ainda vem ao seu encontro<\/h3>\n\n\n\n<p>Voc\u00ea n\u00e3o precisa ser perfeito.<br>Maria chorava. Tom\u00e9 duvidava. Pedro havia ca\u00eddo.<\/p>\n\n\n\n<p>E, ainda assim, Cristo foi at\u00e9 eles.<\/p>\n\n\n\n<hr class=\"wp-block-separator has-alpha-channel-opacity\"\/>\n\n\n\n<h3 class=\"wp-block-heading\">\u2726 2. A f\u00e9 n\u00e3o \u00e9 cega\u2026 mas n\u00e3o depende de ver<\/h3>\n\n\n\n<p>Vivemos em uma cultura obcecada pelo vis\u00edvel.<br>Mas Jesus eleva a f\u00e9:<\/p>\n\n\n\n<p>Acreditar sem ver n\u00e3o \u00e9 irracional.<br>\u00c9 confiar em um testemunho s\u00f3lido\u2026 e em uma presen\u00e7a real.<\/p>\n\n\n\n<hr class=\"wp-block-separator has-alpha-channel-opacity\"\/>\n\n\n\n<h3 class=\"wp-block-heading\">\u2726 3. A Eucaristia \u00e9 o lugar privilegiado do encontro<\/h3>\n\n\n\n<p>Como em Ema\u00fas, hoje Cristo se faz presente no partir do p\u00e3o.<\/p>\n\n\n\n<p>N\u00e3o o vemos com os olhos do corpo\u2026<br>mas Ele est\u00e1 realmente presente.<\/p>\n\n\n\n<hr class=\"wp-block-separator has-alpha-channel-opacity\"\/>\n\n\n\n<h3 class=\"wp-block-heading\">\u2726 4. Sua hist\u00f3ria n\u00e3o acabou<\/h3>\n\n\n\n<p>Pedro caiu.<br>E foi escolhido.<\/p>\n\n\n\n<p>Voc\u00ea tamb\u00e9m pode voltar.<br>Sempre.<\/p>\n\n\n\n<hr class=\"wp-block-separator has-alpha-channel-opacity\"\/>\n\n\n\n<h3 class=\"wp-block-heading\">\u2726 5. Voc\u00ea tem uma miss\u00e3o<\/h3>\n\n\n\n<p>Voc\u00ea n\u00e3o \u00e9 espectador.<br>Voc\u00ea \u00e9 enviado.<\/p>\n\n\n\n<p>O crist\u00e3o que \u201cviu\u201d Cristo com os olhos da f\u00e9\u2026 n\u00e3o pode ficar em sil\u00eancio.<\/p>\n\n\n\n<hr class=\"wp-block-separator has-alpha-channel-opacity\"\/>\n\n\n\n<h2 class=\"wp-block-heading\">6. Um alerta para o nosso tempo<\/h2>\n\n\n\n<p>Hoje, muitos reduzem a ressurrei\u00e7\u00e3o a um s\u00edmbolo, a uma met\u00e1fora de esperan\u00e7a.<\/p>\n\n\n\n<p>Mas se Cristo n\u00e3o ressuscitou de verdade\u2026<\/p>\n\n\n\n<blockquote class=\"wp-block-quote is-layout-flow wp-block-quote-is-layout-flow\">\n<p>\u201cA vossa f\u00e9 \u00e9 v\u00e3\u201d (1 Cor\u00edntios 15,17)<\/p>\n<\/blockquote>\n\n\n\n<p>O cristianismo n\u00e3o se baseia em met\u00e1foras.<br>Ele se baseia em um fato.<\/p>\n\n\n\n<p>E esse fato exige uma resposta.<\/p>\n\n\n\n<hr class=\"wp-block-separator has-alpha-channel-opacity\"\/>\n\n\n\n<h2 class=\"wp-block-heading\">Conclus\u00e3o: o Ressuscitado te busca hoje<\/h2>\n\n\n\n<p>As apari\u00e7\u00f5es de Jesus n\u00e3o s\u00e3o apenas um epis\u00f3dio do passado.<br>Elas s\u00e3o um modelo de como Deus age.<\/p>\n\n\n\n<p>Cristo continua:<\/p>\n\n\n\n<ul class=\"wp-block-list\">\n<li>a te chamar pelo nome<\/li>\n\n\n\n<li>a caminhar ao seu lado<\/li>\n\n\n\n<li>a mostrar suas feridas<\/li>\n\n\n\n<li>a dar-lhe sua paz<\/li>\n\n\n\n<li>a envi\u00e1-lo<\/li>\n<\/ul>\n\n\n\n<p>A pergunta n\u00e3o \u00e9 se Ele aparece\u2026<\/p>\n\n\n\n<p>A pergunta \u00e9:<br><strong>voc\u00ea O reconhecer\u00e1?<\/strong><\/p>\n","protected":false},"excerpt":{"rendered":"<p>Introdu\u00e7\u00e3o: quando a f\u00e9 deixa de ser teoria A f\u00e9 crist\u00e3 n\u00e3o nasce de uma boa ideia, nem de uma filosofia elevada, nem de um conjunto de regras morais. Ela nasce de um fato: Jesus Cristo morreu\u2026 e ressuscitou. E n\u00e3o apenas isso: Ele se deixou ver. Durante quarenta dias, o Senhor ressuscitado n\u00e3o permaneceu &hellip;<\/p>\n","protected":false},"author":3,"featured_media":5658,"comment_status":"closed","ping_status":"closed","sticky":false,"template":"","format":"standard","meta":{"_seopress_robots_primary_cat":"","_seopress_titles_title":"","_seopress_titles_desc":"","_seopress_robots_index":"","footnotes":""},"categories":[37,45],"tags":[1917],"class_list":["post-5657","post","type-post","status-publish","format-standard","has-post-thumbnail","","category-doutrina-e-fe","category-sagradas-escrituras","tag-aparicoes-de-jesus-ressuscitado"],"_links":{"self":[{"href":"https:\/\/catholicus.eu\/pt\/wp-json\/wp\/v2\/posts\/5657","targetHints":{"allow":["GET"]}}],"collection":[{"href":"https:\/\/catholicus.eu\/pt\/wp-json\/wp\/v2\/posts"}],"about":[{"href":"https:\/\/catholicus.eu\/pt\/wp-json\/wp\/v2\/types\/post"}],"author":[{"embeddable":true,"href":"https:\/\/catholicus.eu\/pt\/wp-json\/wp\/v2\/users\/3"}],"replies":[{"embeddable":true,"href":"https:\/\/catholicus.eu\/pt\/wp-json\/wp\/v2\/comments?post=5657"}],"version-history":[{"count":1,"href":"https:\/\/catholicus.eu\/pt\/wp-json\/wp\/v2\/posts\/5657\/revisions"}],"predecessor-version":[{"id":5659,"href":"https:\/\/catholicus.eu\/pt\/wp-json\/wp\/v2\/posts\/5657\/revisions\/5659"}],"wp:featuredmedia":[{"embeddable":true,"href":"https:\/\/catholicus.eu\/pt\/wp-json\/wp\/v2\/media\/5658"}],"wp:attachment":[{"href":"https:\/\/catholicus.eu\/pt\/wp-json\/wp\/v2\/media?parent=5657"}],"wp:term":[{"taxonomy":"category","embeddable":true,"href":"https:\/\/catholicus.eu\/pt\/wp-json\/wp\/v2\/categories?post=5657"},{"taxonomy":"post_tag","embeddable":true,"href":"https:\/\/catholicus.eu\/pt\/wp-json\/wp\/v2\/tags?post=5657"}],"curies":[{"name":"wp","href":"https:\/\/api.w.org\/{rel}","templated":true}]}}