{"id":5648,"date":"2026-04-03T23:55:30","date_gmt":"2026-04-03T21:55:30","guid":{"rendered":"https:\/\/catholicus.eu\/pt\/?p=5648"},"modified":"2026-04-03T23:55:31","modified_gmt":"2026-04-03T21:55:31","slug":"o-misterio-do-discipulo-amado-por-que-sao-joao-ocupa-o-lugar-mais-intimo-no-coracao-de-cristo","status":"publish","type":"post","link":"https:\/\/catholicus.eu\/pt\/o-misterio-do-discipulo-amado-por-que-sao-joao-ocupa-o-lugar-mais-intimo-no-coracao-de-cristo\/","title":{"rendered":"O mist\u00e9rio do \u201cdisc\u00edpulo amado\u201d: por que S\u00e3o Jo\u00e3o ocupa o lugar mais \u00edntimo no cora\u00e7\u00e3o de Cristo"},"content":{"rendered":"\n<p>No cora\u00e7\u00e3o dos Evangelhos aparece uma figura envolta por uma luz especial\u2014discreta, mas profundamente significativa: o \u201cdisc\u00edpulo a quem Jesus amava\u201d. A tradi\u00e7\u00e3o da Igreja identificou constantemente este disc\u00edpulo como <strong>S\u00e3o Jo\u00e3o Evangelista<\/strong>, o mais jovem dos Doze, o contemplativo, o testemunho privilegiado do amor divino.<\/p>\n\n\n\n<p>Mas por que ele? Jesus amava Jo\u00e3o mais do que os outros? Ou estamos diante de um mist\u00e9rio mais profundo\u2014uma li\u00e7\u00e3o espiritual que atravessa os s\u00e9culos e nos interpela hoje?<\/p>\n\n\n\n<p>Este artigo n\u00e3o busca apenas responder a essas perguntas, mas ajudar voc\u00ea a descobrir que esse \u201cdisc\u00edpulo amado\u201d\u2026 voc\u00ea \u00e9 chamado a se tornar.<\/p>\n\n\n\n<hr class=\"wp-block-separator has-alpha-channel-opacity\"\/>\n\n\n\n<h2 class=\"wp-block-heading\"><strong>1. O \u201cdisc\u00edpulo amado\u201d no Evangelho: uma identidade envolta em mist\u00e9rio<\/strong><\/h2>\n\n\n\n<p>O Evangelho segundo Jo\u00e3o n\u00e3o menciona explicitamente seu nome nos momentos-chave, mas utiliza uma express\u00e3o cheia de intimidade:<\/p>\n\n\n\n<blockquote class=\"wp-block-quote is-layout-flow wp-block-quote-is-layout-flow\">\n<p>\u201cUm dos seus disc\u00edpulos, aquele a quem Jesus amava, estava reclinado junto ao peito de Jesus\u201d (Jo 13,23)<\/p>\n<\/blockquote>\n\n\n\n<p>Ele aparece em cenas decisivas:<\/p>\n\n\n\n<ul class=\"wp-block-list\">\n<li>Na \u00daltima Ceia, reclinado sobre o peito de Cristo<\/li>\n\n\n\n<li>Ao p\u00e9 da Cruz, junto \u00e0 Virgem Maria<\/li>\n\n\n\n<li>No sepulcro vazio, sendo o primeiro a crer<\/li>\n\n\n\n<li>\u00c0 beira do lago ap\u00f3s a Ressurrei\u00e7\u00e3o<\/li>\n<\/ul>\n\n\n\n<p>A Igreja viu nesses textos uma evid\u00eancia clara: esse disc\u00edpulo \u00e9 S\u00e3o Jo\u00e3o, filho de Zebedeu, irm\u00e3o de Tiago.<\/p>\n\n\n\n<p>Mas o que importa n\u00e3o \u00e9 apenas sua identidade hist\u00f3rica\u2026 e sim seu significado espiritual.<\/p>\n\n\n\n<hr class=\"wp-block-separator has-alpha-channel-opacity\"\/>\n\n\n\n<h2 class=\"wp-block-heading\"><strong>2. Jesus tinha \u201cpreferidos\u201d? Uma chave teol\u00f3gica essencial<\/strong><\/h2>\n\n\n\n<p>\u00c0 primeira vista, poderia parecer que Jesus tinha prefer\u00eancias. No entanto, essa seria uma interpreta\u00e7\u00e3o superficial.<\/p>\n\n\n\n<p>Do ponto de vista teol\u00f3gico, devemos afirmar com clareza:<\/p>\n\n\n\n<p>\ud83d\udc49 <strong>Cristo ama a todos com um amor perfeito, total e universal.<\/strong><\/p>\n\n\n\n<p>Ent\u00e3o por que Jo\u00e3o aparece como o \u201camado\u201d?<\/p>\n\n\n\n<p>A resposta est\u00e1 em uma distin\u00e7\u00e3o fundamental:<\/p>\n\n\n\n<ul class=\"wp-block-list\">\n<li><strong>Deus ama a todos igualmente em dignidade<\/strong><\/li>\n\n\n\n<li><strong>Mas cada pessoa responde de forma diferente a esse amor<\/strong><\/li>\n<\/ul>\n\n\n\n<p>S\u00e3o Jo\u00e3o n\u00e3o \u00e9 o mais amado porque Jesus o ame mais\u2026<br>\ud83d\udc49 mas porque <strong>ele se deixa amar mais profundamente<\/strong>.<\/p>\n\n\n\n<p>Aqui encontramos uma verdade espiritual de enorme import\u00e2ncia:<\/p>\n\n\n\n<blockquote class=\"wp-block-quote is-layout-flow wp-block-quote-is-layout-flow\">\n<p><strong>A santidade n\u00e3o consiste em ser mais amado, mas em acolher mais plenamente o amor de Deus.<\/strong><\/p>\n<\/blockquote>\n\n\n\n<hr class=\"wp-block-separator has-alpha-channel-opacity\"\/>\n\n\n\n<h2 class=\"wp-block-heading\"><strong>3. Jo\u00e3o: o disc\u00edpulo da intimidade<\/strong><\/h2>\n\n\n\n<p>S\u00e3o Jo\u00e3o representa algo \u00fanico entre os ap\u00f3stolos: uma <strong>vida interior profunda<\/strong>.<\/p>\n\n\n\n<p>Enquanto outros se destacam pela a\u00e7\u00e3o (como <strong>S\u00e3o Pedro<\/strong>) ou pela miss\u00e3o (como <strong>S\u00e3o Paulo<\/strong>), Jo\u00e3o se destaca por sua <strong>contempla\u00e7\u00e3o<\/strong>.<\/p>\n\n\n\n<p>Tr\u00eas momentos revelam essa intimidade:<\/p>\n\n\n\n<h3 class=\"wp-block-heading\">\u2726 Reclinado sobre o peito de Cristo<\/h3>\n\n\n\n<p>N\u00e3o \u00e9 apenas um gesto f\u00edsico. \u00c9 uma imagem teol\u00f3gica poderos\u00edssima:<\/p>\n\n\n\n<p>\ud83d\udc49 Jo\u00e3o escuta os batimentos do cora\u00e7\u00e3o de Deus.<\/p>\n\n\n\n<p>Isso simboliza a <strong>vida contemplativa<\/strong>, a proximidade afetiva e a confian\u00e7a total.<\/p>\n\n\n\n<hr class=\"wp-block-separator has-alpha-channel-opacity\"\/>\n\n\n\n<h3 class=\"wp-block-heading\">\u2726 Ao p\u00e9 da Cruz<\/h3>\n\n\n\n<p>Quando quase todos fogem, Jo\u00e3o permanece.<\/p>\n\n\n\n<blockquote class=\"wp-block-quote is-layout-flow wp-block-quote-is-layout-flow\">\n<p>\u201cJesus, vendo sua m\u00e3e e junto dela o disc\u00edpulo que amava, disse\u2026\u201d (Jo 19,26)<\/p>\n<\/blockquote>\n\n\n\n<p>Aqui acontece algo decisivo:<\/p>\n\n\n\n<p>\ud83d\udc49 Jo\u00e3o recebe Maria como sua M\u00e3e.<\/p>\n\n\n\n<p>N\u00e3o \u00e9 coincid\u00eancia. O disc\u00edpulo amado \u00e9 tamb\u00e9m aquele que <strong>acolhe plenamente os dons de Cristo<\/strong>, inclusive no sofrimento.<\/p>\n\n\n\n<hr class=\"wp-block-separator has-alpha-channel-opacity\"\/>\n\n\n\n<h3 class=\"wp-block-heading\">\u2726 O primeiro a crer<\/h3>\n\n\n\n<p>No sepulcro vazio:<\/p>\n\n\n\n<blockquote class=\"wp-block-quote is-layout-flow wp-block-quote-is-layout-flow\">\n<p>\u201cViu e creu\u201d (Jo 20,8)<\/p>\n<\/blockquote>\n\n\n\n<p>Antes mesmo de compreender tudo, Jo\u00e3o cr\u00ea.<\/p>\n\n\n\n<p>\ud83d\udc49 Seu amor lhe d\u00e1 uma <strong>intui\u00e7\u00e3o espiritual<\/strong> que vai al\u00e9m da raz\u00e3o.<\/p>\n\n\n\n<hr class=\"wp-block-separator has-alpha-channel-opacity\"\/>\n\n\n\n<h2 class=\"wp-block-heading\"><strong>4. A chave do amor: \u201cDeus \u00e9 amor\u201d<\/strong><\/h2>\n\n\n\n<p>N\u00e3o esque\u00e7amos que o pr\u00f3prio Jo\u00e3o escreve:<\/p>\n\n\n\n<blockquote class=\"wp-block-quote is-layout-flow wp-block-quote-is-layout-flow\">\n<p>\u201cDeus \u00e9 amor\u201d (1 Jo 4,8)<\/p>\n<\/blockquote>\n\n\n\n<p>Essa afirma\u00e7\u00e3o n\u00e3o \u00e9 te\u00f3rica, mas fruto de uma experi\u00eancia.<\/p>\n\n\n\n<p>Jo\u00e3o n\u00e3o apenas conhecia Jesus\u2026<br>\ud83d\udc49 <strong>ele experimentou o seu amor no mais profundo da sua alma<\/strong>.<\/p>\n\n\n\n<p>Por isso, seu Evangelho \u00e9 diferente:<\/p>\n\n\n\n<ul class=\"wp-block-list\">\n<li>Mais simb\u00f3lico<\/li>\n\n\n\n<li>Mais teol\u00f3gico<\/li>\n\n\n\n<li>Mais \u00edntimo<\/li>\n<\/ul>\n\n\n\n<p>\u00c9 o Evangelho do cora\u00e7\u00e3o.<\/p>\n\n\n\n<hr class=\"wp-block-separator has-alpha-channel-opacity\"\/>\n\n\n\n<h2 class=\"wp-block-heading\"><strong>5. Atualidade: em um mundo sem intimidade, Jo\u00e3o \u00e9 mais atual do que nunca<\/strong><\/h2>\n\n\n\n<p>Vivemos em uma \u00e9poca de ru\u00eddo, pressa e superficialidade:<\/p>\n\n\n\n<ul class=\"wp-block-list\">\n<li>Rela\u00e7\u00f5es r\u00e1pidas<\/li>\n\n\n\n<li>F\u00e9 fraca ou rotineira<\/li>\n\n\n\n<li>Falta de sil\u00eancio interior<\/li>\n<\/ul>\n\n\n\n<p>Nesse contexto, S\u00e3o Jo\u00e3o nos lan\u00e7a uma mensagem urgente:<\/p>\n\n\n\n<p>\ud83d\udc49 <strong>N\u00e3o basta \u201cconhecer a Deus\u201d. \u00c9 preciso viver no seu amor.<\/strong><\/p>\n\n\n\n<p>O disc\u00edpulo amado nos recorda que:<\/p>\n\n\n\n<ul class=\"wp-block-list\">\n<li>A f\u00e9 n\u00e3o \u00e9 apenas cumprir regras<\/li>\n\n\n\n<li>N\u00e3o \u00e9 apenas tradi\u00e7\u00e3o ou cultura<\/li>\n\n\n\n<li>\u00c9 uma <strong>rela\u00e7\u00e3o viva, pessoal e \u00edntima com Cristo<\/strong><\/li>\n<\/ul>\n\n\n\n<hr class=\"wp-block-separator has-alpha-channel-opacity\"\/>\n\n\n\n<h2 class=\"wp-block-heading\"><strong>6. Aplica\u00e7\u00f5es pr\u00e1ticas: como ser hoje um \u201cdisc\u00edpulo amado\u201d<\/strong><\/h2>\n\n\n\n<p>Este \u00e9 o ponto central. Porque este artigo n\u00e3o fala apenas de Jo\u00e3o\u2026<br>\ud83d\udc49 fala de voc\u00ea.<\/p>\n\n\n\n<p>Como viver isso no dia a dia?<\/p>\n\n\n\n<h3 class=\"wp-block-heading\">\u2714\ufe0f 1. Cultive a ora\u00e7\u00e3o silenciosa<\/h3>\n\n\n\n<p>N\u00e3o apenas reze\u2026 <strong>permane\u00e7a<\/strong>.<\/p>\n\n\n\n<ul class=\"wp-block-list\">\n<li>Desligue o ru\u00eddo<\/li>\n\n\n\n<li>Permane\u00e7a em sil\u00eancio diante de Deus<\/li>\n\n\n\n<li>\u201cRecline-se\u201d espiritualmente em seu cora\u00e7\u00e3o<\/li>\n<\/ul>\n\n\n\n<hr class=\"wp-block-separator has-alpha-channel-opacity\"\/>\n\n\n\n<h3 class=\"wp-block-heading\">\u2714\ufe0f 2. Permane\u00e7a ao p\u00e9 da Cruz<\/h3>\n\n\n\n<p>N\u00e3o fuja do sofrimento.<\/p>\n\n\n\n<p>Jo\u00e3o n\u00e3o entendia tudo\u2026 mas permaneceu.<\/p>\n\n\n\n<p>\ud83d\udc49 Em suas dificuldades, permane\u00e7a com Cristo.<\/p>\n\n\n\n<hr class=\"wp-block-separator has-alpha-channel-opacity\"\/>\n\n\n\n<h3 class=\"wp-block-heading\">\u2714\ufe0f 3. Acolha Maria como sua M\u00e3e<\/h3>\n\n\n\n<p>Como Jo\u00e3o, acolha a Virgem Maria em sua vida.<\/p>\n\n\n\n<ul class=\"wp-block-list\">\n<li>Reze o Ros\u00e1rio<\/li>\n\n\n\n<li>Confie em sua intercess\u00e3o<\/li>\n\n\n\n<li>Deixe-se guiar por sua ternura<\/li>\n<\/ul>\n\n\n\n<hr class=\"wp-block-separator has-alpha-channel-opacity\"\/>\n\n\n\n<h3 class=\"wp-block-heading\">\u2714\ufe0f 4. Creia antes de compreender<\/h3>\n\n\n\n<p>A f\u00e9 nem sempre \u00e9 imediatamente l\u00f3gica.<\/p>\n\n\n\n<p>\ud83d\udc49 \u00c0s vezes \u00e9 preciso dar o passo\u2026 e depois compreender.<\/p>\n\n\n\n<hr class=\"wp-block-separator has-alpha-channel-opacity\"\/>\n\n\n\n<h3 class=\"wp-block-heading\">\u2714\ufe0f 5. Viva a partir do amor<\/h3>\n\n\n\n<p>Fa\u00e7a desta frase o programa da sua vida:<\/p>\n\n\n\n<blockquote class=\"wp-block-quote is-layout-flow wp-block-quote-is-layout-flow\">\n<p><strong>\u201cDeus \u00e9 amor\u201d<\/strong><\/p>\n<\/blockquote>\n\n\n\n<ul class=\"wp-block-list\">\n<li>Em sua fam\u00edlia<\/li>\n\n\n\n<li>Em seu trabalho<\/li>\n\n\n\n<li>Em suas decis\u00f5es<\/li>\n<\/ul>\n\n\n\n<hr class=\"wp-block-separator has-alpha-channel-opacity\"\/>\n\n\n\n<h2 class=\"wp-block-heading\"><strong>7. Uma conclus\u00e3o que transforma: voc\u00ea tamb\u00e9m \u00e9 o disc\u00edpulo amado<\/strong><\/h2>\n\n\n\n<p>O Evangelho de Jo\u00e3o tem um detalhe bel\u00edssimo: nunca menciona seu nome nessas cenas.<\/p>\n\n\n\n<p>Coincid\u00eancia?<\/p>\n\n\n\n<p>Muitos Padres da Igreja interpretam assim:<\/p>\n\n\n\n<p>\ud83d\udc49 <strong>Para que voc\u00ea possa se colocar em seu lugar.<\/strong><\/p>\n\n\n\n<p>O \u201cdisc\u00edpulo amado\u201d n\u00e3o \u00e9 apenas Jo\u00e3o.<br>\u00c9 todo aquele que:<\/p>\n\n\n\n<ul class=\"wp-block-list\">\n<li>Permanece com Cristo<\/li>\n\n\n\n<li>Se deixa amar por Ele<\/li>\n\n\n\n<li>Vive em sua intimidade<\/li>\n<\/ul>\n\n\n\n<hr class=\"wp-block-separator has-alpha-channel-opacity\"\/>\n\n\n\n<h2 class=\"wp-block-heading\"><strong>Conclus\u00e3o: um convite pessoal<\/strong><\/h2>\n\n\n\n<p>Cristo continua olhando hoje como olhou para Jo\u00e3o.<\/p>\n\n\n\n<p>Ele n\u00e3o busca os mais capazes\u2026<br>nem os mais perfeitos\u2026<\/p>\n\n\n\n<p>\ud83d\udc49 Ele busca aqueles que <strong>querem amar e se deixar amar<\/strong>.<\/p>\n\n\n\n<p>A verdadeira pergunta n\u00e3o \u00e9:<\/p>\n\n\n\n<p>\u274c \u201cPor que Jo\u00e3o era o disc\u00edpulo amado?\u201d<\/p>\n\n\n\n<p>Mas:<\/p>\n\n\n\n<p>\u2705 <strong>\u201cEstou disposto a me tornar?\u201d<\/strong><\/p>\n","protected":false},"excerpt":{"rendered":"<p>No cora\u00e7\u00e3o dos Evangelhos aparece uma figura envolta por uma luz especial\u2014discreta, mas profundamente significativa: o \u201cdisc\u00edpulo a quem Jesus amava\u201d. A tradi\u00e7\u00e3o da Igreja identificou constantemente este disc\u00edpulo como S\u00e3o Jo\u00e3o Evangelista, o mais jovem dos Doze, o contemplativo, o testemunho privilegiado do amor divino. Mas por que ele? Jesus amava Jo\u00e3o mais do &hellip;<\/p>\n","protected":false},"author":3,"featured_media":5649,"comment_status":"closed","ping_status":"closed","sticky":false,"template":"","format":"standard","meta":{"_seopress_robots_primary_cat":"","_seopress_titles_title":"","_seopress_titles_desc":"","_seopress_robots_index":"","footnotes":""},"categories":[37,45],"tags":[1914,1733],"class_list":["post-5648","post","type-post","status-publish","format-standard","has-post-thumbnail","","category-doutrina-e-fe","category-sagradas-escrituras","tag-discipulo-amado","tag-sao-joao"],"_links":{"self":[{"href":"https:\/\/catholicus.eu\/pt\/wp-json\/wp\/v2\/posts\/5648","targetHints":{"allow":["GET"]}}],"collection":[{"href":"https:\/\/catholicus.eu\/pt\/wp-json\/wp\/v2\/posts"}],"about":[{"href":"https:\/\/catholicus.eu\/pt\/wp-json\/wp\/v2\/types\/post"}],"author":[{"embeddable":true,"href":"https:\/\/catholicus.eu\/pt\/wp-json\/wp\/v2\/users\/3"}],"replies":[{"embeddable":true,"href":"https:\/\/catholicus.eu\/pt\/wp-json\/wp\/v2\/comments?post=5648"}],"version-history":[{"count":1,"href":"https:\/\/catholicus.eu\/pt\/wp-json\/wp\/v2\/posts\/5648\/revisions"}],"predecessor-version":[{"id":5650,"href":"https:\/\/catholicus.eu\/pt\/wp-json\/wp\/v2\/posts\/5648\/revisions\/5650"}],"wp:featuredmedia":[{"embeddable":true,"href":"https:\/\/catholicus.eu\/pt\/wp-json\/wp\/v2\/media\/5649"}],"wp:attachment":[{"href":"https:\/\/catholicus.eu\/pt\/wp-json\/wp\/v2\/media?parent=5648"}],"wp:term":[{"taxonomy":"category","embeddable":true,"href":"https:\/\/catholicus.eu\/pt\/wp-json\/wp\/v2\/categories?post=5648"},{"taxonomy":"post_tag","embeddable":true,"href":"https:\/\/catholicus.eu\/pt\/wp-json\/wp\/v2\/tags?post=5648"}],"curies":[{"name":"wp","href":"https:\/\/api.w.org\/{rel}","templated":true}]}}