{"id":5639,"date":"2026-04-03T15:19:30","date_gmt":"2026-04-03T13:19:30","guid":{"rendered":"https:\/\/catholicus.eu\/pt\/?p=5639"},"modified":"2026-04-03T15:19:30","modified_gmt":"2026-04-03T13:19:30","slug":"nao-o-espirito-santo-nao-e-uma-pomba","status":"publish","type":"post","link":"https:\/\/catholicus.eu\/pt\/nao-o-espirito-santo-nao-e-uma-pomba\/","title":{"rendered":"N\u00c3O, O ESP\u00cdRITO SANTO N\u00c3O \u00c9 UMA POMBA"},"content":{"rendered":"\n<h2 class=\"wp-block-heading\"><em>Redescobrir o Grande Desconhecido da Trindade em um mundo que o reduziu a um s\u00edmbolo<\/em><\/h2>\n\n\n\n<hr class=\"wp-block-separator has-alpha-channel-opacity\"\/>\n\n\n\n<h2 class=\"wp-block-heading\">O problema: quando o divino se torna uma caricatura<\/h2>\n\n\n\n<p>Durante s\u00e9culos, milh\u00f5es de crist\u00e3os cresceram com uma imagem gravada na mente: uma pomba branca descendo do c\u00e9u. \u00c9 bonita, \u00e9 pac\u00edfica\u2026 mas tamb\u00e9m \u00e9 perigosa se for mal compreendida.<\/p>\n\n\n\n<p>Porque n\u00e3o, o Esp\u00edrito Santo n\u00e3o \u00e9 uma pomba.<\/p>\n\n\n\n<p>Reduzir a terceira Pessoa da Sant\u00edssima Trindade a um animal simb\u00f3lico n\u00e3o apenas empobrece a nossa f\u00e9: pode deform\u00e1-la profundamente. O Esp\u00edrito Santo n\u00e3o \u00e9 uma energia, n\u00e3o \u00e9 um s\u00edmbolo, n\u00e3o \u00e9 uma \u201cpresen\u00e7a vaga\u201d. Ele \u00e9 <strong>verdadeiro Deus<\/strong>, Pessoa divina, coeterna com o Pai e o Filho.<\/p>\n\n\n\n<p>E compreender isso muda tudo.<\/p>\n\n\n\n<hr class=\"wp-block-separator has-alpha-channel-opacity\"\/>\n\n\n\n<h2 class=\"wp-block-heading\">De onde vem ent\u00e3o a imagem da pomba?<\/h2>\n\n\n\n<p>A origem est\u00e1 em um momento concreto do Evangelho: o Batismo de Cristo.<\/p>\n\n\n\n<blockquote class=\"wp-block-quote is-layout-flow wp-block-quote-is-layout-flow\">\n<p>\u201cE o Esp\u00edrito Santo desceu sobre Ele em forma corp\u00f3rea, como uma pomba\u2026\u201d (Lucas 3,22)<\/p>\n<\/blockquote>\n\n\n\n<p>Este vers\u00edculo foi corretamente interpretado pela Igreja: n\u00e3o significa que o Esp\u00edrito Santo <em>seja<\/em> uma pomba, mas que <strong>se manifestou sob essa apar\u00eancia vis\u00edvel<\/strong>.<\/p>\n\n\n\n<p>Trata-se de uma <em>teofania<\/em>, isto \u00e9, uma manifesta\u00e7\u00e3o sens\u00edvel de uma realidade invis\u00edvel.<\/p>\n\n\n\n<p>O mesmo acontece quando Deus se manifesta como fogo, vento ou nuvem. Deus n\u00e3o \u00e9 nenhuma dessas coisas\u2026 mas se serve delas para se tornar compreens\u00edvel ao homem.<\/p>\n\n\n\n<hr class=\"wp-block-separator has-alpha-channel-opacity\"\/>\n\n\n\n<h2 class=\"wp-block-heading\">Todas as imagens do Esp\u00edrito Santo na B\u00edblia (e o que significam)<\/h2>\n\n\n\n<p>Para compreender quem \u00e9 realmente o Esp\u00edrito Santo, precisamos percorrer toda a Sagrada Escritura. Porque a pomba \u00e9 apenas uma entre muitas imagens.<\/p>\n\n\n\n<hr class=\"wp-block-separator has-alpha-channel-opacity\"\/>\n\n\n\n<h3 class=\"wp-block-heading\">1. O Esp\u00edrito como <strong>vento e sopro<\/strong><\/h3>\n\n\n\n<p>Em hebraico, a palavra <em>ruah<\/em> significa vento, sopro, esp\u00edrito.<\/p>\n\n\n\n<p>Desde o in\u00edcio da B\u00edblia:<\/p>\n\n\n\n<blockquote class=\"wp-block-quote is-layout-flow wp-block-quote-is-layout-flow\">\n<p>\u201cO Esp\u00edrito de Deus pairava sobre as \u00e1guas\u201d (G\u00eanesis 1,2)<\/p>\n<\/blockquote>\n\n\n\n<p>Aqui o Esp\u00edrito \u00e9 vida em movimento, impulso criador, dinamismo divino.<\/p>\n\n\n\n<p>E em Pentecostes:<\/p>\n\n\n\n<blockquote class=\"wp-block-quote is-layout-flow wp-block-quote-is-layout-flow\">\n<p>\u201cDe repente veio do c\u00e9u um ru\u00eddo como de um vento impetuoso\u2026\u201d (Atos 2,2)<\/p>\n<\/blockquote>\n\n\n\n<p>O Esp\u00edrito n\u00e3o \u00e9 est\u00e1tico. Ele \u00e9 <strong>Deus que irrompe, transforma e sacode<\/strong>.<\/p>\n\n\n\n<hr class=\"wp-block-separator has-alpha-channel-opacity\"\/>\n\n\n\n<h3 class=\"wp-block-heading\">2. O Esp\u00edrito como <strong>fogo<\/strong><\/h3>\n\n\n\n<blockquote class=\"wp-block-quote is-layout-flow wp-block-quote-is-layout-flow\">\n<p>\u201cApareceram-lhes l\u00ednguas como de fogo\u2026\u201d (Atos 2,3)<\/p>\n<\/blockquote>\n\n\n\n<p>O fogo purifica, ilumina e consome.<\/p>\n\n\n\n<p>O Esp\u00edrito Santo:<\/p>\n\n\n\n<ul class=\"wp-block-list\">\n<li>queima o pecado<\/li>\n\n\n\n<li>ilumina a intelig\u00eancia<\/li>\n\n\n\n<li>acende o amor<\/li>\n<\/ul>\n\n\n\n<p>Ele n\u00e3o \u00e9 confort\u00e1vel. N\u00e3o \u00e9 decorativo. \u00c9 <strong>transformador<\/strong>.<\/p>\n\n\n\n<hr class=\"wp-block-separator has-alpha-channel-opacity\"\/>\n\n\n\n<h3 class=\"wp-block-heading\">3. O Esp\u00edrito como <strong>\u00e1gua viva<\/strong><\/h3>\n\n\n\n<blockquote class=\"wp-block-quote is-layout-flow wp-block-quote-is-layout-flow\">\n<p>\u201cDo seu interior brotar\u00e3o rios de \u00e1gua viva\u2026 Isso Ele disse referindo-se ao Esp\u00edrito\u201d (Jo\u00e3o 7,38-39)<\/p>\n<\/blockquote>\n\n\n\n<p>O Esp\u00edrito \u00e9 vida que flui, gra\u00e7a que sacia, presen\u00e7a que fecunda.<\/p>\n\n\n\n<p>Em um mundo sedento \u2014 de sentido, de amor, de verdade \u2014 o Esp\u00edrito \u00e9 <strong>a \u00fanica \u00e1gua que nunca se esgota<\/strong>.<\/p>\n\n\n\n<hr class=\"wp-block-separator has-alpha-channel-opacity\"\/>\n\n\n\n<h3 class=\"wp-block-heading\">4. O Esp\u00edrito como <strong>nuvem e luz<\/strong><\/h3>\n\n\n\n<p>No \u00caxodo, Deus guia por meio de uma nuvem. Na Transfigura\u00e7\u00e3o:<\/p>\n\n\n\n<blockquote class=\"wp-block-quote is-layout-flow wp-block-quote-is-layout-flow\">\n<p>\u201cUma nuvem luminosa os cobriu\u2026\u201d (Mateus 17,5)<\/p>\n<\/blockquote>\n\n\n\n<p>A nuvem esconde e revela ao mesmo tempo. A luz ilumina sem ser possu\u00edda.<\/p>\n\n\n\n<p>O Esp\u00edrito Santo \u00e9 <strong>mist\u00e9rio acess\u00edvel, mas n\u00e3o control\u00e1vel<\/strong>.<\/p>\n\n\n\n<hr class=\"wp-block-separator has-alpha-channel-opacity\"\/>\n\n\n\n<h3 class=\"wp-block-heading\">5. O Esp\u00edrito como <strong>un\u00e7\u00e3o (\u00f3leo)<\/strong><\/h3>\n\n\n\n<p>A un\u00e7\u00e3o consagra, fortalece e capacita.<\/p>\n\n\n\n<p>Por isso, nos sacramentos (especialmente na Confirma\u00e7\u00e3o e na Ordem), o \u00f3leo simboliza o Esp\u00edrito.<\/p>\n\n\n\n<p>O Esp\u00edrito n\u00e3o apenas consola: Ele <strong>capacita para a miss\u00e3o<\/strong>.<\/p>\n\n\n\n<hr class=\"wp-block-separator has-alpha-channel-opacity\"\/>\n\n\n\n<h3 class=\"wp-block-heading\">6. O Esp\u00edrito como <strong>pomba<\/strong><\/h3>\n\n\n\n<p>Voltamos ao ponto inicial.<\/p>\n\n\n\n<p>A pomba evoca:<\/p>\n\n\n\n<ul class=\"wp-block-list\">\n<li>paz<\/li>\n\n\n\n<li>pureza<\/li>\n\n\n\n<li>nova cria\u00e7\u00e3o (como em No\u00e9)<\/li>\n<\/ul>\n\n\n\n<p>Mas continua sendo apenas isso: <strong>um sinal<\/strong>, n\u00e3o a realidade em si.<\/p>\n\n\n\n<hr class=\"wp-block-separator has-alpha-channel-opacity\"\/>\n\n\n\n<h2 class=\"wp-block-heading\">Ent\u00e3o\u2026 quem \u00e9 realmente o Esp\u00edrito Santo?<\/h2>\n\n\n\n<p>Aqui entramos no cora\u00e7\u00e3o do mist\u00e9rio.<\/p>\n\n\n\n<p>O Esp\u00edrito Santo \u00e9:<\/p>\n\n\n\n<ul class=\"wp-block-list\">\n<li><strong>a terceira Pessoa da Trindade<\/strong><\/li>\n\n\n\n<li><strong>o Amor subsistente entre o Pai e o Filho<\/strong><\/li>\n\n\n\n<li><strong>verdadeiro Deus, n\u00e3o inferior nem simb\u00f3lico<\/strong><\/li>\n<\/ul>\n\n\n\n<p>Ele n\u00e3o \u00e9 \u201calgo\u201d. Ele \u00e9 <strong>Algu\u00e9m<\/strong>.<\/p>\n\n\n\n<p>N\u00e3o \u00e9 uma for\u00e7a impessoal. \u00c9 uma <strong>Pessoa que conhece, ama e age<\/strong>.<\/p>\n\n\n\n<hr class=\"wp-block-separator has-alpha-channel-opacity\"\/>\n\n\n\n<h2 class=\"wp-block-heading\">Um erro moderno: reduzir o Esp\u00edrito a \u201cenergia\u201d<\/h2>\n\n\n\n<p>Hoje muitos falam do Esp\u00edrito como se fosse:<\/p>\n\n\n\n<ul class=\"wp-block-list\">\n<li>uma vibra\u00e7\u00e3o<\/li>\n\n\n\n<li>uma emo\u00e7\u00e3o<\/li>\n\n\n\n<li>uma experi\u00eancia subjetiva<\/li>\n<\/ul>\n\n\n\n<p>Mas isso n\u00e3o \u00e9 cristianismo. \u00c9 uma espiritualidade dilu\u00edda.<\/p>\n\n\n\n<p>O Esp\u00edrito Santo <strong>n\u00e3o \u00e9 apenas sentido: Ele \u00e9 recebido, acolhido e obedecido<\/strong>.<\/p>\n\n\n\n<hr class=\"wp-block-separator has-alpha-channel-opacity\"\/>\n\n\n\n<h2 class=\"wp-block-heading\">Uma verdade fundamental: o Esp\u00edrito Santo N\u00c3O se encarna<\/h2>\n\n\n\n<p>Aqui \u00e9 preciso ser muito claro do ponto de vista teol\u00f3gico.<\/p>\n\n\n\n<p>Somente a segunda Pessoa da Trindade, o Filho \u2014 Jesus Cristo \u2014 se encarnou.<\/p>\n\n\n\n<blockquote class=\"wp-block-quote is-layout-flow wp-block-quote-is-layout-flow\">\n<p>\u201cE o Verbo se fez carne\u2026\u201d (Jo\u00e3o 1,14)<\/p>\n<\/blockquote>\n\n\n\n<p>O Esp\u00edrito Santo:<\/p>\n\n\n\n<ul class=\"wp-block-list\">\n<li><strong>n\u00e3o se encarna<\/strong><\/li>\n\n\n\n<li><strong>n\u00e3o assume natureza humana<\/strong><\/li>\n\n\n\n<li><strong>n\u00e3o \u201creencarna\u201d nas pessoas<\/strong><\/li>\n<\/ul>\n\n\n\n<p>Isso \u00e9 fundamental.<\/p>\n\n\n\n<p>Dizer que o Esp\u00edrito \u201creencarna\u201d ou que \u201c\u00e9 algu\u00e9m que retorna em outra pessoa\u201d \u00e9 <strong>contr\u00e1rio \u00e0 f\u00e9 cat\u00f3lica<\/strong>.<\/p>\n\n\n\n<p>O Esp\u00edrito:<\/p>\n\n\n\n<ul class=\"wp-block-list\">\n<li>habita na alma em estado de gra\u00e7a<\/li>\n\n\n\n<li>atua nos sacramentos<\/li>\n\n\n\n<li>guia a Igreja<\/li>\n<\/ul>\n\n\n\n<p>Mas nunca se torna <strong>uma pessoa humana<\/strong>.<\/p>\n\n\n\n<hr class=\"wp-block-separator has-alpha-channel-opacity\"\/>\n\n\n\n<h2 class=\"wp-block-heading\">Por que tudo isso \u00e9 importante hoje?<\/h2>\n\n\n\n<p>Porque vivemos em uma \u00e9poca que:<\/p>\n\n\n\n<ul class=\"wp-block-list\">\n<li>banaliza o sagrado<\/li>\n\n\n\n<li>sentimentaliza a f\u00e9<\/li>\n\n\n\n<li>confunde s\u00edmbolos com realidades<\/li>\n<\/ul>\n\n\n\n<p>E o resultado \u00e9 uma f\u00e9 superficial.<\/p>\n\n\n\n<p>Conhecer corretamente o Esp\u00edrito Santo nos devolve:<\/p>\n\n\n\n<ul class=\"wp-block-list\">\n<li>profundidade<\/li>\n\n\n\n<li>rever\u00eancia<\/li>\n\n\n\n<li>clareza doutrinal<\/li>\n<\/ul>\n\n\n\n<hr class=\"wp-block-separator has-alpha-channel-opacity\"\/>\n\n\n\n<h2 class=\"wp-block-heading\">Aplica\u00e7\u00e3o pr\u00e1tica: como viver no Esp\u00edrito Santo<\/h2>\n\n\n\n<p>N\u00e3o basta entender. \u00c9 preciso viver.<\/p>\n\n\n\n<p>Aqui est\u00e1 um guia concreto:<\/p>\n\n\n\n<h3 class=\"wp-block-heading\">1. Invoca-o todos os dias<\/h3>\n\n\n\n<p>\u201cVinde, Esp\u00edrito Santo\u201d n\u00e3o \u00e9 uma frase bonita. \u00c9 uma necessidade vital.<\/p>\n\n\n\n<h3 class=\"wp-block-heading\">2. Escuta suas inspira\u00e7\u00f5es<\/h3>\n\n\n\n<p>Nem tudo o que voc\u00ea sente vem de Deus. Aprenda a discernir.<\/p>\n\n\n\n<h3 class=\"wp-block-heading\">3. Vive em estado de gra\u00e7a<\/h3>\n\n\n\n<p>O Esp\u00edrito habita plenamente em uma alma pura.<\/p>\n\n\n\n<h3 class=\"wp-block-heading\">4. Aceita o seu fogo<\/h3>\n\n\n\n<p>\u00c0s vezes vai doer. Porque Ele transforma.<\/p>\n\n\n\n<h3 class=\"wp-block-heading\">5. S\u00ea d\u00f3cil<\/h3>\n\n\n\n<p>O Esp\u00edrito n\u00e3o se imp\u00f5e. Ele \u00e9 acolhido.<\/p>\n\n\n\n<hr class=\"wp-block-separator has-alpha-channel-opacity\"\/>\n\n\n\n<h2 class=\"wp-block-heading\">Conclus\u00e3o: deixar de olhar para a pomba\u2026 para encontrar Deus<\/h2>\n\n\n\n<p>O problema nunca foi a pomba.<\/p>\n\n\n\n<p>O problema \u00e9 ficar nela.<\/p>\n\n\n\n<p>O Esp\u00edrito Santo n\u00e3o \u00e9 uma imagem est\u00e1tica em um vitral. Ele \u00e9 o Deus vivo que est\u00e1 agindo agora mesmo:<\/p>\n\n\n\n<ul class=\"wp-block-list\">\n<li>na Igreja<\/li>\n\n\n\n<li>nos sacramentos<\/li>\n\n\n\n<li>na tua alma<\/li>\n<\/ul>\n\n\n\n<p>E enquanto muitos o reduzem a um s\u00edmbolo\u2026 outros descobrem que Ele \u00e9 <strong>o protagonista oculto de toda a vida crist\u00e3<\/strong>.<\/p>\n\n\n\n<p>A pergunta final n\u00e3o \u00e9 te\u00f3rica, \u00e9 existencial:<\/p>\n\n\n\n<p><strong>Voc\u00ea est\u00e1 realmente vivendo sob a a\u00e7\u00e3o do Esp\u00edrito Santo\u2026 ou apenas sob a sua imagem?<\/strong><\/p>\n","protected":false},"excerpt":{"rendered":"<p>Redescobrir o Grande Desconhecido da Trindade em um mundo que o reduziu a um s\u00edmbolo O problema: quando o divino se torna uma caricatura Durante s\u00e9culos, milh\u00f5es de crist\u00e3os cresceram com uma imagem gravada na mente: uma pomba branca descendo do c\u00e9u. \u00c9 bonita, \u00e9 pac\u00edfica\u2026 mas tamb\u00e9m \u00e9 perigosa se for mal compreendida. Porque &hellip;<\/p>\n","protected":false},"author":3,"featured_media":5640,"comment_status":"closed","ping_status":"closed","sticky":false,"template":"","format":"standard","meta":{"_seopress_robots_primary_cat":"","_seopress_titles_title":"","_seopress_titles_desc":"","_seopress_robots_index":"","footnotes":""},"categories":[43,37],"tags":[440],"class_list":["post-5639","post","type-post","status-publish","format-standard","has-post-thumbnail","","category-catecismo-da-igreja-catolica","category-doutrina-e-fe","tag-espirito-santo"],"_links":{"self":[{"href":"https:\/\/catholicus.eu\/pt\/wp-json\/wp\/v2\/posts\/5639","targetHints":{"allow":["GET"]}}],"collection":[{"href":"https:\/\/catholicus.eu\/pt\/wp-json\/wp\/v2\/posts"}],"about":[{"href":"https:\/\/catholicus.eu\/pt\/wp-json\/wp\/v2\/types\/post"}],"author":[{"embeddable":true,"href":"https:\/\/catholicus.eu\/pt\/wp-json\/wp\/v2\/users\/3"}],"replies":[{"embeddable":true,"href":"https:\/\/catholicus.eu\/pt\/wp-json\/wp\/v2\/comments?post=5639"}],"version-history":[{"count":1,"href":"https:\/\/catholicus.eu\/pt\/wp-json\/wp\/v2\/posts\/5639\/revisions"}],"predecessor-version":[{"id":5641,"href":"https:\/\/catholicus.eu\/pt\/wp-json\/wp\/v2\/posts\/5639\/revisions\/5641"}],"wp:featuredmedia":[{"embeddable":true,"href":"https:\/\/catholicus.eu\/pt\/wp-json\/wp\/v2\/media\/5640"}],"wp:attachment":[{"href":"https:\/\/catholicus.eu\/pt\/wp-json\/wp\/v2\/media?parent=5639"}],"wp:term":[{"taxonomy":"category","embeddable":true,"href":"https:\/\/catholicus.eu\/pt\/wp-json\/wp\/v2\/categories?post=5639"},{"taxonomy":"post_tag","embeddable":true,"href":"https:\/\/catholicus.eu\/pt\/wp-json\/wp\/v2\/tags?post=5639"}],"curies":[{"name":"wp","href":"https:\/\/api.w.org\/{rel}","templated":true}]}}