{"id":5636,"date":"2026-04-03T09:44:22","date_gmt":"2026-04-03T07:44:22","guid":{"rendered":"https:\/\/catholicus.eu\/pt\/?p=5636"},"modified":"2026-04-03T09:44:23","modified_gmt":"2026-04-03T07:44:23","slug":"cristo-de-mena-o-rosto-da-boa-morte-que-desafia-o-medo-moderno","status":"publish","type":"post","link":"https:\/\/catholicus.eu\/pt\/cristo-de-mena-o-rosto-da-boa-morte-que-desafia-o-medo-moderno\/","title":{"rendered":"Cristo de Mena: o rosto da Boa Morte que desafia o medo moderno"},"content":{"rendered":"\n<h2 class=\"wp-block-heading\">O Crucificado que nos ensina a morrer\u2026 para aprender a viver<\/h2>\n\n\n\n<p>Numa \u00e9poca marcada pelo medo da morte, pela rejei\u00e7\u00e3o do sofrimento e pela obsess\u00e3o de prolongar a vida a qualquer custo, surge com for\u00e7a uma imagem profundamente contracultural: o <strong>Cristo da Boa Morte<\/strong>, conhecido popularmente como o <strong>Cristo de Mena<\/strong>.<\/p>\n\n\n\n<p>N\u00e3o \u00e9 apenas uma escultura. N\u00e3o \u00e9 apenas uma tradi\u00e7\u00e3o da Semana Santa. \u00c9, na realidade, uma catequese viva, uma prega\u00e7\u00e3o silenciosa que atravessa gera\u00e7\u00f5es e que, hoje mais do que nunca, precisa de ser redescoberta.<\/p>\n\n\n\n<p>Porque falar de \u201cboa morte\u201d no s\u00e9culo XXI soa inc\u00f3modo\u2026 mas profundamente necess\u00e1rio.<\/p>\n\n\n\n<hr class=\"wp-block-separator has-alpha-channel-opacity\"\/>\n\n\n\n<h2 class=\"wp-block-heading\">1. Hist\u00f3ria: entre devo\u00e7\u00e3o, trag\u00e9dia e restaura\u00e7\u00e3o<\/h2>\n\n\n\n<p>A imagem original do Cristo da Boa Morte \u00e9 atribu\u00edda ao grande escultor barroco Pedro de Mena, um dos mais importantes mestres da imagin\u00e1ria religiosa espanhola do s\u00e9culo XVII.<\/p>\n\n\n\n<p>Essa escultura, de impressionante beleza e serenidade, representava Cristo j\u00e1 morto na cruz, com o corpo entregue e a alma confiada ao Pai.<\/p>\n\n\n\n<p>No entanto, a hist\u00f3ria desta devo\u00e7\u00e3o n\u00e3o esteve isenta de sofrimento:<\/p>\n\n\n\n<ul class=\"wp-block-list\">\n<li>A imagem original foi destru\u00edda durante os dist\u00farbios de 1931 em Espanha.<\/li>\n\n\n\n<li>Anos depois, o escultor Francisco Palma Burgos realizou a imagem atual, preservando o esp\u00edrito da original.<\/li>\n\n\n\n<li>A devo\u00e7\u00e3o foi profundamente abra\u00e7ada pela Legi\u00e3o Espanhola, que todos os anos protagoniza um dos momentos mais emblem\u00e1ticos da Semana Santa de M\u00e1laga: o traslado e a entroniza\u00e7\u00e3o do Cristo.<\/li>\n<\/ul>\n\n\n\n<p>Esta liga\u00e7\u00e3o com a Legi\u00e3o n\u00e3o \u00e9 casual. \u00c9 profundamente simb\u00f3lica: homens preparados para a morte que encontram em Cristo o sentido \u00faltimo da sua entrega.<\/p>\n\n\n\n<hr class=\"wp-block-separator has-alpha-channel-opacity\"\/>\n\n\n\n<h2 class=\"wp-block-heading\">2. O que significa \u201cBoa Morte\u201d? Uma chave teol\u00f3gica esquecida<\/h2>\n\n\n\n<p>Falar de \u201cboa morte\u201d pode parecer estranho hoje. Mas na tradi\u00e7\u00e3o crist\u00e3 \u00e9 um conceito profundamente rico.<\/p>\n\n\n\n<p>N\u00e3o se trata de morrer sem dor. Nem de uma morte \u201cf\u00e1cil\u201d.<\/p>\n\n\n\n<p>Trata-se de morrer <strong>na gra\u00e7a de Deus<\/strong>, reconciliado, confiante, abandonado nas suas m\u00e3os.<\/p>\n\n\n\n<p>O Cristo de Mena representa precisamente esse momento:<\/p>\n\n\n\n<ul class=\"wp-block-list\">\n<li>Cristo expirou.<\/li>\n\n\n\n<li>N\u00e3o h\u00e1 dramatismo exagerado.<\/li>\n\n\n\n<li>N\u00e3o h\u00e1 desespero.<\/li>\n\n\n\n<li>H\u00e1 <strong>entrega total<\/strong>.<\/li>\n<\/ul>\n\n\n\n<p>Como diz o Evangelho:<\/p>\n\n\n\n<blockquote class=\"wp-block-quote is-layout-flow wp-block-quote-is-layout-flow\">\n<p>\u201cPai, nas tuas m\u00e3os entrego o meu esp\u00edrito\u201d (Evangelho de Lucas 23,46)<\/p>\n<\/blockquote>\n\n\n\n<p>Este \u00e9 o cora\u00e7\u00e3o da \u201cboa morte\u201d: <strong>a confian\u00e7a filial em Deus mesmo no \u00faltimo instante<\/strong>.<\/p>\n\n\n\n<hr class=\"wp-block-separator has-alpha-channel-opacity\"\/>\n\n\n\n<h2 class=\"wp-block-heading\">3. A est\u00e9tica teol\u00f3gica do Cristo de Mena<\/h2>\n\n\n\n<p>A imagem n\u00e3o \u00e9 apenas arte. \u00c9 teologia esculpida na madeira.<\/p>\n\n\n\n<p>Cada detalhe fala:<\/p>\n\n\n\n<h3 class=\"wp-block-heading\">\u2022 O corpo sem vida, mas sereno<\/h3>\n\n\n\n<p>N\u00e3o h\u00e1 tens\u00e3o extrema. Cristo cumpriu a sua miss\u00e3o.<br>Isto recorda-nos que a morte, em Cristo, n\u00e3o \u00e9 derrota\u2026 mas cumprimento.<\/p>\n\n\n\n<h3 class=\"wp-block-heading\">\u2022 A cabe\u00e7a inclinada<\/h3>\n\n\n\n<p>N\u00e3o \u00e9 abandono desesperado, mas <strong>repouso no Pai<\/strong>.<\/p>\n\n\n\n<h3 class=\"wp-block-heading\">\u2022 A aus\u00eancia de dramatismo excessivo<\/h3>\n\n\n\n<p>Ao contr\u00e1rio de outros crucifixos, aqui predomina a paz.<br>\u00c9 um convite a olhar a morte com f\u00e9, n\u00e3o com medo.<\/p>\n\n\n\n<hr class=\"wp-block-separator has-alpha-channel-opacity\"\/>\n\n\n\n<h2 class=\"wp-block-heading\">4. Cristo e a morte: uma revolu\u00e7\u00e3o espiritual<\/h2>\n\n\n\n<p>O grande drama do homem contempor\u00e2neo n\u00e3o \u00e9 apenas morrer\u2026 mas n\u00e3o saber para que vive nem como morrer.<\/p>\n\n\n\n<p>A cultura atual:<\/p>\n\n\n\n<ul class=\"wp-block-list\">\n<li>Evita falar da morte<\/li>\n\n\n\n<li>Esconde-a<\/li>\n\n\n\n<li>Medicaliza-a<\/li>\n\n\n\n<li>Desumaniza-a<\/li>\n<\/ul>\n\n\n\n<p>Mas Cristo faz exatamente o contr\u00e1rio:<\/p>\n\n\n\n<ul class=\"wp-block-list\">\n<li><strong>Enfrenta-a<\/strong><\/li>\n\n\n\n<li><strong>Abra\u00e7a-a<\/strong><\/li>\n\n\n\n<li><strong>Transforma-a<\/strong><\/li>\n<\/ul>\n\n\n\n<p>S\u00e3o Paulo exprime isto com uma for\u00e7a impressionante:<\/p>\n\n\n\n<blockquote class=\"wp-block-quote is-layout-flow wp-block-quote-is-layout-flow\">\n<p>\u201cOnde est\u00e1, \u00f3 morte, a tua vit\u00f3ria?\u201d (Primeira Carta aos Cor\u00edntios 15,55)<\/p>\n<\/blockquote>\n\n\n\n<p>O Cristo da Boa Morte n\u00e3o nega a morte.<br>Ele <strong>redime-a<\/strong>.<\/p>\n\n\n\n<figure class=\"wp-block-embed aligncenter is-type-video is-provider-youtube wp-block-embed-youtube wp-embed-aspect-16-9 wp-has-aspect-ratio\"><div class=\"wp-block-embed__wrapper\">\n<iframe loading=\"lazy\" title=\"Legionarios cantando El Novio de la Muerte - Semana Santa de M\u00e1laga 2016\" width=\"618\" height=\"348\" src=\"https:\/\/www.youtube.com\/embed\/8XULTHbK5z8?feature=oembed\" frameborder=\"0\" allow=\"accelerometer; autoplay; clipboard-write; encrypted-media; gyroscope; picture-in-picture; web-share\" referrerpolicy=\"strict-origin-when-cross-origin\" allowfullscreen><\/iframe>\n<\/div><\/figure>\n\n\n\n<hr class=\"wp-block-separator has-alpha-channel-opacity\"\/>\n\n\n\n<h2 class=\"wp-block-heading\">5. A Legi\u00e3o e o Cristo: espiritualidade do sacrif\u00edcio<\/h2>\n\n\n\n<p>A liga\u00e7\u00e3o entre a Legi\u00e3o Espanhola e o Cristo de Mena \u00e9 profundamente espiritual.<\/p>\n\n\n\n<p>O famoso hino <em>\u201cO Noivo da Morte\u201d<\/em> n\u00e3o \u00e9 uma glorifica\u00e7\u00e3o superficial da morte, mas uma express\u00e3o \u2014 ainda que imperfeita \u2014 de uma verdade crist\u00e3:<\/p>\n\n\n\n<blockquote class=\"wp-block-quote is-layout-flow wp-block-quote-is-layout-flow\">\n<p>A vida encontra a sua plenitude quando \u00e9 oferecida.<\/p>\n<\/blockquote>\n\n\n\n<p>Os legion\u00e1rios, ao transportarem o Cristo, recordam-nos algo essencial:<\/p>\n\n\n\n<ul class=\"wp-block-list\">\n<li>A morte n\u00e3o \u00e9 o fim se houver amor<\/li>\n\n\n\n<li>O sacrif\u00edcio tem sentido quando est\u00e1 unido a Cristo<\/li>\n\n\n\n<li>A entrega transforma o medo em miss\u00e3o<\/li>\n<\/ul>\n\n\n\n<hr class=\"wp-block-separator has-alpha-channel-opacity\"\/>\n\n\n\n<h2 class=\"wp-block-heading\">6. Aplica\u00e7\u00f5es pr\u00e1ticas: aprender a viver bem\u2026 para morrer bem<\/h2>\n\n\n\n<p>Aqui est\u00e1 o n\u00facleo pastoral do Cristo da Boa Morte.<\/p>\n\n\n\n<p>N\u00e3o se trata de se obsessar com a morte.<br>Trata-se de <strong>viver de tal forma que n\u00e3o temamos morrer<\/strong>.<\/p>\n\n\n\n<h3 class=\"wp-block-heading\">1. Viver em gra\u00e7a<\/h3>\n\n\n\n<p>A \u201cboa morte\u201d come\u00e7a hoje:<\/p>\n\n\n\n<ul class=\"wp-block-list\">\n<li>Confiss\u00e3o frequente<\/li>\n\n\n\n<li>Vida sacramental<\/li>\n\n\n\n<li>Convers\u00e3o cont\u00ednua<\/li>\n<\/ul>\n\n\n\n<h3 class=\"wp-block-heading\">2. Reconciliar-se<\/h3>\n\n\n\n<p>N\u00e3o deixar feridas abertas:<\/p>\n\n\n\n<ul class=\"wp-block-list\">\n<li>Perdoar<\/li>\n\n\n\n<li>Pedir perd\u00e3o<\/li>\n\n\n\n<li>Curar rela\u00e7\u00f5es<\/li>\n<\/ul>\n\n\n\n<h3 class=\"wp-block-heading\">3. Ordenar a vida<\/h3>\n\n\n\n<p>Perguntar-se:<\/p>\n\n\n\n<ul class=\"wp-block-list\">\n<li>O que \u00e9 essencial?<\/li>\n\n\n\n<li>O que levarei diante de Deus?<\/li>\n<\/ul>\n\n\n\n<h3 class=\"wp-block-heading\">4. Aceitar a cruz quotidiana<\/h3>\n\n\n\n<p>O sofrimento, unido a Cristo, n\u00e3o destr\u00f3i\u2026 transforma.<\/p>\n\n\n\n<h3 class=\"wp-block-heading\">5. Cultivar a esperan\u00e7a<\/h3>\n\n\n\n<p>O crist\u00e3o n\u00e3o espera a morte\u2026 mas a vida eterna.<\/p>\n\n\n\n<hr class=\"wp-block-separator has-alpha-channel-opacity\"\/>\n\n\n\n<h2 class=\"wp-block-heading\">7. Uma mensagem urgente para hoje<\/h2>\n\n\n\n<p>Numa sociedade onde aumentam:<\/p>\n\n\n\n<ul class=\"wp-block-list\">\n<li>A eutan\u00e1sia<\/li>\n\n\n\n<li>O medo do sofrimento<\/li>\n\n\n\n<li>O desespero<\/li>\n<\/ul>\n\n\n\n<p>O Cristo da Boa Morte oferece uma resposta radicalmente diferente:<\/p>\n\n\n\n<ul class=\"wp-block-list\">\n<li>A vida tem sentido at\u00e9 ao \u00faltimo instante<\/li>\n\n\n\n<li>O sofrimento pode ser redentor<\/li>\n\n\n\n<li>A morte n\u00e3o \u00e9 o fim<\/li>\n<\/ul>\n\n\n\n<p>N\u00e3o se trata de procurar a morte\u2026<br>Trata-se de <strong>n\u00e3o a temer quando chega, porque Cristo j\u00e1 a venceu<\/strong>.<\/p>\n\n\n\n<hr class=\"wp-block-separator has-alpha-channel-opacity\"\/>\n\n\n\n<h2 class=\"wp-block-heading\">8. Conclus\u00e3o: olhar para o Crucificado para vencer o medo<\/h2>\n\n\n\n<p>O Cristo de Mena n\u00e3o deixa ningu\u00e9m indiferente.<\/p>\n\n\n\n<p>Obriga-nos a fazer perguntas inc\u00f3modas:<\/p>\n\n\n\n<ul class=\"wp-block-list\">\n<li>Estou preparado para morrer?<\/li>\n\n\n\n<li>Estou realmente a viver?<\/li>\n\n\n\n<li>Onde est\u00e1 colocada a minha esperan\u00e7a?<\/li>\n<\/ul>\n\n\n\n<p>Mas, acima de tudo, oferece-nos uma certeza:<\/p>\n\n\n\n<p><strong>A morte n\u00e3o tem a \u00faltima palavra.<\/strong><\/p>\n\n\n\n<p>Porque naquele corpo sem vida, pregado na cruz, j\u00e1 pulsa a vit\u00f3ria da Ressurrei\u00e7\u00e3o.<\/p>\n\n\n\n<p>E quem aprende a morrer com Cristo\u2026<br>aprende, finalmente, a viver.<\/p>\n","protected":false},"excerpt":{"rendered":"<p>O Crucificado que nos ensina a morrer\u2026 para aprender a viver Numa \u00e9poca marcada pelo medo da morte, pela rejei\u00e7\u00e3o do sofrimento e pela obsess\u00e3o de prolongar a vida a qualquer custo, surge com for\u00e7a uma imagem profundamente contracultural: o Cristo da Boa Morte, conhecido popularmente como o Cristo de Mena. N\u00e3o \u00e9 apenas uma &hellip;<\/p>\n","protected":false},"author":3,"featured_media":5637,"comment_status":"closed","ping_status":"closed","sticky":false,"template":"","format":"standard","meta":{"_seopress_robots_primary_cat":"","_seopress_titles_title":"","_seopress_titles_desc":"","_seopress_robots_index":"","footnotes":""},"categories":[66,41],"tags":[1910,1909,1911],"class_list":["post-5636","post","type-post","status-publish","format-standard","has-post-thumbnail","","category-cultura-popular-e-catolicismo","category-fe-e-cultura","tag-boa-morte","tag-cristo-de-mena","tag-legion"],"_links":{"self":[{"href":"https:\/\/catholicus.eu\/pt\/wp-json\/wp\/v2\/posts\/5636","targetHints":{"allow":["GET"]}}],"collection":[{"href":"https:\/\/catholicus.eu\/pt\/wp-json\/wp\/v2\/posts"}],"about":[{"href":"https:\/\/catholicus.eu\/pt\/wp-json\/wp\/v2\/types\/post"}],"author":[{"embeddable":true,"href":"https:\/\/catholicus.eu\/pt\/wp-json\/wp\/v2\/users\/3"}],"replies":[{"embeddable":true,"href":"https:\/\/catholicus.eu\/pt\/wp-json\/wp\/v2\/comments?post=5636"}],"version-history":[{"count":1,"href":"https:\/\/catholicus.eu\/pt\/wp-json\/wp\/v2\/posts\/5636\/revisions"}],"predecessor-version":[{"id":5638,"href":"https:\/\/catholicus.eu\/pt\/wp-json\/wp\/v2\/posts\/5636\/revisions\/5638"}],"wp:featuredmedia":[{"embeddable":true,"href":"https:\/\/catholicus.eu\/pt\/wp-json\/wp\/v2\/media\/5637"}],"wp:attachment":[{"href":"https:\/\/catholicus.eu\/pt\/wp-json\/wp\/v2\/media?parent=5636"}],"wp:term":[{"taxonomy":"category","embeddable":true,"href":"https:\/\/catholicus.eu\/pt\/wp-json\/wp\/v2\/categories?post=5636"},{"taxonomy":"post_tag","embeddable":true,"href":"https:\/\/catholicus.eu\/pt\/wp-json\/wp\/v2\/tags?post=5636"}],"curies":[{"name":"wp","href":"https:\/\/api.w.org\/{rel}","templated":true}]}}