{"id":5633,"date":"2026-04-03T01:10:25","date_gmt":"2026-04-02T23:10:25","guid":{"rendered":"https:\/\/catholicus.eu\/pt\/?p=5633"},"modified":"2026-04-03T01:10:26","modified_gmt":"2026-04-02T23:10:26","slug":"como-viver-o-dia-mais-solene-do-ano-liturgico-entrar-no-misterio-do-silencio-da-cruz-e-da-esperanca","status":"publish","type":"post","link":"https:\/\/catholicus.eu\/pt\/como-viver-o-dia-mais-solene-do-ano-liturgico-entrar-no-misterio-do-silencio-da-cruz-e-da-esperanca\/","title":{"rendered":"Como viver o dia mais solene do ano lit\u00fargico: entrar no mist\u00e9rio do sil\u00eancio, da Cruz e da esperan\u00e7a"},"content":{"rendered":"\n<p>H\u00e1 dias na vida que marcam um antes e um depois. Mas no calend\u00e1rio crist\u00e3o existe um dia que n\u00e3o apenas marca a hist\u00f3ria\u2026 mas a redime. Um dia que n\u00e3o \u00e9 celebrado, mas contemplado. Um dia em que o c\u00e9u parece silenciar e a terra treme: o dia mais solene do ano lit\u00fargico.<\/p>\n\n\n\n<p>Falamos da <strong>Sexta-feira Santa<\/strong>.<\/p>\n\n\n\n<p>N\u00e3o \u00e9 um dia qualquer. N\u00e3o \u00e9 uma comemora\u00e7\u00e3o simb\u00f3lica. \u00c9 o pr\u00f3prio cora\u00e7\u00e3o do mist\u00e9rio crist\u00e3o. E, no entanto, no nosso mundo r\u00e1pido, ruidoso e superficial, este dia corre o risco de passar despercebido ou de ser vivido apenas como uma tradi\u00e7\u00e3o cultural.<\/p>\n\n\n\n<p>Mas se o vivermos bem\u2026 pode transformar a nossa vida.<\/p>\n\n\n\n<hr class=\"wp-block-separator has-alpha-channel-opacity\"\/>\n\n\n\n<h2 class=\"wp-block-heading\"><strong>1. Um dia que a Igreja n\u00e3o \u201ccelebra\u201d, mas contempla<\/strong><\/h2>\n\n\n\n<p>A Sexta-feira Santa \u00e9 \u00fanica em todo o ano. A Igreja n\u00e3o celebra a Eucaristia. O altar est\u00e1 despojado. N\u00e3o h\u00e1 Gl\u00f3ria. N\u00e3o h\u00e1 consagra\u00e7\u00e3o. Tudo est\u00e1 envolvido numa sobriedade radical.<\/p>\n\n\n\n<p>Porqu\u00ea?<\/p>\n\n\n\n<p>Porque a Igreja n\u00e3o \u201cfaz\u201d algo, mas <strong>une-se ao que Cristo realizou uma vez por todas<\/strong>.<\/p>\n\n\n\n<p>Aqui n\u00e3o h\u00e1 repeti\u00e7\u00e3o. H\u00e1 <strong>participa\u00e7\u00e3o no sacrif\u00edcio redentor<\/strong>.<\/p>\n\n\n\n<p>Como diz a Escritura:<\/p>\n\n\n\n<blockquote class=\"wp-block-quote is-layout-flow wp-block-quote-is-layout-flow\">\n<p>\u00abEle foi trespassado por causa das nossas transgress\u00f5es, esmagado por causa das nossas iniquidades; o castigo que nos traz a paz caiu sobre ele, e pelas suas feridas fomos curados\u00bb (Isa\u00edas 53,5)<\/p>\n<\/blockquote>\n\n\n\n<p>A Sexta-feira Santa n\u00e3o \u00e9 apenas a mem\u00f3ria de uma morte injusta. \u00c9 o momento em que o pecado do mundo \u00e9 vencido\u2026 a partir de dentro.<\/p>\n\n\n\n<hr class=\"wp-block-separator has-alpha-channel-opacity\"\/>\n\n\n\n<h2 class=\"wp-block-heading\"><strong>2. A seriedade do amor: a Cruz como revela\u00e7\u00e3o<\/strong><\/h2>\n\n\n\n<p>Chamamos este dia \u201csolene\u201d n\u00e3o apenas porque \u00e9 triste, mas porque revela a <strong>seriedade do amor de Deus<\/strong>.<\/p>\n\n\n\n<p>Hoje tudo parece leve, relativo, emocional. Mas a Cruz diz-nos o contr\u00e1rio:<\/p>\n\n\n\n<ul class=\"wp-block-list\">\n<li>O pecado <strong>\u00e9 real<\/strong><\/li>\n\n\n\n<li>O mal <strong>fere profundamente<\/strong><\/li>\n\n\n\n<li>E o verdadeiro amor <strong>custa sangue<\/strong><\/li>\n<\/ul>\n\n\n\n<p>Na Cruz, Cristo n\u00e3o improvisa. Ele n\u00e3o \u00e9 v\u00edtima de um acidente hist\u00f3rico. Ele entrega livremente a sua vida:<\/p>\n\n\n\n<blockquote class=\"wp-block-quote is-layout-flow wp-block-quote-is-layout-flow\">\n<p>\u00abNingu\u00e9m ma tira, mas eu a dou por mim mesmo\u00bb (Jo\u00e3o 10,18)<\/p>\n<\/blockquote>\n\n\n\n<p>Aqui est\u00e1 a chave teol\u00f3gica: <strong>a Cruz n\u00e3o \u00e9 um fracasso, mas o ato supremo do amor obediente<\/strong>.<\/p>\n\n\n\n<p>E isto muda tudo.<\/p>\n\n\n\n<hr class=\"wp-block-separator has-alpha-channel-opacity\"\/>\n\n\n\n<h2 class=\"wp-block-heading\"><strong>3. Hist\u00f3ria e tradi\u00e7\u00e3o: como a Igreja viveu este dia<\/strong><\/h2>\n\n\n\n<p>Desde os primeiros s\u00e9culos, os crist\u00e3os viveram a Sexta-feira Santa com uma intensidade \u00fanica:<\/p>\n\n\n\n<ul class=\"wp-block-list\">\n<li><strong>Jejum rigoroso<\/strong>: n\u00e3o apenas corporal, mas tamb\u00e9m espiritual<\/li>\n\n\n\n<li><strong>Ora\u00e7\u00e3o prolongada<\/strong>: sobretudo a leitura da Paix\u00e3o<\/li>\n\n\n\n<li><strong>Venera\u00e7\u00e3o da Cruz<\/strong>: um gesto profundamente simb\u00f3lico<\/li>\n<\/ul>\n\n\n\n<p>A liturgia atual conserva estes elementos essenciais:<\/p>\n\n\n\n<ol class=\"wp-block-list\">\n<li><strong>Liturgia da Palavra<\/strong> (com a Paix\u00e3o segundo S\u00e3o Jo\u00e3o)<\/li>\n\n\n\n<li><strong>Ora\u00e7\u00e3o universal<\/strong> (por toda a humanidade)<\/li>\n\n\n\n<li><strong>Venera\u00e7\u00e3o da Cruz<\/strong><\/li>\n\n\n\n<li><strong>Comunh\u00e3o com h\u00f3stias consagradas no dia anterior<\/strong><\/li>\n<\/ol>\n\n\n\n<p>Tudo \u00e9 austero. Tudo aponta para o essencial.<\/p>\n\n\n\n<hr class=\"wp-block-separator has-alpha-channel-opacity\"\/>\n\n\n\n<h2 class=\"wp-block-heading\"><strong>4. O sil\u00eancio como linguagem de Deus<\/strong><\/h2>\n\n\n\n<p>Um dos aspetos mais esquecidos hoje \u00e9 o <strong>sil\u00eancio da Sexta-feira Santa<\/strong>.<\/p>\n\n\n\n<p>Vivemos rodeados de ru\u00eddo: redes sociais, not\u00edcias, opini\u00f5es constantes\u2026 Mas este dia convida-nos ao sil\u00eancio.<\/p>\n\n\n\n<p>Porqu\u00ea?<\/p>\n\n\n\n<p>Porque existem mist\u00e9rios que n\u00e3o se explicam\u2026 contemplam-se.<\/p>\n\n\n\n<p>O sil\u00eancio da Sexta-feira Santa n\u00e3o \u00e9 vazio. \u00c9 um sil\u00eancio cheio de significado:<\/p>\n\n\n\n<ul class=\"wp-block-list\">\n<li>\u00c9 o sil\u00eancio de Cristo diante dos seus acusadores<\/li>\n\n\n\n<li>\u00c9 o sil\u00eancio de Maria aos p\u00e9s da Cruz<\/li>\n\n\n\n<li>\u00c9 o sil\u00eancio do Pai que entrega o Filho<\/li>\n<\/ul>\n\n\n\n<p>Nesse sil\u00eancio, Deus fala da forma mais profunda.<\/p>\n\n\n\n<hr class=\"wp-block-separator has-alpha-channel-opacity\"\/>\n\n\n\n<h2 class=\"wp-block-heading\"><strong>5. Aplica\u00e7\u00f5es pr\u00e1ticas: como viver hoje a Sexta-feira Santa<\/strong><\/h2>\n\n\n\n<p>A grande pergunta \u00e9: como viver este dia no mundo moderno?<\/p>\n\n\n\n<h3 class=\"wp-block-heading\"><strong>1. Praticar um verdadeiro jejum<\/strong><\/h3>\n\n\n\n<p>N\u00e3o apenas de comida, mas tamb\u00e9m de:<\/p>\n\n\n\n<ul class=\"wp-block-list\">\n<li>redes sociais<\/li>\n\n\n\n<li>entretenimento<\/li>\n\n\n\n<li>ru\u00eddo desnecess\u00e1rio<\/li>\n<\/ul>\n\n\n\n<p>O jejum abre um espa\u00e7o interior. Torna-nos dispon\u00edveis para Deus.<\/p>\n\n\n\n<hr class=\"wp-block-separator has-alpha-channel-opacity\"\/>\n\n\n\n<h3 class=\"wp-block-heading\"><strong>2. Ler e meditar a Paix\u00e3o<\/strong><\/h3>\n\n\n\n<p>Tira tempo para ler lentamente a Paix\u00e3o, sobretudo no Evangelho de Jo\u00e3o (cap\u00edtulos 18\u201319).<\/p>\n\n\n\n<p>N\u00e3o como um simples texto, mas como uma hist\u00f3ria na qual tamb\u00e9m tu est\u00e1s presente.<\/p>\n\n\n\n<p>Pergunta-te:<\/p>\n\n\n\n<ul class=\"wp-block-list\">\n<li>Onde estou eu nesta cena?<\/li>\n\n\n\n<li>Sou Pedro, que nega?<\/li>\n\n\n\n<li>Sou Pilatos, que lava as m\u00e3os?<\/li>\n\n\n\n<li>Ou sou o disc\u00edpulo amado, que permanece?<\/li>\n<\/ul>\n\n\n\n<hr class=\"wp-block-separator has-alpha-channel-opacity\"\/>\n\n\n\n<h3 class=\"wp-block-heading\"><strong>3. Contemplar a Cruz<\/strong><\/h3>\n\n\n\n<p>N\u00e3o como um s\u00edmbolo decorativo, mas como <strong>o lugar onde Deus me amou at\u00e9 ao fim<\/strong>.<\/p>\n\n\n\n<p>Olha para um crucifixo. Permanece em sil\u00eancio. Deixa-o falar contigo.<\/p>\n\n\n\n<hr class=\"wp-block-separator has-alpha-channel-opacity\"\/>\n\n\n\n<h3 class=\"wp-block-heading\"><strong>4. Unir o pr\u00f3prio sofrimento a Cristo<\/strong><\/h3>\n\n\n\n<p>A Sexta-feira Santa ilumina o mist\u00e9rio do sofrimento humano.<\/p>\n\n\n\n<p>As tuas feridas, as tuas lutas, as tuas cruzes\u2026 n\u00e3o s\u00e3o in\u00fateis se as unes a Cristo.<\/p>\n\n\n\n<blockquote class=\"wp-block-quote is-layout-flow wp-block-quote-is-layout-flow\">\n<p>\u00abAgora alegro-me nos sofrimentos que suporto por v\u00f3s e completo na minha carne o que falta \u00e0s tribula\u00e7\u00f5es de Cristo\u00bb (Colossenses 1,24)<\/p>\n<\/blockquote>\n\n\n\n<p>Isto n\u00e3o significa que falte algo \u00e0 reden\u00e7\u00e3o, mas que <strong>somos convidados a participar nela<\/strong>.<\/p>\n\n\n\n<hr class=\"wp-block-separator has-alpha-channel-opacity\"\/>\n\n\n\n<h3 class=\"wp-block-heading\"><strong>5. Praticar a caridade concreta<\/strong><\/h3>\n\n\n\n<p>O amor contemplado na Cruz deve traduzir-se em a\u00e7\u00f5es:<\/p>\n\n\n\n<ul class=\"wp-block-list\">\n<li>Perdoar algu\u00e9m<\/li>\n\n\n\n<li>Ajudar quem sofre<\/li>\n\n\n\n<li>Ouvir quem est\u00e1 s\u00f3<\/li>\n<\/ul>\n\n\n\n<p>A Cruz n\u00e3o \u00e9 teoria. \u00c9 vida entregue.<\/p>\n\n\n\n<hr class=\"wp-block-separator has-alpha-channel-opacity\"\/>\n\n\n\n<h2 class=\"wp-block-heading\"><strong>6. Maria aos p\u00e9s da Cruz: a escola do amor fiel<\/strong><\/h2>\n\n\n\n<p>N\u00e3o podemos viver a Sexta-feira Santa sem olhar para a Virgem Maria.<\/p>\n\n\n\n<p>Ela n\u00e3o foge. N\u00e3o grita. N\u00e3o compreende tudo\u2026 mas permanece.<\/p>\n\n\n\n<p>Maria ensina-nos:<\/p>\n\n\n\n<ul class=\"wp-block-list\">\n<li>a <strong>estar presente<\/strong> quando tudo parece perdido<\/li>\n\n\n\n<li>a <strong>confiar<\/strong> quando n\u00e3o h\u00e1 respostas<\/li>\n\n\n\n<li>a <strong>amar<\/strong> sem condi\u00e7\u00f5es<\/li>\n<\/ul>\n\n\n\n<p>Ela \u00e9 a primeira a viver plenamente este dia.<\/p>\n\n\n\n<hr class=\"wp-block-separator has-alpha-channel-opacity\"\/>\n\n\n\n<h2 class=\"wp-block-heading\"><strong>7. Uma esperan\u00e7a escondida<\/strong><\/h2>\n\n\n\n<p>Embora a Sexta-feira Santa seja o dia mais solene, n\u00e3o \u00e9 o fim.<\/p>\n\n\n\n<p>No meio das trevas, a luz j\u00e1 pulsa.<\/p>\n\n\n\n<p>A Cruz n\u00e3o \u00e9 a \u00faltima palavra. \u00c9 a passagem necess\u00e1ria para a Ressurrei\u00e7\u00e3o.<\/p>\n\n\n\n<p>Por isso, o crist\u00e3o n\u00e3o vive este dia no desespero, mas numa <strong>esperan\u00e7a silenciosa<\/strong>.<\/p>\n\n\n\n<hr class=\"wp-block-separator has-alpha-channel-opacity\"\/>\n\n\n\n<h2 class=\"wp-block-heading\"><strong>Conclus\u00e3o: um dia que n\u00e3o deve passar sem ser vivido<\/strong><\/h2>\n\n\n\n<p>O maior risco da Sexta-feira Santa n\u00e3o \u00e9 viv\u00ea-la com demasiada intensidade\u2026 mas <strong>n\u00e3o a viver de todo<\/strong>.<\/p>\n\n\n\n<p>Este dia convida-nos a parar, a olhar de frente o mist\u00e9rio do mal e do amor, e a deixar-nos transformar por ele.<\/p>\n\n\n\n<p>Porque na Cruz n\u00e3o vemos apenas o que aconteceu a Cristo\u2026<\/p>\n\n\n\n<p><strong>vemos o que Deus est\u00e1 disposto a fazer por n\u00f3s.<\/strong><\/p>\n\n\n\n<p>E isso exige uma resposta.<\/p>\n","protected":false},"excerpt":{"rendered":"<p>H\u00e1 dias na vida que marcam um antes e um depois. Mas no calend\u00e1rio crist\u00e3o existe um dia que n\u00e3o apenas marca a hist\u00f3ria\u2026 mas a redime. Um dia que n\u00e3o \u00e9 celebrado, mas contemplado. Um dia em que o c\u00e9u parece silenciar e a terra treme: o dia mais solene do ano lit\u00fargico. Falamos &hellip;<\/p>\n","protected":false},"author":3,"featured_media":5634,"comment_status":"closed","ping_status":"closed","sticky":false,"template":"","format":"standard","meta":{"_seopress_robots_primary_cat":"","_seopress_titles_title":"","_seopress_titles_desc":"","_seopress_robots_index":"","footnotes":""},"categories":[38,52],"tags":[738],"class_list":["post-5633","post","type-post","status-publish","format-standard","has-post-thumbnail","","category-historia-e-tradicao","category-liturgia-e-ano-liturgico","tag-sexta-feira-santa"],"_links":{"self":[{"href":"https:\/\/catholicus.eu\/pt\/wp-json\/wp\/v2\/posts\/5633","targetHints":{"allow":["GET"]}}],"collection":[{"href":"https:\/\/catholicus.eu\/pt\/wp-json\/wp\/v2\/posts"}],"about":[{"href":"https:\/\/catholicus.eu\/pt\/wp-json\/wp\/v2\/types\/post"}],"author":[{"embeddable":true,"href":"https:\/\/catholicus.eu\/pt\/wp-json\/wp\/v2\/users\/3"}],"replies":[{"embeddable":true,"href":"https:\/\/catholicus.eu\/pt\/wp-json\/wp\/v2\/comments?post=5633"}],"version-history":[{"count":1,"href":"https:\/\/catholicus.eu\/pt\/wp-json\/wp\/v2\/posts\/5633\/revisions"}],"predecessor-version":[{"id":5635,"href":"https:\/\/catholicus.eu\/pt\/wp-json\/wp\/v2\/posts\/5633\/revisions\/5635"}],"wp:featuredmedia":[{"embeddable":true,"href":"https:\/\/catholicus.eu\/pt\/wp-json\/wp\/v2\/media\/5634"}],"wp:attachment":[{"href":"https:\/\/catholicus.eu\/pt\/wp-json\/wp\/v2\/media?parent=5633"}],"wp:term":[{"taxonomy":"category","embeddable":true,"href":"https:\/\/catholicus.eu\/pt\/wp-json\/wp\/v2\/categories?post=5633"},{"taxonomy":"post_tag","embeddable":true,"href":"https:\/\/catholicus.eu\/pt\/wp-json\/wp\/v2\/tags?post=5633"}],"curies":[{"name":"wp","href":"https:\/\/api.w.org\/{rel}","templated":true}]}}