{"id":5563,"date":"2026-03-28T23:39:31","date_gmt":"2026-03-28T22:39:31","guid":{"rendered":"https:\/\/catholicus.eu\/pt\/?p=5563"},"modified":"2026-03-28T23:39:31","modified_gmt":"2026-03-28T22:39:31","slug":"ramos-abencoados-almas-esquecidas-o-risco-espiritual-de-uma-devocao-superficial","status":"publish","type":"post","link":"https:\/\/catholicus.eu\/pt\/ramos-abencoados-almas-esquecidas-o-risco-espiritual-de-uma-devocao-superficial\/","title":{"rendered":"Ramos aben\u00e7oados, almas esquecidas: o risco espiritual de uma devo\u00e7\u00e3o superficial"},"content":{"rendered":"\n<h2 class=\"wp-block-heading\">Introdu\u00e7\u00e3o: quando o gesto substitui o cora\u00e7\u00e3o<\/h2>\n\n\n\n<p>Todos os anos, milhares de fi\u00e9is v\u00e3o \u00e0 igreja com ramos nas m\u00e3os. Palmas tran\u00e7adas, ramos de oliveira, at\u00e9 pequenas cruzes feitas com cuidado. \u00c9 um gesto belo, carregado de tradi\u00e7\u00e3o, profundamente enraizado na vida cat\u00f3lica. Mas h\u00e1 uma pergunta inc\u00f4moda que precisamos fazer:<\/p>\n\n\n\n<p><strong>Estamos levando ramos\u2026 ou estamos levando Cristo?<\/strong><\/p>\n\n\n\n<p>O risco espiritual do nosso tempo n\u00e3o \u00e9 tanto a rejei\u00e7\u00e3o aberta de Deus, mas algo muito mais sutil: <strong>a redu\u00e7\u00e3o da f\u00e9 a gestos vazios, a tradi\u00e7\u00f5es sem convers\u00e3o, a s\u00edmbolos sem vida interior<\/strong>.<\/p>\n\n\n\n<p>E o Domingo de Ramos \u2014 t\u00e3o cheio de significado \u2014 pode, paradoxalmente, tornar-se um dos exemplos mais claros dessa superficialidade.<\/p>\n\n\n\n<hr class=\"wp-block-separator has-alpha-channel-opacity\"\/>\n\n\n\n<h2 class=\"wp-block-heading\">1. A origem: uma multid\u00e3o que aclamava\u2026 e depois abandonou<\/h2>\n\n\n\n<p>O Domingo de Ramos n\u00e3o \u00e9 uma festa qualquer. \u00c9 profundamente dram\u00e1tico.<\/p>\n\n\n\n<p>Ele recorda a entrada triunfal de Cristo em Jerusal\u00e9m, quando foi recebido como Rei e Messias por uma multid\u00e3o que agitava palmas e ramos de oliveira, gritando:<\/p>\n\n\n\n<blockquote class=\"wp-block-quote is-layout-flow wp-block-quote-is-layout-flow\">\n<p>\u201cHosana! Bendito o que vem em nome do Senhor!\u201d (Mc 11,9)<\/p>\n<\/blockquote>\n\n\n\n<p>Este acontecimento marca o in\u00edcio da Semana Santa e antecipa a Paix\u00e3o de Cristo.<\/p>\n\n\n\n<p>Mas aqui est\u00e1 o ponto teol\u00f3gico fundamental que n\u00e3o podemos ignorar:<\/p>\n\n\n\n<p>\ud83d\udc49 <strong>Aquela mesma multid\u00e3o que o aclamava\u2026 poucos dias depois gritaria: \u201cCrucifica-o!\u201d<\/strong><\/p>\n\n\n\n<p>Esse contraste n\u00e3o \u00e9 um detalhe hist\u00f3rico sem import\u00e2ncia. \u00c9 um espelho da alma humana.<\/p>\n\n\n\n<ul class=\"wp-block-list\">\n<li>Hoje entusiasmo<\/li>\n\n\n\n<li>Amanh\u00e3 abandono<\/li>\n\n\n\n<li>Hoje devo\u00e7\u00e3o<\/li>\n\n\n\n<li>Amanh\u00e3 indiferen\u00e7a<\/li>\n<\/ul>\n\n\n\n<p>O Domingo de Ramos n\u00e3o celebra apenas uma entrada triunfal. <strong>Ele revela a inconst\u00e2ncia do cora\u00e7\u00e3o humano<\/strong>.<\/p>\n\n\n\n<hr class=\"wp-block-separator has-alpha-channel-opacity\"\/>\n\n\n\n<h2 class=\"wp-block-heading\">2. O significado do ramo: sacramental, n\u00e3o um amuleto<\/h2>\n\n\n\n<p>Os ramos aben\u00e7oados n\u00e3o s\u00e3o objetos decorativos nem talism\u00e3s. S\u00e3o <strong>sacramentais<\/strong>, ou seja, sinais sagrados que disp\u00f5em a alma para receber a gra\u00e7a.<\/p>\n\n\n\n<p>A Igreja aben\u00e7oa os ramos para nos lembrar:<\/p>\n\n\n\n<ul class=\"wp-block-list\">\n<li>Que Cristo \u00e9 Rei<\/li>\n\n\n\n<li>Que devemos acolh\u00ea-lo em nossa vida<\/li>\n\n\n\n<li>Que o seu reinado passa pela Cruz<\/li>\n<\/ul>\n\n\n\n<p>Tradicionalmente:<\/p>\n\n\n\n<ul class=\"wp-block-list\">\n<li>S\u00e3o colocados em casa como sinal de f\u00e9<\/li>\n\n\n\n<li>S\u00e3o conservados com rever\u00eancia<\/li>\n\n\n\n<li>S\u00e3o queimados para as cinzas da Quarta-feira de Cinzas seguinte<\/li>\n<\/ul>\n\n\n\n<p>Mas aqui surge o perigo:<\/p>\n\n\n\n<p>\ud83d\udc49 Quando o ramo deixa de ser um sinal\u2026 e se torna supersti\u00e7\u00e3o.<\/p>\n\n\n\n<ul class=\"wp-block-list\">\n<li>\u201cColoco atr\u00e1s da porta para proteger a casa\u201d<\/li>\n\n\n\n<li>\u201cAfasta o mal\u201d<\/li>\n\n\n\n<li>\u201cTraz sorte\u201d<\/li>\n<\/ul>\n\n\n\n<p>Isso n\u00e3o \u00e9 f\u00e9 cat\u00f3lica. \u00c9 magia disfar\u00e7ada de religi\u00e3o.<\/p>\n\n\n\n<p>A diferen\u00e7a \u00e9 profunda:<\/p>\n\n\n\n<figure class=\"wp-block-table\"><table class=\"has-fixed-layout\"><thead><tr><th>F\u00e9 aut\u00eantica<\/th><th>Supersti\u00e7\u00e3o<\/th><\/tr><\/thead><tbody><tr><td>Confia em Deus<\/td><td>Confia no objeto<\/td><\/tr><tr><td>Busca a convers\u00e3o<\/td><td>Busca prote\u00e7\u00e3o autom\u00e1tica<\/td><\/tr><tr><td>Transforma o cora\u00e7\u00e3o<\/td><td>Evita o compromisso<\/td><\/tr><\/tbody><\/table><\/figure>\n\n\n\n<hr class=\"wp-block-separator has-alpha-channel-opacity\"\/>\n\n\n\n<h2 class=\"wp-block-heading\">3. Devo\u00e7\u00e3o superficial: o grande risco do nosso tempo<\/h2>\n\n\n\n<p>Vivemos numa cultura do imediato, da est\u00e9tica e da emo\u00e7\u00e3o. E isso tamb\u00e9m afetou a vida espiritual.<\/p>\n\n\n\n<p>Hoje \u00e9 f\u00e1cil:<\/p>\n\n\n\n<ul class=\"wp-block-list\">\n<li>Ir benzer os ramos<\/li>\n\n\n\n<li>Tirar uma foto<\/li>\n\n\n\n<li>Compartilh\u00e1-la nas redes sociais<\/li>\n\n\n\n<li>E esquecer de Deus o resto do ano<\/li>\n<\/ul>\n\n\n\n<p>Isso n\u00e3o \u00e9 caricatura. \u00c9 uma realidade pastoral.<\/p>\n\n\n\n<p>\ud83d\udc49 <strong>O perigo n\u00e3o \u00e9 ter ramos\u2026 mas n\u00e3o ter convers\u00e3o.<\/strong><\/p>\n\n\n\n<p>Cristo n\u00e3o busca espectadores, mas disc\u00edpulos.<\/p>\n\n\n\n<p>Ele n\u00e3o quer multid\u00f5es que aplaudem\u2026 mas almas que permanecem.<\/p>\n\n\n\n<p>Como Ele mesmo adverte:<\/p>\n\n\n\n<blockquote class=\"wp-block-quote is-layout-flow wp-block-quote-is-layout-flow\">\n<p>\u201cEste povo me honra com os l\u00e1bios, mas o seu cora\u00e7\u00e3o est\u00e1 longe de mim\u201d (Mt 15,8)<\/p>\n<\/blockquote>\n\n\n\n<hr class=\"wp-block-separator has-alpha-channel-opacity\"\/>\n\n\n\n<h2 class=\"wp-block-heading\">4. O verdadeiro sentido: entrar na Paix\u00e3o com Cristo<\/h2>\n\n\n\n<p>O Domingo de Ramos n\u00e3o \u00e9 um destino. \u00c9 uma porta.<\/p>\n\n\n\n<p>N\u00e3o \u00e9 o fim da devo\u00e7\u00e3o, mas o in\u00edcio de um caminho:<\/p>\n\n\n\n<ul class=\"wp-block-list\">\n<li>Do entusiasmo \u00e0 Cruz<\/li>\n\n\n\n<li>Do ramo ao Calv\u00e1rio<\/li>\n\n\n\n<li>Da aclama\u00e7\u00e3o ao sacrif\u00edcio<\/li>\n<\/ul>\n\n\n\n<p>Liturgicamente, este dia \u00e9 profundamente revelador:<\/p>\n\n\n\n<ul class=\"wp-block-list\">\n<li>Come\u00e7a com alegria (prociss\u00e3o)<\/li>\n\n\n\n<li>Termina com a Paix\u00e3o<\/li>\n<\/ul>\n\n\n\n<p>\u00c9 como se a Igreja nos dissesse:<\/p>\n\n\n\n<p>\ud83d\udc49 \u201cN\u00e3o fiques no ramo. Caminha at\u00e9 \u00e0 Cruz.\u201d<\/p>\n\n\n\n<p>Porque seguir Cristo implica:<\/p>\n\n\n\n<ul class=\"wp-block-list\">\n<li>Renunciar ao pecado<\/li>\n\n\n\n<li>Carregar a cruz di\u00e1ria<\/li>\n\n\n\n<li>Permanecer fiel mesmo na escurid\u00e3o<\/li>\n<\/ul>\n\n\n\n<hr class=\"wp-block-separator has-alpha-channel-opacity\"\/>\n\n\n\n<h2 class=\"wp-block-heading\">5. Aplica\u00e7\u00f5es pr\u00e1ticas: como viver uma devo\u00e7\u00e3o aut\u00eantica<\/h2>\n\n\n\n<p>Aqui tudo se torna concreto. Porque a f\u00e9 n\u00e3o se mede por emo\u00e7\u00f5es, mas pela vida.<\/p>\n\n\n\n<h3 class=\"wp-block-heading\">1. N\u00e3o te limites ao gesto<\/h3>\n\n\n\n<p>Levar o ramo \u00e9 bom. Mas pergunta-te:<\/p>\n\n\n\n<ul class=\"wp-block-list\">\n<li>Preparei a minha alma?<\/li>\n\n\n\n<li>Estou em estado de gra\u00e7a?<\/li>\n\n\n\n<li>Confessei os meus pecados?<\/li>\n<\/ul>\n\n\n\n<h3 class=\"wp-block-heading\">2. Faz da tua casa um lugar de f\u00e9, n\u00e3o de supersti\u00e7\u00e3o<\/h3>\n\n\n\n<p>Coloca o ramo como lembran\u00e7a de Cristo Rei, n\u00e3o como objeto m\u00e1gico.<\/p>\n\n\n\n<p>Cada vez que o vires, pergunta-te:<\/p>\n\n\n\n<p>\ud83d\udc49 \u201cEstou a deixar Cristo reinar na minha vida?\u201d<\/p>\n\n\n\n<h3 class=\"wp-block-heading\">3. Vive toda a Semana Santa<\/h3>\n\n\n\n<p>O Domingo de Ramos n\u00e3o basta.<\/p>\n\n\n\n<ul class=\"wp-block-list\">\n<li>Quinta-feira Santa: Eucaristia<\/li>\n\n\n\n<li>Sexta-feira Santa: Cruz<\/li>\n\n\n\n<li>Vig\u00edlia Pascal: Ressurrei\u00e7\u00e3o<\/li>\n<\/ul>\n\n\n\n<p>O ramo sem a Cruz\u2026 n\u00e3o tem sentido.<\/p>\n\n\n\n<h3 class=\"wp-block-heading\">4. S\u00ea coerente<\/h3>\n\n\n\n<p>N\u00e3o sejas parte da multid\u00e3o que muda de opini\u00e3o.<\/p>\n\n\n\n<ul class=\"wp-block-list\">\n<li>S\u00ea fiel nas pequenas coisas<\/li>\n\n\n\n<li>S\u00ea constante na ora\u00e7\u00e3o<\/li>\n\n\n\n<li>S\u00ea firme na verdade<\/li>\n<\/ul>\n\n\n\n<h3 class=\"wp-block-heading\">5. Passa da emo\u00e7\u00e3o \u00e0 decis\u00e3o<\/h3>\n\n\n\n<p>A f\u00e9 n\u00e3o \u00e9 apenas sentir. \u00c9 decidir.<\/p>\n\n\n\n<ul class=\"wp-block-list\">\n<li>Decidir perdoar<\/li>\n\n\n\n<li>Decidir mudar<\/li>\n\n\n\n<li>Decidir seguir Cristo<\/li>\n<\/ul>\n\n\n\n<hr class=\"wp-block-separator has-alpha-channel-opacity\"\/>\n\n\n\n<h2 class=\"wp-block-heading\">6. Um apelo urgente: da apar\u00eancia \u00e0 convers\u00e3o<\/h2>\n\n\n\n<p>Hoje mais do que nunca, a Igreja precisa de crist\u00e3os aut\u00eanticos.<\/p>\n\n\n\n<p>N\u00e3o basta ter:<\/p>\n\n\n\n<ul class=\"wp-block-list\">\n<li>Tradi\u00e7\u00f5es herdadas<\/li>\n\n\n\n<li>Ritos exteriores<\/li>\n\n\n\n<li>Costumes culturais<\/li>\n<\/ul>\n\n\n\n<p>Deus procura cora\u00e7\u00f5es.<\/p>\n\n\n\n<p>O grande drama n\u00e3o \u00e9 que haja menos ramos nas m\u00e3os\u2026<br>\ud83d\udc49 mas menos f\u00e9 nas almas.<\/p>\n\n\n\n<hr class=\"wp-block-separator has-alpha-channel-opacity\"\/>\n\n\n\n<h2 class=\"wp-block-heading\">Conclus\u00e3o: Hosana ou Crucifica-o?<\/h2>\n\n\n\n<p>O Domingo de Ramos coloca-nos diante de uma escolha radical.<\/p>\n\n\n\n<p>N\u00e3o entre ir ou n\u00e3o ir \u00e0 missa.<br>N\u00e3o entre levar um ramo ou n\u00e3o.<\/p>\n\n\n\n<p>Mas entre:<\/p>\n\n\n\n<ul class=\"wp-block-list\">\n<li><strong>Uma f\u00e9 superficial\u2026 ou uma vida transformada<\/strong><\/li>\n\n\n\n<li><strong>Um cristianismo cultural\u2026 ou um discipulado real<\/strong><\/li>\n<\/ul>\n\n\n\n<p>Porque, no final, todos estamos na multid\u00e3o.<\/p>\n\n\n\n<p>A \u00fanica pergunta \u00e9:<\/p>\n\n\n\n<p>\ud83d\udc49 <strong>O que estamos a gritar com a nossa vida?<\/strong><\/p>\n\n\n\n<p>\u201cHosana\u201d apenas por um dia\u2026<br>ou fidelidade at\u00e9 \u00e0 Cruz?<\/p>\n","protected":false},"excerpt":{"rendered":"<p>Introdu\u00e7\u00e3o: quando o gesto substitui o cora\u00e7\u00e3o Todos os anos, milhares de fi\u00e9is v\u00e3o \u00e0 igreja com ramos nas m\u00e3os. Palmas tran\u00e7adas, ramos de oliveira, at\u00e9 pequenas cruzes feitas com cuidado. \u00c9 um gesto belo, carregado de tradi\u00e7\u00e3o, profundamente enraizado na vida cat\u00f3lica. Mas h\u00e1 uma pergunta inc\u00f4moda que precisamos fazer: Estamos levando ramos\u2026 ou &hellip;<\/p>\n","protected":false},"author":3,"featured_media":5564,"comment_status":"closed","ping_status":"closed","sticky":false,"template":"","format":"standard","meta":{"_seopress_robots_primary_cat":"","_seopress_titles_title":"","_seopress_titles_desc":"","_seopress_robots_index":"","footnotes":""},"categories":[66,41],"tags":[705],"class_list":["post-5563","post","type-post","status-publish","format-standard","has-post-thumbnail","","category-cultura-popular-e-catolicismo","category-fe-e-cultura","tag-domingo-de-ramos"],"_links":{"self":[{"href":"https:\/\/catholicus.eu\/pt\/wp-json\/wp\/v2\/posts\/5563","targetHints":{"allow":["GET"]}}],"collection":[{"href":"https:\/\/catholicus.eu\/pt\/wp-json\/wp\/v2\/posts"}],"about":[{"href":"https:\/\/catholicus.eu\/pt\/wp-json\/wp\/v2\/types\/post"}],"author":[{"embeddable":true,"href":"https:\/\/catholicus.eu\/pt\/wp-json\/wp\/v2\/users\/3"}],"replies":[{"embeddable":true,"href":"https:\/\/catholicus.eu\/pt\/wp-json\/wp\/v2\/comments?post=5563"}],"version-history":[{"count":1,"href":"https:\/\/catholicus.eu\/pt\/wp-json\/wp\/v2\/posts\/5563\/revisions"}],"predecessor-version":[{"id":5565,"href":"https:\/\/catholicus.eu\/pt\/wp-json\/wp\/v2\/posts\/5563\/revisions\/5565"}],"wp:featuredmedia":[{"embeddable":true,"href":"https:\/\/catholicus.eu\/pt\/wp-json\/wp\/v2\/media\/5564"}],"wp:attachment":[{"href":"https:\/\/catholicus.eu\/pt\/wp-json\/wp\/v2\/media?parent=5563"}],"wp:term":[{"taxonomy":"category","embeddable":true,"href":"https:\/\/catholicus.eu\/pt\/wp-json\/wp\/v2\/categories?post=5563"},{"taxonomy":"post_tag","embeddable":true,"href":"https:\/\/catholicus.eu\/pt\/wp-json\/wp\/v2\/tags?post=5563"}],"curies":[{"name":"wp","href":"https:\/\/api.w.org\/{rel}","templated":true}]}}