{"id":5551,"date":"2026-03-26T23:33:39","date_gmt":"2026-03-26T22:33:39","guid":{"rendered":"https:\/\/catholicus.eu\/pt\/?p=5551"},"modified":"2026-03-26T23:33:40","modified_gmt":"2026-03-26T22:33:40","slug":"e-possivel-ser-catolico-e-sionista","status":"publish","type":"post","link":"https:\/\/catholicus.eu\/pt\/e-possivel-ser-catolico-e-sionista\/","title":{"rendered":"\u00c9 poss\u00edvel ser cat\u00f3lico e sionista?"},"content":{"rendered":"\n<h2 class=\"wp-block-heading\">Uma pergunta inc\u00f4moda que exige uma resposta clara, fiel e corajosa<\/h2>\n\n\n\n<p>Vivemos numa \u00e9poca em que as palavras t\u00eam peso, mas muitas vezes s\u00e3o esvaziadas de significado. \u201cSionismo\u201d, \u201cIsrael\u201d, \u201cpovo escolhido\u201d, \u201cTerra Prometida\u201d\u2026 s\u00e3o termos carregados de hist\u00f3ria, dor, pol\u00edtica e tamb\u00e9m \u2014 e sobretudo \u2014 <strong>teologia<\/strong>.<\/p>\n\n\n\n<p>Por isso, esta pergunta n\u00e3o \u00e9 superficial. N\u00e3o \u00e9 ideol\u00f3gica. \u00c9 profundamente espiritual:<\/p>\n\n\n\n<p><strong>Um cat\u00f3lico pode realmente ser sionista?<\/strong><\/p>\n\n\n\n<p>A resposta exige rigor, amor pela verdade e fidelidade \u00e0 Tradi\u00e7\u00e3o da Igreja. Opini\u00f5es n\u00e3o bastam. Precisamos de doutrina, hist\u00f3ria e discernimento.<\/p>\n\n\n\n<hr class=\"wp-block-separator has-alpha-channel-opacity\"\/>\n\n\n\n<h1 class=\"wp-block-heading\">1. Antes de tudo: o que \u00e9 realmente o sionismo?<\/h1>\n\n\n\n<p>O sionismo n\u00e3o \u00e9 simplesmente \u201camar Israel\u201d ou \u201crespeitar o povo judeu\u201d. \u00c9 um <strong>movimento pol\u00edtico moderno<\/strong>, nascido no s\u00e9culo XIX, cujo objetivo \u00e9 a cria\u00e7\u00e3o e a manuten\u00e7\u00e3o de um Estado judeu na terra hist\u00f3rica de Israel.<\/p>\n\n\n\n<p>Sua figura-chave foi <strong>Theodor Herzl<\/strong>, que promoveu um projeto essencialmente <strong>secular e nacionalista<\/strong>, n\u00e3o religioso.<\/p>\n\n\n\n<p>Aqui est\u00e1 o primeiro ponto importante:<\/p>\n\n\n\n<p>\ud83d\udc49 O sionismo n\u00e3o \u00e9 <strong>uma categoria teol\u00f3gica<\/strong>, mas pol\u00edtica.<\/p>\n\n\n\n<p>E isso muda completamente a perspectiva.<\/p>\n\n\n\n<hr class=\"wp-block-separator has-alpha-channel-opacity\"\/>\n\n\n\n<h1 class=\"wp-block-heading\">2. O erro de fundo: confundir o Israel b\u00edblico com o Israel pol\u00edtico<\/h1>\n\n\n\n<p>Muitos crist\u00e3os \u2014 especialmente influenciados por certas correntes protestantes \u2014 cometem um erro grave:<\/p>\n\n\n\n<p>\ud83d\udc49 Identificar o Estado moderno de Israel com o povo escolhido da B\u00edblia.<\/p>\n\n\n\n<p>Mas a Igreja ensina algo muito diferente.<\/p>\n\n\n\n<h2 class=\"wp-block-heading\">O verdadeiro Israel, segundo a f\u00e9 cat\u00f3lica<\/h2>\n\n\n\n<p>S\u00e3o Paulo explica isso claramente:<\/p>\n\n\n\n<blockquote class=\"wp-block-quote is-layout-flow wp-block-quote-is-layout-flow\">\n<p>\u201cNem todos os que descendem de Israel s\u00e3o Israel\u201d (Romanos 9,6)<\/p>\n<\/blockquote>\n\n\n\n<p>E ainda mais explicitamente:<\/p>\n\n\n\n<blockquote class=\"wp-block-quote is-layout-flow wp-block-quote-is-layout-flow\">\n<p>\u201cSe sois de Cristo, ent\u00e3o sois descend\u00eancia de Abra\u00e3o, herdeiros segundo a promessa\u201d (G\u00e1latas 3,29)<\/p>\n<\/blockquote>\n\n\n\n<p>Isso significa algo revolucion\u00e1rio:<\/p>\n\n\n\n<p>\ud83d\udc49 <strong>O verdadeiro povo de Deus j\u00e1 n\u00e3o \u00e9 definido pelo sangue, mas pela f\u00e9 em Cristo.<\/strong><\/p>\n\n\n\n<p>A Igreja n\u00e3o substitui Israel\u2026<br><strong>A Igreja \u00e9 o cumprimento de Israel.<\/strong><\/p>\n\n\n\n<hr class=\"wp-block-separator has-alpha-channel-opacity\"\/>\n\n\n\n<h1 class=\"wp-block-heading\">3. A posi\u00e7\u00e3o tradicional da Igreja<\/h1>\n\n\n\n<p>Durante s\u00e9culos, a Igreja manteve um ensinamento constante:<\/p>\n\n\n\n<ul class=\"wp-block-list\">\n<li>As promessas feitas a Israel se <strong>cumprem em Cristo<\/strong><\/li>\n\n\n\n<li>A Antiga Alian\u00e7a encontra sua plenitude na Nova Alian\u00e7a<\/li>\n\n\n\n<li>N\u00e3o existem dois povos de salva\u00e7\u00e3o paralelos<\/li>\n<\/ul>\n\n\n\n<p>Portanto, a ideia de que existe um \u201cplano divino\u201d independente para um Israel pol\u00edtico moderno \u00e9 teologicamente problem\u00e1tica.<\/p>\n\n\n\n<p>\ud83d\udc49 N\u00e3o faz parte da doutrina cat\u00f3lica tradicional.<\/p>\n\n\n\n<hr class=\"wp-block-separator has-alpha-channel-opacity\"\/>\n\n\n\n<h1 class=\"wp-block-heading\">4. Ent\u00e3o\u2026 um cat\u00f3lico pode ser sionista?<\/h1>\n\n\n\n<p>Aqui devemos ser muito precisos.<\/p>\n\n\n\n<h2 class=\"wp-block-heading\">\u2714\ufe0f O que \u00c9 compat\u00edvel com a f\u00e9 cat\u00f3lica<\/h2>\n\n\n\n<p>Um cat\u00f3lico pode:<\/p>\n\n\n\n<ul class=\"wp-block-list\">\n<li>Amar o povo judeu como irm\u00e3os na hist\u00f3ria da salva\u00e7\u00e3o<\/li>\n\n\n\n<li>Rejeitar o antissemitismo (que \u00e9 um pecado grave)<\/li>\n\n\n\n<li>Reconhecer o papel hist\u00f3rico de Israel na Revela\u00e7\u00e3o<\/li>\n\n\n\n<li>Desejar paz e justi\u00e7a na Terra Santa<\/li>\n<\/ul>\n\n\n\n<h2 class=\"wp-block-heading\">\u274c O que N\u00c3O \u00e9 compat\u00edvel com a f\u00e9 cat\u00f3lica tradicional<\/h2>\n\n\n\n<p>Um cat\u00f3lico n\u00e3o pode, sem cair em confus\u00e3o doutrinal:<\/p>\n\n\n\n<ul class=\"wp-block-list\">\n<li>Identificar o Estado de Israel com o Reino de Deus<\/li>\n\n\n\n<li>Acreditar que a salva\u00e7\u00e3o vem da perten\u00e7a ao povo judeu<\/li>\n\n\n\n<li>Afirmar que a Antiga Alian\u00e7a permanece v\u00e1lida sem Cristo<\/li>\n\n\n\n<li>Adotar uma vis\u00e3o teol\u00f3gica do sionismo como um \u201cplano divino paralelo\u201d<\/li>\n<\/ul>\n\n\n\n<p>\ud83d\udc49 Isso significaria, no fundo, negar que Cristo \u00e9 o cumprimento definitivo.<\/p>\n\n\n\n<hr class=\"wp-block-separator has-alpha-channel-opacity\"\/>\n\n\n\n<h1 class=\"wp-block-heading\">5. O perigo espiritual do \u201csionismo crist\u00e3o\u201d<\/h1>\n\n\n\n<p>Embora essa ideia tenha surgido principalmente em ambientes protestantes, ela se espalhou entre muitos cat\u00f3licos:<\/p>\n\n\n\n<p>\ud83d\udc49 A cren\u00e7a de que apoiar politicamente Israel \u00e9 uma obriga\u00e7\u00e3o religiosa.<\/p>\n\n\n\n<p>Mas isso \u00e9 perigoso por v\u00e1rias raz\u00f5es:<\/p>\n\n\n\n<h3 class=\"wp-block-heading\">1. Desloca Cristo do centro<\/h3>\n\n\n\n<p>O cristianismo deixa de ser cristoc\u00eantrico e se torna geopol\u00edtico.<\/p>\n\n\n\n<h3 class=\"wp-block-heading\">2. Distorce a hist\u00f3ria da salva\u00e7\u00e3o<\/h3>\n\n\n\n<p>Retorna-se a uma leitura \u201ccarnal\u201d das promessas b\u00edblicas.<\/p>\n\n\n\n<h3 class=\"wp-block-heading\">3. Reduz a f\u00e9 a ideologia<\/h3>\n\n\n\n<p>A f\u00e9 deixa de ser universal e se transforma em uma posi\u00e7\u00e3o pol\u00edtica.<\/p>\n\n\n\n<hr class=\"wp-block-separator has-alpha-channel-opacity\"\/>\n\n\n\n<h1 class=\"wp-block-heading\">6. Cristo: o verdadeiro centro de tudo<\/h1>\n\n\n\n<p>Aqui est\u00e1 a chave.<\/p>\n\n\n\n<p>N\u00e3o \u00e9 Jerusal\u00e9m que salva.<br>N\u00e3o \u00e9 uma na\u00e7\u00e3o que redime.<br>N\u00e3o \u00e9 uma terra que santifica.<\/p>\n\n\n\n<p>\ud83d\udc49 \u00c9 Cristo.<\/p>\n\n\n\n<p>Como Ele mesmo disse:<\/p>\n\n\n\n<blockquote class=\"wp-block-quote is-layout-flow wp-block-quote-is-layout-flow\">\n<p>\u201cO meu reino n\u00e3o \u00e9 deste mundo\u201d (Jo\u00e3o 18,36)<\/p>\n<\/blockquote>\n\n\n\n<p>E tamb\u00e9m:<\/p>\n\n\n\n<blockquote class=\"wp-block-quote is-layout-flow wp-block-quote-is-layout-flow\">\n<p>\u201cDestru\u00ed este templo, e em tr\u00eas dias o levantarei\u201d (Jo\u00e3o 2,19)<\/p>\n<\/blockquote>\n\n\n\n<p>O verdadeiro templo j\u00e1 n\u00e3o \u00e9 um lugar.<br><strong>\u00c9 o seu pr\u00f3prio Corpo.<\/strong><\/p>\n\n\n\n<hr class=\"wp-block-separator has-alpha-channel-opacity\"\/>\n\n\n\n<h1 class=\"wp-block-heading\">7. Um olhar pastoral: como viver isso hoje<\/h1>\n\n\n\n<p>Este tema n\u00e3o \u00e9 apenas te\u00f3rico. Tem consequ\u00eancias pr\u00e1ticas.<\/p>\n\n\n\n<h2 class=\"wp-block-heading\">1. Evite os extremos<\/h2>\n\n\n\n<ul class=\"wp-block-list\">\n<li>\u274c Nem antissemitismo<\/li>\n\n\n\n<li>\u274c Nem idolatria pol\u00edtica<\/li>\n<\/ul>\n\n\n\n<p>\ud83d\udc49 O cat\u00f3lico ama a verdade, n\u00e3o os lados.<\/p>\n\n\n\n<h2 class=\"wp-block-heading\">2. Forme a sua consci\u00eancia<\/h2>\n\n\n\n<p>N\u00e3o se deixe levar pelas redes sociais, propaganda ou emo\u00e7\u00f5es.<\/p>\n\n\n\n<p>\ud83d\udc49 Estude a Escritura e o Magist\u00e9rio.<\/p>\n\n\n\n<h2 class=\"wp-block-heading\">3. Reze pela convers\u00e3o de todos<\/h2>\n\n\n\n<p>Isso \u00e9 essencial e muitas vezes esquecido.<\/p>\n\n\n\n<p>\ud83d\udc49 O maior ato de amor para com o povo judeu \u00e9 desejar o seu encontro com Cristo.<\/p>\n\n\n\n<p>S\u00e3o Paulo vivia assim:<\/p>\n\n\n\n<blockquote class=\"wp-block-quote is-layout-flow wp-block-quote-is-layout-flow\">\n<p>\u201cO desejo do meu cora\u00e7\u00e3o e a minha ora\u00e7\u00e3o a Deus por eles \u00e9 que sejam salvos\u201d (Romanos 10,1)<\/p>\n<\/blockquote>\n\n\n\n<h2 class=\"wp-block-heading\">4. Viva a sua f\u00e9 com coer\u00eancia<\/h2>\n\n\n\n<p>A quest\u00e3o n\u00e3o \u00e9 se voc\u00ea \u00e9 \u201cpr\u00f3-Israel\u201d ou \u201cpr\u00f3-Palestina\u201d.<\/p>\n\n\n\n<p>\ud83d\udc49 A quest\u00e3o \u00e9: <strong>voc\u00ea \u00e9 realmente de Cristo?<\/strong><\/p>\n\n\n\n<hr class=\"wp-block-separator has-alpha-channel-opacity\"\/>\n\n\n\n<h1 class=\"wp-block-heading\">8. Conclus\u00e3o: uma resposta clara<\/h1>\n\n\n\n<p>\u00c9 poss\u00edvel ser cat\u00f3lico e sionista?<\/p>\n\n\n\n<p>\ud83d\udc49 <strong>Depende do que voc\u00ea entende por sionismo.<\/strong><\/p>\n\n\n\n<ul class=\"wp-block-list\">\n<li>Se for uma posi\u00e7\u00e3o pol\u00edtica prudencial \u2192 pode ser discut\u00edvel<\/li>\n\n\n\n<li>Se for uma posi\u00e7\u00e3o teol\u00f3gica \u2192 <strong>n\u00e3o \u00e9 compat\u00edvel com a f\u00e9 cat\u00f3lica tradicional<\/strong><\/li>\n<\/ul>\n\n\n\n<p>Porque, no final, tudo se resume a uma verdade central:<\/p>\n\n\n\n<p>\ud83d\udc49 <strong>Cristo \u00e9 o cumprimento de todas as promessas.<\/strong><\/p>\n\n\n\n<p>Nada nem ningu\u00e9m pode ocupar o seu lugar.<\/p>\n\n\n\n<hr class=\"wp-block-separator has-alpha-channel-opacity\"\/>\n\n\n\n<h1 class=\"wp-block-heading\">9. Um chamado final<\/h1>\n\n\n\n<p>Hoje, mais do que nunca, o mundo precisa de cat\u00f3licos firmes, bem formados e corajosos.<\/p>\n\n\n\n<p>N\u00e3o ide\u00f3logos.<br>N\u00e3o seguidores de tend\u00eancias.<br>N\u00e3o crist\u00e3os de slogan.<\/p>\n\n\n\n<p>\ud83d\udc49 Mas disc\u00edpulos de Cristo.<\/p>\n\n\n\n<p>Porque somente a partir d\u2019Ele podemos olhar para a hist\u00f3ria \u2014 inclusive a de Israel \u2014 com verdade, caridade e esperan\u00e7a.<\/p>\n","protected":false},"excerpt":{"rendered":"<p>Uma pergunta inc\u00f4moda que exige uma resposta clara, fiel e corajosa Vivemos numa \u00e9poca em que as palavras t\u00eam peso, mas muitas vezes s\u00e3o esvaziadas de significado. \u201cSionismo\u201d, \u201cIsrael\u201d, \u201cpovo escolhido\u201d, \u201cTerra Prometida\u201d\u2026 s\u00e3o termos carregados de hist\u00f3ria, dor, pol\u00edtica e tamb\u00e9m \u2014 e sobretudo \u2014 teologia. Por isso, esta pergunta n\u00e3o \u00e9 superficial. N\u00e3o &hellip;<\/p>\n","protected":false},"author":3,"featured_media":5552,"comment_status":"closed","ping_status":"closed","sticky":false,"template":"","format":"standard","meta":{"_seopress_robots_primary_cat":"","_seopress_titles_title":"","_seopress_titles_desc":"","_seopress_robots_index":"","footnotes":""},"categories":[66,41],"tags":[1895],"class_list":["post-5551","post","type-post","status-publish","format-standard","has-post-thumbnail","","category-cultura-popular-e-catolicismo","category-fe-e-cultura","tag-sionista"],"_links":{"self":[{"href":"https:\/\/catholicus.eu\/pt\/wp-json\/wp\/v2\/posts\/5551","targetHints":{"allow":["GET"]}}],"collection":[{"href":"https:\/\/catholicus.eu\/pt\/wp-json\/wp\/v2\/posts"}],"about":[{"href":"https:\/\/catholicus.eu\/pt\/wp-json\/wp\/v2\/types\/post"}],"author":[{"embeddable":true,"href":"https:\/\/catholicus.eu\/pt\/wp-json\/wp\/v2\/users\/3"}],"replies":[{"embeddable":true,"href":"https:\/\/catholicus.eu\/pt\/wp-json\/wp\/v2\/comments?post=5551"}],"version-history":[{"count":1,"href":"https:\/\/catholicus.eu\/pt\/wp-json\/wp\/v2\/posts\/5551\/revisions"}],"predecessor-version":[{"id":5553,"href":"https:\/\/catholicus.eu\/pt\/wp-json\/wp\/v2\/posts\/5551\/revisions\/5553"}],"wp:featuredmedia":[{"embeddable":true,"href":"https:\/\/catholicus.eu\/pt\/wp-json\/wp\/v2\/media\/5552"}],"wp:attachment":[{"href":"https:\/\/catholicus.eu\/pt\/wp-json\/wp\/v2\/media?parent=5551"}],"wp:term":[{"taxonomy":"category","embeddable":true,"href":"https:\/\/catholicus.eu\/pt\/wp-json\/wp\/v2\/categories?post=5551"},{"taxonomy":"post_tag","embeddable":true,"href":"https:\/\/catholicus.eu\/pt\/wp-json\/wp\/v2\/tags?post=5551"}],"curies":[{"name":"wp","href":"https:\/\/api.w.org\/{rel}","templated":true}]}}