{"id":5545,"date":"2026-03-26T17:36:22","date_gmt":"2026-03-26T16:36:22","guid":{"rendered":"https:\/\/catholicus.eu\/pt\/?p=5545"},"modified":"2026-03-26T17:36:23","modified_gmt":"2026-03-26T16:36:23","slug":"quando-o-amor-e-atingido-a-flagelacao-e-a-coroacao-de-espinhos-como-escola-de-redencao-e-vida","status":"publish","type":"post","link":"https:\/\/catholicus.eu\/pt\/quando-o-amor-e-atingido-a-flagelacao-e-a-coroacao-de-espinhos-como-escola-de-redencao-e-vida\/","title":{"rendered":"Quando o Amor \u00e9 Atingido: A Flagela\u00e7\u00e3o e a Coroa\u00e7\u00e3o de Espinhos como Escola de Reden\u00e7\u00e3o e Vida"},"content":{"rendered":"\n<p>No cora\u00e7\u00e3o da Paix\u00e3o de Cristo existem cenas que abalariam a alma at\u00e9 suas profundezas. Elas n\u00e3o s\u00e3o apenas epis\u00f3dios de sofrimento f\u00edsico, mas revela\u00e7\u00f5es de um amor que se deixa ferir por n\u00f3s. A <strong>flagela\u00e7\u00e3o<\/strong> e a <strong>coroa\u00e7\u00e3o de espinhos<\/strong> n\u00e3o s\u00e3o apenas eventos hist\u00f3ricos: s\u00e3o uma catequese viva, uma teologia encarnada, um chamado urgente para o homem contempor\u00e2neo.<\/p>\n\n\n\n<p>Hoje, em um mundo que foge da dor, banaliza o sofrimento e busca sucesso sem a cruz, essas cenas do Evangelho se erguem como uma luz desconfort\u00e1vel, por\u00e9m necess\u00e1ria.<\/p>\n\n\n\n<hr class=\"wp-block-separator has-alpha-channel-opacity\"\/>\n\n\n\n<h1 class=\"wp-block-heading\"><strong>1. Contexto hist\u00f3rico: a brutalidade do Imp\u00e9rio diante do sil\u00eancio do Inocente<\/strong><\/h1>\n\n\n\n<p>Ap\u00f3s o julgamento diante de P\u00f4ncio Pilatos, Jesus Cristo \u00e9 entregue aos soldados romanos. A flagela\u00e7\u00e3o n\u00e3o era uma puni\u00e7\u00e3o menor: era uma tortura projetada para destruir o corpo.<\/p>\n\n\n\n<p>O instrumento usual, o <em>flagrum<\/em>, tinha bolas de metal ou ossos nas extremidades. Cada golpe rasgava a pele, expondo m\u00fasculos e, \u00e0s vezes, at\u00e9 \u00f3rg\u00e3os.<\/p>\n\n\n\n<p>Ent\u00e3o veio o esc\u00e1rnio: uma cruel par\u00f3dia da realeza. Ele foi vestido com um manto, colocado um cajado como cetro\u2026 e uma coroa de espinhos foi pressionada sobre sua cabe\u00e7a.<\/p>\n\n\n\n<p>N\u00e3o \u00e9 apenas viol\u00eancia: \u00e9 humilha\u00e7\u00e3o total.<\/p>\n\n\n\n<hr class=\"wp-block-separator has-alpha-channel-opacity\"\/>\n\n\n\n<h1 class=\"wp-block-heading\"><strong>2. O relato do Evangelho: uma vis\u00e3o comparativa<\/strong><\/h1>\n\n\n\n<p>Os Evangelhos Sin\u00f3ticos \u2014Evangelho de Mateus, Evangelho de Marcos e Evangelho de Lucas\u2014 juntamente com Evangelho de Jo\u00e3o apresentam este momento com nuances teol\u00f3gicas muito significativas.<\/p>\n\n\n\n<h2 class=\"wp-block-heading\"><strong>Mateus (27:26\u201331)<\/strong><\/h2>\n\n\n\n<p>Mateus enfatiza a <strong>dimens\u00e3o do esc\u00e1rnio messi\u00e2nico<\/strong>. Jesus \u00e9 ridicularizado como \u201cRei dos Judeus\u201d. H\u00e1 um forte foco no desprezo coletivo.<\/p>\n\n\n\n<h2 class=\"wp-block-heading\"><strong>Marcos (15:15\u201320)<\/strong><\/h2>\n\n\n\n<p>Marcos apresenta a cena com crueza e rapidez. O foco dele est\u00e1 no <strong>sofrimento real e f\u00edsico<\/strong> de Cristo. N\u00e3o h\u00e1 adornos \u2013 tudo \u00e9 direto, quase brutal.<\/p>\n\n\n\n<h2 class=\"wp-block-heading\"><strong>Lucas (23:16, 22)<\/strong><\/h2>\n\n\n\n<p>Lucas menciona a flagela\u00e7\u00e3o, mas <strong>n\u00e3o descreve explicitamente a coroa\u00e7\u00e3o de espinhos<\/strong>. Seu interesse \u00e9 mais pastoral: mostra Pilatos tentando evitar a condena\u00e7\u00e3o.<\/p>\n\n\n\n<h2 class=\"wp-block-heading\"><strong>Jo\u00e3o (19:1\u20135)<\/strong><\/h2>\n\n\n\n<p>Jo\u00e3o oferece uma chave profundamente teol\u00f3gica. Aqui, a coroa\u00e7\u00e3o de espinhos se torna uma <strong>revela\u00e7\u00e3o paradoxal da realeza de Cristo<\/strong>.<\/p>\n\n\n\n<blockquote class=\"wp-block-quote is-layout-flow wp-block-quote-is-layout-flow\">\n<p><em>\u201cEnt\u00e3o Pilatos tomou Jesus e mandou que o flagelassem\u2026 e os soldados entrela\u00e7aram uma coroa de espinhos e a colocaram sobre sua cabe\u00e7a\u2026 e Jesus saiu, usando a coroa de espinhos e o manto p\u00farpura. Pilatos lhes disse: \u2018Ecce Homo\u2019 (Eis o homem)\u201d<\/em> (Jo 19:1,5)<\/p>\n<\/blockquote>\n\n\n\n<h3 class=\"wp-block-heading\"><strong>Diferen\u00e7as-chave<\/strong><\/h3>\n\n\n\n<ul class=\"wp-block-list\">\n<li><strong>Mateus e Marcos<\/strong>: \u00eanfase no esc\u00e1rnio e no sofrimento f\u00edsico<\/li>\n\n\n\n<li><strong>Lucas<\/strong>: suaviza o relato, centrado na inoc\u00eancia de Cristo<\/li>\n\n\n\n<li><strong>Jo\u00e3o<\/strong>: interpreta o evento como uma <strong>revela\u00e7\u00e3o teol\u00f3gica<\/strong> (Cristo Rei na humilha\u00e7\u00e3o)<\/li>\n<\/ul>\n\n\n\n<hr class=\"wp-block-separator has-alpha-channel-opacity\"\/>\n\n\n\n<h1 class=\"wp-block-heading\"><strong>3. Significado teol\u00f3gico: o mist\u00e9rio do sofrimento redentor<\/strong><\/h1>\n\n\n\n<p>Aqui entramos no essencial.<\/p>\n\n\n\n<h2 class=\"wp-block-heading\"><strong>3.1. Cristo carrega o pecado do mundo<\/strong><\/h2>\n\n\n\n<p>A flagela\u00e7\u00e3o n\u00e3o \u00e9 apenas viol\u00eancia humana: \u00e9 participa\u00e7\u00e3o no mist\u00e9rio do pecado universal.<\/p>\n\n\n\n<p>Isa\u00edas havia profetizado:<\/p>\n\n\n\n<blockquote class=\"wp-block-quote is-layout-flow wp-block-quote-is-layout-flow\">\n<p><em>\u201cEle foi traspassado por causa das nossas transgress\u00f5es, esmagado por causa das nossas iniquidades; a puni\u00e7\u00e3o que nos traz a paz estava sobre ele, e pelas suas feridas fomos curados\u201d<\/em> (Is 53:5)<\/p>\n<\/blockquote>\n\n\n\n<p>Cada chicotada tem valor redentor. N\u00e3o \u00e9 sofrimento sem sentido: \u00e9 <strong>amor que repara<\/strong>.<\/p>\n\n\n\n<hr class=\"wp-block-separator has-alpha-channel-opacity\"\/>\n\n\n\n<h2 class=\"wp-block-heading\"><strong>3.2. A coroa de espinhos: invers\u00e3o dos valores mundanos<\/strong><\/h2>\n\n\n\n<p>O mundo entende o poder como domina\u00e7\u00e3o. Cristo redefine-o como <strong>doa\u00e7\u00e3o de si<\/strong>.<\/p>\n\n\n\n<ul class=\"wp-block-list\">\n<li>Coroa \u2192 dor<\/li>\n\n\n\n<li>Trono \u2192 cruz<\/li>\n\n\n\n<li>Poder \u2192 humilha\u00e7\u00e3o<\/li>\n<\/ul>\n\n\n\n<p>Jesus reina atrav\u00e9s do sofrimento. Esta \u00e9 a grande revolu\u00e7\u00e3o crist\u00e3.<\/p>\n\n\n\n<hr class=\"wp-block-separator has-alpha-channel-opacity\"\/>\n\n\n\n<h2 class=\"wp-block-heading\"><strong>3.3. A dignidade do homem revelada em Cristo<\/strong><\/h2>\n\n\n\n<p>Quando Pilatos diz <em>\u201cEcce Homo\u201d<\/em>, ele proclama algo mais profundo do que compreende:<\/p>\n\n\n\n<p>Cristo revela <strong>o que \u00e9 o verdadeiro homem<\/strong> \u2013 aquele que ama at\u00e9 o fim.<\/p>\n\n\n\n<hr class=\"wp-block-separator has-alpha-channel-opacity\"\/>\n\n\n\n<h1 class=\"wp-block-heading\"><strong>4. Dimens\u00e3o espiritual: uma escola de santidade<\/strong><\/h1>\n\n\n\n<p>A tradi\u00e7\u00e3o cat\u00f3lica v\u00ea nestes mist\u00e9rios um caminho espiritual concreto.<\/p>\n\n\n\n<h2 class=\"wp-block-heading\"><strong>4.1. Mortifica\u00e7\u00e3o interior<\/strong><\/h2>\n\n\n\n<p>N\u00e3o se trata de buscar dor por si mesma, mas de aprender a:<\/p>\n\n\n\n<ul class=\"wp-block-list\">\n<li>Dominar as paix\u00f5es<\/li>\n\n\n\n<li>Oferecer pequenos sacrif\u00edcios<\/li>\n\n\n\n<li>Aceitar as dificuldades di\u00e1rias<\/li>\n<\/ul>\n\n\n\n<p>A flagela\u00e7\u00e3o nos ensina que o amor aut\u00eantico <strong>tem um pre\u00e7o<\/strong>.<\/p>\n\n\n\n<hr class=\"wp-block-separator has-alpha-channel-opacity\"\/>\n\n\n\n<h2 class=\"wp-block-heading\"><strong>4.2. Humildade profunda<\/strong><\/h2>\n\n\n\n<p>A coroa de espinhos destr\u00f3i nosso orgulho.<\/p>\n\n\n\n<p>Cristo, sendo Rei, aceita ser ridicularizado.<\/p>\n\n\n\n<p>Pergunta-chave para a alma:<br>\ud83d\udc49 Como reajo quando sou humilhado ou incompreendido?<\/p>\n\n\n\n<hr class=\"wp-block-separator has-alpha-channel-opacity\"\/>\n\n\n\n<h2 class=\"wp-block-heading\"><strong>4.3. Repara\u00e7\u00e3o e oferta<\/strong><\/h2>\n\n\n\n<p>Cada sofrimento di\u00e1rio pode ser unido ao de Cristo:<\/p>\n\n\n\n<ul class=\"wp-block-list\">\n<li>Problemas de trabalho<\/li>\n\n\n\n<li>Doen\u00e7as<\/li>\n\n\n\n<li>Tens\u00f5es familiares<\/li>\n<\/ul>\n\n\n\n<p>Nada se perde se oferecido com amor.<\/p>\n\n\n\n<hr class=\"wp-block-separator has-alpha-channel-opacity\"\/>\n\n\n\n<h1 class=\"wp-block-heading\"><strong>5. Aplica\u00e7\u00f5es pr\u00e1ticas para hoje<\/strong><\/h1>\n\n\n\n<p>Vivemos em uma cultura que:<\/p>\n\n\n\n<ul class=\"wp-block-list\">\n<li>Evita o sacrif\u00edcio<\/li>\n\n\n\n<li>Idolatra o conforto<\/li>\n\n\n\n<li>Rejeita o sofrimento<\/li>\n<\/ul>\n\n\n\n<p>A Paix\u00e3o de Cristo \u00e9 profundamente contra-cultural.<\/p>\n\n\n\n<h2 class=\"wp-block-heading\"><strong>5.1. Redescobrir o sentido do sofrimento<\/strong><\/h2>\n\n\n\n<p>Nem toda dor \u00e9 sem sentido. Em Cristo, pode ser:<\/p>\n\n\n\n<ul class=\"wp-block-list\">\n<li>Redentora<\/li>\n\n\n\n<li>Purificadora<\/li>\n\n\n\n<li>Transformadora<\/li>\n<\/ul>\n\n\n\n<hr class=\"wp-block-separator has-alpha-channel-opacity\"\/>\n\n\n\n<h2 class=\"wp-block-heading\"><strong>5.2. Praticar pequenas ren\u00fancias<\/strong><\/h2>\n\n\n\n<p>N\u00e3o \u00e9 necess\u00e1rio hero\u00edsmo extraordin\u00e1rio:<\/p>\n\n\n\n<ul class=\"wp-block-list\">\n<li>Desligar o celular para orar<\/li>\n\n\n\n<li>Jejuar com inten\u00e7\u00e3o<\/li>\n\n\n\n<li>Permanecer em sil\u00eancio durante uma discuss\u00e3o<\/li>\n<\/ul>\n\n\n\n<p>S\u00e3o \u201cpequenas flagela\u00e7\u00f5es\u201d que organizam a alma.<\/p>\n\n\n\n<hr class=\"wp-block-separator has-alpha-channel-opacity\"\/>\n\n\n\n<h2 class=\"wp-block-heading\"><strong>5.3. Viver a humildade no dia a dia<\/strong><\/h2>\n\n\n\n<p>Aceitar:<\/p>\n\n\n\n<ul class=\"wp-block-list\">\n<li>N\u00e3o ter sempre raz\u00e3o<\/li>\n\n\n\n<li>N\u00e3o ser reconhecido<\/li>\n\n\n\n<li>N\u00e3o se destacar<\/li>\n<\/ul>\n\n\n\n<p>\u00c9 a\u00ed que come\u00e7a a verdadeira liberdade interior.<\/p>\n\n\n\n<hr class=\"wp-block-separator has-alpha-channel-opacity\"\/>\n\n\n\n<h2 class=\"wp-block-heading\"><strong>5.4. Contemplar a Paix\u00e3o<\/strong><\/h2>\n\n\n\n<p>A medita\u00e7\u00e3o frequente sobre estes mist\u00e9rios transforma o cora\u00e7\u00e3o.<\/p>\n\n\n\n<p>Especialmente atrav\u00e9s de:<\/p>\n\n\n\n<ul class=\"wp-block-list\">\n<li>A Via-Sacra<\/li>\n\n\n\n<li>O Santo Ros\u00e1rio (Mist\u00e9rios Dolorosos)<\/li>\n\n\n\n<li>Adora\u00e7\u00e3o Eucar\u00edstica<\/li>\n<\/ul>\n\n\n\n<hr class=\"wp-block-separator has-alpha-channel-opacity\"\/>\n\n\n\n<h1 class=\"wp-block-heading\"><strong>6. Chamado final: do espet\u00e1culo ao compromisso<\/strong><\/h1>\n\n\n\n<p>O risco hoje \u00e9 ver a Paix\u00e3o como algo distante, quase simb\u00f3lico.<\/p>\n\n\n\n<p>Mas n\u00e3o \u00e9.<\/p>\n\n\n\n<p>Cristo n\u00e3o foi flagelado \u201cem teoria\u201d. Foi por voc\u00ea. Por mim. Por cada pecado concreto.<\/p>\n\n\n\n<p>A pergunta n\u00e3o \u00e9 apenas:<br>\ud83d\udc49 O que fizeram a Jesus?<\/p>\n\n\n\n<p>Mas:<br>\ud83d\udc49 O que fa\u00e7o com esse amor?<\/p>\n\n\n\n<hr class=\"wp-block-separator has-alpha-channel-opacity\"\/>\n\n\n\n<h1 class=\"wp-block-heading\"><strong>Conclus\u00e3o: a coroa que o mundo n\u00e3o entende<\/strong><\/h1>\n\n\n\n<p>A flagela\u00e7\u00e3o e a coroa de espinhos nos ensinam que:<\/p>\n\n\n\n<ul class=\"wp-block-list\">\n<li>O verdadeiro amor se doa<\/li>\n\n\n\n<li>A grandeza passa pela humilha\u00e7\u00e3o<\/li>\n\n\n\n<li>A vit\u00f3ria vem pela cruz<\/li>\n<\/ul>\n\n\n\n<p>Em um mundo que foge da dor, Cristo nos mostra que o sofrimento unido a Deus n\u00e3o destr\u00f3i\u2026 <strong>ele salva<\/strong>.<\/p>\n\n\n\n<p>E talvez hoje, mais do que nunca, precisamos ouvir estas palavras:<\/p>\n\n\n\n<blockquote class=\"wp-block-quote is-layout-flow wp-block-quote-is-layout-flow\">\n<p><em>\u201cEis o homem\u201d<\/em><\/p>\n<\/blockquote>\n\n\n\n<p>Porque nesse rosto desfigurado\u2026 est\u00e1 o modelo do que somos chamados a nos tornar.<\/p>\n","protected":false},"excerpt":{"rendered":"<p>No cora\u00e7\u00e3o da Paix\u00e3o de Cristo existem cenas que abalariam a alma at\u00e9 suas profundezas. Elas n\u00e3o s\u00e3o apenas epis\u00f3dios de sofrimento f\u00edsico, mas revela\u00e7\u00f5es de um amor que se deixa ferir por n\u00f3s. A flagela\u00e7\u00e3o e a coroa\u00e7\u00e3o de espinhos n\u00e3o s\u00e3o apenas eventos hist\u00f3ricos: s\u00e3o uma catequese viva, uma teologia encarnada, um chamado &hellip;<\/p>\n","protected":false},"author":3,"featured_media":5546,"comment_status":"closed","ping_status":"closed","sticky":false,"template":"","format":"standard","meta":{"_seopress_robots_primary_cat":"","_seopress_titles_title":"","_seopress_titles_desc":"","_seopress_robots_index":"","footnotes":""},"categories":[37,45],"tags":[1893],"class_list":["post-5545","post","type-post","status-publish","format-standard","has-post-thumbnail","","category-doutrina-e-fe","category-sagradas-escrituras","tag-coroacao-de-espinhos"],"_links":{"self":[{"href":"https:\/\/catholicus.eu\/pt\/wp-json\/wp\/v2\/posts\/5545","targetHints":{"allow":["GET"]}}],"collection":[{"href":"https:\/\/catholicus.eu\/pt\/wp-json\/wp\/v2\/posts"}],"about":[{"href":"https:\/\/catholicus.eu\/pt\/wp-json\/wp\/v2\/types\/post"}],"author":[{"embeddable":true,"href":"https:\/\/catholicus.eu\/pt\/wp-json\/wp\/v2\/users\/3"}],"replies":[{"embeddable":true,"href":"https:\/\/catholicus.eu\/pt\/wp-json\/wp\/v2\/comments?post=5545"}],"version-history":[{"count":1,"href":"https:\/\/catholicus.eu\/pt\/wp-json\/wp\/v2\/posts\/5545\/revisions"}],"predecessor-version":[{"id":5547,"href":"https:\/\/catholicus.eu\/pt\/wp-json\/wp\/v2\/posts\/5545\/revisions\/5547"}],"wp:featuredmedia":[{"embeddable":true,"href":"https:\/\/catholicus.eu\/pt\/wp-json\/wp\/v2\/media\/5546"}],"wp:attachment":[{"href":"https:\/\/catholicus.eu\/pt\/wp-json\/wp\/v2\/media?parent=5545"}],"wp:term":[{"taxonomy":"category","embeddable":true,"href":"https:\/\/catholicus.eu\/pt\/wp-json\/wp\/v2\/categories?post=5545"},{"taxonomy":"post_tag","embeddable":true,"href":"https:\/\/catholicus.eu\/pt\/wp-json\/wp\/v2\/tags?post=5545"}],"curies":[{"name":"wp","href":"https:\/\/api.w.org\/{rel}","templated":true}]}}