{"id":5542,"date":"2026-03-26T17:12:21","date_gmt":"2026-03-26T16:12:21","guid":{"rendered":"https:\/\/catholicus.eu\/pt\/?p=5542"},"modified":"2026-03-26T17:12:21","modified_gmt":"2026-03-26T16:12:21","slug":"a-prisao-de-jesus-a-noite-em-que-a-traicao-beijou-o-amor-eterno","status":"publish","type":"post","link":"https:\/\/catholicus.eu\/pt\/a-prisao-de-jesus-a-noite-em-que-a-traicao-beijou-o-amor-eterno\/","title":{"rendered":"A Pris\u00e3o de Jesus: a noite em que a trai\u00e7\u00e3o beijou o Amor eterno"},"content":{"rendered":"\n<p>H\u00e1 cenas do Evangelho que n\u00e3o se leem apenas: contemplam-se, sentem-se, rezam-se. A pris\u00e3o de Jesus no jardim do Gets\u00eamani \u00e9 uma delas. \u00c9 o momento em que o Amor infinito se deixa prender por m\u00e3os humanas; em que a Luz aceita ser envolvida pelas trevas; em que o pr\u00f3prio Deus entra, voluntariamente, na l\u00f3gica do sofrimento redentor.<\/p>\n\n\n\n<p>Este epis\u00f3dio n\u00e3o \u00e9 simplesmente o in\u00edcio da Paix\u00e3o. \u00c9 um espelho no qual cada crist\u00e3o pode reconhecer-se: na trai\u00e7\u00e3o de Judas, no medo dos disc\u00edpulos, na viol\u00eancia dos soldados\u2026 e tamb\u00e9m \u2014e sobretudo\u2014 na mansid\u00e3o soberana de Cristo.<\/p>\n\n\n\n<hr class=\"wp-block-separator has-alpha-channel-opacity\"\/>\n\n\n\n<h2 class=\"wp-block-heading\"><strong>1. O contexto: Gets\u00eamani, o lugar da entrega<\/strong><\/h2>\n\n\n\n<p>Depois da \u00daltima Ceia, Jesus dirige-se ao jardim do Gets\u00eamani, ao p\u00e9 do monte das Oliveiras. Ali reza intensamente, at\u00e9 suar sangue, aceitando a vontade do Pai:<\/p>\n\n\n\n<blockquote class=\"wp-block-quote is-layout-flow wp-block-quote-is-layout-flow\">\n<p><em>\u201cPai, se queres, afasta de mim este c\u00e1lice; contudo, n\u00e3o se fa\u00e7a a minha vontade, mas a tua.\u201d<\/em> (Lucas 22,42)<\/p>\n<\/blockquote>\n\n\n\n<p>Este detalhe \u00e9 fundamental: a pris\u00e3o n\u00e3o \u00e9 uma surpresa para Jesus. \u00c9 o culminar de uma entrega livre. Ele n\u00e3o \u00e9 capturado porque n\u00e3o pode evit\u00e1-lo, mas porque escolheu amar at\u00e9 ao fim.<\/p>\n\n\n\n<hr class=\"wp-block-separator has-alpha-channel-opacity\"\/>\n\n\n\n<h2 class=\"wp-block-heading\"><strong>2. O momento da pris\u00e3o: uma cena cheia de s\u00edmbolos<\/strong><\/h2>\n\n\n\n<p>De repente, a noite \u00e9 rasgada por tochas, espadas e paus. Chega Judas, um dos Doze, guiando os soldados. O sinal combinado \u00e9 impressionante: um beijo.<\/p>\n\n\n\n<blockquote class=\"wp-block-quote is-layout-flow wp-block-quote-is-layout-flow\">\n<p><em>\u201cJudas, com um beijo trais o Filho do Homem?\u201d<\/em> (Lucas 22,48)<\/p>\n<\/blockquote>\n\n\n\n<p>O beijo, sinal de amizade e amor, torna-se instrumento de trai\u00e7\u00e3o. Aqui revela-se um dos grandes dramas do cora\u00e7\u00e3o humano: a possibilidade de usar o bem para fazer o mal.<\/p>\n\n\n\n<p>Pedro, impulsivo, tenta defender Jesus e corta a orelha do servo do sumo sacerdote. Mas Cristo det\u00e9m-no:<\/p>\n\n\n\n<blockquote class=\"wp-block-quote is-layout-flow wp-block-quote-is-layout-flow\">\n<p><em>\u201cMete a tua espada no seu lugar\u2026 porque todos os que pegam na espada morrer\u00e3o pela espada.\u201d<\/em> (Mateus 26,52)<\/p>\n<\/blockquote>\n\n\n\n<p>E, num gesto profundamente divino, cura o ferido. Mesmo no momento da sua pris\u00e3o, Jesus continua a curar.<\/p>\n\n\n\n<hr class=\"wp-block-separator has-alpha-channel-opacity\"\/>\n\n\n\n<h2 class=\"wp-block-heading\"><strong>3. Diferen\u00e7as entre os Evangelhos sin\u00f3ticos (e Jo\u00e3o)<\/strong><\/h2>\n\n\n\n<p>A pris\u00e3o aparece nos quatro Evangelhos, mas cada um oferece importantes nuances teol\u00f3gicas.<\/p>\n\n\n\n<h3 class=\"wp-block-heading\"><strong>Evangelho de Mateus (26,47\u201356)<\/strong><\/h3>\n\n\n\n<ul class=\"wp-block-list\">\n<li>Destaca o cumprimento das Escrituras: tudo acontece \u201cpara que se cumpram as Escrituras dos profetas\u201d.<\/li>\n\n\n\n<li>Real\u00e7a a figura de Judas e o beijo como sinal de trai\u00e7\u00e3o.<\/li>\n\n\n\n<li>Mostra os disc\u00edpulos a fugir: a fragilidade humana diante do sofrimento.<\/li>\n<\/ul>\n\n\n\n<h3 class=\"wp-block-heading\"><strong>Evangelho de Marcos (14,43\u201350)<\/strong><\/h3>\n\n\n\n<ul class=\"wp-block-list\">\n<li>O relato mais s\u00f3brio e direto.<\/li>\n\n\n\n<li>Introduz um detalhe curioso: um jovem que foge nu (possivelmente s\u00edmbolo de abandono total).<\/li>\n\n\n\n<li>Evidencia a rapidez e a dureza dos acontecimentos.<\/li>\n<\/ul>\n\n\n\n<h3 class=\"wp-block-heading\"><strong>Evangelho de Lucas (22,47\u201353)<\/strong><\/h3>\n\n\n\n<ul class=\"wp-block-list\">\n<li>Destaca a miseric\u00f3rdia de Jesus: \u00e9 o \u00fanico que narra a cura da orelha.<\/li>\n\n\n\n<li>Acrescenta uma dimens\u00e3o espiritual: <em>\u201cesta \u00e9 a vossa hora e o poder das trevas\u201d<\/em>.<\/li>\n\n\n\n<li>Apresenta Jesus como plenamente consciente do significado espiritual do momento.<\/li>\n<\/ul>\n\n\n\n<h3 class=\"wp-block-heading\"><strong>Evangelho de Jo\u00e3o (18,1\u201311)<\/strong><\/h3>\n\n\n\n<ul class=\"wp-block-list\">\n<li>Oferece um tom mais teol\u00f3gico e majestoso.<\/li>\n\n\n\n<li>Jesus n\u00e3o \u00e9 identificado por Judas, mas adianta-se e diz: <em>\u201cSou eu\u201d<\/em> (ego eimi), evocando o Nome divino.<\/li>\n\n\n\n<li>Ao ouvir estas palavras, os soldados recuam e caem por terra: sinal da sua autoridade divina.<\/li>\n\n\n\n<li>O beijo de Judas n\u00e3o \u00e9 mencionado.<\/li>\n<\/ul>\n\n\n\n<p><strong>Conclus\u00e3o teol\u00f3gica:<\/strong><br>Os sin\u00f3ticos sublinham a humanidade sofredora de Cristo e a trai\u00e7\u00e3o; Jo\u00e3o destaca a sua divindade soberana. Juntos oferecem uma vis\u00e3o completa: Jesus \u00e9 verdadeiro Deus e verdadeiro homem, que se entrega livremente por amor.<\/p>\n\n\n\n<hr class=\"wp-block-separator has-alpha-channel-opacity\"\/>\n\n\n\n<h2 class=\"wp-block-heading\"><strong>4. Significado teol\u00f3gico profundo: o Amor que se deixa prender<\/strong><\/h2>\n\n\n\n<p>A pris\u00e3o revela v\u00e1rias verdades essenciais da f\u00e9 crist\u00e3:<\/p>\n\n\n\n<h3 class=\"wp-block-heading\"><strong>a) A liberdade de Cristo<\/strong><\/h3>\n\n\n\n<p>Jesus n\u00e3o \u00e9 uma v\u00edtima passiva. Ele pr\u00f3prio afirma:<\/p>\n\n\n\n<blockquote class=\"wp-block-quote is-layout-flow wp-block-quote-is-layout-flow\">\n<p><em>\u201cNingu\u00e9m ma tira; eu a dou voluntariamente.\u201d<\/em> (Jo\u00e3o 10,18)<\/p>\n<\/blockquote>\n\n\n\n<p>Ele deixa-se prender porque ama. A sua entrega n\u00e3o \u00e9 fraqueza, mas for\u00e7a divina.<\/p>\n\n\n\n<h3 class=\"wp-block-heading\"><strong>b) O mist\u00e9rio do mal<\/strong><\/h3>\n\n\n\n<p>O mal manifesta-se de v\u00e1rias formas:<\/p>\n\n\n\n<ul class=\"wp-block-list\">\n<li>Trai\u00e7\u00e3o (Judas)<\/li>\n\n\n\n<li>Viol\u00eancia (os soldados)<\/li>\n\n\n\n<li>Cobardia (os disc\u00edpulos)<\/li>\n<\/ul>\n\n\n\n<p>Mas Deus n\u00e3o o elimina magicamente: assume-o e redime-o a partir de dentro.<\/p>\n\n\n\n<h3 class=\"wp-block-heading\"><strong>c) A obedi\u00eancia ao Pai<\/strong><\/h3>\n\n\n\n<p>Cristo repara a desobedi\u00eancia de Ad\u00e3o com a sua obedi\u00eancia perfeita. Onde o homem disse \u201cn\u00e3o\u201d, Cristo diz \u201csim\u201d.<\/p>\n\n\n\n<hr class=\"wp-block-separator has-alpha-channel-opacity\"\/>\n\n\n\n<h2 class=\"wp-block-heading\"><strong>5. Aplica\u00e7\u00f5es pr\u00e1ticas: o que significa hoje a pris\u00e3o para ti?<\/strong><\/h2>\n\n\n\n<p>Este epis\u00f3dio n\u00e3o \u00e9 apenas hist\u00f3ria: \u00e9 vida. \u00c9 um apelo concreto para o crist\u00e3o de hoje.<\/p>\n\n\n\n<h3 class=\"wp-block-heading\"><strong>1. Examinar as nossas \u201ctrai\u00e7\u00f5es silenciosas\u201d<\/strong><\/h3>\n\n\n\n<p>N\u00e3o \u00e9 preciso ser Judas para trair Cristo. Cada vez que:<\/p>\n\n\n\n<ul class=\"wp-block-list\">\n<li>negamos a nossa f\u00e9 por vergonha<\/li>\n\n\n\n<li>cedemos conscientemente ao pecado<\/li>\n\n\n\n<li>usamos o bem para fins ego\u00edstas<\/li>\n<\/ul>\n\n\n\n<p>\u2026 estamos, de algum modo, a repetir aquele beijo.<\/p>\n\n\n\n<h3 class=\"wp-block-heading\"><strong>2. Aprender a aceitar a vontade de Deus<\/strong><\/h3>\n\n\n\n<p>O \u201csim\u201d de Jesus no Gets\u00eamani \u00e9 o modelo de toda a vida crist\u00e3. Nem sempre compreendemos o sofrimento, mas podemos confiar.<\/p>\n\n\n\n<h3 class=\"wp-block-heading\"><strong>3. Rejeitar a viol\u00eancia interior<\/strong><\/h3>\n\n\n\n<p>Pedro representa as nossas rea\u00e7\u00f5es impulsivas. Cristo mostra-nos outro caminho: a mansid\u00e3o, a paci\u00eancia, a caridade mesmo diante da injusti\u00e7a.<\/p>\n\n\n\n<h3 class=\"wp-block-heading\"><strong>4. Permanecer fiel na prova\u00e7\u00e3o<\/strong><\/h3>\n\n\n\n<p>Os disc\u00edpulos fugiram. Mas o apelo do Evangelho \u00e9 claro: permanecer com Cristo mesmo quando tudo parece escuro.<\/p>\n\n\n\n<hr class=\"wp-block-separator has-alpha-channel-opacity\"\/>\n\n\n\n<h2 class=\"wp-block-heading\"><strong>6. Uma chave espiritual: deixar-se \u201cprender\u201d por Cristo<\/strong><\/h2>\n\n\n\n<p>H\u00e1 um paradoxo belo: enquanto Jesus \u00e9 preso, na verdade est\u00e1 a libertar o mundo. E o crist\u00e3o \u00e9 chamado ao contr\u00e1rio: deixar-se \u201cprender\u201d pelo amor de Deus.<\/p>\n\n\n\n<p>S\u00e3o Paulo expressa-o assim:<\/p>\n\n\n\n<blockquote class=\"wp-block-quote is-layout-flow wp-block-quote-is-layout-flow\">\n<p><em>\u201cO amor de Cristo nos impele.\u201d<\/em> (2 Cor\u00edntios 5,14)<\/p>\n<\/blockquote>\n\n\n\n<p>Deixar-se prender por Cristo significa:<\/p>\n\n\n\n<ul class=\"wp-block-list\">\n<li>viver unido a Ele<\/li>\n\n\n\n<li>aceitar a sua vontade<\/li>\n\n\n\n<li>amar at\u00e9 ao fim<\/li>\n<\/ul>\n\n\n\n<hr class=\"wp-block-separator has-alpha-channel-opacity\"\/>\n\n\n\n<h2 class=\"wp-block-heading\"><strong>Conclus\u00e3o: a noite que mudou a hist\u00f3ria<\/strong><\/h2>\n\n\n\n<p>A pris\u00e3o de Jesus n\u00e3o \u00e9 o triunfo do mal, mas o in\u00edcio da sua derrota. Nessa noite escura come\u00e7a a reden\u00e7\u00e3o do mundo.<\/p>\n\n\n\n<p>Cristo n\u00e3o responde com viol\u00eancia, mas com amor. N\u00e3o foge, mas entrega-se. N\u00e3o acusa, mas salva.<\/p>\n\n\n\n<p>E hoje, num mundo marcado pela trai\u00e7\u00e3o, pelo medo e pela confus\u00e3o, esta cena continua profundamente atual.<\/p>\n\n\n\n<p>Porque a pergunta continua a ecoar em cada cora\u00e7\u00e3o:<\/p>\n\n\n\n<p><strong>Responder\u00e1s como Judas, como Pedro\u2026 ou como Cristo?<\/strong><\/p>\n","protected":false},"excerpt":{"rendered":"<p>H\u00e1 cenas do Evangelho que n\u00e3o se leem apenas: contemplam-se, sentem-se, rezam-se. A pris\u00e3o de Jesus no jardim do Gets\u00eamani \u00e9 uma delas. \u00c9 o momento em que o Amor infinito se deixa prender por m\u00e3os humanas; em que a Luz aceita ser envolvida pelas trevas; em que o pr\u00f3prio Deus entra, voluntariamente, na l\u00f3gica &hellip;<\/p>\n","protected":false},"author":3,"featured_media":5543,"comment_status":"closed","ping_status":"closed","sticky":false,"template":"","format":"standard","meta":{"_seopress_robots_primary_cat":"","_seopress_titles_title":"","_seopress_titles_desc":"","_seopress_robots_index":"","footnotes":""},"categories":[37,45],"tags":[1892],"class_list":["post-5542","post","type-post","status-publish","format-standard","has-post-thumbnail","","category-doutrina-e-fe","category-sagradas-escrituras","tag-a-prisao-de-jesus"],"_links":{"self":[{"href":"https:\/\/catholicus.eu\/pt\/wp-json\/wp\/v2\/posts\/5542","targetHints":{"allow":["GET"]}}],"collection":[{"href":"https:\/\/catholicus.eu\/pt\/wp-json\/wp\/v2\/posts"}],"about":[{"href":"https:\/\/catholicus.eu\/pt\/wp-json\/wp\/v2\/types\/post"}],"author":[{"embeddable":true,"href":"https:\/\/catholicus.eu\/pt\/wp-json\/wp\/v2\/users\/3"}],"replies":[{"embeddable":true,"href":"https:\/\/catholicus.eu\/pt\/wp-json\/wp\/v2\/comments?post=5542"}],"version-history":[{"count":1,"href":"https:\/\/catholicus.eu\/pt\/wp-json\/wp\/v2\/posts\/5542\/revisions"}],"predecessor-version":[{"id":5544,"href":"https:\/\/catholicus.eu\/pt\/wp-json\/wp\/v2\/posts\/5542\/revisions\/5544"}],"wp:featuredmedia":[{"embeddable":true,"href":"https:\/\/catholicus.eu\/pt\/wp-json\/wp\/v2\/media\/5543"}],"wp:attachment":[{"href":"https:\/\/catholicus.eu\/pt\/wp-json\/wp\/v2\/media?parent=5542"}],"wp:term":[{"taxonomy":"category","embeddable":true,"href":"https:\/\/catholicus.eu\/pt\/wp-json\/wp\/v2\/categories?post=5542"},{"taxonomy":"post_tag","embeddable":true,"href":"https:\/\/catholicus.eu\/pt\/wp-json\/wp\/v2\/tags?post=5542"}],"curies":[{"name":"wp","href":"https:\/\/api.w.org\/{rel}","templated":true}]}}