{"id":5539,"date":"2026-03-25T23:15:49","date_gmt":"2026-03-25T22:15:49","guid":{"rendered":"https:\/\/catholicus.eu\/pt\/?p=5539"},"modified":"2026-03-25T23:15:49","modified_gmt":"2026-03-25T22:15:49","slug":"a-disputa-de-paris-1240-o-julgamento-do-talmude-alia-lex","status":"publish","type":"post","link":"https:\/\/catholicus.eu\/pt\/a-disputa-de-paris-1240-o-julgamento-do-talmude-alia-lex\/","title":{"rendered":"A Disputa de Paris (1240): O Julgamento do Talmude, Alia Lex"},"content":{"rendered":"\n<p><strong>Uma li\u00e7\u00e3o hist\u00f3rica, teol\u00f3gica e pastoral para os nossos tempos<\/strong><\/p>\n\n\n\n<hr class=\"wp-block-separator has-alpha-channel-opacity\"\/>\n\n\n\n<h4 class=\"wp-block-heading\">1. Introdu\u00e7\u00e3o: quando a f\u00e9 encontra interpreta\u00e7\u00f5es divergentes<\/h4>\n\n\n\n<p>Ao longo da hist\u00f3ria da Igreja, houve momentos em que a defesa da f\u00e9 se entrela\u00e7ou com tens\u00f5es culturais, religiosas e at\u00e9 pol\u00edticas. Um desses epis\u00f3dios \u00e9 a chamada <em>Disputa de Paris<\/em> do ano de 1240, tamb\u00e9m conhecida como o <em>Julgamento do Talmude<\/em>.<\/p>\n\n\n\n<p>Este evento, embora distante no tempo, continua a levantar quest\u00f5es profundamente relevantes hoje:<\/p>\n\n\n\n<ul class=\"wp-block-list\">\n<li>Como discernir a verdade em meio a interpreta\u00e7\u00f5es divergentes?<\/li>\n\n\n\n<li>Como defender a f\u00e9 sem perder a caridade?<\/li>\n\n\n\n<li>Como compreender a rela\u00e7\u00e3o entre o cristianismo e o juda\u00edsmo a partir de uma perspectiva fiel ao Evangelho?<\/li>\n<\/ul>\n\n\n\n<p>Este artigo busca n\u00e3o apenas explicar o que aconteceu, mas ilumin\u00e1-lo atrav\u00e9s de uma perspectiva teol\u00f3gica e pastoral que ajude o crente de hoje a crescer na verdade e no amor.<\/p>\n\n\n\n<hr class=\"wp-block-separator has-alpha-channel-opacity\"\/>\n\n\n\n<h4 class=\"wp-block-heading\">2. Contexto hist\u00f3rico: uma Europa profundamente crist\u00e3<\/h4>\n\n\n\n<p>No s\u00e9culo XIII, a Europa era marcada por uma vis\u00e3o de mundo profundamente crist\u00e3. A f\u00e9 n\u00e3o era apenas uma quest\u00e3o privada, mas o fundamento da ordem social, cultural e pol\u00edtica. Nesse contexto, qualquer ensinamento considerado contr\u00e1rio \u00e0 f\u00e9 crist\u00e3 era visto como uma amea\u00e7a n\u00e3o apenas espiritual, mas tamb\u00e9m social.<\/p>\n\n\n\n<p>O Talmude \u2014 uma compila\u00e7\u00e3o de coment\u00e1rios rab\u00ednicos sobre a lei judaica \u2014 come\u00e7ou a gerar controv\u00e9rsia nos c\u00edrculos crist\u00e3os, especialmente quando alguns convertidos do juda\u00edsmo afirmaram que ele continha passagens ofensivas a Jesus Cristo e \u00e0 f\u00e9 crist\u00e3.<\/p>\n\n\n\n<p>Um desses convertidos, Nicolau Donin, apresentou acusa\u00e7\u00f5es formais ao Papa Greg\u00f3rio IX, o que levou \u00e0 convoca\u00e7\u00e3o de uma disputa p\u00fablica em Paris.<\/p>\n\n\n\n<hr class=\"wp-block-separator has-alpha-channel-opacity\"\/>\n\n\n\n<h4 class=\"wp-block-heading\">3. A Disputa de Paris: desenvolvimento do julgamento<\/h4>\n\n\n\n<p>A disputa ocorreu diante de autoridades eclesi\u00e1sticas e acad\u00eamicas, incluindo te\u00f3logos da Universidade de Paris. De um lado, Nicolau Donin apresentou uma s\u00e9rie de acusa\u00e7\u00f5es contra o Talmude. Do outro, rabinos judeus, como Jehiel de Paris, defenderam sua tradi\u00e7\u00e3o.<\/p>\n\n\n\n<p>O julgamento se concentrou em v\u00e1rias quest\u00f5es:<\/p>\n\n\n\n<ul class=\"wp-block-list\">\n<li>O Talmude continha ensinamentos contr\u00e1rios \u00e0 Sagrada Escritura?<\/li>\n\n\n\n<li>Inclu\u00eda express\u00f5es consideradas ofensivas a Jesus Cristo?<\/li>\n\n\n\n<li>Seu uso deveria ser permitido em uma sociedade crist\u00e3?<\/li>\n<\/ul>\n\n\n\n<p>O resultado foi a condena\u00e7\u00e3o do Talmude, que levou \u00e0 queima p\u00fablica de numerosos manuscritos em 1242.<\/p>\n\n\n\n<hr class=\"wp-block-separator has-alpha-channel-opacity\"\/>\n\n\n\n<h4 class=\"wp-block-heading\">4. Sobre as acusa\u00e7\u00f5es: uma necess\u00e1ria precis\u00e3o teol\u00f3gica<\/h4>\n\n\n\n<p>\u00c9 aqui que devemos ser especialmente prudentes e rigorosos. Historicamente, as acusa\u00e7\u00f5es inclu\u00edam interpreta\u00e7\u00f5es de certas passagens do Talmude que, segundo os acusadores, continham:<\/p>\n\n\n\n<ul class=\"wp-block-list\">\n<li>Refer\u00eancias cr\u00edticas ou negativas a figuras identificadas com Jesus.<\/li>\n\n\n\n<li>Interpreta\u00e7\u00f5es da lei radicalmente diferentes do cristianismo.<\/li>\n\n\n\n<li>Coment\u00e1rios considerados irreverentes em rela\u00e7\u00e3o \u00e0s cren\u00e7as crist\u00e3s.<\/li>\n<\/ul>\n\n\n\n<p>No entanto, \u00e9 essencial compreender v\u00e1rios pontos de uma perspectiva teol\u00f3gica s\u00e9ria e contempor\u00e2nea:<\/p>\n\n\n\n<ol class=\"wp-block-list\">\n<li><strong>Contexto interpretativo<\/strong>:<br>O Talmude \u00e9 um texto complexo, composto por debates, opini\u00f5es diversas e contextos hist\u00f3ricos muito espec\u00edficos. Nem todos os trechos possuem um significado literal ou uniforme.<\/li>\n\n\n\n<li><strong>Problemas de tradu\u00e7\u00e3o e leitura<\/strong>:<br>Muitas das acusa\u00e7\u00f5es medievais baseavam-se em tradu\u00e7\u00f5es parciais ou interpreta\u00e7\u00f5es polemicas.<\/li>\n\n\n\n<li><strong>Distin\u00e7\u00e3o entre erro e m\u00e1 inten\u00e7\u00e3o<\/strong>:<br>Do ponto de vista teol\u00f3gico cat\u00f3lico, \u00e9 crucial diferenciar entre doutrinas equivocadas e a vontade consciente de blasfemar.<\/li>\n<\/ol>\n\n\n\n<p>Portanto, n\u00e3o \u00e9 nem apropriado nem fiel \u00e0 verdade repetir essas acusa\u00e7\u00f5es de maneira simplista ou sem nuance. Hoje, a Igreja nos chama a um discernimento mais profundo e respeitoso.<\/p>\n\n\n\n<hr class=\"wp-block-separator has-alpha-channel-opacity\"\/>\n\n\n\n<h4 class=\"wp-block-heading\">5. Chave teol\u00f3gica: a plenitude da revela\u00e7\u00e3o em Cristo<\/h4>\n\n\n\n<p>Para entender o contexto mais profundo desta disputa, devemos retornar ao centro da f\u00e9 crist\u00e3: Jesus Cristo como a plenitude da revela\u00e7\u00e3o.<\/p>\n\n\n\n<p>O Evangelho nos lembra:<\/p>\n\n\n\n<blockquote class=\"wp-block-quote is-layout-flow wp-block-quote-is-layout-flow\">\n<p>\u201cEu sou o caminho, a verdade e a vida. Ningu\u00e9m vem ao Pai sen\u00e3o por mim.\u201d (Jo\u00e3o 14,6)<\/p>\n<\/blockquote>\n\n\n\n<p>A partir dessa certeza, a Igreja sempre afirmou que toda verdade encontra sua plenitude em Cristo. Isso implica que qualquer sistema religioso ou interpreta\u00e7\u00e3o que n\u00e3o reconhe\u00e7a Cristo como Filho de Deus permanece, do ponto de vista crist\u00e3o, incompleto.<\/p>\n\n\n\n<p>No entanto, essa afirma\u00e7\u00e3o nunca deve se tornar motivo de orgulho ou desprezo, mas sim um convite \u00e0 humildade e ao testemunho.<\/p>\n\n\n\n<hr class=\"wp-block-separator has-alpha-channel-opacity\"\/>\n\n\n\n<h4 class=\"wp-block-heading\">6. Uma leitura pastoral para hoje: a verdade sem caridade n\u00e3o \u00e9 crist\u00e3<\/h4>\n\n\n\n<p>Se h\u00e1 algo que devemos aprender de epis\u00f3dios como a Disputa de Paris, \u00e9 que a defesa da verdade n\u00e3o pode ser separada da caridade.<\/p>\n\n\n\n<p>S\u00e3o Paulo expressa isso claramente:<\/p>\n\n\n\n<blockquote class=\"wp-block-quote is-layout-flow wp-block-quote-is-layout-flow\">\n<p>\u201cSe eu n\u00e3o tiver amor, nada sou.\u201d (1 Cor\u00edntios 13,2)<\/p>\n<\/blockquote>\n\n\n\n<p>No mundo atual, onde m\u00faltiplas religi\u00f5es e vis\u00f5es de mundo coexistem, o crist\u00e3o \u00e9 chamado a:<\/p>\n\n\n\n<ul class=\"wp-block-list\">\n<li><strong>Conhecer profundamente sua f\u00e9<\/strong><br>N\u00e3o por esp\u00edrito de pol\u00eamica, mas por amor \u00e0 verdade.<\/li>\n\n\n\n<li><strong>Evitar julgamentos superficiais<\/strong><br>Especialmente em rela\u00e7\u00e3o a tradi\u00e7\u00f5es que n\u00e3o compreendemos totalmente.<\/li>\n\n\n\n<li><strong>Dar testemunho por meio de uma vida coerente<\/strong><br>A melhor defesa do cristianismo n\u00e3o \u00e9 o argumento, mas a santidade.<\/li>\n\n\n\n<li><strong>Dialogar sem renunciar \u00e0 verdade<\/strong><br>O di\u00e1logo aut\u00eantico n\u00e3o dilui a f\u00e9; ele a purifica e fortalece.<\/li>\n<\/ul>\n\n\n\n<hr class=\"wp-block-separator has-alpha-channel-opacity\"\/>\n\n\n\n<h4 class=\"wp-block-heading\">7. Li\u00e7\u00f5es espirituais: discernimento, humildade e fidelidade<\/h4>\n\n\n\n<p>Este epis\u00f3dio hist\u00f3rico nos deixa v\u00e1rias li\u00e7\u00f5es espirituais profundas:<\/p>\n\n\n\n<p><strong>1. A import\u00e2ncia do discernimento<\/strong><br>Nem tudo que parece contr\u00e1rio \u00e0 f\u00e9 realmente o \u00e9. \u00c9 necess\u00e1rio estudar, compreender e orar antes de julgar.<\/p>\n\n\n\n<p><strong>2. O perigo do zelo sem caridade<\/strong><br>Defender a verdade sem amor pode levar ao endurecimento do cora\u00e7\u00e3o.<\/p>\n\n\n\n<p><strong>3. A centralidade de Cristo<\/strong><br>No meio de debates, controv\u00e9rsias e tens\u00f5es, o crist\u00e3o n\u00e3o deve perder de vista o essencial: uma rela\u00e7\u00e3o pessoal com Jesus Cristo.<\/p>\n\n\n\n<hr class=\"wp-block-separator has-alpha-channel-opacity\"\/>\n\n\n\n<h4 class=\"wp-block-heading\">8. Aplica\u00e7\u00f5es pr\u00e1ticas para o crente de hoje<\/h4>\n\n\n\n<p>Como podemos aplicar esses ensinamentos em nossa vida cotidiana?<\/p>\n\n\n\n<ul class=\"wp-block-list\">\n<li><strong>Forma\u00e7\u00e3o s\u00f3lida<\/strong>: Dedicar tempo para conhecer a B\u00edblia, o Catecismo e a tradi\u00e7\u00e3o da Igreja.<\/li>\n\n\n\n<li><strong>Ora\u00e7\u00e3o pela unidade<\/strong>: Orar por todos aqueles que n\u00e3o conhecem Cristo.<\/li>\n\n\n\n<li><strong>Caridade na fala<\/strong>: Evitar falar com desprezo ou superioridade sobre outras religi\u00f5es.<\/li>\n\n\n\n<li><strong>Testemunho silencioso<\/strong>: Viver de tal forma que outros se perguntem qual \u00e9 a fonte de sua paz.<\/li>\n<\/ul>\n\n\n\n<hr class=\"wp-block-separator has-alpha-channel-opacity\"\/>\n\n\n\n<h4 class=\"wp-block-heading\">9. Conclus\u00e3o: entre hist\u00f3ria e eternidade<\/h4>\n\n\n\n<p>A Disputa de Paris n\u00e3o \u00e9 apenas um epis\u00f3dio do passado. \u00c9 um espelho em que podemos nos olhar hoje.<\/p>\n\n\n\n<p>Ela nos lembra que a verdade \u00e9 um dom precioso, mas deve ser guardada com humildade. Que a f\u00e9 \u00e9 firme, mas o cora\u00e7\u00e3o deve permanecer d\u00f3cil. Que Cristo \u00e9 o centro, mas o caminho at\u00e9 Ele passa sempre pelo amor.<\/p>\n\n\n\n<p>Em um mundo marcado pela divis\u00e3o, o crist\u00e3o \u00e9 chamado a ser ponte, luz e testemunha.<\/p>\n\n\n\n<p>Porque, no fim, n\u00e3o seremos julgados pelo quanto discutimos\u2026 mas pelo quanto amamos.<\/p>\n","protected":false},"excerpt":{"rendered":"<p>Uma li\u00e7\u00e3o hist\u00f3rica, teol\u00f3gica e pastoral para os nossos tempos 1. Introdu\u00e7\u00e3o: quando a f\u00e9 encontra interpreta\u00e7\u00f5es divergentes Ao longo da hist\u00f3ria da Igreja, houve momentos em que a defesa da f\u00e9 se entrela\u00e7ou com tens\u00f5es culturais, religiosas e at\u00e9 pol\u00edticas. Um desses epis\u00f3dios \u00e9 a chamada Disputa de Paris do ano de 1240, tamb\u00e9m &hellip;<\/p>\n","protected":false},"author":3,"featured_media":5540,"comment_status":"closed","ping_status":"closed","sticky":false,"template":"","format":"standard","meta":{"_seopress_robots_primary_cat":"","_seopress_titles_title":"","_seopress_titles_desc":"","_seopress_robots_index":"","footnotes":""},"categories":[48,38],"tags":[1890,1891],"class_list":["post-5539","post","type-post","status-publish","format-standard","has-post-thumbnail","","category-historia-da-igreja","category-historia-e-tradicao","tag-disputa-de-paris","tag-talmude"],"_links":{"self":[{"href":"https:\/\/catholicus.eu\/pt\/wp-json\/wp\/v2\/posts\/5539","targetHints":{"allow":["GET"]}}],"collection":[{"href":"https:\/\/catholicus.eu\/pt\/wp-json\/wp\/v2\/posts"}],"about":[{"href":"https:\/\/catholicus.eu\/pt\/wp-json\/wp\/v2\/types\/post"}],"author":[{"embeddable":true,"href":"https:\/\/catholicus.eu\/pt\/wp-json\/wp\/v2\/users\/3"}],"replies":[{"embeddable":true,"href":"https:\/\/catholicus.eu\/pt\/wp-json\/wp\/v2\/comments?post=5539"}],"version-history":[{"count":1,"href":"https:\/\/catholicus.eu\/pt\/wp-json\/wp\/v2\/posts\/5539\/revisions"}],"predecessor-version":[{"id":5541,"href":"https:\/\/catholicus.eu\/pt\/wp-json\/wp\/v2\/posts\/5539\/revisions\/5541"}],"wp:featuredmedia":[{"embeddable":true,"href":"https:\/\/catholicus.eu\/pt\/wp-json\/wp\/v2\/media\/5540"}],"wp:attachment":[{"href":"https:\/\/catholicus.eu\/pt\/wp-json\/wp\/v2\/media?parent=5539"}],"wp:term":[{"taxonomy":"category","embeddable":true,"href":"https:\/\/catholicus.eu\/pt\/wp-json\/wp\/v2\/categories?post=5539"},{"taxonomy":"post_tag","embeddable":true,"href":"https:\/\/catholicus.eu\/pt\/wp-json\/wp\/v2\/tags?post=5539"}],"curies":[{"name":"wp","href":"https:\/\/api.w.org\/{rel}","templated":true}]}}