{"id":5515,"date":"2026-03-25T09:57:56","date_gmt":"2026-03-25T08:57:56","guid":{"rendered":"https:\/\/catholicus.eu\/pt\/?p=5515"},"modified":"2026-03-25T09:57:57","modified_gmt":"2026-03-25T08:57:57","slug":"os-144-000-do-apocalipse-elite-secreta-ou-chamado-universal-a-santidade-a-verdade-que-poucos-explicam","status":"publish","type":"post","link":"https:\/\/catholicus.eu\/pt\/os-144-000-do-apocalipse-elite-secreta-ou-chamado-universal-a-santidade-a-verdade-que-poucos-explicam\/","title":{"rendered":"Os 144.000 do Apocalipse: elite secreta ou chamado universal \u00e0 santidade? A verdade que poucos explicam"},"content":{"rendered":"\n<p>Num mundo saturado de teorias, medos apocal\u00edpticos e leituras superficiais da B\u00edblia, poucos textos despertam tanta curiosidade \u2014 e tanta confus\u00e3o \u2014 quanto o dos <strong>144.000 selados no Livro do Apocalipse<\/strong>.<\/p>\n\n\n\n<p>Trata-se de um grupo literal?<br>De uma elite espiritual?<br>Refere-se apenas aos judeus?<br>Isso tem algo a ver com voc\u00ea hoje?<\/p>\n\n\n\n<p>A resposta, longe de ser fria ou especulativa, \u00e9 profundamente espiritual, pastoral\u2026 e surpreendentemente atual.<\/p>\n\n\n\n<hr class=\"wp-block-separator has-alpha-channel-opacity\"\/>\n\n\n\n<h2 class=\"wp-block-heading\"><strong>1. O texto que muda tudo<\/strong><\/h2>\n\n\n\n<p>O mist\u00e9rio come\u00e7a no Livro do Apocalipse, onde lemos:<\/p>\n\n\n\n<blockquote class=\"wp-block-quote is-layout-flow wp-block-quote-is-layout-flow\">\n<p>\u201cOuvi tamb\u00e9m o n\u00famero dos que foram selados: cento e quarenta e quatro mil, de todas as tribos dos filhos de Israel.\u201d (Ap 7,4)<\/p>\n<\/blockquote>\n\n\n\n<p>Mais adiante, acrescenta-se:<\/p>\n\n\n\n<blockquote class=\"wp-block-quote is-layout-flow wp-block-quote-is-layout-flow\">\n<p>\u201cEstes s\u00e3o os que n\u00e3o se contaminaram com mulheres\u2026 seguem o Cordeiro por onde quer que v\u00e1\u2026 foram resgatados dentre os homens como prim\u00edcias para Deus e para o Cordeiro.\u201d (Ap 14,4)<\/p>\n<\/blockquote>\n\n\n\n<p>\u00c0 primeira vista, parece um grupo limitado, quase exclusivo. Mas, se ficarmos a\u00ed, n\u00e3o compreendemos a linguagem do Apocalipse.<\/p>\n\n\n\n<hr class=\"wp-block-separator has-alpha-channel-opacity\"\/>\n\n\n\n<h2 class=\"wp-block-heading\"><strong>2. A linguagem simb\u00f3lica: a chave para n\u00e3o errar<\/strong><\/h2>\n\n\n\n<p>O Apocalipse n\u00e3o \u00e9 um livro de estat\u00edsticas. \u00c9 um livro de <strong>s\u00edmbolos profundamente teol\u00f3gicos<\/strong>.<\/p>\n\n\n\n<p>O n\u00famero <strong>144.000<\/strong> n\u00e3o \u00e9 casual:<\/p>\n\n\n\n<ul class=\"wp-block-list\">\n<li>12 (tribos de Israel)<\/li>\n\n\n\n<li>\u00d7 12 (os Ap\u00f3stolos)<\/li>\n\n\n\n<li>\u00d7 1000 (plenitude, totalidade)<\/li>\n<\/ul>\n\n\n\n<p>\ud83d\udc49 Resultado: <strong>a totalidade do povo de Deus na sua plenitude perfeita<\/strong>.<\/p>\n\n\n\n<p>N\u00e3o estamos diante de um n\u00famero literal, mas de uma <strong>imagem de completude, perfei\u00e7\u00e3o e plenitude espiritual<\/strong>.<\/p>\n\n\n\n<hr class=\"wp-block-separator has-alpha-channel-opacity\"\/>\n\n\n\n<h2 class=\"wp-block-heading\"><strong>3. Refere-se apenas aos judeus?<\/strong><\/h2>\n\n\n\n<p>Aqui chegamos a uma das perguntas mais importantes.<\/p>\n\n\n\n<p>O texto menciona explicitamente as \u201ctribos de Israel\u201d. No entanto, a Igreja, desde os primeiros s\u00e9culos, interpretou isso <strong>n\u00e3o em sentido \u00e9tnico, mas espiritual<\/strong>.<\/p>\n\n\n\n<p>Por qu\u00ea?<\/p>\n\n\n\n<p>Porque o Novo Testamento amplia o conceito de Israel:<\/p>\n\n\n\n<ul class=\"wp-block-list\">\n<li>S\u00e3o Paulo ensina que o verdadeiro Israel n\u00e3o \u00e9 apenas o segundo a carne, mas o da f\u00e9: \u201cNem todos os que descendem de Israel s\u00e3o Israel.\u201d (Rm 9,6)<\/li>\n\n\n\n<li>E tamb\u00e9m: \u201cSe sois de Cristo, ent\u00e3o sois descend\u00eancia de Abra\u00e3o.\u201d (Gl 3,29)<\/li>\n<\/ul>\n\n\n\n<p>\ud83d\udc49 Conclus\u00e3o teol\u00f3gica clara:<br><strong>Os 144.000 representam o verdadeiro povo de Deus, formado por judeus e gentios unidos em Cristo.<\/strong><\/p>\n\n\n\n<p>N\u00e3o \u00e9 um clube fechado. \u00c9 a Igreja na sua dimens\u00e3o mais pura e fiel.<\/p>\n\n\n\n<hr class=\"wp-block-separator has-alpha-channel-opacity\"\/>\n\n\n\n<h2 class=\"wp-block-heading\"><strong>4. O \u201cselo\u201d: a identidade espiritual do crist\u00e3o<\/strong><\/h2>\n\n\n\n<p>O texto insiste que estes homens est\u00e3o \u201cselados\u201d.<\/p>\n\n\n\n<p>O que \u00e9 esse selo?<\/p>\n\n\n\n<p>Na tradi\u00e7\u00e3o cat\u00f3lica, isso tem um eco muito claro:<\/p>\n\n\n\n<ul class=\"wp-block-list\">\n<li>O <strong>Batismo<\/strong><\/li>\n\n\n\n<li>A <strong>Confirma\u00e7\u00e3o<\/strong><\/li>\n\n\n\n<li>O <strong>car\u00e1ter sacramental<\/strong><\/li>\n<\/ul>\n\n\n\n<p>O selo \u00e9 a <strong>marca de perten\u00e7a a Deus<\/strong>, uma identidade indel\u00e9vel.<\/p>\n\n\n\n<p>Mas h\u00e1 mais.<\/p>\n\n\n\n<p>No Apocalipse, o selo \u00e9 tamb\u00e9m <strong>prote\u00e7\u00e3o espiritual<\/strong> contra o mal. \u00c9 o oposto da \u201cmarca da besta\u201d.<\/p>\n\n\n\n<p>\ud83d\udc49 Em outras palavras:<br><strong>Ou voc\u00ea pertence a Deus\u2026 ou acaba pertencendo ao mundo.<\/strong><\/p>\n\n\n\n<p>N\u00e3o h\u00e1 neutralidade.<\/p>\n\n\n\n<hr class=\"wp-block-separator has-alpha-channel-opacity\"\/>\n\n\n\n<h2 class=\"wp-block-heading\"><strong>5. Uma elite\u2026 mas n\u00e3o como o mundo entende<\/strong><\/h2>\n\n\n\n<p>Aqui chegamos a um ponto delicado.<\/p>\n\n\n\n<p>Sim, os 144.000 s\u00e3o apresentados como um grupo especial:<\/p>\n\n\n\n<ul class=\"wp-block-list\">\n<li>\u201cPrim\u00edcias\u201d<\/li>\n\n\n\n<li>\u201cSem mancha\u201d<\/li>\n\n\n\n<li>\u201cFi\u00e9is ao Cordeiro\u201d<\/li>\n<\/ul>\n\n\n\n<p>Mas aten\u00e7\u00e3o: isso n\u00e3o fala de privil\u00e9gio\u2026 mas de <strong>exig\u00eancia radical<\/strong>.<\/p>\n\n\n\n<p>Eles n\u00e3o s\u00e3o \u201cmelhores\u201d por status, mas por fidelidade.<\/p>\n\n\n\n<p>S\u00e3o aqueles que:<\/p>\n\n\n\n<ul class=\"wp-block-list\">\n<li>N\u00e3o negociam com o pecado<\/li>\n\n\n\n<li>N\u00e3o se deixam seduzir pelo esp\u00edrito do mundo<\/li>\n\n\n\n<li>Permanecem fi\u00e9is mesmo na persegui\u00e7\u00e3o<\/li>\n<\/ul>\n\n\n\n<p>\ud83d\udc49 Em outras palavras:<br><strong>s\u00e3o os santos.<\/strong><\/p>\n\n\n\n<hr class=\"wp-block-separator has-alpha-channel-opacity\"\/>\n\n\n\n<h2 class=\"wp-block-heading\"><strong>6. E ent\u00e3o\u2026 onde ficamos n\u00f3s?<\/strong><\/h2>\n\n\n\n<p>Aqui o texto torna-se profundamente pastoral.<\/p>\n\n\n\n<p>Porque logo ap\u00f3s os 144.000, o Apocalipse apresenta outra vis\u00e3o:<\/p>\n\n\n\n<blockquote class=\"wp-block-quote is-layout-flow wp-block-quote-is-layout-flow\">\n<p>\u201cDepois disso, vi uma grande multid\u00e3o que ningu\u00e9m podia contar, de todas as na\u00e7\u00f5es, tribos, povos e l\u00ednguas\u2026\u201d (Ap 7,9)<\/p>\n<\/blockquote>\n\n\n\n<p>Isso rompe qualquer tenta\u00e7\u00e3o elitista.<\/p>\n\n\n\n<p>\ud83d\udc49 H\u00e1 duas imagens complementares:<\/p>\n\n\n\n<ul class=\"wp-block-list\">\n<li><strong>144.000<\/strong> \u2192 a Igreja na sua perfei\u00e7\u00e3o simb\u00f3lica<\/li>\n\n\n\n<li><strong>A grande multid\u00e3o<\/strong> \u2192 a salva\u00e7\u00e3o aberta a todos<\/li>\n<\/ul>\n\n\n\n<hr class=\"wp-block-separator has-alpha-channel-opacity\"\/>\n\n\n\n<h2 class=\"wp-block-heading\"><strong>7. Aplica\u00e7\u00e3o pr\u00e1tica: viver hoje como \u201cselados\u201d<\/strong><\/h2>\n\n\n\n<p>Este tema n\u00e3o \u00e9 para especula\u00e7\u00e3o. \u00c9 para <strong>examinar a sua vida<\/strong>.<\/p>\n\n\n\n<h3 class=\"wp-block-heading\">\ud83d\udd25 1. A quem voc\u00ea realmente pertence?<\/h3>\n\n\n\n<p>Hoje, o mundo tamb\u00e9m \u201cmarca\u201d:<\/p>\n\n\n\n<ul class=\"wp-block-list\">\n<li>Ideologias<\/li>\n\n\n\n<li>Modas<\/li>\n\n\n\n<li>Pecados normalizados<\/li>\n\n\n\n<li>A idolatria do eu<\/li>\n<\/ul>\n\n\n\n<p>O crist\u00e3o \u00e9 chamado a carregar outro selo.<\/p>\n\n\n\n<p>\ud83d\udc49 A sua vida mostra que voc\u00ea pertence a Cristo?<\/p>\n\n\n\n<hr class=\"wp-block-separator has-alpha-channel-opacity\"\/>\n\n\n\n<h3 class=\"wp-block-heading\">\ud83d\udd4a\ufe0f 2. A pureza n\u00e3o \u00e9 opcional<\/h3>\n\n\n\n<p>O Apocalipse insiste na pureza.<\/p>\n\n\n\n<p>N\u00e3o se trata apenas de sexualidade, mas de uma <strong>integridade total<\/strong>:<\/p>\n\n\n\n<ul class=\"wp-block-list\">\n<li>Pensamentos<\/li>\n\n\n\n<li>Inten\u00e7\u00f5es<\/li>\n\n\n\n<li>Fidelidade interior<\/li>\n<\/ul>\n\n\n\n<p>\ud83d\udc49 Numa cultura que banaliza tudo, a pureza \u00e9 revolucion\u00e1ria.<\/p>\n\n\n\n<hr class=\"wp-block-separator has-alpha-channel-opacity\"\/>\n\n\n\n<h3 class=\"wp-block-heading\">\u2694\ufe0f 3. Fidelidade em tempos dif\u00edceis<\/h3>\n\n\n\n<p>Os 144.000 aparecem num contexto de prova.<\/p>\n\n\n\n<p>N\u00e3o s\u00e3o crist\u00e3os \u201cconfort\u00e1veis\u201d. S\u00e3o crist\u00e3os que <strong>perseveram<\/strong>.<\/p>\n\n\n\n<p>\ud83d\udc49 Hoje, isso significa:<\/p>\n\n\n\n<ul class=\"wp-block-list\">\n<li>N\u00e3o silenciar a verdade por press\u00e3o social<\/li>\n\n\n\n<li>N\u00e3o diluir a f\u00e9 para se encaixar<\/li>\n\n\n\n<li>N\u00e3o negociar com o pecado<\/li>\n<\/ul>\n\n\n\n<hr class=\"wp-block-separator has-alpha-channel-opacity\"\/>\n\n\n\n<h3 class=\"wp-block-heading\">\ud83c\udf3e 4. Ser \u201cprim\u00edcias\u201d no mundo<\/h3>\n\n\n\n<p>Ser prim\u00edcias \u00e9 ser uma <strong>antecipa\u00e7\u00e3o do c\u00e9u na terra<\/strong>.<\/p>\n\n\n\n<p>A sua vida deveria provocar nos outros esta pergunta:<\/p>\n\n\n\n<blockquote class=\"wp-block-quote is-layout-flow wp-block-quote-is-layout-flow\">\n<p>\u201cO que essa pessoa tem que eu n\u00e3o tenho?\u201d<\/p>\n<\/blockquote>\n\n\n\n<hr class=\"wp-block-separator has-alpha-channel-opacity\"\/>\n\n\n\n<h2 class=\"wp-block-heading\"><strong>8. Um aviso necess\u00e1rio: cuidado com interpreta\u00e7\u00f5es erradas<\/strong><\/h2>\n\n\n\n<p>Algumas correntes reduziram este texto a:<\/p>\n\n\n\n<ul class=\"wp-block-list\">\n<li>Um n\u00famero literal e fixo<\/li>\n\n\n\n<li>Um grupo exclusivo de \u201celeitos\u201d<\/li>\n\n\n\n<li>Ou at\u00e9 seitas que se identificam como os 144.000<\/li>\n<\/ul>\n\n\n\n<p>Isso contradiz a vis\u00e3o cat\u00f3lica.<\/p>\n\n\n\n<p>\ud83d\udc49 A Igreja ensina:<\/p>\n\n\n\n<ul class=\"wp-block-list\">\n<li>A universalidade da salva\u00e7\u00e3o<\/li>\n\n\n\n<li>O chamado universal \u00e0 santidade<\/li>\n\n\n\n<li>A interpreta\u00e7\u00e3o simb\u00f3lica do Apocalipse<\/li>\n<\/ul>\n\n\n\n<hr class=\"wp-block-separator has-alpha-channel-opacity\"\/>\n\n\n\n<h2 class=\"wp-block-heading\"><strong>9. A mensagem final: n\u00e3o \u00e9 um n\u00famero\u2026 \u00e9 um chamado<\/strong><\/h2>\n\n\n\n<p>A verdadeira mensagem n\u00e3o \u00e9 contar pessoas.<\/p>\n\n\n\n<p>\u00c9 compreender isto:<\/p>\n\n\n\n<p>\ud83d\udc49 Deus quer um povo totalmente seu.<br>\ud83d\udc49 Um povo fiel, puro e corajoso.<br>\ud83d\udc49 Um povo que n\u00e3o se venda ao mundo.<\/p>\n\n\n\n<p>E esse povo\u2026 come\u00e7a por voc\u00ea.<\/p>\n\n\n\n<hr class=\"wp-block-separator has-alpha-channel-opacity\"\/>\n\n\n\n<h2 class=\"wp-block-heading\"><strong>Conclus\u00e3o: voc\u00ea faz parte dos selados?<\/strong><\/h2>\n\n\n\n<p>A grande pergunta n\u00e3o \u00e9 se os 144.000 s\u00e3o judeus ou n\u00e3o.<\/p>\n\n\n\n<p>A verdadeira pergunta \u00e9:<\/p>\n\n\n\n<p><strong>Voc\u00ea est\u00e1 vivendo como algu\u00e9m selado por Deus?<\/strong><\/p>\n\n\n\n<p>Porque, no fim, o Apocalipse n\u00e3o fala do futuro\u2026 fala do presente.<\/p>\n\n\n\n<p>Fala de uma batalha espiritual que j\u00e1 est\u00e1 em curso.<\/p>\n\n\n\n<p>E voc\u00ea j\u00e1 est\u00e1 marcado.<\/p>\n\n\n\n<p>A \u00fanica quest\u00e3o \u00e9:<\/p>\n\n\n\n<p><strong>com qual selo?<\/strong><\/p>\n","protected":false},"excerpt":{"rendered":"<p>Num mundo saturado de teorias, medos apocal\u00edpticos e leituras superficiais da B\u00edblia, poucos textos despertam tanta curiosidade \u2014 e tanta confus\u00e3o \u2014 quanto o dos 144.000 selados no Livro do Apocalipse. Trata-se de um grupo literal?De uma elite espiritual?Refere-se apenas aos judeus?Isso tem algo a ver com voc\u00ea hoje? A resposta, longe de ser fria &hellip;<\/p>\n","protected":false},"author":3,"featured_media":5516,"comment_status":"closed","ping_status":"closed","sticky":false,"template":"","format":"standard","meta":{"_seopress_robots_primary_cat":"","_seopress_titles_title":"","_seopress_titles_desc":"","_seopress_robots_index":"","footnotes":""},"categories":[37,45],"tags":[1884,908],"class_list":["post-5515","post","type-post","status-publish","format-standard","has-post-thumbnail","","category-doutrina-e-fe","category-sagradas-escrituras","tag-144-000","tag-apocalipse"],"_links":{"self":[{"href":"https:\/\/catholicus.eu\/pt\/wp-json\/wp\/v2\/posts\/5515","targetHints":{"allow":["GET"]}}],"collection":[{"href":"https:\/\/catholicus.eu\/pt\/wp-json\/wp\/v2\/posts"}],"about":[{"href":"https:\/\/catholicus.eu\/pt\/wp-json\/wp\/v2\/types\/post"}],"author":[{"embeddable":true,"href":"https:\/\/catholicus.eu\/pt\/wp-json\/wp\/v2\/users\/3"}],"replies":[{"embeddable":true,"href":"https:\/\/catholicus.eu\/pt\/wp-json\/wp\/v2\/comments?post=5515"}],"version-history":[{"count":1,"href":"https:\/\/catholicus.eu\/pt\/wp-json\/wp\/v2\/posts\/5515\/revisions"}],"predecessor-version":[{"id":5517,"href":"https:\/\/catholicus.eu\/pt\/wp-json\/wp\/v2\/posts\/5515\/revisions\/5517"}],"wp:featuredmedia":[{"embeddable":true,"href":"https:\/\/catholicus.eu\/pt\/wp-json\/wp\/v2\/media\/5516"}],"wp:attachment":[{"href":"https:\/\/catholicus.eu\/pt\/wp-json\/wp\/v2\/media?parent=5515"}],"wp:term":[{"taxonomy":"category","embeddable":true,"href":"https:\/\/catholicus.eu\/pt\/wp-json\/wp\/v2\/categories?post=5515"},{"taxonomy":"post_tag","embeddable":true,"href":"https:\/\/catholicus.eu\/pt\/wp-json\/wp\/v2\/tags?post=5515"}],"curies":[{"name":"wp","href":"https:\/\/api.w.org\/{rel}","templated":true}]}}