{"id":5512,"date":"2026-03-25T09:08:27","date_gmt":"2026-03-25T08:08:27","guid":{"rendered":"https:\/\/catholicus.eu\/pt\/?p=5512"},"modified":"2026-03-25T09:08:27","modified_gmt":"2026-03-25T08:08:27","slug":"humanum-genus-a-batalha-invisivel-que-ainda-molda-o-nosso-tempo-um-apelo-urgente-para-despertar-a-fe","status":"publish","type":"post","link":"https:\/\/catholicus.eu\/pt\/humanum-genus-a-batalha-invisivel-que-ainda-molda-o-nosso-tempo-um-apelo-urgente-para-despertar-a-fe\/","title":{"rendered":"\u201cHumanum Genus\u201d: A batalha invis\u00edvel que ainda molda o nosso tempo \u2014 um apelo urgente para despertar a f\u00e9"},"content":{"rendered":"\n<p>Num mundo em que a verdade parece dissolver-se, onde tudo \u00e9 relativizado e a f\u00e9 \u00e9 relegada ao \u00e2mbito privado, a enc\u00edclica <em>Humanum Genus<\/em> do Papa <strong>Le\u00e3o XIII<\/strong> surge com uma clareza prof\u00e9tica surpreendentemente atual. Publicada em 1884, n\u00e3o \u00e9 apenas um documento hist\u00f3rico: \u00e9 um diagn\u00f3stico espiritual de uma batalha que continua em curso.<\/p>\n\n\n\n<p>Este artigo pretende n\u00e3o s\u00f3 ajudar-te a compreender esta enc\u00edclica, mas tamb\u00e9m a <strong>discernir o teu lugar nesta batalha espiritual<\/strong>, com um olhar profundo, teol\u00f3gico e, sobretudo, pastoral.<\/p>\n\n\n\n<hr class=\"wp-block-separator has-alpha-channel-opacity\"\/>\n\n\n\n<h2 class=\"wp-block-heading\"><strong>1. Contexto hist\u00f3rico: uma Igreja no meio de um mundo em mudan\u00e7a<\/strong><\/h2>\n\n\n\n<p>Para compreender <em>Humanum Genus<\/em>, devemos situar-nos no seu tempo. O s\u00e9culo XIX foi uma \u00e9poca de profundas transforma\u00e7\u00f5es:<\/p>\n\n\n\n<ul class=\"wp-block-list\">\n<li>Revolu\u00e7\u00f5es pol\u00edticas que procuravam uma separa\u00e7\u00e3o radical entre Igreja e Estado<\/li>\n\n\n\n<li>A difus\u00e3o do racionalismo e do positivismo<\/li>\n\n\n\n<li>O crescimento das sociedades secretas, especialmente a ma\u00e7onaria<\/li>\n<\/ul>\n\n\n\n<p>O Papa <strong>Le\u00e3o XIII<\/strong>, dotado de uma not\u00e1vel intelig\u00eancia teol\u00f3gica, percebeu que n\u00e3o se tratava apenas de mudan\u00e7as sociais, mas de uma <strong>profunda crise espiritual<\/strong>: uma luta entre duas vis\u00f5es do homem e do mundo.<\/p>\n\n\n\n<hr class=\"wp-block-separator has-alpha-channel-opacity\"\/>\n\n\n\n<h2 class=\"wp-block-heading\"><strong>2. O n\u00facleo da enc\u00edclica: duas cidades, dois amores<\/strong><\/h2>\n\n\n\n<p>Inspirando-se na obra de <strong>Santo Agostinho<\/strong> (<em>A Cidade de Deus<\/em>), <em>Humanum Genus<\/em> apresenta a hist\u00f3ria humana como uma luta entre dois \u201creinos\u201d:<\/p>\n\n\n\n<ul class=\"wp-block-list\">\n<li><strong>O Reino de Deus<\/strong>: fundado na verdade, na f\u00e9, na gra\u00e7a e na obedi\u00eancia a Deus<\/li>\n\n\n\n<li><strong>O reino de Satan\u00e1s<\/strong>: fundado no orgulho, na rejei\u00e7\u00e3o da verdade e na autossufici\u00eancia humana<\/li>\n<\/ul>\n\n\n\n<p>N\u00e3o se trata de uma vis\u00e3o simplista ou conspirativa, mas de uma <strong>leitura teol\u00f3gica da hist\u00f3ria<\/strong>: o cora\u00e7\u00e3o humano est\u00e1 sempre em tens\u00e3o entre estas duas perten\u00e7as.<\/p>\n\n\n\n<blockquote class=\"wp-block-quote is-layout-flow wp-block-quote-is-layout-flow\">\n<p>\u201cPorque a nossa luta n\u00e3o \u00e9 contra a carne e o sangue, mas contra os principados, contra as potestades\u2026\u201d (Ef\u00e9sios 6,12)<\/p>\n<\/blockquote>\n\n\n\n<p>Esta passagem b\u00edblica ilumina perfeitamente o esp\u00edrito da enc\u00edclica: <strong>a batalha \u00e9 espiritual antes de ser pol\u00edtica ou cultural<\/strong>.<\/p>\n\n\n\n<hr class=\"wp-block-separator has-alpha-channel-opacity\"\/>\n\n\n\n<h2 class=\"wp-block-heading\"><strong>3. A ma\u00e7onaria segundo <em>Humanum Genus<\/em>: mais do que uma organiza\u00e7\u00e3o, uma vis\u00e3o do mundo<\/strong><\/h2>\n\n\n\n<p>Um dos aspetos mais conhecidos desta enc\u00edclica \u00e9 a sua cr\u00edtica \u00e0 ma\u00e7onaria. No entanto, \u00e9 essencial compreender o que Le\u00e3o XIII realmente denuncia.<\/p>\n\n\n\n<p>N\u00e3o se trata apenas de uma institui\u00e7\u00e3o espec\u00edfica, mas de um <strong>sistema de pensamento<\/strong> que promove:<\/p>\n\n\n\n<ul class=\"wp-block-list\">\n<li>O relativismo moral (\u201ctodas as religi\u00f5es s\u00e3o iguais\u201d)<\/li>\n\n\n\n<li>A rejei\u00e7\u00e3o da verdade revelada<\/li>\n\n\n\n<li>A autonomia absoluta do homem sem Deus<\/li>\n\n\n\n<li>A substitui\u00e7\u00e3o da lei divina por leis puramente humanas<\/li>\n<\/ul>\n\n\n\n<p>No fundo, o Papa adverte contra uma <strong>antropologia sem Deus<\/strong>, onde o homem se torna o seu pr\u00f3prio absoluto.<\/p>\n\n\n\n<p>E aqui est\u00e1 a chave: esta forma de pensar n\u00e3o desapareceu. Pelo contr\u00e1rio, difundiu-se de m\u00faltiplas formas na nossa cultura contempor\u00e2nea.<\/p>\n\n\n\n<hr class=\"wp-block-separator has-alpha-channel-opacity\"\/>\n\n\n\n<h2 class=\"wp-block-heading\"><strong>4. Atualidade: vivemos plenamente em \u201cHumanum Genus\u201d<\/strong><\/h2>\n\n\n\n<p>Embora escrita h\u00e1 mais de um s\u00e9culo, esta enc\u00edclica parece descrever a nossa realidade atual:<\/p>\n\n\n\n<ul class=\"wp-block-list\">\n<li>A verdade \u00e9 relativizada (\u201ccada um tem a sua verdade\u201d)<\/li>\n\n\n\n<li>A religi\u00e3o \u00e9 reduzida a um sentimento pessoal<\/li>\n\n\n\n<li>A lei moral natural \u00e9 questionada<\/li>\n\n\n\n<li>Deus \u00e9 exclu\u00eddo da vida p\u00fablica<\/li>\n<\/ul>\n\n\n\n<p>Hoje, n\u00e3o \u00e9 necess\u00e1rio pertencer a uma sociedade secreta para viver segundo esta l\u00f3gica: basta <strong>absorver o esp\u00edrito do mundo<\/strong>.<\/p>\n\n\n\n<p>Le\u00e3o XIII convida-nos a reconhecer que o problema n\u00e3o \u00e9 apenas externo, mas tamb\u00e9m <strong>interno<\/strong>.<\/p>\n\n\n\n<hr class=\"wp-block-separator has-alpha-channel-opacity\"\/>\n\n\n\n<h2 class=\"wp-block-heading\"><strong>5. Fundamentos teol\u00f3gicos profundos: o drama do pecado e da gra\u00e7a<\/strong><\/h2>\n\n\n\n<p>Do ponto de vista teol\u00f3gico, <em>Humanum Genus<\/em> assenta em v\u00e1rias verdades fundamentais:<\/p>\n\n\n\n<h3 class=\"wp-block-heading\">a) A queda do homem<\/h3>\n\n\n\n<p>O pecado original feriu a intelig\u00eancia e a vontade. Por isso, o homem tende a afastar-se de Deus.<\/p>\n\n\n\n<h3 class=\"wp-block-heading\">b) A necessidade da gra\u00e7a<\/h3>\n\n\n\n<p>Sem a gra\u00e7a, o homem n\u00e3o pode alcan\u00e7ar a verdade plena nem viver na justi\u00e7a.<\/p>\n\n\n\n<h3 class=\"wp-block-heading\">c) A centralidade de Cristo<\/h3>\n\n\n\n<p>Cristo n\u00e3o \u00e9 uma op\u00e7\u00e3o entre muitas: \u00e9 o \u00fanico Salvador, o \u00fanico caminho.<\/p>\n\n\n\n<blockquote class=\"wp-block-quote is-layout-flow wp-block-quote-is-layout-flow\">\n<p>\u201cEu sou o caminho, a verdade e a vida\u201d (Jo\u00e3o 14,6)<\/p>\n<\/blockquote>\n\n\n\n<p>Negar isto \u2014 mesmo de forma subtil \u2014 \u00e9 entrar na l\u00f3gica denunciada pela enc\u00edclica.<\/p>\n\n\n\n<hr class=\"wp-block-separator has-alpha-channel-opacity\"\/>\n\n\n\n<h2 class=\"wp-block-heading\"><strong>6. Aplica\u00e7\u00f5es pr\u00e1ticas: como viver <em>Humanum Genus<\/em> hoje<\/strong><\/h2>\n\n\n\n<p>Este documento n\u00e3o \u00e9 apenas para ser estudado: \u00e9 para ser <strong>vivido<\/strong>. Eis algumas chaves concretas:<\/p>\n\n\n\n<h3 class=\"wp-block-heading\"><strong>1. Formar a intelig\u00eancia na verdade<\/strong><\/h3>\n\n\n\n<p>Ler, estudar e aprofundar a f\u00e9. N\u00e3o te contentes com uma compreens\u00e3o superficial.<\/p>\n\n\n\n<ul class=\"wp-block-list\">\n<li>Catecismo da Igreja Cat\u00f3lica<\/li>\n\n\n\n<li>Sagrada Escritura<\/li>\n\n\n\n<li>Documentos do Magist\u00e9rio<\/li>\n<\/ul>\n\n\n\n<h3 class=\"wp-block-heading\"><strong>2. Cuidar da vida espiritual<\/strong><\/h3>\n\n\n\n<p>A batalha \u00e9 espiritual; portanto:<\/p>\n\n\n\n<ul class=\"wp-block-list\">\n<li>Ora\u00e7\u00e3o di\u00e1ria<\/li>\n\n\n\n<li>Confiss\u00e3o frequente<\/li>\n\n\n\n<li>Eucaristia<\/li>\n<\/ul>\n\n\n\n<p>Sem isto, \u00e9 imposs\u00edvel resistir ao esp\u00edrito do mundo.<\/p>\n\n\n\n<h3 class=\"wp-block-heading\"><strong>3. Discernir a cultura<\/strong><\/h3>\n\n\n\n<p>Nem tudo o que parece bom o \u00e9 realmente.<\/p>\n\n\n\n<ul class=\"wp-block-list\">\n<li>Promove a verdade ou o relativismo?<\/li>\n\n\n\n<li>Exalta Deus ou o ego humano?<\/li>\n<\/ul>\n\n\n\n<h3 class=\"wp-block-heading\"><strong>4. Viver com coer\u00eancia<\/strong><\/h3>\n\n\n\n<p>Ser crist\u00e3o hoje exige coragem.<\/p>\n\n\n\n<ul class=\"wp-block-list\">\n<li>No trabalho<\/li>\n\n\n\n<li>Na fam\u00edlia<\/li>\n\n\n\n<li>Na vida p\u00fablica<\/li>\n<\/ul>\n\n\n\n<p>N\u00e3o se trata de impor, mas de <strong>testemunhar<\/strong>.<\/p>\n\n\n\n<hr class=\"wp-block-separator has-alpha-channel-opacity\"\/>\n\n\n\n<h2 class=\"wp-block-heading\"><strong>7. Um apelo pastoral: n\u00e3o ao medo, sim \u00e0 esperan\u00e7a<\/strong><\/h2>\n\n\n\n<p>\u00c0 primeira vista, <em>Humanum Genus<\/em> pode parecer um documento severo. Mas, na realidade, \u00e9 profundamente cheio de esperan\u00e7a.<\/p>\n\n\n\n<p>Porqu\u00ea?<\/p>\n\n\n\n<p>Porque nos recorda que:<\/p>\n\n\n\n<ul class=\"wp-block-list\">\n<li>Deus continua a ser o Senhor da hist\u00f3ria<\/li>\n\n\n\n<li>O mal n\u00e3o tem a \u00faltima palavra<\/li>\n\n\n\n<li>A verdade, mesmo combatida, nunca desaparece<\/li>\n<\/ul>\n\n\n\n<p>O crist\u00e3o n\u00e3o vive com medo, mas com uma <strong>esperan\u00e7a ativa<\/strong>.<\/p>\n\n\n\n<hr class=\"wp-block-separator has-alpha-channel-opacity\"\/>\n\n\n\n<h2 class=\"wp-block-heading\"><strong>8. Conclus\u00e3o: de que lado est\u00e1s?<\/strong><\/h2>\n\n\n\n<p>A grande quest\u00e3o colocada por esta enc\u00edclica n\u00e3o \u00e9 pol\u00edtica nem ideol\u00f3gica, mas profundamente pessoal:<\/p>\n\n\n\n<p><strong>A que reino pertence o teu cora\u00e7\u00e3o?<\/strong><\/p>\n\n\n\n<p>N\u00e3o h\u00e1 neutralidade. Cada decis\u00e3o, cada pensamento, cada a\u00e7\u00e3o aproxima-nos de Deus ou afasta-nos d\u2019Ele.<\/p>\n\n\n\n<p><em>Humanum Genus<\/em> n\u00e3o \u00e9 um texto do passado. \u00c9 um espelho do presente e uma b\u00fassola para o futuro.<\/p>\n\n\n\n<hr class=\"wp-block-separator has-alpha-channel-opacity\"\/>\n\n\n\n<h2 class=\"wp-block-heading\"><strong>Ora\u00e7\u00e3o final<\/strong><\/h2>\n\n\n\n<p>Senhor,<br>d\u00e1-nos luz para reconhecer a verdade,<br>for\u00e7a para a viver,<br>e humildade para Te seguir sempre.<\/p>\n\n\n\n<p>Que n\u00e3o nos deixemos seduzir pelo erro,<br>mas que, firmes na f\u00e9,<br>sejamos luz no meio do mundo.<\/p>\n\n\n\n<p>Am\u00e9m.<\/p>\n","protected":false},"excerpt":{"rendered":"<p>Num mundo em que a verdade parece dissolver-se, onde tudo \u00e9 relativizado e a f\u00e9 \u00e9 relegada ao \u00e2mbito privado, a enc\u00edclica Humanum Genus do Papa Le\u00e3o XIII surge com uma clareza prof\u00e9tica surpreendentemente atual. Publicada em 1884, n\u00e3o \u00e9 apenas um documento hist\u00f3rico: \u00e9 um diagn\u00f3stico espiritual de uma batalha que continua em curso. &hellip;<\/p>\n","protected":false},"author":3,"featured_media":5513,"comment_status":"closed","ping_status":"closed","sticky":false,"template":"","format":"standard","meta":{"_seopress_robots_primary_cat":"","_seopress_titles_title":"","_seopress_titles_desc":"","_seopress_robots_index":"","footnotes":""},"categories":[38,51],"tags":[1883],"class_list":["post-5512","post","type-post","status-publish","format-standard","has-post-thumbnail","","category-historia-e-tradicao","category-magisterio-da-igreja","tag-humanum-genus"],"_links":{"self":[{"href":"https:\/\/catholicus.eu\/pt\/wp-json\/wp\/v2\/posts\/5512","targetHints":{"allow":["GET"]}}],"collection":[{"href":"https:\/\/catholicus.eu\/pt\/wp-json\/wp\/v2\/posts"}],"about":[{"href":"https:\/\/catholicus.eu\/pt\/wp-json\/wp\/v2\/types\/post"}],"author":[{"embeddable":true,"href":"https:\/\/catholicus.eu\/pt\/wp-json\/wp\/v2\/users\/3"}],"replies":[{"embeddable":true,"href":"https:\/\/catholicus.eu\/pt\/wp-json\/wp\/v2\/comments?post=5512"}],"version-history":[{"count":1,"href":"https:\/\/catholicus.eu\/pt\/wp-json\/wp\/v2\/posts\/5512\/revisions"}],"predecessor-version":[{"id":5514,"href":"https:\/\/catholicus.eu\/pt\/wp-json\/wp\/v2\/posts\/5512\/revisions\/5514"}],"wp:featuredmedia":[{"embeddable":true,"href":"https:\/\/catholicus.eu\/pt\/wp-json\/wp\/v2\/media\/5513"}],"wp:attachment":[{"href":"https:\/\/catholicus.eu\/pt\/wp-json\/wp\/v2\/media?parent=5512"}],"wp:term":[{"taxonomy":"category","embeddable":true,"href":"https:\/\/catholicus.eu\/pt\/wp-json\/wp\/v2\/categories?post=5512"},{"taxonomy":"post_tag","embeddable":true,"href":"https:\/\/catholicus.eu\/pt\/wp-json\/wp\/v2\/tags?post=5512"}],"curies":[{"name":"wp","href":"https:\/\/api.w.org\/{rel}","templated":true}]}}