{"id":5506,"date":"2026-03-24T23:29:42","date_gmt":"2026-03-24T22:29:42","guid":{"rendered":"https:\/\/catholicus.eu\/pt\/?p=5506"},"modified":"2026-03-24T23:29:43","modified_gmt":"2026-03-24T22:29:43","slug":"senhor-se-tivesses-estado-aqui-o-drama-e-a-fe-de-marta-diante-da-morte","status":"publish","type":"post","link":"https:\/\/catholicus.eu\/pt\/senhor-se-tivesses-estado-aqui-o-drama-e-a-fe-de-marta-diante-da-morte\/","title":{"rendered":"\u00abSenhor, se tivesses estado aqui\u2026\u00bb: o drama e a f\u00e9 de Marta diante da morte"},"content":{"rendered":"\n<p>H\u00e1 frases no Evangelho que atravessam os s\u00e9culos porque cont\u00eam, de forma concentrada, todo o mist\u00e9rio do cora\u00e7\u00e3o humano. Uma delas \u00e9 a pronunciada por Marta de Bet\u00e2nia diante de Jesus Cristo:<\/p>\n\n\n\n<blockquote class=\"wp-block-quote is-layout-flow wp-block-quote-is-layout-flow\">\n<p>\u00abSenhor, se tivesses estado aqui, meu irm\u00e3o n\u00e3o teria morrido\u00bb (Jo 11,21).<\/p>\n<\/blockquote>\n\n\n\n<p>Nessas palavras se condensam o drama do sofrimento, a aparente aus\u00eancia de Deus, a f\u00e9 ferida\u2026 e tamb\u00e9m o in\u00edcio de uma esperan\u00e7a que n\u00e3o se apaga. Este trecho \u2014 a ressurrei\u00e7\u00e3o de L\u00e1zaro \u2014 n\u00e3o \u00e9 apenas um relato comovente, mas uma verdadeira escola espiritual para todo crente que experimentou a perda, a dor ou o sil\u00eancio de Deus.<\/p>\n\n\n\n<p>Hoje, mais do que nunca, em um mundo que evita o sofrimento e \u00e9 incapaz de encarar a morte de frente, Marta torna-se uma mestra. Ela nos ensina a crer quando tudo parece perdido.<\/p>\n\n\n\n<hr class=\"wp-block-separator has-alpha-channel-opacity\"\/>\n\n\n\n<h2 class=\"wp-block-heading\">1. O contexto: Bet\u00e2nia, o lugar da amizade com Cristo<\/h2>\n\n\n\n<p>A cena acontece em Bet\u00e2nia, a casa de tr\u00eas irm\u00e3os: Marta, Maria e L\u00e1zaro. Ali, Jesus n\u00e3o \u00e9 apenas um Mestre: \u00e9 um amigo. O Evangelho afirma isso com uma clareza impressionante:<\/p>\n\n\n\n<blockquote class=\"wp-block-quote is-layout-flow wp-block-quote-is-layout-flow\">\n<p>\u00abJesus amava Marta, sua irm\u00e3 e L\u00e1zaro\u00bb (Jo 11,5).<\/p>\n<\/blockquote>\n\n\n\n<p>Isso \u00e9 fundamental para compreender tudo o que vem a seguir. Porque o drama n\u00e3o ocorre em um contexto de dist\u00e2ncia, mas de amor profundo. E precisamente por isso d\u00f3i mais.<\/p>\n\n\n\n<p>Quando L\u00e1zaro adoece, mandam avisar Jesus. Mas Ele n\u00e3o chega imediatamente. Ele demora. E quando finalmente aparece\u2026 L\u00e1zaro j\u00e1 est\u00e1 no sepulcro h\u00e1 quatro dias.<\/p>\n\n\n\n<p>Aqui surge a grande pergunta:<br><strong>Por que Deus parece chegar tarde?<\/strong><\/p>\n\n\n\n<hr class=\"wp-block-separator has-alpha-channel-opacity\"\/>\n\n\n\n<h2 class=\"wp-block-heading\">2. O grito de Marta: f\u00e9 ferida, n\u00e3o f\u00e9 perdida<\/h2>\n\n\n\n<p>Quando Marta vai ao encontro de Jesus, n\u00e3o guarda nada. N\u00e3o adota um discurso piedoso nem disfar\u00e7a sua dor:<\/p>\n\n\n\n<blockquote class=\"wp-block-quote is-layout-flow wp-block-quote-is-layout-flow\">\n<p>\u00abSenhor, se tivesses estado aqui\u2026\u00bb<\/p>\n<\/blockquote>\n\n\n\n<p>N\u00e3o \u00e9 uma acusa\u00e7\u00e3o direta, mas tamb\u00e9m n\u00e3o \u00e9 uma frase neutra. Nela h\u00e1 uma mistura de f\u00e9 e reprova\u00e7\u00e3o, de confian\u00e7a e confus\u00e3o.<\/p>\n\n\n\n<h3 class=\"wp-block-heading\">O que Marta realmente expressa?<\/h3>\n\n\n\n<ul class=\"wp-block-list\">\n<li>Ela acredita no poder de Jesus (\u00abmeu irm\u00e3o n\u00e3o teria morrido\u00bb)<\/li>\n\n\n\n<li>Mas n\u00e3o compreende a sua aus\u00eancia<\/li>\n\n\n\n<li>Sofre profundamente com a perda<\/li>\n\n\n\n<li>E se atreve a diz\u00ea-lo<\/li>\n<\/ul>\n\n\n\n<p>Isso \u00e9 profundamente humano\u2026 e profundamente crist\u00e3o.<\/p>\n\n\n\n<h3 class=\"wp-block-heading\">Uma li\u00e7\u00e3o fundamental<\/h3>\n\n\n\n<p>Deus n\u00e3o se escandaliza com as nossas perguntas.<\/p>\n\n\n\n<p>Em uma espiritualidade superficial, fomos levados a acreditar que a f\u00e9 consiste em n\u00e3o duvidar, n\u00e3o questionar, n\u00e3o sentir dor. Mas o Evangelho mostra o contr\u00e1rio:<\/p>\n\n\n\n<p><strong>A verdadeira f\u00e9 n\u00e3o elimina o sofrimento; ela o atravessa com Deus.<\/strong><\/p>\n\n\n\n<hr class=\"wp-block-separator has-alpha-channel-opacity\"\/>\n\n\n\n<h2 class=\"wp-block-heading\">3. A resposta de Cristo: da morte \u00e0 esperan\u00e7a<\/h2>\n\n\n\n<p>Jesus n\u00e3o responde com uma explica\u00e7\u00e3o te\u00f3rica. N\u00e3o justifica o seu atraso. Ele faz algo muito mais profundo:<\/p>\n\n\n\n<blockquote class=\"wp-block-quote is-layout-flow wp-block-quote-is-layout-flow\">\n<p>\u00abTeu irm\u00e3o ressuscitar\u00e1\u00bb (Jo 11,23).<\/p>\n<\/blockquote>\n\n\n\n<p>Marta interpreta isso em um sentido futuro, teol\u00f3gico, correto, mas limitado:<\/p>\n\n\n\n<blockquote class=\"wp-block-quote is-layout-flow wp-block-quote-is-layout-flow\">\n<p>\u00abEu sei que ele ressuscitar\u00e1 na ressurrei\u00e7\u00e3o do \u00faltimo dia\u00bb.<\/p>\n<\/blockquote>\n\n\n\n<p>Ent\u00e3o Jesus eleva o horizonte a uma verdade revolucion\u00e1ria:<\/p>\n\n\n\n<blockquote class=\"wp-block-quote is-layout-flow wp-block-quote-is-layout-flow\">\n<p>\u00abEu sou a ressurrei\u00e7\u00e3o e a vida; quem cr\u00ea em mim, ainda que morra, viver\u00e1\u00bb (Jo 11,25).<\/p>\n<\/blockquote>\n\n\n\n<h3 class=\"wp-block-heading\">Chave teol\u00f3gica profunda<\/h3>\n\n\n\n<p>Aqui n\u00e3o se trata apenas de um milagre pontual. Jesus n\u00e3o diz: <em>\u00abvou ressuscitar teu irm\u00e3o\u00bb<\/em>, mas:<\/p>\n\n\n\n<p><strong>\u00abEu sou a ressurrei\u00e7\u00e3o.\u00bb<\/strong><\/p>\n\n\n\n<p>Isso muda tudo:<\/p>\n\n\n\n<ul class=\"wp-block-list\">\n<li>A vida eterna n\u00e3o \u00e9 apenas um acontecimento futuro<\/li>\n\n\n\n<li>\u00c9 uma Pessoa presente<\/li>\n\n\n\n<li>\u00c9 o pr\u00f3prio Cristo<\/li>\n<\/ul>\n\n\n\n<p>Crer n\u00e3o \u00e9 apenas aceitar uma doutrina.<br><strong>\u00c9 aderir a uma Pessoa que vence a morte.<\/strong><\/p>\n\n\n\n<hr class=\"wp-block-separator has-alpha-channel-opacity\"\/>\n\n\n\n<h2 class=\"wp-block-heading\">4. Marta: uma f\u00e9 que cresce no meio da dor<\/h2>\n\n\n\n<p>Depois de sua queixa inicial, Marta d\u00e1 um passo extraordin\u00e1rio:<\/p>\n\n\n\n<blockquote class=\"wp-block-quote is-layout-flow wp-block-quote-is-layout-flow\">\n<p>\u00abSim, Senhor, eu creio que tu \u00e9s o Cristo, o Filho de Deus\u00bb (Jo 11,27).<\/p>\n<\/blockquote>\n\n\n\n<p>Essa confiss\u00e3o \u00e9 uma das mais elevadas do Evangelho, compar\u00e1vel \u00e0 de Pedro.<\/p>\n\n\n\n<p>E, no entanto\u2026 nasce no meio do luto.<\/p>\n\n\n\n<h3 class=\"wp-block-heading\">Ensinamento espiritual fundamental<\/h3>\n\n\n\n<p>A f\u00e9 madura n\u00e3o \u00e9 aquela que nunca sofreu,<br>mas aquela que aprendeu a confiar no meio do sofrimento.<\/p>\n\n\n\n<p>Marta n\u00e3o entende tudo.<br>Mas acredita.<\/p>\n\n\n\n<p>E isso \u00e9 suficiente para que Cristo aja.<\/p>\n\n\n\n<hr class=\"wp-block-separator has-alpha-channel-opacity\"\/>\n\n\n\n<h2 class=\"wp-block-heading\">5. O sil\u00eancio de Deus: abandono ou pedagogia divina?<\/h2>\n\n\n\n<p>Um dos aspectos mais desconcertantes do trecho \u00e9 o atraso de Jesus. O texto diz:<\/p>\n\n\n\n<blockquote class=\"wp-block-quote is-layout-flow wp-block-quote-is-layout-flow\">\n<p>\u00abQuando ouviu que ele estava doente, permaneceu ainda dois dias no lugar onde estava\u00bb (Jo 11,6).<\/p>\n<\/blockquote>\n\n\n\n<p>Isso parece incompreens\u00edvel\u2026 at\u00e9 que seu sentido se revela:<\/p>\n\n\n\n<ul class=\"wp-block-list\">\n<li>Deus n\u00e3o chega tarde<\/li>\n\n\n\n<li>Ele chega no momento que permite um bem maior<\/li>\n<\/ul>\n\n\n\n<h3 class=\"wp-block-heading\">Chave teol\u00f3gica<\/h3>\n\n\n\n<p>Deus permite o mal <strong>n\u00e3o porque o queira<\/strong>, mas porque sabe tirar dele um bem maior.<\/p>\n\n\n\n<p>Neste caso:<\/p>\n\n\n\n<ul class=\"wp-block-list\">\n<li>A doen\u00e7a leva \u00e0 morte<\/li>\n\n\n\n<li>A morte permite a manifesta\u00e7\u00e3o da gl\u00f3ria de Deus<\/li>\n\n\n\n<li>E essa gl\u00f3ria fortalece a f\u00e9 de muitos<\/li>\n<\/ul>\n\n\n\n<h3 class=\"wp-block-heading\">Aplica\u00e7\u00e3o atual<\/h3>\n\n\n\n<p>Quantas vezes pensamos:<\/p>\n\n\n\n<ul class=\"wp-block-list\">\n<li>\u00abDeus poderia ter evitado isso\u00bb<\/li>\n\n\n\n<li>\u00abSe tivesse intervindo antes\u2026\u00bb<\/li>\n\n\n\n<li>\u00abPor que n\u00e3o fez nada?\u00bb<\/li>\n<\/ul>\n\n\n\n<p>A hist\u00f3ria de Marta nos ensina:<\/p>\n\n\n\n<p><strong>O sil\u00eancio de Deus n\u00e3o \u00e9 aus\u00eancia. \u00c9 mist\u00e9rio em a\u00e7\u00e3o.<\/strong><\/p>\n\n\n\n<hr class=\"wp-block-separator has-alpha-channel-opacity\"\/>\n\n\n\n<h2 class=\"wp-block-heading\">6. Aplica\u00e7\u00f5es pr\u00e1ticas para a vida di\u00e1ria<\/h2>\n\n\n\n<p>Este trecho n\u00e3o \u00e9 apenas para contemplar, mas para viver. Como podemos aplicar hoje a experi\u00eancia de Marta?<\/p>\n\n\n\n<h3 class=\"wp-block-heading\">1. Falar com Deus com sinceridade<\/h3>\n\n\n\n<p>N\u00e3o esconda sua dor na ora\u00e7\u00e3o.<\/p>\n\n\n\n<p>Voc\u00ea pode dizer:<\/p>\n\n\n\n<ul class=\"wp-block-list\">\n<li>\u00abSenhor, n\u00e3o entendo\u00bb<\/li>\n\n\n\n<li>\u00abOnde estavas?\u00bb<\/li>\n\n\n\n<li>\u00abIsso d\u00f3i\u00bb<\/li>\n<\/ul>\n\n\n\n<p>Deus prefere uma ora\u00e7\u00e3o sincera a uma devo\u00e7\u00e3o vazia.<\/p>\n\n\n\n<hr class=\"wp-block-separator has-alpha-channel-opacity\"\/>\n\n\n\n<h3 class=\"wp-block-heading\">2. Permanecer na f\u00e9 mesmo sem respostas<\/h3>\n\n\n\n<p>Nem sempre haver\u00e1 explica\u00e7\u00f5es imediatas.<\/p>\n\n\n\n<p>A f\u00e9 n\u00e3o consiste em entender tudo,<br>mas em confiar naquele que sabe tudo.<\/p>\n\n\n\n<hr class=\"wp-block-separator has-alpha-channel-opacity\"\/>\n\n\n\n<h3 class=\"wp-block-heading\">3. Lembrar que Cristo \u00e9 a Vida<\/h3>\n\n\n\n<p>Em uma cultura que foge da morte, o crist\u00e3o vive com esperan\u00e7a:<\/p>\n\n\n\n<ul class=\"wp-block-list\">\n<li>A morte n\u00e3o \u00e9 o fim<\/li>\n\n\n\n<li>\u00c9 uma passagem<\/li>\n\n\n\n<li>E Cristo j\u00e1 a venceu<\/li>\n<\/ul>\n\n\n\n<hr class=\"wp-block-separator has-alpha-channel-opacity\"\/>\n\n\n\n<h3 class=\"wp-block-heading\">4. Acompanhar o sofrimento dos outros<\/h3>\n\n\n\n<p>Jesus n\u00e3o apenas ensina \u2014 Ele tamb\u00e9m chora.<\/p>\n\n\n\n<blockquote class=\"wp-block-quote is-layout-flow wp-block-quote-is-layout-flow\">\n<p>\u00abJesus chorou\u00bb (Jo 11,35)<\/p>\n<\/blockquote>\n\n\n\n<p>Isso \u00e9 revolucion\u00e1rio:<br>Deus chora conosco.<\/p>\n\n\n\n<p>Aprendamos a:<\/p>\n\n\n\n<ul class=\"wp-block-list\">\n<li>estar presentes<\/li>\n\n\n\n<li>ouvir<\/li>\n\n\n\n<li>consolar sem dar respostas f\u00e1ceis<\/li>\n<\/ul>\n\n\n\n<hr class=\"wp-block-separator has-alpha-channel-opacity\"\/>\n\n\n\n<h3 class=\"wp-block-heading\">5. Descobrir a f\u00e9 como caminho, n\u00e3o como perfei\u00e7\u00e3o<\/h3>\n\n\n\n<p>Marta passa da queixa \u00e0 confiss\u00e3o.<\/p>\n\n\n\n<p>Assim \u00e9 a vida espiritual:<\/p>\n\n\n\n<ul class=\"wp-block-list\">\n<li>n\u00e3o linear<\/li>\n\n\n\n<li>n\u00e3o perfeita<\/li>\n\n\n\n<li>mas profundamente transformadora<\/li>\n<\/ul>\n\n\n\n<hr class=\"wp-block-separator has-alpha-channel-opacity\"\/>\n\n\n\n<h2 class=\"wp-block-heading\">7. Uma palavra final para o cora\u00e7\u00e3o ferido<\/h2>\n\n\n\n<p>Talvez hoje voc\u00ea tamb\u00e9m pudesse dizer:<\/p>\n\n\n\n<p>\u00abSenhor, se tivesses estado aqui\u2026\u00bb<\/p>\n\n\n\n<p>Diante de uma perda, uma doen\u00e7a, uma injusti\u00e7a, uma ferida familiar\u2026<\/p>\n\n\n\n<p>E, no entanto, o Evangelho lhe responde:<\/p>\n\n\n\n<p>Cristo est\u00e1 ali.<br>Mesmo que n\u00e3o como voc\u00ea esperava.<br>Mesmo que n\u00e3o quando voc\u00ea queria.<\/p>\n\n\n\n<p>Mas Ele est\u00e1.<\/p>\n\n\n\n<p>E lhe faz a mesma pergunta que fez a Marta:<\/p>\n\n\n\n<blockquote class=\"wp-block-quote is-layout-flow wp-block-quote-is-layout-flow\">\n<p>\u00abCr\u00eas isto?\u00bb<\/p>\n<\/blockquote>\n\n\n\n<p>N\u00e3o \u00e9 uma pergunta fria.<br>\u00c9 um convite a confiar al\u00e9m da dor.<\/p>\n\n\n\n<hr class=\"wp-block-separator has-alpha-channel-opacity\"\/>\n\n\n\n<h2 class=\"wp-block-heading\">Conclus\u00e3o: da reprova\u00e7\u00e3o \u00e0 esperan\u00e7a<\/h2>\n\n\n\n<p>Marta come\u00e7a com uma queixa\u2026<br>e termina com uma confiss\u00e3o de f\u00e9.<\/p>\n\n\n\n<p>Esse \u00e9 o caminho crist\u00e3o.<\/p>\n\n\n\n<p>N\u00e3o se trata de evitar o sofrimento.<br>Trata-se de <strong>n\u00e3o deixar de crer no meio do sofrimento<\/strong>.<\/p>\n\n\n\n<p>Porque, no final, a \u00faltima palavra n\u00e3o pertence \u00e0 morte,<br>mas a Cristo.<\/p>\n\n\n\n<p>E onde Ele est\u00e1, at\u00e9 mesmo o t\u00famulo se torna uma promessa de vida.<\/p>\n","protected":false},"excerpt":{"rendered":"<p>H\u00e1 frases no Evangelho que atravessam os s\u00e9culos porque cont\u00eam, de forma concentrada, todo o mist\u00e9rio do cora\u00e7\u00e3o humano. Uma delas \u00e9 a pronunciada por Marta de Bet\u00e2nia diante de Jesus Cristo: \u00abSenhor, se tivesses estado aqui, meu irm\u00e3o n\u00e3o teria morrido\u00bb (Jo 11,21). Nessas palavras se condensam o drama do sofrimento, a aparente aus\u00eancia &hellip;<\/p>\n","protected":false},"author":3,"featured_media":5507,"comment_status":"closed","ping_status":"closed","sticky":false,"template":"","format":"standard","meta":{"_seopress_robots_primary_cat":"","_seopress_titles_title":"","_seopress_titles_desc":"","_seopress_robots_index":"","footnotes":""},"categories":[37,45],"tags":[1880],"class_list":["post-5506","post","type-post","status-publish","format-standard","has-post-thumbnail","","category-doutrina-e-fe","category-sagradas-escrituras","tag-marta-de-betania"],"_links":{"self":[{"href":"https:\/\/catholicus.eu\/pt\/wp-json\/wp\/v2\/posts\/5506","targetHints":{"allow":["GET"]}}],"collection":[{"href":"https:\/\/catholicus.eu\/pt\/wp-json\/wp\/v2\/posts"}],"about":[{"href":"https:\/\/catholicus.eu\/pt\/wp-json\/wp\/v2\/types\/post"}],"author":[{"embeddable":true,"href":"https:\/\/catholicus.eu\/pt\/wp-json\/wp\/v2\/users\/3"}],"replies":[{"embeddable":true,"href":"https:\/\/catholicus.eu\/pt\/wp-json\/wp\/v2\/comments?post=5506"}],"version-history":[{"count":1,"href":"https:\/\/catholicus.eu\/pt\/wp-json\/wp\/v2\/posts\/5506\/revisions"}],"predecessor-version":[{"id":5508,"href":"https:\/\/catholicus.eu\/pt\/wp-json\/wp\/v2\/posts\/5506\/revisions\/5508"}],"wp:featuredmedia":[{"embeddable":true,"href":"https:\/\/catholicus.eu\/pt\/wp-json\/wp\/v2\/media\/5507"}],"wp:attachment":[{"href":"https:\/\/catholicus.eu\/pt\/wp-json\/wp\/v2\/media?parent=5506"}],"wp:term":[{"taxonomy":"category","embeddable":true,"href":"https:\/\/catholicus.eu\/pt\/wp-json\/wp\/v2\/categories?post=5506"},{"taxonomy":"post_tag","embeddable":true,"href":"https:\/\/catholicus.eu\/pt\/wp-json\/wp\/v2\/tags?post=5506"}],"curies":[{"name":"wp","href":"https:\/\/api.w.org\/{rel}","templated":true}]}}