{"id":5503,"date":"2026-03-24T11:57:14","date_gmt":"2026-03-24T10:57:14","guid":{"rendered":"https:\/\/catholicus.eu\/pt\/?p=5503"},"modified":"2026-03-24T11:57:14","modified_gmt":"2026-03-24T10:57:14","slug":"ecce-homo-quando-deus-se-deixa-ver-o-rosto-que-interpela-a-tua-vida-hoje","status":"publish","type":"post","link":"https:\/\/catholicus.eu\/pt\/ecce-homo-quando-deus-se-deixa-ver-o-rosto-que-interpela-a-tua-vida-hoje\/","title":{"rendered":"Ecce Homo: Quando Deus se deixa ver \u2014 o rosto que interpela a tua vida hoje"},"content":{"rendered":"\n<p>H\u00e1 palavras que atravessam os s\u00e9culos como um eco que nunca se apaga. Palavras que n\u00e3o s\u00e3o apenas hist\u00f3ria, mas um chamado vivo. Entre elas ressoa com for\u00e7a impressionante aquela proclama\u00e7\u00e3o de P\u00f4ncio Pilatos: <strong>\u201cEcce Homo\u201d \u2014 \u201cEis o homem\u201d<\/strong> (Jo 19,5).<\/p>\n\n\n\n<p>Mas o que significa realmente esta express\u00e3o? Por que a Igreja a contempla h\u00e1 s\u00e9culos com tanta profundidade? E sobretudo: o que ela tem a ver contigo hoje, no meio da tua vida quotidiana?<\/p>\n\n\n\n<p>Este artigo n\u00e3o quer apenas explicar o que \u00e9 \u201cEcce Homo\u201d. Quer convidar-te a olh\u00e1-Lo\u2026 e a deixar-te olhar por Ele.<\/p>\n\n\n\n<hr class=\"wp-block-separator has-alpha-channel-opacity\"\/>\n\n\n\n<h2 class=\"wp-block-heading\"><strong>1. O momento hist\u00f3rico: um julgamento que revela mais do que esconde<\/strong><\/h2>\n\n\n\n<p>A cena situa-se no cora\u00e7\u00e3o da Paix\u00e3o de Jesus Cristo, narrada especialmente no Evangelho de Jo\u00e3o. Ap\u00f3s ser flagelado, coroado de espinhos e revestido com um manto de esc\u00e1rnio, Jesus \u00e9 apresentado ao povo.<\/p>\n\n\n\n<p>Pilatos, tentando despertar compaix\u00e3o e evitar a sua condena\u00e7\u00e3o, apresenta-o assim:<\/p>\n\n\n\n<blockquote class=\"wp-block-quote is-layout-flow wp-block-quote-is-layout-flow\">\n<p><strong>\u201cJesus saiu, trazendo a coroa de espinhos e o manto de p\u00farpura. E Pilatos disse-lhes: \u2018Eis o homem!\u2019\u201d (Jo 19,5)<\/strong><\/p>\n<\/blockquote>\n\n\n\n<p>O que Pilatos n\u00e3o sabia \u00e9 que estava pronunciando uma das afirma\u00e7\u00f5es mais profundas da hist\u00f3ria: <strong>sem o saber, estava revelando o mist\u00e9rio de Deus feito homem\u2026 e humilhado por amor.<\/strong><\/p>\n\n\n\n<hr class=\"wp-block-separator has-alpha-channel-opacity\"\/>\n\n\n\n<h2 class=\"wp-block-heading\"><strong>2. \u201cEcce Homo\u201d: uma revela\u00e7\u00e3o teol\u00f3gica profunda<\/strong><\/h2>\n\n\n\n<h3 class=\"wp-block-heading\"><strong>Deus revela-se na fraqueza<\/strong><\/h3>\n\n\n\n<p>\u201cEcce Homo\u201d rompe as nossas expectativas. N\u00e3o vemos um rei poderoso, nem um l\u00edder triunfante. Vemos um homem ferido, desprezado, aparentemente derrotado.<\/p>\n\n\n\n<p>E no entanto, aqui est\u00e1 o cora\u00e7\u00e3o do cristianismo:<\/p>\n\n\n\n<p>\ud83d\udc49 <strong>Deus n\u00e3o se revela no poder, mas no amor que se entrega.<\/strong><\/p>\n\n\n\n<p>\u201cEcce Homo\u201d ensina-nos que:<\/p>\n\n\n\n<ul class=\"wp-block-list\">\n<li>A verdadeira grandeza n\u00e3o est\u00e1 em dominar, mas em amar<\/li>\n\n\n\n<li>A gl\u00f3ria de Deus passa pela Cruz<\/li>\n\n\n\n<li>A salva\u00e7\u00e3o n\u00e3o vem pela for\u00e7a, mas pelo sacrif\u00edcio<\/li>\n<\/ul>\n\n\n\n<h3 class=\"wp-block-heading\"><strong>Cristo como o \u201cnovo Ad\u00e3o\u201d<\/strong><\/h3>\n\n\n\n<p>Quando Pilatos diz \u201cEis o homem\u201d, sem saber aponta para algo ainda mais profundo: Jesus \u00e9 o Homem perfeito, o novo Ad\u00e3o.<\/p>\n\n\n\n<p>Onde o primeiro homem falhou por orgulho, Cristo vence pela humildade.<\/p>\n\n\n\n<p>\ud83d\udc49 <strong>\u201cEcce Homo\u201d \u00e9 a restaura\u00e7\u00e3o da humanidade.<\/strong><\/p>\n\n\n\n<hr class=\"wp-block-separator has-alpha-channel-opacity\"\/>\n\n\n\n<h2 class=\"wp-block-heading\"><strong>3. O rosto do sofrimento humano<\/strong><\/h2>\n\n\n\n<p>\u201cEcce Homo\u201d n\u00e3o \u00e9 apenas Cristo. \u00c9 tamb\u00e9m um espelho.<\/p>\n\n\n\n<p>Nesse rosto desfigurado est\u00e3o:<\/p>\n\n\n\n<ul class=\"wp-block-list\">\n<li>Os doentes esquecidos<\/li>\n\n\n\n<li>Os pobres desprezados<\/li>\n\n\n\n<li>Os perseguidos por causa da sua f\u00e9<\/li>\n\n\n\n<li>Aqueles que sofrem em sil\u00eancio<\/li>\n<\/ul>\n\n\n\n<p>Sempre que v\u00eas algu\u00e9m humilhado, marginalizado ou ferido, a Igreja convida-te a reconhecer:<\/p>\n\n\n\n<p>\ud83d\udc49 <strong>\u201cEcce Homo\u201d \u2014 ali est\u00e1 Cristo.<\/strong><\/p>\n\n\n\n<p>Isto liga-se diretamente \u00e0s palavras do Evangelho:<\/p>\n\n\n\n<blockquote class=\"wp-block-quote is-layout-flow wp-block-quote-is-layout-flow\">\n<p>\u201cTudo o que fizestes a um destes meus irm\u00e3os mais pequeninos, a mim o fizestes.\u201d (Mt 25,40)<\/p>\n<\/blockquote>\n\n\n\n<hr class=\"wp-block-separator has-alpha-channel-opacity\"\/>\n\n\n\n<h2 class=\"wp-block-heading\"><strong>4. Um chamado pessoal: n\u00e3o basta olhar<\/strong><\/h2>\n\n\n\n<p>\u201cEcce Homo\u201d n\u00e3o \u00e9 uma cena para ser contemplada passivamente. \u00c9 uma pergunta direta \u00e0 tua vida:<\/p>\n\n\n\n<ul class=\"wp-block-list\">\n<li>O que fazes diante do Cristo humilhado?<\/li>\n\n\n\n<li>Unes-te \u00e0 multid\u00e3o\u2026 ou tornas-te disc\u00edpulo?<\/li>\n\n\n\n<li>Rejeitas-O nos outros\u2026 ou acolhes-O?<\/li>\n<\/ul>\n\n\n\n<p>O drama de \u201cEcce Homo\u201d \u00e9 que muitos O viram\u2026 mas n\u00e3o O reconheceram.<\/p>\n\n\n\n<p>\ud83d\udc49 E isso continua a acontecer hoje.<\/p>\n\n\n\n<hr class=\"wp-block-separator has-alpha-channel-opacity\"\/>\n\n\n\n<h2 class=\"wp-block-heading\"><strong>5. Aplica\u00e7\u00f5es pr\u00e1ticas para a tua vida di\u00e1ria<\/strong><\/h2>\n\n\n\n<p>\u00c9 aqui que \u201cEcce Homo\u201d se torna profundamente atual.<\/p>\n\n\n\n<h3 class=\"wp-block-heading\"><strong>1. Aprende a ver com o cora\u00e7\u00e3o<\/strong><\/h3>\n\n\n\n<p>Num mundo superficial, onde tudo \u00e9 julgado pela apar\u00eancia, o crist\u00e3o \u00e9 chamado a ver al\u00e9m.<\/p>\n\n\n\n<ul class=\"wp-block-list\">\n<li>N\u00e3o julgues rapidamente<\/li>\n\n\n\n<li>Descobre a dignidade em cada pessoa<\/li>\n\n\n\n<li>Reconhece Cristo no que \u00e9 pequeno<\/li>\n<\/ul>\n\n\n\n<h3 class=\"wp-block-heading\"><strong>2. Aceita as tuas pr\u00f3prias feridas<\/strong><\/h3>\n\n\n\n<p>\u201cEcce Homo\u201d tamb\u00e9m fala de ti.<\/p>\n\n\n\n<p>Cristo n\u00e3o esconde as suas feridas. Ele mostra-as. E nelas h\u00e1 reden\u00e7\u00e3o.<\/p>\n\n\n\n<p>\ud83d\udc49 As tuas feridas, unidas a Cristo, podem tornar-se um caminho de salva\u00e7\u00e3o.<\/p>\n\n\n\n<h3 class=\"wp-block-heading\"><strong>3. Vive a humildade como caminho<\/strong><\/h3>\n\n\n\n<p>Perante uma cultura de sucesso e autoexalta\u00e7\u00e3o:<\/p>\n\n\n\n<ul class=\"wp-block-list\">\n<li>Pratica a simplicidade<\/li>\n\n\n\n<li>Aceita n\u00e3o ser reconhecido<\/li>\n\n\n\n<li>Serve sem procurar aplausos<\/li>\n<\/ul>\n\n\n\n<p>Porque em \u201cEcce Homo\u201d descobrimos:<\/p>\n\n\n\n<p>\ud83d\udc49 <strong>A verdadeira vit\u00f3ria \u00e9 o amor que se entrega.<\/strong><\/p>\n\n\n\n<h3 class=\"wp-block-heading\"><strong>4. N\u00e3o tenhas medo da Cruz<\/strong><\/h3>\n\n\n\n<p>\u201cEcce Homo\u201d \u00e9 o limiar da Cruz.<\/p>\n\n\n\n<p>E, no entanto, \u00e9 tamb\u00e9m o in\u00edcio da Ressurrei\u00e7\u00e3o.<\/p>\n\n\n\n<ul class=\"wp-block-list\">\n<li>Os teus sofrimentos n\u00e3o s\u00e3o in\u00fateis<\/li>\n\n\n\n<li>As tuas lutas t\u00eam sentido<\/li>\n\n\n\n<li>Deus atua mesmo naquilo que n\u00e3o compreendes<\/li>\n<\/ul>\n\n\n\n<hr class=\"wp-block-separator has-alpha-channel-opacity\"\/>\n\n\n\n<h2 class=\"wp-block-heading\"><strong>6. \u201cEcce Homo\u201d na tradi\u00e7\u00e3o da Igreja<\/strong><\/h2>\n\n\n\n<p>Ao longo dos s\u00e9culos, esta cena foi contemplada em:<\/p>\n\n\n\n<ul class=\"wp-block-list\">\n<li>A liturgia da Semana Santa<\/li>\n\n\n\n<li>A arte sacra (pinturas, esculturas, imagens devocionais)<\/li>\n\n\n\n<li>A espiritualidade dos santos e dos m\u00edsticos<\/li>\n<\/ul>\n\n\n\n<p>Muitos santos encontraram em \u201cEcce Homo\u201d uma fonte inesgot\u00e1vel de convers\u00e3o.<\/p>\n\n\n\n<p>Porque contemplar Cristo assim\u2026 transforma o cora\u00e7\u00e3o.<\/p>\n\n\n\n<hr class=\"wp-block-separator has-alpha-channel-opacity\"\/>\n\n\n\n<h2 class=\"wp-block-heading\"><strong>7. Um \u00faltimo apelo: deixa que Cristo te olhe<\/strong><\/h2>\n\n\n\n<p>H\u00e1 um detalhe que frequentemente esquecemos.<\/p>\n\n\n\n<p>N\u00e3o \u00e9s apenas tu que olhas para \u201cEcce Homo\u201d.<\/p>\n\n\n\n<p>\ud83d\udc49 <strong>Ele olha para ti.<\/strong><\/p>\n\n\n\n<p>Do seu sil\u00eancio, do seu sofrimento, do seu amor infinito.<\/p>\n\n\n\n<p>E nesse olhar h\u00e1 uma pergunta que atravessa a tua alma:<\/p>\n\n\n\n<p><strong>\u201cEst\u00e1s disposto a seguir-Me\u2026 at\u00e9 \u00e0 Cruz?\u201d<\/strong><\/p>\n\n\n\n<hr class=\"wp-block-separator has-alpha-channel-opacity\"\/>\n\n\n\n<h2 class=\"wp-block-heading\"><strong>Conclus\u00e3o: o mist\u00e9rio que transforma a vida<\/strong><\/h2>\n\n\n\n<p>\u201cEcce Homo\u201d n\u00e3o \u00e9 apenas uma frase, nem uma cena hist\u00f3rica.<\/p>\n\n\n\n<p>\u00c9 um encontro.<\/p>\n\n\n\n<p>\u00c9 o momento em que Deus se torna vis\u00edvel da forma mais inesperada:<\/p>\n\n\n\n<ul class=\"wp-block-list\">\n<li>Na fraqueza<\/li>\n\n\n\n<li>No sofrimento<\/li>\n\n\n\n<li>No amor que n\u00e3o se defende<\/li>\n<\/ul>\n\n\n\n<p>E a partir da\u00ed, Ele chama-te.<\/p>\n\n\n\n<p>\ud83d\udc49 A ver de forma diferente<br>\ud83d\udc49 A viver de forma diferente<br>\ud83d\udc49 A amar como Ele<\/p>\n\n\n\n<p>Porque, no fim, \u201cEcce Homo\u201d n\u00e3o revela apenas quem \u00e9 Cristo.<\/p>\n\n\n\n<p><strong>Revela quem \u00e9s chamado a tornar-te.<\/strong><\/p>\n","protected":false},"excerpt":{"rendered":"<p>H\u00e1 palavras que atravessam os s\u00e9culos como um eco que nunca se apaga. Palavras que n\u00e3o s\u00e3o apenas hist\u00f3ria, mas um chamado vivo. Entre elas ressoa com for\u00e7a impressionante aquela proclama\u00e7\u00e3o de P\u00f4ncio Pilatos: \u201cEcce Homo\u201d \u2014 \u201cEis o homem\u201d (Jo 19,5). Mas o que significa realmente esta express\u00e3o? Por que a Igreja a contempla &hellip;<\/p>\n","protected":false},"author":3,"featured_media":5504,"comment_status":"closed","ping_status":"closed","sticky":false,"template":"","format":"standard","meta":{"_seopress_robots_primary_cat":"","_seopress_titles_title":"","_seopress_titles_desc":"","_seopress_robots_index":"","footnotes":""},"categories":[37,45],"tags":[1879],"class_list":["post-5503","post","type-post","status-publish","format-standard","has-post-thumbnail","","category-doutrina-e-fe","category-sagradas-escrituras","tag-ecce-homo"],"_links":{"self":[{"href":"https:\/\/catholicus.eu\/pt\/wp-json\/wp\/v2\/posts\/5503","targetHints":{"allow":["GET"]}}],"collection":[{"href":"https:\/\/catholicus.eu\/pt\/wp-json\/wp\/v2\/posts"}],"about":[{"href":"https:\/\/catholicus.eu\/pt\/wp-json\/wp\/v2\/types\/post"}],"author":[{"embeddable":true,"href":"https:\/\/catholicus.eu\/pt\/wp-json\/wp\/v2\/users\/3"}],"replies":[{"embeddable":true,"href":"https:\/\/catholicus.eu\/pt\/wp-json\/wp\/v2\/comments?post=5503"}],"version-history":[{"count":1,"href":"https:\/\/catholicus.eu\/pt\/wp-json\/wp\/v2\/posts\/5503\/revisions"}],"predecessor-version":[{"id":5505,"href":"https:\/\/catholicus.eu\/pt\/wp-json\/wp\/v2\/posts\/5503\/revisions\/5505"}],"wp:featuredmedia":[{"embeddable":true,"href":"https:\/\/catholicus.eu\/pt\/wp-json\/wp\/v2\/media\/5504"}],"wp:attachment":[{"href":"https:\/\/catholicus.eu\/pt\/wp-json\/wp\/v2\/media?parent=5503"}],"wp:term":[{"taxonomy":"category","embeddable":true,"href":"https:\/\/catholicus.eu\/pt\/wp-json\/wp\/v2\/categories?post=5503"},{"taxonomy":"post_tag","embeddable":true,"href":"https:\/\/catholicus.eu\/pt\/wp-json\/wp\/v2\/tags?post=5503"}],"curies":[{"name":"wp","href":"https:\/\/api.w.org\/{rel}","templated":true}]}}