{"id":5494,"date":"2026-03-24T10:16:37","date_gmt":"2026-03-24T09:16:37","guid":{"rendered":"https:\/\/catholicus.eu\/pt\/?p=5494"},"modified":"2026-03-24T10:16:38","modified_gmt":"2026-03-24T09:16:38","slug":"vexilla-regis-prodeunt-o-misterio-da-cruz-que-ja-desponta-no-horizonte","status":"publish","type":"post","link":"https:\/\/catholicus.eu\/pt\/vexilla-regis-prodeunt-o-misterio-da-cruz-que-ja-desponta-no-horizonte\/","title":{"rendered":"Vexilla Regis Prodeunt: O mist\u00e9rio da Cruz que j\u00e1 desponta no horizonte"},"content":{"rendered":"\n<p>H\u00e1 momentos na vida crist\u00e3 em que a liturgia deixa de ser apenas ora\u00e7\u00e3o para se tornar uma proclama\u00e7\u00e3o prof\u00e9tica. Um desses momentos encontra-se no antigo hino latino <em>Vexilla Regis Prodeunt<\/em>, que come\u00e7a com palavras t\u00e3o solenes quanto misteriosas: <em>\u201cAvan\u00e7am os estandartes do Rei\u2026\u201d<\/em>. N\u00e3o se trata de uma simples imagem militar. Trata-se, na verdade, da proclama\u00e7\u00e3o de um paradoxo que atravessa toda a f\u00e9 crist\u00e3: o Rei vence a partir da Cruz.<\/p>\n\n\n\n<p>Este hino, profundamente enraizado na tradi\u00e7\u00e3o da Igreja, n\u00e3o pertence apenas ao passado. Ele fala ao cora\u00e7\u00e3o do crente de hoje, especialmente num mundo que foge do sofrimento, rejeita o sacrif\u00edcio e busca solu\u00e7\u00f5es imediatas. Precisamente por isso, a sua mensagem \u00e9 mais urgente do que nunca.<\/p>\n\n\n\n<hr class=\"wp-block-separator has-alpha-channel-opacity\"\/>\n\n\n\n<h2 class=\"wp-block-heading\"><strong>1. Origem e hist\u00f3ria: um hino nascido da Cruz<\/strong><\/h2>\n\n\n\n<p>O <em>Vexilla Regis<\/em> foi composto no s\u00e9culo VI por Ven\u00e2ncio Fortunato, num contexto muito concreto: a recep\u00e7\u00e3o solene de uma rel\u00edquia da Santa Cruz. Desde a sua origem, este hino n\u00e3o \u00e9 uma reflex\u00e3o abstrata, mas uma proclama\u00e7\u00e3o p\u00fablica de f\u00e9: a Cruz n\u00e3o \u00e9 derrota, mas vit\u00f3ria.<\/p>\n\n\n\n<p>Na mentalidade antiga, o estandarte (<em>vexillum<\/em>) representava o poder do ex\u00e9rcito e a autoridade do rei. Fortunato toma essa imagem e transforma-a radicalmente: o estandarte do Rei n\u00e3o \u00e9 uma bandeira gloriosa, mas o madeiro da Cruz.<\/p>\n\n\n\n<p>Aqui acontece a primeira grande viragem teol\u00f3gica:<br>\ud83d\udc49 Aquilo que o mundo considera fracasso, Deus revela como triunfo.<\/p>\n\n\n\n<hr class=\"wp-block-separator has-alpha-channel-opacity\"\/>\n\n\n\n<h2 class=\"wp-block-heading\"><strong>2. A teologia da Cruz: esc\u00e2ndalo e sabedoria<\/strong><\/h2>\n\n\n\n<p>S\u00e3o Paulo expressa-o com uma clareza que atravessa os s\u00e9culos:<\/p>\n\n\n\n<blockquote class=\"wp-block-quote is-layout-flow wp-block-quote-is-layout-flow\">\n<p><em>\u201cN\u00f3s pregamos Cristo crucificado: esc\u00e2ndalo para os judeus e loucura para os gentios\u201d<\/em> (1 Cor\u00edntios 1,23).<\/p>\n<\/blockquote>\n\n\n\n<p>A Cruz \u00e9 esc\u00e2ndalo porque quebra as nossas expectativas humanas. Esperamos um Deus forte, vis\u00edvel, invenc\u00edvel\u2026 e encontramos um Deus humilhado, sofredor, pregado num madeiro.<\/p>\n\n\n\n<p>Mas \u00e9 precisamente aqui que est\u00e1 o n\u00facleo do mist\u00e9rio crist\u00e3o:<\/p>\n\n\n\n<ul class=\"wp-block-list\">\n<li><strong>Deus salva a partir de dentro do sofrimento, n\u00e3o evitando-o.<\/strong><\/li>\n\n\n\n<li><strong>Deus vence o mal n\u00e3o destruindo-o de fora, mas transformando-o por dentro.<\/strong><\/li>\n\n\n\n<li><strong>O amor vai at\u00e9 ao extremo<\/strong>, mesmo quando esse extremo \u00e9 a morte.<\/li>\n<\/ul>\n\n\n\n<p>O <em>Vexilla Regis<\/em> convida-nos a contemplar exatamente isto: o momento em que a Cruz \u201cj\u00e1 desponta no horizonte\u201d, isto \u00e9, quando o crist\u00e3o come\u00e7a a compreender que a sua vida tamb\u00e9m ser\u00e1 marcada por esse mesmo sinal.<\/p>\n\n\n\n<hr class=\"wp-block-separator has-alpha-channel-opacity\"\/>\n\n\n\n<h2 class=\"wp-block-heading\"><strong>3. A Cruz como trono: uma realeza paradoxal<\/strong><\/h2>\n\n\n\n<p>O hino proclama que Cristo reina a partir da Cruz. Isto n\u00e3o \u00e9 uma met\u00e1fora po\u00e9tica, mas uma afirma\u00e7\u00e3o profundamente teol\u00f3gica.<\/p>\n\n\n\n<p>Na l\u00f3gica do mundo:<\/p>\n\n\n\n<ul class=\"wp-block-list\">\n<li>O poder imp\u00f5e-se<\/li>\n\n\n\n<li>O forte domina<\/li>\n\n\n\n<li>O sucesso mede-se por resultados vis\u00edveis<\/li>\n<\/ul>\n\n\n\n<p>Na l\u00f3gica de Deus:<\/p>\n\n\n\n<ul class=\"wp-block-list\">\n<li>O poder manifesta-se na entrega<\/li>\n\n\n\n<li>O forte \u00e9 aquele que ama at\u00e9 ao fim<\/li>\n\n\n\n<li>A vit\u00f3ria passa pelo sacrif\u00edcio<\/li>\n<\/ul>\n\n\n\n<p>Cristo n\u00e3o perde na Cruz: <strong>reina a partir dela<\/strong>.<\/p>\n\n\n\n<p>Isto muda completamente a nossa forma de entender a vida:<\/p>\n\n\n\n<ul class=\"wp-block-list\">\n<li>A dor n\u00e3o \u00e9 in\u00fatil<\/li>\n\n\n\n<li>O sacrif\u00edcio n\u00e3o \u00e9 absurdo<\/li>\n\n\n\n<li>A entrega n\u00e3o \u00e9 perda, mas fecundidade<\/li>\n<\/ul>\n\n\n\n<hr class=\"wp-block-separator has-alpha-channel-opacity\"\/>\n\n\n\n<h2 class=\"wp-block-heading\"><strong>4. O horizonte da Cruz na vida quotidiana<\/strong><\/h2>\n\n\n\n<p>O t\u00edtulo deste artigo fala da \u201cCruz que j\u00e1 desponta no horizonte\u201d. Isto n\u00e3o \u00e9 apenas uma imagem lit\u00fargica: \u00e9 uma realidade existencial.<\/p>\n\n\n\n<p>Todos n\u00f3s, em algum momento, vemos a Cruz aparecer na nossa vida:<\/p>\n\n\n\n<ul class=\"wp-block-list\">\n<li>Uma doen\u00e7a inesperada<\/li>\n\n\n\n<li>Um conflito familiar<\/li>\n\n\n\n<li>Uma profunda desilus\u00e3o<\/li>\n\n\n\n<li>Uma luta interior contra o pecado<\/li>\n\n\n\n<li>Uma sensa\u00e7\u00e3o de fracasso ou vazio<\/li>\n<\/ul>\n\n\n\n<p>O mundo moderno diz-nos: \u00abEvita a Cruz a todo o custo\u00bb.<br>O Evangelho diz-nos: \u00abAbra\u00e7a a Cruz, porque nela est\u00e1 a vida\u00bb.<\/p>\n\n\n\n<p>O pr\u00f3prio Jesus expressou-o com radicalidade:<\/p>\n\n\n\n<blockquote class=\"wp-block-quote is-layout-flow wp-block-quote-is-layout-flow\">\n<p><em>\u00abSe algu\u00e9m quiser vir ap\u00f3s mim, negue-se a si mesmo, tome a sua cruz todos os dias e siga-me\u00bb<\/em> (Lucas 9,23).<\/p>\n<\/blockquote>\n\n\n\n<p>Aqui n\u00e3o h\u00e1 romantismo. H\u00e1 verdade.<\/p>\n\n\n\n<hr class=\"wp-block-separator has-alpha-channel-opacity\"\/>\n\n\n\n<h2 class=\"wp-block-heading\"><strong>5. Aplica\u00e7\u00f5es pr\u00e1ticas: viver o Vexilla Regis hoje<\/strong><\/h2>\n\n\n\n<p>Como traduzir tudo isto para a nossa vida di\u00e1ria? Aqui est\u00e1 o verdadeiro desafio.<\/p>\n\n\n\n<h3 class=\"wp-block-heading\"><strong>a) Aprender a reconhecer a Cruz<\/strong><\/h3>\n\n\n\n<p>Nem todas as dificuldades s\u00e3o uma Cruz no sentido crist\u00e3o. A Cruz \u00e9 aquilo que:<\/p>\n\n\n\n<ul class=\"wp-block-list\">\n<li>N\u00e3o procuramos voluntariamente<\/li>\n\n\n\n<li>N\u00e3o podemos evitar legitimamente<\/li>\n\n\n\n<li>E que, no entanto, podemos oferecer com amor<\/li>\n<\/ul>\n\n\n\n<p>\ud83d\udc49 A chave n\u00e3o \u00e9 sofrer, mas <strong>como sofremos<\/strong>.<\/p>\n\n\n\n<hr class=\"wp-block-separator has-alpha-channel-opacity\"\/>\n\n\n\n<h3 class=\"wp-block-heading\"><strong>b) Oferecer o sofrimento<\/strong><\/h3>\n\n\n\n<p>A espiritualidade cat\u00f3lica tradicional insiste numa verdade esquecida: o sofrimento oferecido tem valor redentor.<\/p>\n\n\n\n<p>Pode-se come\u00e7ar com algo simples:<\/p>\n\n\n\n<ul class=\"wp-block-list\">\n<li>\u00abSenhor, ofere\u00e7o-te esta dor pela minha fam\u00edlia.\u00bb<\/li>\n\n\n\n<li>\u00abOfere\u00e7o-te esta dificuldade pela convers\u00e3o de algu\u00e9m.\u00bb<\/li>\n<\/ul>\n\n\n\n<p>Isto transforma radicalmente a experi\u00eancia do sofrimento.<\/p>\n\n\n\n<hr class=\"wp-block-separator has-alpha-channel-opacity\"\/>\n\n\n\n<h3 class=\"wp-block-heading\"><strong>c) Unir-nos a Cristo crucificado<\/strong><\/h3>\n\n\n\n<p>N\u00e3o estamos sozinhos na Cruz. Esta \u00e9 a grande diferen\u00e7a crist\u00e3.<\/p>\n\n\n\n<p>Cristo n\u00e3o nos pede nada que Ele pr\u00f3prio n\u00e3o tenha vivido primeiro.<br>Cada cruz, pequena ou grande, pode tornar-se comunh\u00e3o com Ele.<\/p>\n\n\n\n<hr class=\"wp-block-separator has-alpha-channel-opacity\"\/>\n\n\n\n<h3 class=\"wp-block-heading\"><strong>d) Descobrir a fecundidade escondida<\/strong><\/h3>\n\n\n\n<p>Muitas vezes n\u00e3o veremos os frutos da nossa cruz\u2026 pelo menos n\u00e3o imediatamente.<\/p>\n\n\n\n<p>Mas a f\u00e9 ensina-nos:<\/p>\n\n\n\n<ul class=\"wp-block-list\">\n<li>Nenhum sacrif\u00edcio oferecido se perde<\/li>\n\n\n\n<li>Nenhuma l\u00e1grima oferecida \u00e9 in\u00fatil<\/li>\n\n\n\n<li>Nenhum ato de amor passa despercebido diante de Deus<\/li>\n<\/ul>\n\n\n\n<hr class=\"wp-block-separator has-alpha-channel-opacity\"\/>\n\n\n\n<h2 class=\"wp-block-heading\"><strong>6. Uma palavra para o nosso tempo<\/strong><\/h2>\n\n\n\n<p>Vivemos numa cultura que idolatra o conforto imediato e rejeita qualquer forma de sofrimento. Isto gera uma profunda fragilidade interior:<\/p>\n\n\n\n<ul class=\"wp-block-list\">\n<li>N\u00e3o sabemos sofrer<\/li>\n\n\n\n<li>N\u00e3o sabemos esperar<\/li>\n\n\n\n<li>N\u00e3o sabemos oferecer<\/li>\n<\/ul>\n\n\n\n<p>O resultado \u00e9 uma sociedade ansiosa, frustrada e vazia.<\/p>\n\n\n\n<p>A mensagem do <em>Vexilla Regis<\/em> \u00e9 profundamente contracultural:<\/p>\n\n\n\n<p>\ud83d\udc49 <strong>A Cruz n\u00e3o \u00e9 o fim, \u00e9 o come\u00e7o.<\/strong><br>\ud83d\udc49 <strong>A dor n\u00e3o \u00e9 absurda, pode ser redentora.<\/strong><br>\ud83d\udc49 <strong>A entrega n\u00e3o empobrece, transforma.<\/strong><\/p>\n\n\n\n<hr class=\"wp-block-separator has-alpha-channel-opacity\"\/>\n\n\n\n<h2 class=\"wp-block-heading\"><strong>7. Contemplar para compreender: a pedagogia da Cruz<\/strong><\/h2>\n\n\n\n<p>N\u00e3o basta compreender a Cruz intelectualmente. \u00c9 necess\u00e1rio contempl\u00e1-la.<\/p>\n\n\n\n<p>Por isso a Igreja insiste tanto em:<\/p>\n\n\n\n<ul class=\"wp-block-list\">\n<li>O Crucifixo em casa<\/li>\n\n\n\n<li>A Via-Sacra<\/li>\n\n\n\n<li>A adora\u00e7\u00e3o da Cruz na Sexta-feira Santa<\/li>\n<\/ul>\n\n\n\n<p>Porque s\u00f3 ao olhar para Cristo crucificado aprendemos:<\/p>\n\n\n\n<ul class=\"wp-block-list\">\n<li>O que significa realmente amar<\/li>\n\n\n\n<li>O que significa perdoar<\/li>\n\n\n\n<li>O que significa entregar-se totalmente<\/li>\n<\/ul>\n\n\n\n<hr class=\"wp-block-separator has-alpha-channel-opacity\"\/>\n\n\n\n<h2 class=\"wp-block-heading\"><strong>Conclus\u00e3o: quando os estandartes avan\u00e7am<\/strong><\/h2>\n\n\n\n<p><em>Vexilla Regis Prodeunt.<\/em> Os estandartes do Rei avan\u00e7am.<\/p>\n\n\n\n<p>N\u00e3o \u00e9 um canto do passado. \u00c9 uma realidade presente.<\/p>\n\n\n\n<p>Cada vez que:<\/p>\n\n\n\n<ul class=\"wp-block-list\">\n<li>Aceitas uma dificuldade com f\u00e9<\/li>\n\n\n\n<li>Perdoas quando custa<\/li>\n\n\n\n<li>Perseveras no meio do cansa\u00e7o<\/li>\n\n\n\n<li>Amas sem receber nada em troca<\/li>\n<\/ul>\n\n\n\n<p>\ud83d\udc49 A Cruz ergue-se novamente no mundo.<br>\ud83d\udc49 O Rei reina outra vez a partir do madeiro.<\/p>\n\n\n\n<p>E ent\u00e3o come\u00e7amos a compreender, pouco a pouco, que aquilo que tem\u00edamos\u2026 era, na verdade, o caminho para a vida.<\/p>\n\n\n\n<p>Porque, no fundo, o mist\u00e9rio da Cruz n\u00e3o \u00e9 apenas sofrimento.<br>\u00c9 amor levado at\u00e9 ao extremo.<br>\u00c9 uma vit\u00f3ria escondida.<br>\u00c9 uma esperan\u00e7a que n\u00e3o desilude.<\/p>\n\n\n\n<p>E, sobretudo, \u00e9 a promessa de que <strong>por detr\u00e1s de cada Cruz, nasce sempre a aurora da Ressurrei\u00e7\u00e3o<\/strong>.<\/p>\n","protected":false},"excerpt":{"rendered":"<p>H\u00e1 momentos na vida crist\u00e3 em que a liturgia deixa de ser apenas ora\u00e7\u00e3o para se tornar uma proclama\u00e7\u00e3o prof\u00e9tica. Um desses momentos encontra-se no antigo hino latino Vexilla Regis Prodeunt, que come\u00e7a com palavras t\u00e3o solenes quanto misteriosas: \u201cAvan\u00e7am os estandartes do Rei\u2026\u201d. N\u00e3o se trata de uma simples imagem militar. Trata-se, na verdade, &hellip;<\/p>\n","protected":false},"author":3,"featured_media":5495,"comment_status":"closed","ping_status":"closed","sticky":false,"template":"","format":"standard","meta":{"_seopress_robots_primary_cat":"","_seopress_titles_title":"","_seopress_titles_desc":"","_seopress_robots_index":"","footnotes":""},"categories":[38,52],"tags":[1876],"class_list":["post-5494","post","type-post","status-publish","format-standard","has-post-thumbnail","","category-historia-e-tradicao","category-liturgia-e-ano-liturgico","tag-vexilla-regis-prodeunt"],"_links":{"self":[{"href":"https:\/\/catholicus.eu\/pt\/wp-json\/wp\/v2\/posts\/5494","targetHints":{"allow":["GET"]}}],"collection":[{"href":"https:\/\/catholicus.eu\/pt\/wp-json\/wp\/v2\/posts"}],"about":[{"href":"https:\/\/catholicus.eu\/pt\/wp-json\/wp\/v2\/types\/post"}],"author":[{"embeddable":true,"href":"https:\/\/catholicus.eu\/pt\/wp-json\/wp\/v2\/users\/3"}],"replies":[{"embeddable":true,"href":"https:\/\/catholicus.eu\/pt\/wp-json\/wp\/v2\/comments?post=5494"}],"version-history":[{"count":1,"href":"https:\/\/catholicus.eu\/pt\/wp-json\/wp\/v2\/posts\/5494\/revisions"}],"predecessor-version":[{"id":5496,"href":"https:\/\/catholicus.eu\/pt\/wp-json\/wp\/v2\/posts\/5494\/revisions\/5496"}],"wp:featuredmedia":[{"embeddable":true,"href":"https:\/\/catholicus.eu\/pt\/wp-json\/wp\/v2\/media\/5495"}],"wp:attachment":[{"href":"https:\/\/catholicus.eu\/pt\/wp-json\/wp\/v2\/media?parent=5494"}],"wp:term":[{"taxonomy":"category","embeddable":true,"href":"https:\/\/catholicus.eu\/pt\/wp-json\/wp\/v2\/categories?post=5494"},{"taxonomy":"post_tag","embeddable":true,"href":"https:\/\/catholicus.eu\/pt\/wp-json\/wp\/v2\/tags?post=5494"}],"curies":[{"name":"wp","href":"https:\/\/api.w.org\/{rel}","templated":true}]}}