{"id":5488,"date":"2026-03-24T09:12:19","date_gmt":"2026-03-24T08:12:19","guid":{"rendered":"https:\/\/catholicus.eu\/pt\/?p=5488"},"modified":"2026-03-24T09:12:19","modified_gmt":"2026-03-24T08:12:19","slug":"dizer-sempre-a-verdade-mesmo-quando-custa","status":"publish","type":"post","link":"https:\/\/catholicus.eu\/pt\/dizer-sempre-a-verdade-mesmo-quando-custa\/","title":{"rendered":"Dizer sempre a verdade: mesmo quando custa"},"content":{"rendered":"\n<h3 class=\"wp-block-heading\">Um apelo urgente \u00e0 autenticidade crist\u00e3 em tempos de confus\u00e3o<\/h3>\n\n\n\n<p>Vivemos numa \u00e9poca em que dizer a verdade muitas vezes parece um ato de coragem. A cultura contempor\u00e2nea recompensa o que \u00e9 confort\u00e1vel, aceit\u00e1vel, politicamente correto\u2026 mesmo quando n\u00e3o \u00e9 verdadeiro.<\/p>\n\n\n\n<p>Espalhou-se a ideia de que \u201cnem tudo precisa ser dito\u201d, de que a verdade pode ser adaptada, suavizada ou at\u00e9 silenciada para evitar conflitos.<\/p>\n\n\n\n<p>Mas um crist\u00e3o n\u00e3o pode viver assim.<\/p>\n\n\n\n<p>Dizer a verdade n\u00e3o \u00e9 uma op\u00e7\u00e3o secund\u00e1ria na vida espiritual: \u00e9 uma exig\u00eancia central do Evangelho. E n\u00e3o qualquer verdade, mas a verdade que brota do pr\u00f3prio Deus. Porque, no fim das contas, <strong>a verdade n\u00e3o \u00e9 uma ideia: \u00e9 uma Pessoa.<\/strong><\/p>\n\n\n\n<hr class=\"wp-block-separator has-alpha-channel-opacity\"\/>\n\n\n\n<h2 class=\"wp-block-heading\">1. Cristo: a Verdade encarnada<\/h2>\n\n\n\n<p>Jesus n\u00e3o disse simplesmente: \u201ceu digo a verdade\u201d. Ele foi muito mais longe:<\/p>\n\n\n\n<blockquote class=\"wp-block-quote is-layout-flow wp-block-quote-is-layout-flow\">\n<p>\u201cEu sou o caminho, a verdade e a vida\u201d (Jo 14,6)<\/p>\n<\/blockquote>\n\n\n\n<p>Aqui est\u00e1 o fundamento de toda a moral crist\u00e3 em rela\u00e7\u00e3o \u00e0 verdade. Dizer a verdade n\u00e3o \u00e9 apenas um ato \u00e9tico: \u00e9 um ato de comunh\u00e3o com Cristo. Mentir, ocultar, manipular\u2026 n\u00e3o \u00e9 simplesmente \u201cfalhar\u201d, mas afastar-se d\u2019Ele.<\/p>\n\n\n\n<p>Cristo n\u00e3o negociou a verdade. N\u00e3o a suavizou para agradar \u00e0s multid\u00f5es. N\u00e3o a adaptou para evitar a sua Paix\u00e3o. Ele a proclamou com clareza mesmo quando sabia que isso O levaria \u00e0 Cruz.<\/p>\n\n\n\n<p>E isso nos coloca diante de uma pergunta desconfort\u00e1vel:<\/p>\n\n\n\n<p><strong>Estamos dispostos a pagar o pre\u00e7o da verdade?<\/strong><\/p>\n\n\n\n<hr class=\"wp-block-separator has-alpha-channel-opacity\"\/>\n\n\n\n<h2 class=\"wp-block-heading\">2. A mentira: uma ruptura com Deus<\/h2>\n\n\n\n<p>Do ponto de vista teol\u00f3gico, a mentira n\u00e3o \u00e9 apenas uma falha moral. \u00c9 uma deforma\u00e7\u00e3o da alma.<\/p>\n\n\n\n<p>O pecado original tem na sua raiz uma mentira: \u201cN\u00e3o morrereis\u201d (cf. Gn 3,4). O diabo, a quem Cristo chama de \u201cpai da mentira\u201d (Jo 8,44), introduz a falsidade como ruptura com Deus.<\/p>\n\n\n\n<p>Cada vez que mentimos:<\/p>\n\n\n\n<ul class=\"wp-block-list\">\n<li>Distorcemos a realidade criada por Deus<\/li>\n\n\n\n<li>Rompemos a confian\u00e7a com os outros<\/li>\n\n\n\n<li>Afastamo-nos da nossa pr\u00f3pria identidade<\/li>\n<\/ul>\n\n\n\n<p>A mentira cria uma vida dupla. E a alma n\u00e3o foi feita para viver dividida.<\/p>\n\n\n\n<hr class=\"wp-block-separator has-alpha-channel-opacity\"\/>\n\n\n\n<h2 class=\"wp-block-heading\">3. Dizer a verdade: virtude e mart\u00edrio quotidiano<\/h2>\n\n\n\n<p>Na tradi\u00e7\u00e3o crist\u00e3, dizer a verdade faz parte da virtude da <strong>veracidade<\/strong>, que pertence \u00e0 justi\u00e7a. N\u00e3o se trata apenas de \u201cn\u00e3o mentir\u201d, mas de viver em conformidade com a verdade.<\/p>\n\n\n\n<p>Mas h\u00e1 algo mais profundo: <strong>dizer a verdade muitas vezes implica sofrer<\/strong>.<\/p>\n\n\n\n<ul class=\"wp-block-list\">\n<li>Dizer a verdade no trabalho pode custar-te uma promo\u00e7\u00e3o<\/li>\n\n\n\n<li>Dizer a verdade na fam\u00edlia pode gerar conflitos<\/li>\n\n\n\n<li>Dizer a verdade na sociedade pode levar \u00e0 rejei\u00e7\u00e3o<\/li>\n<\/ul>\n\n\n\n<p>Por isso, em muitos casos, dizer a verdade torna-se uma forma de mart\u00edrio. N\u00e3o sangrento, mas real.<\/p>\n\n\n\n<p>\u00c9 o mart\u00edrio de romper o sil\u00eancio.<br>O mart\u00edrio de n\u00e3o ceder.<br>O mart\u00edrio de permanecer firme quando todos os outros se calam.<\/p>\n\n\n\n<hr class=\"wp-block-separator has-alpha-channel-opacity\"\/>\n\n\n\n<h2 class=\"wp-block-heading\">4. O sil\u00eancio c\u00famplice: uma forma moderna de mentira<\/h2>\n\n\n\n<p>Hoje nem sempre mentimos com palavras. \u00c0s vezes mentimos com o sil\u00eancio.<\/p>\n\n\n\n<p>Calar-se diante da injusti\u00e7a, do erro ou do pecado\u2026 pode tornar-se uma forma de trai\u00e7\u00e3o \u00e0 verdade.<\/p>\n\n\n\n<p>Aqui entra em jogo a responsabilidade crist\u00e3:<\/p>\n\n\n\n<ul class=\"wp-block-list\">\n<li>Nem tudo deve ser dito em qualquer momento (prud\u00eancia)<\/li>\n\n\n\n<li>Mas h\u00e1 verdades que n\u00e3o podem ser silenciadas sem trair o Evangelho<\/li>\n<\/ul>\n\n\n\n<p>O equil\u00edbrio entre caridade e verdade \u00e9 delicado, mas necess\u00e1rio. Porque <strong>a verdade sem caridade fere, mas a caridade sem verdade engana.<\/strong><\/p>\n\n\n\n<hr class=\"wp-block-separator has-alpha-channel-opacity\"\/>\n\n\n\n<h2 class=\"wp-block-heading\">5. Dizer a verdade com caridade: o caminho crist\u00e3o<\/h2>\n\n\n\n<p>S\u00e3o Paulo expressa isso com uma clareza luminosa:<\/p>\n\n\n\n<blockquote class=\"wp-block-quote is-layout-flow wp-block-quote-is-layout-flow\">\n<p>\u201cVivendo a verdade na caridade\u201d (Ef 4,15)<\/p>\n<\/blockquote>\n\n\n\n<p>Este \u00e9 o ideal crist\u00e3o. N\u00e3o basta dizer a verdade: \u00e9 preciso diz\u00ea-la corretamente.<\/p>\n\n\n\n<p>Isso implica:<\/p>\n\n\n\n<ul class=\"wp-block-list\">\n<li>Evitar dureza desnecess\u00e1ria<\/li>\n\n\n\n<li>Buscar o bem do outro<\/li>\n\n\n\n<li>Falar a partir do amor, e n\u00e3o do orgulho<\/li>\n<\/ul>\n\n\n\n<p>Dizer a verdade n\u00e3o \u00e9 \u201cdizer tudo o que penso\u201d. \u00c9 um ato de amor ordenado.<\/p>\n\n\n\n<p>Cristo disse verdades muito duras\u2026 mas sempre com um cora\u00e7\u00e3o que buscava salvar, n\u00e3o condenar.<\/p>\n\n\n\n<hr class=\"wp-block-separator has-alpha-channel-opacity\"\/>\n\n\n\n<h2 class=\"wp-block-heading\">6. A verdade em tempos de relativismo<\/h2>\n\n\n\n<p>Um dos grandes males do nosso tempo \u00e9 o relativismo: a ideia de que n\u00e3o existe uma verdade objetiva, mas muitas \u201cverdades\u201d.<\/p>\n\n\n\n<p>Isso tem consequ\u00eancias devastadoras:<\/p>\n\n\n\n<ul class=\"wp-block-list\">\n<li>Se n\u00e3o h\u00e1 verdade, tudo se torna opini\u00e3o<\/li>\n\n\n\n<li>Se tudo \u00e9 opini\u00e3o, nada \u00e9 firme<\/li>\n\n\n\n<li>E se nada \u00e9 firme, a vida perde dire\u00e7\u00e3o<\/li>\n<\/ul>\n\n\n\n<p>O crist\u00e3o \u00e9 chamado a ser um <strong>testemunho da verdade no meio da confus\u00e3o<\/strong>.<\/p>\n\n\n\n<p>N\u00e3o como algu\u00e9m arrogante, mas como algu\u00e9m que encontrou uma rocha firme.<\/p>\n\n\n\n<hr class=\"wp-block-separator has-alpha-channel-opacity\"\/>\n\n\n\n<h2 class=\"wp-block-heading\">7. Aplica\u00e7\u00f5es pr\u00e1ticas: como viver na verdade hoje<\/h2>\n\n\n\n<p>Aqui \u00e9 onde tudo se torna concreto. Como viver isso no dia a dia?<\/p>\n\n\n\n<h3 class=\"wp-block-heading\">1. Examina a tua rela\u00e7\u00e3o com a verdade<\/h3>\n\n\n\n<p>Pergunta-te com sinceridade:<\/p>\n\n\n\n<ul class=\"wp-block-list\">\n<li>Minto para evitar problemas?<\/li>\n\n\n\n<li>Exagero ou manipulo?<\/li>\n\n\n\n<li>Calo-me quando deveria falar?<\/li>\n<\/ul>\n\n\n\n<p>A convers\u00e3o come\u00e7a com a honestidade interior.<\/p>\n\n\n\n<hr class=\"wp-block-separator has-alpha-channel-opacity\"\/>\n\n\n\n<h3 class=\"wp-block-heading\">2. Confessa as tuas faltas<\/h3>\n\n\n\n<p>A mentira pesa. E s\u00f3 \u00e9 libertada na confiss\u00e3o.<\/p>\n\n\n\n<p>O sacramento n\u00e3o apenas perdoa: <strong>restaura a verdade na alma<\/strong>.<\/p>\n\n\n\n<hr class=\"wp-block-separator has-alpha-channel-opacity\"\/>\n\n\n\n<h3 class=\"wp-block-heading\">3. Vive com coer\u00eancia<\/h3>\n\n\n\n<p>Que a tua vida n\u00e3o seja uma coisa em p\u00fablico e outra em privado.<\/p>\n\n\n\n<p>A verdade vive-se, n\u00e3o apenas se diz.<\/p>\n\n\n\n<hr class=\"wp-block-separator has-alpha-channel-opacity\"\/>\n\n\n\n<h3 class=\"wp-block-heading\">4. Aprende a sofrer pela verdade<\/h3>\n\n\n\n<p>N\u00e3o fujas do conflito quando o essencial est\u00e1 em jogo.<\/p>\n\n\n\n<p>\u00c0s vezes, perder \u00e9 ganhar\u2026 se for por fidelidade a Cristo.<\/p>\n\n\n\n<hr class=\"wp-block-separator has-alpha-channel-opacity\"\/>\n\n\n\n<h3 class=\"wp-block-heading\">5. Forma a tua consci\u00eancia<\/h3>\n\n\n\n<p>N\u00e3o podes dizer a verdade se n\u00e3o a conheces.<\/p>\n\n\n\n<p>L\u00ea, estuda, aprofunda a doutrina. A ignor\u00e2ncia \u00e9 terreno f\u00e9rtil para o erro.<\/p>\n\n\n\n<hr class=\"wp-block-separator has-alpha-channel-opacity\"\/>\n\n\n\n<h2 class=\"wp-block-heading\">8. Testemunhas da verdade: uma Igreja que n\u00e3o negocia<\/h2>\n\n\n\n<p>A hist\u00f3ria da Igreja est\u00e1 cheia de homens e mulheres que preferiram morrer a mentir.<\/p>\n\n\n\n<p>M\u00e1rtires, confessores, santos\u2026 todos compreenderam algo fundamental:<\/p>\n\n\n\n<p><strong>A verdade vale mais do que a vida.<\/strong><\/p>\n\n\n\n<p>Hoje talvez n\u00e3o nos pe\u00e7am o sangue, mas pedem-nos coer\u00eancia.<\/p>\n\n\n\n<p>E num mundo de m\u00e1scaras, o crist\u00e3o \u00e9 chamado a ser transparente.<\/p>\n\n\n\n<hr class=\"wp-block-separator has-alpha-channel-opacity\"\/>\n\n\n\n<h2 class=\"wp-block-heading\">Conclus\u00e3o: a verdade que liberta<\/h2>\n\n\n\n<p>Jesus disse-o com uma promessa que ainda hoje ressoa:<\/p>\n\n\n\n<blockquote class=\"wp-block-quote is-layout-flow wp-block-quote-is-layout-flow\">\n<p>\u201cA verdade vos libertar\u00e1\u201d (Jo 8,32)<\/p>\n<\/blockquote>\n\n\n\n<p>N\u00e3o confort\u00e1veis.<br>N\u00e3o populares.<br>Livres.<\/p>\n\n\n\n<p>Dizer sempre a verdade \u2014 mesmo quando custa \u2014 \u00e9 o caminho para essa liberdade interior que nada nem ningu\u00e9m pode tirar.<\/p>\n\n\n\n<p>Porque, no final, n\u00e3o se trata apenas de \u201cdizer a verdade\u201d.<\/p>\n\n\n\n<p>Trata-se de viver em Cristo.<br>E quem vive n\u2019Ele\u2026 n\u00e3o pode viver na mentira.<\/p>\n\n\n\n<hr class=\"wp-block-separator has-alpha-channel-opacity\"\/>\n\n\n\n<h3 class=\"wp-block-heading\">Um convite final<\/h3>\n\n\n\n<p>Da pr\u00f3xima vez que tiveres de escolher entre o sil\u00eancio e a verdade, entre o conforto e a fidelidade\u2026<\/p>\n\n\n\n<p>Lembra-te:<br><strong>cada pequeno ato de verdade \u00e9 uma vit\u00f3ria eterna.<\/strong><\/p>\n\n\n\n<p>E mesmo quando custa, vale a pena.<\/p>\n","protected":false},"excerpt":{"rendered":"<p>Um apelo urgente \u00e0 autenticidade crist\u00e3 em tempos de confus\u00e3o Vivemos numa \u00e9poca em que dizer a verdade muitas vezes parece um ato de coragem. A cultura contempor\u00e2nea recompensa o que \u00e9 confort\u00e1vel, aceit\u00e1vel, politicamente correto\u2026 mesmo quando n\u00e3o \u00e9 verdadeiro. Espalhou-se a ideia de que \u201cnem tudo precisa ser dito\u201d, de que a verdade &hellip;<\/p>\n","protected":false},"author":3,"featured_media":5489,"comment_status":"closed","ping_status":"closed","sticky":false,"template":"","format":"standard","meta":{"_seopress_robots_primary_cat":"","_seopress_titles_title":"","_seopress_titles_desc":"","_seopress_robots_index":"","footnotes":""},"categories":[39,57],"tags":[1260],"class_list":["post-5488","post","type-post","status-publish","format-standard","has-post-thumbnail","","category-moral-e-vida-crista","category-virtudes-cristas","tag-verdade"],"_links":{"self":[{"href":"https:\/\/catholicus.eu\/pt\/wp-json\/wp\/v2\/posts\/5488","targetHints":{"allow":["GET"]}}],"collection":[{"href":"https:\/\/catholicus.eu\/pt\/wp-json\/wp\/v2\/posts"}],"about":[{"href":"https:\/\/catholicus.eu\/pt\/wp-json\/wp\/v2\/types\/post"}],"author":[{"embeddable":true,"href":"https:\/\/catholicus.eu\/pt\/wp-json\/wp\/v2\/users\/3"}],"replies":[{"embeddable":true,"href":"https:\/\/catholicus.eu\/pt\/wp-json\/wp\/v2\/comments?post=5488"}],"version-history":[{"count":1,"href":"https:\/\/catholicus.eu\/pt\/wp-json\/wp\/v2\/posts\/5488\/revisions"}],"predecessor-version":[{"id":5490,"href":"https:\/\/catholicus.eu\/pt\/wp-json\/wp\/v2\/posts\/5488\/revisions\/5490"}],"wp:featuredmedia":[{"embeddable":true,"href":"https:\/\/catholicus.eu\/pt\/wp-json\/wp\/v2\/media\/5489"}],"wp:attachment":[{"href":"https:\/\/catholicus.eu\/pt\/wp-json\/wp\/v2\/media?parent=5488"}],"wp:term":[{"taxonomy":"category","embeddable":true,"href":"https:\/\/catholicus.eu\/pt\/wp-json\/wp\/v2\/categories?post=5488"},{"taxonomy":"post_tag","embeddable":true,"href":"https:\/\/catholicus.eu\/pt\/wp-json\/wp\/v2\/tags?post=5488"}],"curies":[{"name":"wp","href":"https:\/\/api.w.org\/{rel}","templated":true}]}}