{"id":5481,"date":"2026-03-23T23:20:02","date_gmt":"2026-03-23T22:20:02","guid":{"rendered":"https:\/\/catholicus.eu\/pt\/?p=5481"},"modified":"2026-03-23T23:20:02","modified_gmt":"2026-03-23T22:20:02","slug":"seitas-quando-a-verdade-se-disfarca-de-luz-guia-catolico-para-discernir-proteger-se-e-permanecer-na-verdade","status":"publish","type":"post","link":"https:\/\/catholicus.eu\/pt\/seitas-quando-a-verdade-se-disfarca-de-luz-guia-catolico-para-discernir-proteger-se-e-permanecer-na-verdade\/","title":{"rendered":"Seitas: Quando a Verdade se disfar\u00e7a de luz \u2014 Guia cat\u00f3lico para discernir, proteger-se e permanecer na Verdade"},"content":{"rendered":"\n<p>Vivemos num tempo em que a busca espiritual ressurgiu com for\u00e7a. Muitas pessoas sentem um vazio interior, um anseio por sentido, por verdade, por transcend\u00eancia. E, no entanto, no meio dessa sede leg\u00edtima, multiplicam-se caminhos enganosos que prometem luz\u2026 mas conduzem \u00e0 escurid\u00e3o. \u00c9 aqui que surge uma pergunta urgente e profundamente atual: <strong>o que \u00e9 realmente uma seita e como podemos reconhec\u00ea-la \u00e0 luz da f\u00e9 cat\u00f3lica?<\/strong><\/p>\n\n\n\n<p>Este artigo n\u00e3o pretende incutir medo, mas sim <strong>formar a consci\u00eancia<\/strong>, iluminar a intelig\u00eancia e fortalecer o cora\u00e7\u00e3o do crente para que n\u00e3o seja \u201clevado ao sabor de qualquer vento de doutrina\u201d (cf. Ef 4,14).<\/p>\n\n\n\n<hr class=\"wp-block-separator has-alpha-channel-opacity\"\/>\n\n\n\n<h2 class=\"wp-block-heading\"><strong>O que \u00e9 uma seita? Um olhar teol\u00f3gico e pastoral<\/strong><\/h2>\n\n\n\n<p>A palavra \u201cseita\u201d vem do latim <em>secta<\/em>, que significa \u201ccaminho\u201d ou \u201cescola de pensamento\u201d. Na sua origem, n\u00e3o tinha necessariamente uma conota\u00e7\u00e3o negativa. No entanto, do ponto de vista teol\u00f3gico e pastoral, <strong>uma seita \u00e9 um grupo religioso que se separa da verdade revelada e da comunh\u00e3o com a Igreja, deformando a mensagem do Evangelho e, em muitos casos, manipulando os seus membros<\/strong>.<\/p>\n\n\n\n<p>A Igreja, fundada por Jesus Cristo, \u00e9 \u201ccoluna e fundamento da verdade\u201d (1 Tm 3,15). Portanto, toda comunidade que se afasta dessa verdade \u2014 reinterpretando-a arbitrariamente ou substituindo-a por doutrinas humanas \u2014 entra num terreno perigoso.<\/p>\n\n\n\n<p>Mas nem todas as seitas s\u00e3o iguais. Algumas apresentam-se como \u201ccrist\u00e3s\u201d, outras como espiritualidades alternativas, e outras ainda como movimentos de crescimento pessoal. O que as une n\u00e3o \u00e9 a sua forma externa, mas a sua <strong>ruptura com a plenitude da verdade e a sua din\u00e2mica interna de controlo<\/strong>.<\/p>\n\n\n\n<hr class=\"wp-block-separator has-alpha-channel-opacity\"\/>\n\n\n\n<h2 class=\"wp-block-heading\"><strong>Breve hist\u00f3ria: as seitas ao longo do cristianismo<\/strong><\/h2>\n\n\n\n<p>Desde os primeiros s\u00e9culos, a Igreja teve de enfrentar desvios doutrinais. J\u00e1 nos tempos apost\u00f3licos surgiram grupos que deformavam a mensagem original.<\/p>\n\n\n\n<p>S\u00e3o Jo\u00e3o adverte claramente:<\/p>\n\n\n\n<blockquote class=\"wp-block-quote is-layout-flow wp-block-quote-is-layout-flow\">\n<p>\u201cSa\u00edram do nosso meio, mas n\u00e3o eram dos nossos\u201d (1 Jo 2,19).<\/p>\n<\/blockquote>\n\n\n\n<p>Movimentos como o gnosticismo, o arianismo ou o montanismo foram formas antigas do que hoje chamar\u00edamos seitas: grupos que, <strong>partindo de elementos crist\u00e3os, os deformaram profundamente<\/strong>.<\/p>\n\n\n\n<p>Ao longo da hist\u00f3ria, esses desvios assumiram novas formas. Na modernidade e na p\u00f3s-modernidade, com a crise da autoridade e a fragmenta\u00e7\u00e3o cultural, as seitas multiplicaram-se ainda mais, aproveitando a confus\u00e3o espiritual do homem contempor\u00e2neo.<\/p>\n\n\n\n<hr class=\"wp-block-separator has-alpha-channel-opacity\"\/>\n\n\n\n<h2 class=\"wp-block-heading\"><strong>A raiz do problema: uma ferida na verdade e no cora\u00e7\u00e3o humano<\/strong><\/h2>\n\n\n\n<p>Do ponto de vista teol\u00f3gico, as seitas n\u00e3o s\u00e3o apenas um erro intelectual: s\u00e3o tamb\u00e9m um drama espiritual.<\/p>\n\n\n\n<p>O ser humano foi criado para a verdade. Como ensinou S\u00e3o Tom\u00e1s de Aquino, o entendimento humano est\u00e1 naturalmente orientado para conhecer a verdade, e a vontade para amar o bem.<\/p>\n\n\n\n<p>Quando essa busca se desvia \u2014 por ignor\u00e2ncia, orgulho ou feridas interiores \u2014 a alma torna-se vulner\u00e1vel. As seitas entram muitas vezes precisamente a\u00ed:<\/p>\n\n\n\n<ul class=\"wp-block-list\">\n<li>Onde h\u00e1 <strong>solid\u00e3o<\/strong>, oferecem perten\u00e7a.<\/li>\n\n\n\n<li>Onde h\u00e1 <strong>confus\u00e3o<\/strong>, oferecem respostas simples.<\/li>\n\n\n\n<li>Onde h\u00e1 <strong>dor<\/strong>, oferecem consolo imediato.<\/li>\n<\/ul>\n\n\n\n<p>Mas esse consolo tem frequentemente um pre\u00e7o: <strong>a perda da liberdade interior<\/strong>.<\/p>\n\n\n\n<hr class=\"wp-block-separator has-alpha-channel-opacity\"\/>\n\n\n\n<h2 class=\"wp-block-heading\"><strong>Como reconhecer uma seita? Chaves pr\u00e1ticas e espirituais<\/strong><\/h2>\n\n\n\n<p>O discernimento nem sempre \u00e9 f\u00e1cil. Muitas seitas apresentam-se com apar\u00eancia de bem. Recordemos o aviso de S\u00e3o Paulo:<\/p>\n\n\n\n<blockquote class=\"wp-block-quote is-layout-flow wp-block-quote-is-layout-flow\">\n<p>\u201cO pr\u00f3prio Satan\u00e1s se disfar\u00e7a em anjo de luz\u201d (2 Cor 11,14).<\/p>\n<\/blockquote>\n\n\n\n<p>Aqui est\u00e3o alguns crit\u00e9rios claros, provenientes da teologia e da experi\u00eancia pastoral:<\/p>\n\n\n\n<h3 class=\"wp-block-heading\"><strong>1. Autoridade absoluta de um l\u00edder<\/strong><\/h3>\n\n\n\n<p>Um sinal fundamental \u00e9 a presen\u00e7a de um l\u00edder que se apresenta como o \u00fanico int\u00e9rprete da verdade, incontest\u00e1vel.<\/p>\n\n\n\n<ul class=\"wp-block-list\">\n<li>Atribui-se-lhe uma autoridade quase divina.<\/li>\n\n\n\n<li>O pensamento cr\u00edtico n\u00e3o \u00e9 permitido.<\/li>\n<\/ul>\n\n\n\n<h3 class=\"wp-block-heading\"><strong>2. Manipula\u00e7\u00e3o emocional e psicol\u00f3gica<\/strong><\/h3>\n\n\n\n<p>As seitas utilizam t\u00e9cnicas de controlo:<\/p>\n\n\n\n<ul class=\"wp-block-list\">\n<li>Isolamento da fam\u00edlia e dos amigos.<\/li>\n\n\n\n<li>Uso do medo (castigos, condena\u00e7\u00e3o).<\/li>\n\n\n\n<li>Depend\u00eancia afetiva do grupo.<\/li>\n<\/ul>\n\n\n\n<h3 class=\"wp-block-heading\"><strong>3. Doutrina deformada<\/strong><\/h3>\n\n\n\n<p>Mesmo quando utilizam linguagem crist\u00e3:<\/p>\n\n\n\n<ul class=\"wp-block-list\">\n<li>Negam verdades essenciais (a Trindade, a divindade de Cristo, os sacramentos).<\/li>\n\n\n\n<li>Interpretam a Escritura fora da Tradi\u00e7\u00e3o.<\/li>\n<\/ul>\n\n\n\n<h3 class=\"wp-block-heading\"><strong>4. Exclusivismo radical<\/strong><\/h3>\n\n\n\n<p>Apresentam-se como <strong>o \u00fanico caminho de salva\u00e7\u00e3o<\/strong>:<\/p>\n\n\n\n<ul class=\"wp-block-list\">\n<li>\u201cS\u00f3 aqui est\u00e1 a verdade\u201d.<\/li>\n\n\n\n<li>\u201cFora deste grupo, tudo \u00e9 erro ou condena\u00e7\u00e3o\u201d.<\/li>\n<\/ul>\n\n\n\n<p>Isto contradiz o ensinamento da Igreja, que reconhece a a\u00e7\u00e3o de Deus para al\u00e9m dos seus limites vis\u00edveis, ao mesmo tempo que guarda a plenitude da verdade.<\/p>\n\n\n\n<h3 class=\"wp-block-heading\"><strong>5. Controlo da vida pessoal<\/strong><\/h3>\n\n\n\n<p>Desde decis\u00f5es quotidianas at\u00e9 \u00e0s rela\u00e7\u00f5es pessoais:<\/p>\n\n\n\n<ul class=\"wp-block-list\">\n<li>O que pensar.<\/li>\n\n\n\n<li>O que ler.<\/li>\n\n\n\n<li>Com quem se relacionar.<\/li>\n<\/ul>\n\n\n\n<p>Isto atenta contra a dignidade da pessoa, criada livre por Deus.<\/p>\n\n\n\n<hr class=\"wp-block-separator has-alpha-channel-opacity\"\/>\n\n\n\n<h2 class=\"wp-block-heading\"><strong>A resposta da Igreja: verdade, liberdade e caridade<\/strong><\/h2>\n\n\n\n<p>A Igreja n\u00e3o responde \u00e0s seitas com medo, mas com <strong>verdade e amor<\/strong>.<\/p>\n\n\n\n<p>Como m\u00e3e e mestra, convida todos a regressar \u00e0 plena comunh\u00e3o, n\u00e3o impondo, mas propondo.<\/p>\n\n\n\n<p>\u00c9 essencial recordar:<\/p>\n\n\n\n<ul class=\"wp-block-list\">\n<li>A f\u00e9 cat\u00f3lica <strong>n\u00e3o anula a raz\u00e3o, eleva-a<\/strong>.<\/li>\n\n\n\n<li>A Igreja <strong>n\u00e3o escraviza, liberta<\/strong>.<\/li>\n\n\n\n<li>Cristo n\u00e3o imp\u00f5e, <strong>chama<\/strong>.<\/li>\n<\/ul>\n\n\n\n<blockquote class=\"wp-block-quote is-layout-flow wp-block-quote-is-layout-flow\">\n<p>\u201cConhecereis a verdade, e a verdade vos libertar\u00e1\u201d (Jo 8,32).<\/p>\n<\/blockquote>\n\n\n\n<hr class=\"wp-block-separator has-alpha-channel-opacity\"\/>\n\n\n\n<h2 class=\"wp-block-heading\"><strong>Aplica\u00e7\u00f5es pr\u00e1ticas: como proteger a f\u00e9 e ajudar os outros<\/strong><\/h2>\n\n\n\n<h3 class=\"wp-block-heading\"><strong>1. Forma\u00e7\u00e3o s\u00f3lida<\/strong><\/h3>\n\n\n\n<p>Um cat\u00f3lico bem formado dificilmente \u00e9 enganado.<\/p>\n\n\n\n<ul class=\"wp-block-list\">\n<li>Ler a Sagrada Escritura.<\/li>\n\n\n\n<li>Estudar o Catecismo.<\/li>\n\n\n\n<li>Conhecer a doutrina.<\/li>\n<\/ul>\n\n\n\n<h3 class=\"wp-block-heading\"><strong>2. Vida sacramental<\/strong><\/h3>\n\n\n\n<p>A gra\u00e7a fortalece a alma:<\/p>\n\n\n\n<ul class=\"wp-block-list\">\n<li>Eucaristia frequente.<\/li>\n\n\n\n<li>Confiss\u00e3o regular.<\/li>\n\n\n\n<li>Ora\u00e7\u00e3o di\u00e1ria.<\/li>\n<\/ul>\n\n\n\n<h3 class=\"wp-block-heading\"><strong>3. Comunidade aut\u00eantica<\/strong><\/h3>\n\n\n\n<p>A Igreja oferece uma verdadeira fam\u00edlia espiritual, sem manipula\u00e7\u00e3o nem controlo doentio.<\/p>\n\n\n\n<h3 class=\"wp-block-heading\"><strong>4. Acompanhamento pastoral<\/strong><\/h3>\n\n\n\n<p>Se conheces algu\u00e9m envolvido numa seita:<\/p>\n\n\n\n<ul class=\"wp-block-list\">\n<li>N\u00e3o o julgues.<\/li>\n\n\n\n<li>Escuta-o.<\/li>\n\n\n\n<li>S\u00ea uma ponte, n\u00e3o um muro.<\/li>\n<\/ul>\n\n\n\n<p>O amor abre portas onde a discuss\u00e3o n\u00e3o chega.<\/p>\n\n\n\n<hr class=\"wp-block-separator has-alpha-channel-opacity\"\/>\n\n\n\n<h2 class=\"wp-block-heading\"><strong>Discernimento espiritual: a chave em tempos de confus\u00e3o<\/strong><\/h2>\n\n\n\n<p>Hoje, mais do que nunca, precisamos de <strong>discernimento<\/strong>, esse dom do Esp\u00edrito Santo que permite distinguir o verdadeiro do falso.<\/p>\n\n\n\n<p>Como ensinava Santo In\u00e1cio de Loyola, o mau esp\u00edrito atua com engano, enquanto o bom esp\u00edrito conduz \u00e0 paz, \u00e0 clareza e \u00e0 liberdade.<\/p>\n\n\n\n<p>Pergunta-te sempre:<\/p>\n\n\n\n<ul class=\"wp-block-list\">\n<li>Isto aproxima-me de Cristo ou afasta-me d\u2019Ele?<\/li>\n\n\n\n<li>Torna-me mais livre ou mais dependente?<\/li>\n\n\n\n<li>Conduz-me \u00e0 verdade ou ao medo?<\/li>\n<\/ul>\n\n\n\n<hr class=\"wp-block-separator has-alpha-channel-opacity\"\/>\n\n\n\n<h2 class=\"wp-block-heading\"><strong>Conclus\u00e3o: permanecer na Verdade que liberta<\/strong><\/h2>\n\n\n\n<p>As seitas n\u00e3o s\u00e3o apenas um fen\u00f3meno religioso marginal. S\u00e3o um sinal do nosso tempo: <strong>a fome de Deus num mundo que perdeu o rumo<\/strong>.<\/p>\n\n\n\n<p>Mas essa fome s\u00f3 pode ser plenamente saciada n\u2019Aquele que disse:<\/p>\n\n\n\n<blockquote class=\"wp-block-quote is-layout-flow wp-block-quote-is-layout-flow\">\n<p>\u201cEu sou o caminho, a verdade e a vida\u201d (Jo 14,6).<\/p>\n<\/blockquote>\n\n\n\n<p>A resposta n\u00e3o \u00e9 o medo, mas <strong>profundidade na f\u00e9<\/strong>, <strong>clareza na doutrina<\/strong> e <strong>caridade nas rela\u00e7\u00f5es<\/strong>.<\/p>\n\n\n\n<p>Permanecer na Igreja n\u00e3o \u00e9 uma limita\u00e7\u00e3o, mas um dom: \u00e9 habitar na casa onde a verdade n\u00e3o muda, onde a gra\u00e7a \u00e9 derramada e onde Cristo permanece vivo.<\/p>\n\n\n\n<p>E, no meio de tantas vozes, lembra-te sempre disto:<\/p>\n\n\n\n<p><strong>Nem tudo o que brilha \u00e9 luz\u2026 mas a verdadeira Luz nunca engana.<\/strong><\/p>\n","protected":false},"excerpt":{"rendered":"<p>Vivemos num tempo em que a busca espiritual ressurgiu com for\u00e7a. Muitas pessoas sentem um vazio interior, um anseio por sentido, por verdade, por transcend\u00eancia. E, no entanto, no meio dessa sede leg\u00edtima, multiplicam-se caminhos enganosos que prometem luz\u2026 mas conduzem \u00e0 escurid\u00e3o. \u00c9 aqui que surge uma pergunta urgente e profundamente atual: o que &hellip;<\/p>\n","protected":false},"author":3,"featured_media":5478,"comment_status":"closed","ping_status":"closed","sticky":false,"template":"","format":"standard","meta":{"_seopress_robots_primary_cat":"","_seopress_titles_title":"","_seopress_titles_desc":"","_seopress_robots_index":"","footnotes":""},"categories":[54,39],"tags":[1873],"class_list":["post-5481","post","type-post","status-publish","format-standard","has-post-thumbnail","","category-bioetica-e-questoes-contemporaneas","category-moral-e-vida-crista","tag-seitas"],"_links":{"self":[{"href":"https:\/\/catholicus.eu\/pt\/wp-json\/wp\/v2\/posts\/5481","targetHints":{"allow":["GET"]}}],"collection":[{"href":"https:\/\/catholicus.eu\/pt\/wp-json\/wp\/v2\/posts"}],"about":[{"href":"https:\/\/catholicus.eu\/pt\/wp-json\/wp\/v2\/types\/post"}],"author":[{"embeddable":true,"href":"https:\/\/catholicus.eu\/pt\/wp-json\/wp\/v2\/users\/3"}],"replies":[{"embeddable":true,"href":"https:\/\/catholicus.eu\/pt\/wp-json\/wp\/v2\/comments?post=5481"}],"version-history":[{"count":1,"href":"https:\/\/catholicus.eu\/pt\/wp-json\/wp\/v2\/posts\/5481\/revisions"}],"predecessor-version":[{"id":5482,"href":"https:\/\/catholicus.eu\/pt\/wp-json\/wp\/v2\/posts\/5481\/revisions\/5482"}],"wp:featuredmedia":[{"embeddable":true,"href":"https:\/\/catholicus.eu\/pt\/wp-json\/wp\/v2\/media\/5478"}],"wp:attachment":[{"href":"https:\/\/catholicus.eu\/pt\/wp-json\/wp\/v2\/media?parent=5481"}],"wp:term":[{"taxonomy":"category","embeddable":true,"href":"https:\/\/catholicus.eu\/pt\/wp-json\/wp\/v2\/categories?post=5481"},{"taxonomy":"post_tag","embeddable":true,"href":"https:\/\/catholicus.eu\/pt\/wp-json\/wp\/v2\/tags?post=5481"}],"curies":[{"name":"wp","href":"https:\/\/api.w.org\/{rel}","templated":true}]}}