{"id":5465,"date":"2026-03-22T23:31:47","date_gmt":"2026-03-22T22:31:47","guid":{"rendered":"https:\/\/catholicus.eu\/pt\/?p=5465"},"modified":"2026-03-22T23:31:47","modified_gmt":"2026-03-22T22:31:47","slug":"servir-ate-desaparecer-o-caminho-radical-de-sao-francisco-que-o-mundo-de-hoje-esqueceu","status":"publish","type":"post","link":"https:\/\/catholicus.eu\/pt\/servir-ate-desaparecer-o-caminho-radical-de-sao-francisco-que-o-mundo-de-hoje-esqueceu\/","title":{"rendered":"Servir at\u00e9 desaparecer: o caminho radical de S\u00e3o Francisco que o mundo de hoje esqueceu"},"content":{"rendered":"\n<p>Vivemos numa \u00e9poca em que a palavra \u201cservi\u00e7o\u201d foi esvaziada de significado. Fala-se em atendimento ao cliente, servi\u00e7o p\u00fablico, servi\u00e7o r\u00e1pido\u2026 mas raramente sobre o que realmente significa <strong>servir como Cristo serve<\/strong>.<\/p>\n\n\n\n<p>Nesse contexto, a figura de San Francisco de As\u00eds (S\u00e3o Francisco de Assis) surge como um farol luminoso \u2013 e quase desconfort\u00e1vel. Sua vida n\u00e3o foi uma teoria sobre servi\u00e7o. Foi uma revolu\u00e7\u00e3o silenciosa, uma entrega total de si mesmo, uma forma de viver que desafia diretamente nosso conforto atual.<\/p>\n\n\n\n<p>Este artigo n\u00e3o \u00e9 apenas uma explica\u00e7\u00e3o. \u00c9 um convite: redescobrir o servi\u00e7o crist\u00e3o em suas ra\u00edzes mais puras, compreender sua profundidade teol\u00f3gica e aprender a viv\u00ea-lo na vida cotidiana.<\/p>\n\n\n\n<hr class=\"wp-block-separator has-alpha-channel-opacity\"\/>\n\n\n\n<h2 class=\"wp-block-heading\"><strong>1. O que significa realmente servir? (Al\u00e9m do mundo moderno)<\/strong><\/h2>\n\n\n\n<p>Na linguagem crist\u00e3, \u201cservi\u00e7o\u201d n\u00e3o significa simplesmente ajudar. \u00c9 muito mais profundo.<\/p>\n\n\n\n<p>A palavra evang\u00e9lica subjacente \u00e9 <em>diakonia<\/em>, que implica:<\/p>\n\n\n\n<ul class=\"wp-block-list\">\n<li>Entrega de si mesmo<\/li>\n\n\n\n<li>Humildade<\/li>\n\n\n\n<li>Disponibilidade total<\/li>\n\n\n\n<li>Amor concreto ao pr\u00f3ximo<\/li>\n<\/ul>\n\n\n\n<p>O pr\u00f3prio Cristo redefine a autoridade quando diz:<\/p>\n\n\n\n<blockquote class=\"wp-block-quote is-layout-flow wp-block-quote-is-layout-flow\">\n<p>\u201cQuem quiser ser o primeiro entre v\u00f3s ser\u00e1 servo de todos\u201d (Mc 10,44)<\/p>\n<\/blockquote>\n\n\n\n<p>Aqui n\u00e3o h\u00e1 met\u00e1foras suaves. <strong>Cristo inverte a ordem do mundo<\/strong>: a verdadeira grandeza n\u00e3o pertence a quem domina, mas a quem se entrega.<\/p>\n\n\n\n<p>Esse princ\u00edpio atinge seu \u00e1pice no epis\u00f3dio da lavagem dos p\u00e9s (Jo 13), onde Deus mesmo se ajoelha diante do homem.<\/p>\n\n\n\n<hr class=\"wp-block-separator has-alpha-channel-opacity\"\/>\n\n\n\n<h2 class=\"wp-block-heading\"><strong>2. S\u00e3o Francisco de Assis: o servi\u00e7o vivido at\u00e9 o extremo do Evangelho<\/strong><\/h2>\n\n\n\n<p>Para compreender o servi\u00e7o em sua forma mais pura, \u00e9 preciso olhar para San Francisco de As\u00eds.<\/p>\n\n\n\n<h3 class=\"wp-block-heading\"><strong>2.1. De filho de comerciante a servo de todos<\/strong><\/h3>\n\n\n\n<p>Francisco n\u00e3o nasceu pobre. Era filho de um rico comerciante, com sonhos de gl\u00f3ria e prest\u00edgio. Mas seu encontro com Cristo o levou a uma ruptura radical:<\/p>\n\n\n\n<ul class=\"wp-block-list\">\n<li>Ren\u00fancia \u00e0 riqueza<\/li>\n\n\n\n<li>Abandono de seu status social<\/li>\n\n\n\n<li>Identifica\u00e7\u00e3o com os mais pobres<\/li>\n<\/ul>\n\n\n\n<p>O momento decisivo n\u00e3o foi uma teoria espiritual, mas um gesto concreto: <strong>abra\u00e7ar um leproso<\/strong>.<\/p>\n\n\n\n<p>Na Idade M\u00e9dia, o leproso n\u00e3o era apenas doente \u2013 era rejeitado, marginalizado, invis\u00edvel. Francisco n\u00e3o apenas o ajudou. Tocou-o. Amou-o.<\/p>\n\n\n\n<p>\u00c9 aqui que come\u00e7a sua compreens\u00e3o do servi\u00e7o:<br><strong>servir \u00e9 amar onde ningu\u00e9m quer amar.<\/strong><\/p>\n\n\n\n<hr class=\"wp-block-separator has-alpha-channel-opacity\"\/>\n\n\n\n<h3 class=\"wp-block-heading\"><strong>2.2. \u201cSenhor, faz de mim um instrumento da tua paz\u201d<\/strong><\/h3>\n\n\n\n<p>Embora a famosa ora\u00e7\u00e3o atribu\u00edda a Francisco n\u00e3o seja literalmente dele, expressa perfeitamente seu esp\u00edrito:<\/p>\n\n\n\n<ul class=\"wp-block-list\">\n<li>Onde houver \u00f3dio \u2192 levar amor<\/li>\n\n\n\n<li>Onde houver ofensa \u2192 levar perd\u00e3o<\/li>\n\n\n\n<li>Onde houver desespero \u2192 levar esperan\u00e7a<\/li>\n<\/ul>\n\n\n\n<p>Este n\u00e3o \u00e9 um servi\u00e7o superficial. \u00c9 um servi\u00e7o transformador.<\/p>\n\n\n\n<p>Francisco compreendeu algo essencial:<br><strong>servir n\u00e3o \u00e9 apenas fazer coisas, \u00e9 tornar-se um canal de Deus.<\/strong><\/p>\n\n\n\n<hr class=\"wp-block-separator has-alpha-channel-opacity\"\/>\n\n\n\n<h2 class=\"wp-block-heading\"><strong>3. Fundamenta\u00e7\u00e3o teol\u00f3gica do servi\u00e7o<\/strong><\/h2>\n\n\n\n<p>O servi\u00e7o crist\u00e3o n\u00e3o \u00e9 filantropia. Tem ra\u00edzes profundamente teol\u00f3gicas.<\/p>\n\n\n\n<h3 class=\"wp-block-heading\"><strong>3.1. Cristo servo: o modelo absoluto<\/strong><\/h3>\n\n\n\n<p>Jesucristo (Jesus Cristo) n\u00e3o veio para ser servido, mas para servir (cf. Mt 20,28).<\/p>\n\n\n\n<p>Isso implica tr\u00eas dimens\u00f5es-chave:<\/p>\n\n\n\n<h4 class=\"wp-block-heading\"><strong>a) Kenosis (esvaziamento de si mesmo)<\/strong><\/h4>\n\n\n\n<p>Cristo se esvaziou de sua gl\u00f3ria (Fl 2,7).<br>Servir significa renunciar ao ego, ao reconhecimento, ao protagonismo.<\/p>\n\n\n\n<h4 class=\"wp-block-heading\"><strong>b) Encarna\u00e7\u00e3o<\/strong><\/h4>\n\n\n\n<p>Deus n\u00e3o salva \u00e0 dist\u00e2ncia. Ele se envolve.<br>O servi\u00e7o aut\u00eantico n\u00e3o \u00e9 distante: \u00e9 pr\u00f3ximo, concreto, encarnado.<\/p>\n\n\n\n<h4 class=\"wp-block-heading\"><strong>c) Reden\u00e7\u00e3o<\/strong><\/h4>\n\n\n\n<p>O maior ato de servi\u00e7o \u00e9 a Cruz.<br>Servir implica sacrif\u00edcio e, \u00e0s vezes, sofrimento.<\/p>\n\n\n\n<hr class=\"wp-block-separator has-alpha-channel-opacity\"\/>\n\n\n\n<h3 class=\"wp-block-heading\"><strong>3.2. O servi\u00e7o como caminho de santidade<\/strong><\/h3>\n\n\n\n<p>Na espiritualidade cat\u00f3lica, o servi\u00e7o n\u00e3o \u00e9 opcional. \u00c9 um caminho de santifica\u00e7\u00e3o.<\/p>\n\n\n\n<p>Santo Tom\u00e1s de Aquino (Santo Tom\u00e1s de Aquino) explica que a caridade (amor) \u00e9 a forma de todas as virtudes. E a caridade se torna vis\u00edvel no servi\u00e7o.<\/p>\n\n\n\n<p>Portanto:<\/p>\n\n\n\n<ul class=\"wp-block-list\">\n<li>Sem servi\u00e7o \u2192 n\u00e3o h\u00e1 caridade real<\/li>\n\n\n\n<li>Sem caridade \u2192 n\u00e3o h\u00e1 vida crist\u00e3 aut\u00eantica<\/li>\n<\/ul>\n\n\n\n<hr class=\"wp-block-separator has-alpha-channel-opacity\"\/>\n\n\n\n<h2 class=\"wp-block-heading\"><strong>4. A radicalidade de Francisco: servir sem condi\u00e7\u00f5es<\/strong><\/h2>\n\n\n\n<p>Francisco n\u00e3o escolhia a quem servir. N\u00e3o fazia c\u00e1lculos.<\/p>\n\n\n\n<h3 class=\"wp-block-heading\"><strong>4.1. Servir os pobres como se fossem Cristo<\/strong><\/h3>\n\n\n\n<p>Seguindo o Evangelho de Mateus:<\/p>\n\n\n\n<blockquote class=\"wp-block-quote is-layout-flow wp-block-quote-is-layout-flow\">\n<p>\u201cTive fome, e me destes de comer\u2026\u201d (Mt 25,35)<\/p>\n<\/blockquote>\n\n\n\n<p>Francisco n\u00e3o via os pobres. Via Cristo.<\/p>\n\n\n\n<p>Isso muda tudo:<\/p>\n\n\n\n<ul class=\"wp-block-list\">\n<li>O servi\u00e7o deixa de ser apenas \u201cajuda\u201d<\/li>\n\n\n\n<li>Torna-se um encontro com Deus<\/li>\n<\/ul>\n\n\n\n<hr class=\"wp-block-separator has-alpha-channel-opacity\"\/>\n\n\n\n<h3 class=\"wp-block-heading\"><strong>4.2. Servir com alegria (a chave franciscana)<\/strong><\/h3>\n\n\n\n<p>Uma das caracter\u00edsticas mais surpreendentes de San Francisco de As\u00eds \u00e9 a sua alegria.<\/p>\n\n\n\n<p>Ele n\u00e3o servia reclamando ou se fazendo de v\u00edtima.<br>Servia cantando.<\/p>\n\n\n\n<p>Isso \u00e9 profundamente teol\u00f3gico:<\/p>\n\n\n\n<ul class=\"wp-block-list\">\n<li>A alegria \u00e9 fruto do Esp\u00edrito Santo<\/li>\n\n\n\n<li>O verdadeiro servi\u00e7o n\u00e3o amargura, <strong>transforma o cora\u00e7\u00e3o<\/strong><\/li>\n<\/ul>\n\n\n\n<hr class=\"wp-block-separator has-alpha-channel-opacity\"\/>\n\n\n\n<h2 class=\"wp-block-heading\"><strong>5. Por que o mundo atual rejeita o servi\u00e7o aut\u00eantico?<\/strong><\/h2>\n\n\n\n<p>Hoje vivemos numa cultura marcada por:<\/p>\n\n\n\n<ul class=\"wp-block-list\">\n<li>Individualismo<\/li>\n\n\n\n<li>Busca constante de reconhecimento<\/li>\n\n\n\n<li>Evita\u00e7\u00e3o do sacrif\u00edcio<\/li>\n\n\n\n<li>Utilitarismo<\/li>\n<\/ul>\n\n\n\n<p>O problema n\u00e3o \u00e9 que as pessoas n\u00e3o sirvam.<br>\u00c9 que servem\u2026 esperando algo em troca.<\/p>\n\n\n\n<p>Likes. Aprova\u00e7\u00e3o. Prest\u00edgio.<\/p>\n\n\n\n<p>Francisco desmonta tudo isso com uma verdade desconfort\u00e1vel:<\/p>\n\n\n\n<p><strong>O verdadeiro servi\u00e7o \u00e9 invis\u00edvel.<\/strong><\/p>\n\n\n\n<hr class=\"wp-block-separator has-alpha-channel-opacity\"\/>\n\n\n\n<h2 class=\"wp-block-heading\"><strong>6. Aplica\u00e7\u00f5es pr\u00e1ticas: como viver o servi\u00e7o hoje<\/strong><\/h2>\n\n\n\n<p>Aqui tudo se torna concreto.<\/p>\n\n\n\n<h3 class=\"wp-block-heading\"><strong>6.1. Na fam\u00edlia<\/strong><\/h3>\n\n\n\n<ul class=\"wp-block-list\">\n<li>Ouvir sem interromper<\/li>\n\n\n\n<li>Ajudar sem que seja pedido<\/li>\n\n\n\n<li>Perdoar rapidamente<\/li>\n<\/ul>\n\n\n\n<h3 class=\"wp-block-heading\"><strong>6.2. No trabalho<\/strong><\/h3>\n\n\n\n<ul class=\"wp-block-list\">\n<li>Fazer bem as pequenas coisas<\/li>\n\n\n\n<li>N\u00e3o buscar reconhecimento acima de tudo<\/li>\n\n\n\n<li>Servir mesmo quando n\u00e3o \u00e9 valorizado<\/li>\n<\/ul>\n\n\n\n<h3 class=\"wp-block-heading\"><strong>6.3. Na vida espiritual<\/strong><\/h3>\n\n\n\n<ul class=\"wp-block-list\">\n<li>Orar pelos outros<\/li>\n\n\n\n<li>Oferecer sacrif\u00edcios ocultos<\/li>\n\n\n\n<li>Praticar obras de miseric\u00f3rdia<\/li>\n<\/ul>\n\n\n\n<hr class=\"wp-block-separator has-alpha-channel-opacity\"\/>\n\n\n\n<h3 class=\"wp-block-heading\"><strong>6.4. O segredo: o que \u00e9 oculto<\/strong><\/h3>\n\n\n\n<p>Francisco compreendia algo essencial:<\/p>\n\n\n\n<p><strong>O que n\u00e3o se v\u00ea \u00e9 o que mais transforma a alma.<\/strong><\/p>\n\n\n\n<p>Servir sem testemunhas.<br>Amar sem aplausos.<br>Dar sem receber.<\/p>\n\n\n\n<p>\u00c9 aqui que nasce a santidade.<\/p>\n\n\n\n<hr class=\"wp-block-separator has-alpha-channel-opacity\"\/>\n\n\n\n<h2 class=\"wp-block-heading\"><strong>7. Conclus\u00e3o: o servi\u00e7o como revolu\u00e7\u00e3o silenciosa<\/strong><\/h2>\n\n\n\n<p>O mundo n\u00e3o precisa de mais discursos. Precisa de testemunhas.<\/p>\n\n\n\n<p>E o caminho \u00e9 claro:<\/p>\n\n\n\n<ul class=\"wp-block-list\">\n<li>Cristo ensinou<\/li>\n\n\n\n<li>Francisco viveu<\/li>\n\n\n\n<li>A Igreja prop\u00f5e<\/li>\n<\/ul>\n\n\n\n<p>Mas agora cabe a voc\u00ea.<\/p>\n\n\n\n<p>Porque, no fim, o julgamento n\u00e3o ser\u00e1 sobre quanto voc\u00ea sabia, mas sobre quanto voc\u00ea amou:<\/p>\n\n\n\n<blockquote class=\"wp-block-quote is-layout-flow wp-block-quote-is-layout-flow\">\n<p>\u201cO que fizestes a um destes meus irm\u00e3os mais pequenos, a mim o fizestes\u201d (Mt 25,40)<\/p>\n<\/blockquote>\n\n\n\n<hr class=\"wp-block-separator has-alpha-channel-opacity\"\/>\n\n\n\n<h2 class=\"wp-block-heading\"><strong>Reflex\u00e3o final<\/strong><\/h2>\n\n\n\n<p>Servir n\u00e3o \u00e9 perder.<br>Servir n\u00e3o \u00e9 se rebaixar.<br>Servir n\u00e3o \u00e9 ficar em segundo plano.<\/p>\n\n\n\n<p><strong>Servir \u00e9 parecer-se com Deus.<\/strong><\/p>\n\n\n\n<p>E talvez, num mundo obcecado por ser visto,<br>o maior ato de f\u00e9 seja este:<\/p>\n\n\n\n<p><strong>desaparecer\u2026 para que Cristo possa aparecer.<\/strong><\/p>\n","protected":false},"excerpt":{"rendered":"<p>Vivemos numa \u00e9poca em que a palavra \u201cservi\u00e7o\u201d foi esvaziada de significado. Fala-se em atendimento ao cliente, servi\u00e7o p\u00fablico, servi\u00e7o r\u00e1pido\u2026 mas raramente sobre o que realmente significa servir como Cristo serve. Nesse contexto, a figura de San Francisco de As\u00eds (S\u00e3o Francisco de Assis) surge como um farol luminoso \u2013 e quase desconfort\u00e1vel. Sua &hellip;<\/p>\n","protected":false},"author":3,"featured_media":5466,"comment_status":"closed","ping_status":"closed","sticky":false,"template":"","format":"standard","meta":{"_seopress_robots_primary_cat":"","_seopress_titles_title":"","_seopress_titles_desc":"","_seopress_robots_index":"","footnotes":""},"categories":[39,57],"tags":[1867],"class_list":["post-5465","post","type-post","status-publish","format-standard","has-post-thumbnail","","category-moral-e-vida-crista","category-virtudes-cristas","tag-servico"],"_links":{"self":[{"href":"https:\/\/catholicus.eu\/pt\/wp-json\/wp\/v2\/posts\/5465","targetHints":{"allow":["GET"]}}],"collection":[{"href":"https:\/\/catholicus.eu\/pt\/wp-json\/wp\/v2\/posts"}],"about":[{"href":"https:\/\/catholicus.eu\/pt\/wp-json\/wp\/v2\/types\/post"}],"author":[{"embeddable":true,"href":"https:\/\/catholicus.eu\/pt\/wp-json\/wp\/v2\/users\/3"}],"replies":[{"embeddable":true,"href":"https:\/\/catholicus.eu\/pt\/wp-json\/wp\/v2\/comments?post=5465"}],"version-history":[{"count":1,"href":"https:\/\/catholicus.eu\/pt\/wp-json\/wp\/v2\/posts\/5465\/revisions"}],"predecessor-version":[{"id":5467,"href":"https:\/\/catholicus.eu\/pt\/wp-json\/wp\/v2\/posts\/5465\/revisions\/5467"}],"wp:featuredmedia":[{"embeddable":true,"href":"https:\/\/catholicus.eu\/pt\/wp-json\/wp\/v2\/media\/5466"}],"wp:attachment":[{"href":"https:\/\/catholicus.eu\/pt\/wp-json\/wp\/v2\/media?parent=5465"}],"wp:term":[{"taxonomy":"category","embeddable":true,"href":"https:\/\/catholicus.eu\/pt\/wp-json\/wp\/v2\/categories?post=5465"},{"taxonomy":"post_tag","embeddable":true,"href":"https:\/\/catholicus.eu\/pt\/wp-json\/wp\/v2\/tags?post=5465"}],"curies":[{"name":"wp","href":"https:\/\/api.w.org\/{rel}","templated":true}]}}