{"id":5462,"date":"2026-03-22T22:40:42","date_gmt":"2026-03-22T21:40:42","guid":{"rendered":"https:\/\/catholicus.eu\/pt\/?p=5462"},"modified":"2026-03-22T22:40:43","modified_gmt":"2026-03-22T21:40:43","slug":"doze-anos-de-sofrimento-um-instante-de-graca-a-mulher-que-tocou-o-manto-de-jesus","status":"publish","type":"post","link":"https:\/\/catholicus.eu\/pt\/doze-anos-de-sofrimento-um-instante-de-graca-a-mulher-que-tocou-o-manto-de-jesus\/","title":{"rendered":"Doze anos de sofrimento, um instante de gra\u00e7a: a mulher que tocou o manto de Jesus"},"content":{"rendered":"\n<h2 class=\"wp-block-heading\">Introdu\u00e7\u00e3o: quando a dor se torna caminho<\/h2>\n\n\n\n<p>H\u00e1 hist\u00f3rias no Evangelho que, embora breves em palavras, s\u00e3o imensas em profundidade. Uma delas \u00e9 a hist\u00f3ria da mulher que sofria de hemorragias h\u00e1 doze anos e que, no meio da multid\u00e3o, tocou o manto de Cristo. Ela n\u00e3o fez grandes discursos. N\u00e3o pediu audi\u00eancia. N\u00e3o foi vista\u2026 at\u00e9 ser curada.<\/p>\n\n\n\n<p>Este epis\u00f3dio, narrado no Evangelio de San Marcos (Mc 5, 25-34), n\u00e3o \u00e9 apenas um relato de cura f\u00edsica: \u00e9 uma catequese viva sobre a f\u00e9, a esperan\u00e7a no meio do sofrimento e o poder transformador do encontro com Cristo.<\/p>\n\n\n\n<hr class=\"wp-block-separator has-alpha-channel-opacity\"\/>\n\n\n\n<h2 class=\"wp-block-heading\">1. A hist\u00f3ria: doze anos de escurid\u00e3o<\/h2>\n\n\n\n<p>O texto b\u00edblico nos diz:<\/p>\n\n\n\n<blockquote class=\"wp-block-quote is-layout-flow wp-block-quote-is-layout-flow\">\n<p>\u201cHavia uma mulher que sofria de hemorragias h\u00e1 doze anos. Tinha padecido muito nas m\u00e3os de v\u00e1rios m\u00e9dicos e gastado tudo o que possu\u00eda sem melhorar; pelo contr\u00e1rio, piorava cada vez mais.\u201d<\/p>\n<\/blockquote>\n\n\n\n<p>Este in\u00edcio \u00e9 profundamente humano. N\u00e3o nos \u00e9 apresentada uma figura idealizada, mas uma pessoa consumida pela dor, pela frustra\u00e7\u00e3o e pelo desespero.<\/p>\n\n\n\n<h3 class=\"wp-block-heading\">Chaves hist\u00f3ricas e culturais<\/h3>\n\n\n\n<p>No contexto judaico do s\u00e9culo I, esta mulher n\u00e3o sofria apenas fisicamente. Segundo a Lei mosaica (cf. Lev\u00edtico 15), era considerada <strong>impura<\/strong>. Isso implicava:<\/p>\n\n\n\n<ul class=\"wp-block-list\">\n<li>Exclus\u00e3o social e religiosa<\/li>\n\n\n\n<li>Impossibilidade de participar no culto<\/li>\n\n\n\n<li>Isolamento at\u00e9 dentro da pr\u00f3pria fam\u00edlia<\/li>\n<\/ul>\n\n\n\n<p>N\u00e3o era apenas uma doen\u00e7a: era uma vida de marginaliza\u00e7\u00e3o.<\/p>\n\n\n\n<p>Doze anos. N\u00e3o doze dias. N\u00e3o uma fase dif\u00edcil. Uma vida inteira marcada pelo sofrimento.<\/p>\n\n\n\n<hr class=\"wp-block-separator has-alpha-channel-opacity\"\/>\n\n\n\n<h2 class=\"wp-block-heading\">2. O gesto de f\u00e9: tocar o manto<\/h2>\n\n\n\n<p>O Evangelho continua:<\/p>\n\n\n\n<blockquote class=\"wp-block-quote is-layout-flow wp-block-quote-is-layout-flow\">\n<p>\u201cSe eu conseguir ao menos tocar nas suas vestes, ficarei curada.\u201d<\/p>\n<\/blockquote>\n\n\n\n<p>Aqui encontramos um dos atos de f\u00e9 mais puros e audazes de todo o Evangelho.<\/p>\n\n\n\n<h3 class=\"wp-block-heading\">Uma f\u00e9 silenciosa, mas radical<\/h3>\n\n\n\n<p>Esta mulher n\u00e3o pede permiss\u00e3o. N\u00e3o grita. N\u00e3o exige. Ela acredita.<\/p>\n\n\n\n<p>A sua f\u00e9 n\u00e3o \u00e9 te\u00f3rica, \u00e9 concreta. N\u00e3o fica nas ideias: transforma-se em a\u00e7\u00e3o.<\/p>\n\n\n\n<p>E aqui surge uma chave espiritual fundamental:<br><strong>a f\u00e9 aut\u00eantica manifesta-se sempre em gestos concretos.<\/strong><\/p>\n\n\n\n<p>Ela toca o manto de Jesucristo, e naquele instante:<\/p>\n\n\n\n<blockquote class=\"wp-block-quote is-layout-flow wp-block-quote-is-layout-flow\">\n<p>\u201cImediatamente a hemorragia cessou e ela sentiu no seu corpo que estava curada do mal.\u201d<\/p>\n<\/blockquote>\n\n\n\n<hr class=\"wp-block-separator has-alpha-channel-opacity\"\/>\n\n\n\n<h2 class=\"wp-block-heading\">3. O poder que sai de Cristo: gra\u00e7a que transforma<\/h2>\n\n\n\n<p>Este trecho cont\u00e9m uma afirma\u00e7\u00e3o de enorme profundidade teol\u00f3gica:<\/p>\n\n\n\n<blockquote class=\"wp-block-quote is-layout-flow wp-block-quote-is-layout-flow\">\n<p>\u201cJesus, percebendo imediatamente que uma for\u00e7a tinha sa\u00eddo dele\u2026\u201d<\/p>\n<\/blockquote>\n\n\n\n<p>O que isso significa?<\/p>\n\n\n\n<h3 class=\"wp-block-heading\">A gra\u00e7a n\u00e3o \u00e9 abstrata: \u00e9 eficaz<\/h3>\n\n\n\n<p>Na teologia cat\u00f3lica, a gra\u00e7a \u00e9 um dom real e eficaz que transforma. N\u00e3o \u00e9 um s\u00edmbolo. N\u00e3o \u00e9 uma ideia bonita. \u00c9 uma <strong>for\u00e7a divina que atua na alma e, por vezes, tamb\u00e9m no corpo<\/strong>.<\/p>\n\n\n\n<p>A mulher n\u00e3o rouba um milagre: responde a uma gra\u00e7a anterior.<br>Deus j\u00e1 estava agindo no seu cora\u00e7\u00e3o, despertando essa f\u00e9 que a levou a aproximar-se.<\/p>\n\n\n\n<p>Como ensinaria mais tarde Santo Tom\u00e1s de Aquino,<br><strong>a gra\u00e7a n\u00e3o destr\u00f3i a natureza, mas a aperfei\u00e7oa<\/strong>.<\/p>\n\n\n\n<hr class=\"wp-block-separator has-alpha-channel-opacity\"\/>\n\n\n\n<h2 class=\"wp-block-heading\">4. \u201cFilha, a tua f\u00e9 te salvou\u201d: o encontro pessoal<\/h2>\n\n\n\n<p>Jesus n\u00e3o se contenta com um milagre oculto. Ele para. Procura. Pergunta:<\/p>\n\n\n\n<blockquote class=\"wp-block-quote is-layout-flow wp-block-quote-is-layout-flow\">\n<p>\u201cQuem me tocou?\u201d<\/p>\n<\/blockquote>\n\n\n\n<p>Os disc\u00edpulos se surpreendem, mas Cristo insiste. Ele n\u00e3o busca informa\u00e7\u00e3o: busca a pessoa.<\/p>\n\n\n\n<p>Finalmente, a mulher apresenta-se tremendo. E ent\u00e3o acontece algo ainda maior do que a cura:<\/p>\n\n\n\n<blockquote class=\"wp-block-quote is-layout-flow wp-block-quote-is-layout-flow\">\n<p>\u201cFilha, a tua f\u00e9 te salvou. Vai em paz e fica curada do teu mal.\u201d<\/p>\n<\/blockquote>\n\n\n\n<h3 class=\"wp-block-heading\">Da cura \u00e0 salva\u00e7\u00e3o<\/h3>\n\n\n\n<p>Jesus n\u00e3o apenas a cura: chama-a de <strong>\u201cfilha\u201d<\/strong>.<\/p>\n\n\n\n<p>Este termo \u00e9 profundamente teol\u00f3gico:<\/p>\n\n\n\n<ul class=\"wp-block-list\">\n<li>Devolve-lhe a dignidade<\/li>\n\n\n\n<li>Reintegra-a na comunidade<\/li>\n\n\n\n<li>Revela uma rela\u00e7\u00e3o pessoal com Deus<\/li>\n<\/ul>\n\n\n\n<p>A cura f\u00edsica \u00e9 sinal de algo maior: a salva\u00e7\u00e3o integral.<\/p>\n\n\n\n<hr class=\"wp-block-separator has-alpha-channel-opacity\"\/>\n\n\n\n<h2 class=\"wp-block-heading\">5. Relev\u00e2ncia teol\u00f3gica: o sofrimento redimido<\/h2>\n\n\n\n<p>Este trecho ilumina uma das grandes perguntas humanas:<br><strong>qual \u00e9 o sentido do sofrimento?<\/strong><\/p>\n\n\n\n<h3 class=\"wp-block-heading\">Tr\u00eas chaves teol\u00f3gicas<\/h3>\n\n\n\n<h4 class=\"wp-block-heading\">1. O sofrimento n\u00e3o \u00e9 querido por Deus, mas pode ser redimido<\/h4>\n\n\n\n<p>Deus n\u00e3o se alegra com a dor humana. Mas em Cristo, o sofrimento pode tornar-se caminho de encontro.<\/p>\n\n\n\n<h4 class=\"wp-block-heading\">2. A f\u00e9 cresce na prova\u00e7\u00e3o<\/h4>\n\n\n\n<p>Doze anos de dor prepararam o cora\u00e7\u00e3o desta mulher para um ato de f\u00e9 radical.<\/p>\n\n\n\n<h4 class=\"wp-block-heading\">3. Cristo deixa-se tocar<\/h4>\n\n\n\n<p>Isto \u00e9 central: Deus n\u00e3o \u00e9 inacess\u00edvel. Ele deixa-se encontrar, mesmo no meio do caos.<\/p>\n\n\n\n<hr class=\"wp-block-separator has-alpha-channel-opacity\"\/>\n\n\n\n<h2 class=\"wp-block-heading\">6. Aplica\u00e7\u00f5es pr\u00e1ticas: viver este Evangelho hoje<\/h2>\n\n\n\n<p>Este relato n\u00e3o \u00e9 apenas hist\u00f3ria. \u00c9 um guia para a vida quotidiana.<\/p>\n\n\n\n<h3 class=\"wp-block-heading\">1. Quando sentes que nada funciona<\/h3>\n\n\n\n<p>Como a mulher, muitos hoje:<\/p>\n\n\n\n<ul class=\"wp-block-list\">\n<li>Tentaram solu\u00e7\u00f5es sem sucesso<\/li>\n\n\n\n<li>Sentem-se esgotados emocional ou espiritualmente<\/li>\n\n\n\n<li>Perderam a esperan\u00e7a<\/li>\n<\/ul>\n\n\n\n<p>Este Evangelho lembra-nos:<br><strong>nunca \u00e9 tarde demais para se aproximar de Cristo.<\/strong><\/p>\n\n\n\n<h3 class=\"wp-block-heading\">2. A f\u00e9 n\u00e3o exige perfei\u00e7\u00e3o, mas decis\u00e3o<\/h3>\n\n\n\n<p>N\u00e3o precisas de uma f\u00e9 perfeita. Precisas de uma f\u00e9 que aja.<\/p>\n\n\n\n<p>Um gesto. Uma ora\u00e7\u00e3o sincera. Um passo em dire\u00e7\u00e3o a Deus.<\/p>\n\n\n\n<h3 class=\"wp-block-heading\">3. Tocar o manto hoje: os sacramentos<\/h3>\n\n\n\n<p>Hoje, o \u201cmanto de Cristo\u201d torna-se presente especialmente em:<\/p>\n\n\n\n<ul class=\"wp-block-list\">\n<li>A Eucaristia<\/li>\n\n\n\n<li>A Confiss\u00e3o<\/li>\n\n\n\n<li>A ora\u00e7\u00e3o<\/li>\n<\/ul>\n\n\n\n<p>Ali, o Senhor continua a passar, esperando que algu\u00e9m O toque com f\u00e9.<\/p>\n\n\n\n<h3 class=\"wp-block-heading\">4. Deus chama-te pelo nome<\/h3>\n\n\n\n<p>Cristo n\u00e3o quer rela\u00e7\u00f5es an\u00f3nimas. Quer encontrar-te.<\/p>\n\n\n\n<p>N\u00e3o \u00e9s apenas mais um na multid\u00e3o.<\/p>\n\n\n\n<p>\u00c9s um filho. \u00c9s uma filha.<\/p>\n\n\n\n<hr class=\"wp-block-separator has-alpha-channel-opacity\"\/>\n\n\n\n<h2 class=\"wp-block-heading\">7. Uma leitura para o nosso tempo<\/h2>\n\n\n\n<p>Vivemos numa sociedade marcada por:<\/p>\n\n\n\n<ul class=\"wp-block-list\">\n<li>Imediatismo<\/li>\n\n\n\n<li>Frustra\u00e7\u00e3o diante do sofrimento<\/li>\n\n\n\n<li>Busca constante de solu\u00e7\u00f5es r\u00e1pidas<\/li>\n<\/ul>\n\n\n\n<p>Esta mulher ensina-nos algo profundamente contracultural:<\/p>\n\n\n\n<p><strong>a perseveran\u00e7a na dor e a f\u00e9 silenciosa t\u00eam um valor imenso diante de Deus.<\/strong><\/p>\n\n\n\n<p>Num mundo que grita, ela sussurra\u2026 e \u00e9 ouvida.<\/p>\n\n\n\n<hr class=\"wp-block-separator has-alpha-channel-opacity\"\/>\n\n\n\n<h2 class=\"wp-block-heading\">Conclus\u00e3o: da dor \u00e0 paz<\/h2>\n\n\n\n<p>O relato termina com uma promessa:<\/p>\n\n\n\n<blockquote class=\"wp-block-quote is-layout-flow wp-block-quote-is-layout-flow\">\n<p>\u201cVai em paz.\u201d<\/p>\n<\/blockquote>\n\n\n\n<p>Ela n\u00e3o parte apenas curada. Parte em paz.<\/p>\n\n\n\n<p>E essa paz n\u00e3o \u00e9 a aus\u00eancia de problemas. \u00c9 o fruto do encontro com Cristo.<\/p>\n\n\n\n<hr class=\"wp-block-separator has-alpha-channel-opacity\"\/>\n\n\n\n<h2 class=\"wp-block-heading\">Convite final<\/h2>\n\n\n\n<p>Talvez tu tamb\u00e9m carregues \u201cdoze anos\u201d de algo:<\/p>\n\n\n\n<ul class=\"wp-block-list\">\n<li>Uma ferida<\/li>\n\n\n\n<li>Um pecado recorrente<\/li>\n\n\n\n<li>Uma situa\u00e7\u00e3o que n\u00e3o muda<\/li>\n\n\n\n<li>Um sofrimento que parece intermin\u00e1vel<\/li>\n<\/ul>\n\n\n\n<p>Hoje, este Evangelho prop\u00f5e-te algo simples e revolucion\u00e1rio:<\/p>\n\n\n\n<p><strong>aproxima-te. toca. acredita.<\/strong><\/p>\n\n\n\n<p>Porque, \u00e0s vezes, uma vida inteira de dor pode ser transformada\u2026 num \u00fanico instante de gra\u00e7a.<\/p>\n","protected":false},"excerpt":{"rendered":"<p>Introdu\u00e7\u00e3o: quando a dor se torna caminho H\u00e1 hist\u00f3rias no Evangelho que, embora breves em palavras, s\u00e3o imensas em profundidade. Uma delas \u00e9 a hist\u00f3ria da mulher que sofria de hemorragias h\u00e1 doze anos e que, no meio da multid\u00e3o, tocou o manto de Cristo. Ela n\u00e3o fez grandes discursos. N\u00e3o pediu audi\u00eancia. N\u00e3o foi &hellip;<\/p>\n","protected":false},"author":3,"featured_media":5463,"comment_status":"closed","ping_status":"closed","sticky":false,"template":"","format":"standard","meta":{"_seopress_robots_primary_cat":"","_seopress_titles_title":"","_seopress_titles_desc":"","_seopress_robots_index":"","footnotes":""},"categories":[37,45],"tags":[],"class_list":["post-5462","post","type-post","status-publish","format-standard","has-post-thumbnail","","category-doutrina-e-fe","category-sagradas-escrituras"],"_links":{"self":[{"href":"https:\/\/catholicus.eu\/pt\/wp-json\/wp\/v2\/posts\/5462","targetHints":{"allow":["GET"]}}],"collection":[{"href":"https:\/\/catholicus.eu\/pt\/wp-json\/wp\/v2\/posts"}],"about":[{"href":"https:\/\/catholicus.eu\/pt\/wp-json\/wp\/v2\/types\/post"}],"author":[{"embeddable":true,"href":"https:\/\/catholicus.eu\/pt\/wp-json\/wp\/v2\/users\/3"}],"replies":[{"embeddable":true,"href":"https:\/\/catholicus.eu\/pt\/wp-json\/wp\/v2\/comments?post=5462"}],"version-history":[{"count":1,"href":"https:\/\/catholicus.eu\/pt\/wp-json\/wp\/v2\/posts\/5462\/revisions"}],"predecessor-version":[{"id":5464,"href":"https:\/\/catholicus.eu\/pt\/wp-json\/wp\/v2\/posts\/5462\/revisions\/5464"}],"wp:featuredmedia":[{"embeddable":true,"href":"https:\/\/catholicus.eu\/pt\/wp-json\/wp\/v2\/media\/5463"}],"wp:attachment":[{"href":"https:\/\/catholicus.eu\/pt\/wp-json\/wp\/v2\/media?parent=5462"}],"wp:term":[{"taxonomy":"category","embeddable":true,"href":"https:\/\/catholicus.eu\/pt\/wp-json\/wp\/v2\/categories?post=5462"},{"taxonomy":"post_tag","embeddable":true,"href":"https:\/\/catholicus.eu\/pt\/wp-json\/wp\/v2\/tags?post=5462"}],"curies":[{"name":"wp","href":"https:\/\/api.w.org\/{rel}","templated":true}]}}