{"id":5459,"date":"2026-03-22T22:06:51","date_gmt":"2026-03-22T21:06:51","guid":{"rendered":"https:\/\/catholicus.eu\/pt\/?p=5459"},"modified":"2026-03-22T22:06:52","modified_gmt":"2026-03-22T21:06:52","slug":"lazaro-vem-para-fora-o-grito-que-venceu-a-morte-e-ainda-ecoa-hoje","status":"publish","type":"post","link":"https:\/\/catholicus.eu\/pt\/lazaro-vem-para-fora-o-grito-que-venceu-a-morte-e-ainda-ecoa-hoje\/","title":{"rendered":"\u201cL\u00e1zaro, vem para fora!\u201d: O grito que venceu a morte e ainda ecoa hoje"},"content":{"rendered":"\n<p>H\u00e1 cenas do Evangelho que n\u00e3o se leem apenas\u2026 sentem-se. O milagre da ressurrei\u00e7\u00e3o de L\u00e1zaro de Bet\u00e2nia \u00e9 uma delas. N\u00e3o \u00e9 simplesmente mais um prod\u00edgio entre tantos, mas uma profunda revela\u00e7\u00e3o do cora\u00e7\u00e3o de Deus, uma antecipa\u00e7\u00e3o da vit\u00f3ria definitiva sobre a morte e, ao mesmo tempo, um chamado profundamente pessoal dirigido a cada um de n\u00f3s.<\/p>\n\n\n\n<p>Este epis\u00f3dio, narrado no Evangelho de Jo\u00e3o Evangelista (Jo 11,1-44), coloca-nos diante de uma pergunta decisiva: acreditas realmente que Cristo tem poder sobre a morte\u2026 inclusive sobre as \u201cmortes\u201d que carregas dentro de ti?<\/p>\n\n\n\n<hr class=\"wp-block-separator has-alpha-channel-opacity\"\/>\n\n\n\n<h2 class=\"wp-block-heading\"><strong>1. Uma hist\u00f3ria profundamente humana: dor, amizade e l\u00e1grimas<\/strong><\/h2>\n\n\n\n<p>O relato come\u00e7a com uma situa\u00e7\u00e3o que todos podemos compreender: a doen\u00e7a e a morte de um ente querido. L\u00e1zaro de Bet\u00e2nia era irm\u00e3o de Marta de Bet\u00e2nia e de Maria de Bet\u00e2nia, amigos \u00edntimos de Jesus Cristo.<\/p>\n\n\n\n<p>Quando L\u00e1zaro adoece, suas irm\u00e3s mandam avisar Jesus. No entanto, Ele n\u00e3o vem imediatamente. Este detalhe surpreende: por que demora se ama essa fam\u00edlia?<\/p>\n\n\n\n<p>Aqui encontramos uma primeira chave teol\u00f3gica:<br><strong>Deus n\u00e3o age segundo os nossos tempos, mas segundo o seu plano de salva\u00e7\u00e3o.<\/strong><\/p>\n\n\n\n<p>Quando finalmente chega, L\u00e1zaro j\u00e1 est\u00e1 no sepulcro h\u00e1 quatro dias. Tudo parece perdido. Marta vai ao seu encontro com uma mistura de f\u00e9 e reprova\u00e7\u00e3o:<\/p>\n\n\n\n<blockquote class=\"wp-block-quote is-layout-flow wp-block-quote-is-layout-flow\">\n<p>\u201cSenhor, se estivesses aqui, meu irm\u00e3o n\u00e3o teria morrido\u201d (Jo 11,21)<\/p>\n<\/blockquote>\n\n\n\n<p>Quantas vezes dissemos o mesmo no sil\u00eancio do nosso cora\u00e7\u00e3o?<\/p>\n\n\n\n<p>E ent\u00e3o acontece algo extraordin\u00e1rio:<br><strong>Jesus chora.<\/strong><\/p>\n\n\n\n<p>O Evangelho expressa-o com uma das frases mais breves e profundas de toda a Escritura:<\/p>\n\n\n\n<blockquote class=\"wp-block-quote is-layout-flow wp-block-quote-is-layout-flow\">\n<p>\u201cJesus chorou\u201d (Jo 11,35)<\/p>\n<\/blockquote>\n\n\n\n<p>Essas l\u00e1grimas revelam uma verdade comovente:<br><strong>Deus n\u00e3o \u00e9 indiferente ao sofrimento humano. Deus comove-se. Deus partilha a nossa dor.<\/strong><\/p>\n\n\n\n<hr class=\"wp-block-separator has-alpha-channel-opacity\"\/>\n\n\n\n<h2 class=\"wp-block-heading\"><strong>2. \u201cEu sou a ressurrei\u00e7\u00e3o e a vida\u201d: a grande revela\u00e7\u00e3o<\/strong><\/h2>\n\n\n\n<p>Antes do milagre, Jesus pronuncia uma das declara\u00e7\u00f5es mais importantes do Evangelho:<\/p>\n\n\n\n<blockquote class=\"wp-block-quote is-layout-flow wp-block-quote-is-layout-flow\">\n<p>\u201cEu sou a ressurrei\u00e7\u00e3o e a vida; quem cr\u00ea em mim, ainda que morra, viver\u00e1\u201d (Jo 11,25)<\/p>\n<\/blockquote>\n\n\n\n<p>Esta afirma\u00e7\u00e3o n\u00e3o \u00e9 simb\u00f3lica nem metaf\u00f3rica. \u00c9 uma revela\u00e7\u00e3o ontol\u00f3gica:<br><strong>Cristo n\u00e3o apenas d\u00e1 a vida\u2026 Ele \u00c9 a Vida.<\/strong><\/p>\n\n\n\n<p>Aqui est\u00e1 o n\u00facleo da f\u00e9 crist\u00e3:<\/p>\n\n\n\n<ul class=\"wp-block-list\">\n<li>A morte n\u00e3o tem a \u00faltima palavra<\/li>\n\n\n\n<li>A vida eterna n\u00e3o \u00e9 uma ideia, mas uma Pessoa<\/li>\n\n\n\n<li>Crer em Cristo muda radicalmente o destino do homem<\/li>\n<\/ul>\n\n\n\n<p>A pergunta que Jesus faz a Marta continua a ressoar hoje com a mesma for\u00e7a:<\/p>\n\n\n\n<blockquote class=\"wp-block-quote is-layout-flow wp-block-quote-is-layout-flow\">\n<p>\u201cCr\u00eas isto?\u201d<\/p>\n<\/blockquote>\n\n\n\n<p>N\u00e3o \u00e9 uma pergunta dirigida apenas a ela. \u00c9 um desafio direto para cada leitor.<\/p>\n\n\n\n<hr class=\"wp-block-separator has-alpha-channel-opacity\"\/>\n\n\n\n<h2 class=\"wp-block-heading\"><strong>3. O milagre: quando a voz de Deus atravessa a morte<\/strong><\/h2>\n\n\n\n<p>Ao chegar ao sepulcro, Jesus ordena que retirem a pedra. Marta hesita:<\/p>\n\n\n\n<p>\u2014\u201cSenhor, j\u00e1 cheira mal, porque est\u00e1 a\u00ed h\u00e1 quatro dias\u2026\u201d<\/p>\n\n\n\n<p>\u00c9 a l\u00f3gica humana diante do poder divino. Mas Jesus insiste.<\/p>\n\n\n\n<p>Ent\u00e3o Ele levanta a voz e pronuncia uma ordem que atravessa o tempo e a eternidade:<\/p>\n\n\n\n<blockquote class=\"wp-block-quote is-layout-flow wp-block-quote-is-layout-flow\">\n<p>\u201cL\u00e1zaro, vem para fora!\u201d (Jo 11,43)<\/p>\n<\/blockquote>\n\n\n\n<p>E o imposs\u00edvel acontece:<br>o morto sai, ainda envolto em faixas.<\/p>\n\n\n\n<p>Este milagre possui m\u00faltiplas dimens\u00f5es teol\u00f3gicas:<\/p>\n\n\n\n<h3 class=\"wp-block-heading\"><strong>a) Sinal messi\u00e2nico<\/strong><\/h3>\n\n\n\n<p>Confirma que Jesus Cristo \u00e9 o Filho de Deus com poder sobre a vida e a morte.<\/p>\n\n\n\n<h3 class=\"wp-block-heading\"><strong>b) Antecipa\u00e7\u00e3o da Ressurrei\u00e7\u00e3o<\/strong><\/h3>\n\n\n\n<p>Prefigura a pr\u00f3pria ressurrei\u00e7\u00e3o de Cristo, que n\u00e3o ser\u00e1 um retorno \u00e0 vida terrena como a de L\u00e1zaro, mas uma glorifica\u00e7\u00e3o definitiva.<\/p>\n\n\n\n<h3 class=\"wp-block-heading\"><strong>c) Revela\u00e7\u00e3o do poder da Palavra<\/strong><\/h3>\n\n\n\n<p>A Palavra de Deus n\u00e3o descreve a realidade:<br><strong>ela transforma-a.<\/strong><\/p>\n\n\n\n<hr class=\"wp-block-separator has-alpha-channel-opacity\"\/>\n\n\n\n<h2 class=\"wp-block-heading\"><strong>4. Leitura espiritual: todos somos L\u00e1zaro<\/strong><\/h2>\n\n\n\n<p>Este trecho n\u00e3o \u00e9 apenas um acontecimento do passado. \u00c9 uma radiografia da alma humana.<\/p>\n\n\n\n<p>Em algum momento, todos somos como L\u00e1zaro de Bet\u00e2nia:<\/p>\n\n\n\n<ul class=\"wp-block-list\">\n<li>Fechados no sepulcro do pecado<\/li>\n\n\n\n<li>Presos por faixas que nos impedem de viver plenamente<\/li>\n\n\n\n<li>Rodeados de desesperan\u00e7a ou de tibieza espiritual<\/li>\n<\/ul>\n\n\n\n<p>E Cristo continua a proclamar hoje:<\/p>\n\n\n\n<p><strong>\u201cVem para fora\u201d<\/strong><\/p>\n\n\n\n<h3 class=\"wp-block-heading\">De que sepulcro precisas sair?<\/h3>\n\n\n\n<ul class=\"wp-block-list\">\n<li>De uma vida sem sentido<\/li>\n\n\n\n<li>De uma f\u00e9 superficial<\/li>\n\n\n\n<li>De h\u00e1bitos que te afastam de Deus<\/li>\n\n\n\n<li>De feridas n\u00e3o curadas<\/li>\n<\/ul>\n\n\n\n<p>O milagre de L\u00e1zaro recorda-nos que<br><strong>nenhuma situa\u00e7\u00e3o est\u00e1 definitivamente perdida para Deus.<\/strong><\/p>\n\n\n\n<hr class=\"wp-block-separator has-alpha-channel-opacity\"\/>\n\n\n\n<h2 class=\"wp-block-heading\"><strong>5. \u201cDesatai-o e deixai-o ir\u201d: a dimens\u00e3o comunit\u00e1ria<\/strong><\/h2>\n\n\n\n<p>Depois de ressuscitar L\u00e1zaro, Jesus diz algo surpreendente:<\/p>\n\n\n\n<blockquote class=\"wp-block-quote is-layout-flow wp-block-quote-is-layout-flow\">\n<p>\u201cDesatai-o e deixai-o ir\u201d (Jo 11,44)<\/p>\n<\/blockquote>\n\n\n\n<p>Aqui aparece a miss\u00e3o da Igreja.<\/p>\n\n\n\n<p>Cristo d\u00e1 a vida, mas a comunidade ajuda a libertar. Isto tem uma profunda dimens\u00e3o pastoral:<\/p>\n\n\n\n<ul class=\"wp-block-list\">\n<li>Ningu\u00e9m se salva sozinho<\/li>\n\n\n\n<li>A f\u00e9 vive-se em comunidade<\/li>\n\n\n\n<li>Somos chamados a ajudar os outros a \u201cserem desatados\u201d<\/li>\n<\/ul>\n\n\n\n<p>Isto concretiza-se em:<\/p>\n\n\n\n<ul class=\"wp-block-list\">\n<li>Acompanhamento espiritual<\/li>\n\n\n\n<li>Os sacramentos (especialmente a confiss\u00e3o)<\/li>\n\n\n\n<li>A caridade fraterna<\/li>\n<\/ul>\n\n\n\n<hr class=\"wp-block-separator has-alpha-channel-opacity\"\/>\n\n\n\n<h2 class=\"wp-block-heading\"><strong>6. Aplica\u00e7\u00f5es pr\u00e1ticas para a vida quotidiana<\/strong><\/h2>\n\n\n\n<p>Este trecho n\u00e3o \u00e9 apenas para contemplar, mas para viver. Eis algumas chaves concretas:<\/p>\n\n\n\n<h3 class=\"wp-block-heading\"><strong>1. Confia nos tempos de Deus<\/strong><\/h3>\n\n\n\n<p>Mesmo que pare\u00e7a tardar, nunca tarda.<br>Deus age no momento perfeito.<\/p>\n\n\n\n<h3 class=\"wp-block-heading\"><strong>2. N\u00e3o tenhas medo de mostrar a tua dor<\/strong><\/h3>\n\n\n\n<p>Jesus chorou. A f\u00e9 n\u00e3o elimina o sofrimento, mas transforma-o.<\/p>\n\n\n\n<h3 class=\"wp-block-heading\"><strong>3. Escuta a voz de Cristo<\/strong><\/h3>\n\n\n\n<p>Na ora\u00e7\u00e3o, na Palavra, nos sacramentos.<br>Deus continua a chamar-te pelo teu nome.<\/p>\n\n\n\n<h3 class=\"wp-block-heading\"><strong>4. Sai dos teus \u201csepulcros\u201d<\/strong><\/h3>\n\n\n\n<p>Identifica o que te paralisa e entrega-o a Deus.<\/p>\n\n\n\n<h3 class=\"wp-block-heading\"><strong>5. Ajuda os outros a libertarem-se<\/strong><\/h3>\n\n\n\n<p>S\u00ea instrumento de Deus na vida dos outros.<\/p>\n\n\n\n<hr class=\"wp-block-separator has-alpha-channel-opacity\"\/>\n\n\n\n<h2 class=\"wp-block-heading\"><strong>7. Uma mensagem para o nosso tempo<\/strong><\/h2>\n\n\n\n<p>Vivemos numa cultura marcada pelo medo, pela incerteza e, em muitos casos, por uma profunda desesperan\u00e7a. O milagre de L\u00e1zaro \u00e9 uma resposta direta a este contexto:<\/p>\n\n\n\n<ul class=\"wp-block-list\">\n<li>Contra o niilismo: <strong>h\u00e1 vida eterna<\/strong><\/li>\n\n\n\n<li>Contra o sofrimento: <strong>Deus chora contigo<\/strong><\/li>\n\n\n\n<li>Contra a morte: <strong>Cristo vence<\/strong><\/li>\n<\/ul>\n\n\n\n<p>Este epis\u00f3dio convida-nos a redescobrir a esperan\u00e7a crist\u00e3, n\u00e3o como um otimismo ing\u00eanuo, mas como uma certeza fundamentada no poder de Deus.<\/p>\n\n\n\n<hr class=\"wp-block-separator has-alpha-channel-opacity\"\/>\n\n\n\n<h2 class=\"wp-block-heading\"><strong>Conclus\u00e3o: o grito que te chama pelo nome<\/strong><\/h2>\n\n\n\n<p>O milagre de L\u00e1zaro de Bet\u00e2nia n\u00e3o \u00e9 apenas uma recorda\u00e7\u00e3o do passado. \u00c9 uma realidade viva.<\/p>\n\n\n\n<p>Cristo continua a aproximar-se dos sepulcros da nossa vida.<br>Continua a comover-se com a nossa dor.<br>Continua a chamar-nos com autoridade divina.<\/p>\n\n\n\n<p>A quest\u00e3o n\u00e3o \u00e9 se Ele pode ressuscitar.<br>A quest\u00e3o \u00e9 se est\u00e1s disposto a ouvir a sua voz.<\/p>\n\n\n\n<p>Porque quando Cristo chama\u2026<br><strong>a morte j\u00e1 n\u00e3o pode reter-te.<\/strong><\/p>\n","protected":false},"excerpt":{"rendered":"<p>H\u00e1 cenas do Evangelho que n\u00e3o se leem apenas\u2026 sentem-se. O milagre da ressurrei\u00e7\u00e3o de L\u00e1zaro de Bet\u00e2nia \u00e9 uma delas. N\u00e3o \u00e9 simplesmente mais um prod\u00edgio entre tantos, mas uma profunda revela\u00e7\u00e3o do cora\u00e7\u00e3o de Deus, uma antecipa\u00e7\u00e3o da vit\u00f3ria definitiva sobre a morte e, ao mesmo tempo, um chamado profundamente pessoal dirigido a &hellip;<\/p>\n","protected":false},"author":3,"featured_media":5460,"comment_status":"closed","ping_status":"closed","sticky":false,"template":"","format":"standard","meta":{"_seopress_robots_primary_cat":"","_seopress_titles_title":"","_seopress_titles_desc":"","_seopress_robots_index":"","footnotes":""},"categories":[37,45],"tags":[1866],"class_list":["post-5459","post","type-post","status-publish","format-standard","has-post-thumbnail","","category-doutrina-e-fe","category-sagradas-escrituras","tag-lazaro"],"_links":{"self":[{"href":"https:\/\/catholicus.eu\/pt\/wp-json\/wp\/v2\/posts\/5459","targetHints":{"allow":["GET"]}}],"collection":[{"href":"https:\/\/catholicus.eu\/pt\/wp-json\/wp\/v2\/posts"}],"about":[{"href":"https:\/\/catholicus.eu\/pt\/wp-json\/wp\/v2\/types\/post"}],"author":[{"embeddable":true,"href":"https:\/\/catholicus.eu\/pt\/wp-json\/wp\/v2\/users\/3"}],"replies":[{"embeddable":true,"href":"https:\/\/catholicus.eu\/pt\/wp-json\/wp\/v2\/comments?post=5459"}],"version-history":[{"count":1,"href":"https:\/\/catholicus.eu\/pt\/wp-json\/wp\/v2\/posts\/5459\/revisions"}],"predecessor-version":[{"id":5461,"href":"https:\/\/catholicus.eu\/pt\/wp-json\/wp\/v2\/posts\/5459\/revisions\/5461"}],"wp:featuredmedia":[{"embeddable":true,"href":"https:\/\/catholicus.eu\/pt\/wp-json\/wp\/v2\/media\/5460"}],"wp:attachment":[{"href":"https:\/\/catholicus.eu\/pt\/wp-json\/wp\/v2\/media?parent=5459"}],"wp:term":[{"taxonomy":"category","embeddable":true,"href":"https:\/\/catholicus.eu\/pt\/wp-json\/wp\/v2\/categories?post=5459"},{"taxonomy":"post_tag","embeddable":true,"href":"https:\/\/catholicus.eu\/pt\/wp-json\/wp\/v2\/tags?post=5459"}],"curies":[{"name":"wp","href":"https:\/\/api.w.org\/{rel}","templated":true}]}}