{"id":5450,"date":"2026-03-22T17:58:30","date_gmt":"2026-03-22T16:58:30","guid":{"rendered":"https:\/\/catholicus.eu\/pt\/?p=5450"},"modified":"2026-03-22T17:58:30","modified_gmt":"2026-03-22T16:58:30","slug":"senhor-nao-sou-digno-a-fe-que-surpreendeu-jesus-no-centuriao-romano","status":"publish","type":"post","link":"https:\/\/catholicus.eu\/pt\/senhor-nao-sou-digno-a-fe-que-surpreendeu-jesus-no-centuriao-romano\/","title":{"rendered":"\u201cSenhor, n\u00e3o sou digno\u201d: a f\u00e9 que surpreendeu Jesus no centuri\u00e3o romano"},"content":{"rendered":"\n<h2 class=\"wp-block-heading\">1. Uma cena que atravessa os s\u00e9culos<\/h2>\n\n\n\n<p>Existem frases que n\u00e3o envelhecem. Palavras que, pronunciadas h\u00e1 dois mil anos, ainda ressoam hoje em cada Missa, em cada alma que se aproxima de Deus com humildade. Uma delas \u00e9:<\/p>\n\n\n\n<blockquote class=\"wp-block-quote is-layout-flow wp-block-quote-is-layout-flow\">\n<p><strong>\u201cSenhor, n\u00e3o sou digno de que entres debaixo do meu teto; mas apenas dize a palavra, e o meu servo ser\u00e1 curado\u201d (cf. Mateus 8,8).<\/strong><\/p>\n<\/blockquote>\n\n\n\n<p>Esta express\u00e3o nasce de um encontro surpreendente: um soldado romano \u2014 pag\u00e3o, estrangeiro, s\u00edmbolo do poder opressor \u2014 aproxima-se de Jesus Cristo com uma f\u00e9 t\u00e3o pura que <strong>o pr\u00f3prio Jesus se \u201cmaravilha\u201d<\/strong>.<\/p>\n\n\n\n<p>E aqui encontramos algo profundamente revolucion\u00e1rio:<br><strong>Deus permite-se ser surpreendido pela f\u00e9 humana.<\/strong><\/p>\n\n\n\n<hr class=\"wp-block-separator has-alpha-channel-opacity\"\/>\n\n\n\n<h2 class=\"wp-block-heading\">2. O contexto: um homem inesperado<\/h2>\n\n\n\n<p>O relato aparece em Mateus 8,5\u201313. O protagonista \u00e9 um centuri\u00e3o, um oficial do ex\u00e9rcito romano respons\u00e1vel por cerca de cem soldados \u2014 um homem acostumado ao comando, \u00e0 disciplina e ao poder.<\/p>\n\n\n\n<p>No entanto, este homem n\u00e3o se apresenta com arrog\u00e2ncia, mas com s\u00faplica:<\/p>\n\n\n\n<ul class=\"wp-block-list\">\n<li>Tem um servo gravemente doente e sofredor.<\/li>\n\n\n\n<li>N\u00e3o pede por si mesmo, mas por outro.<\/li>\n\n\n\n<li>N\u00e3o exige; ele <strong>implora<\/strong>.<\/li>\n<\/ul>\n\n\n\n<p>Isso j\u00e1 quebra todas as expectativas. O poder humano frequentemente endurece o cora\u00e7\u00e3o. Mas aqui ocorre o contr\u00e1rio:<br><strong>a autoridade externa coexiste com uma profunda humildade interior.<\/strong><\/p>\n\n\n\n<hr class=\"wp-block-separator has-alpha-channel-opacity\"\/>\n\n\n\n<h2 class=\"wp-block-heading\">3. \u201cN\u00e3o sou digno\u201d: a porta da verdadeira f\u00e9<\/h2>\n\n\n\n<p>No centro do relato encontramos uma das confiss\u00f5es mais profundas do Evangelho:<\/p>\n\n\n\n<blockquote class=\"wp-block-quote is-layout-flow wp-block-quote-is-layout-flow\">\n<p>\u201cSenhor, n\u00e3o sou digno\u2026\u201d<\/p>\n<\/blockquote>\n\n\n\n<p>Essas palavras n\u00e3o surgem de baixa autoestima, mas da <strong>verdade espiritual<\/strong>:<\/p>\n\n\n\n<ul class=\"wp-block-list\">\n<li>O centuri\u00e3o reconhece quem \u00e9 Jesus.<\/li>\n\n\n\n<li>Ao mesmo tempo, reconhece quem ele mesmo \u00e9.<\/li>\n<\/ul>\n\n\n\n<p>A teologia cl\u00e1ssica ensina que a humildade \u00e9 a base de toda vida espiritual.<br>S\u00e3o Tom\u00e1s de Aquino diria que a humildade \u00e9 \u201candar na verdade\u201d.<\/p>\n\n\n\n<p>E este homem vive na verdade:<\/p>\n\n\n\n<ul class=\"wp-block-list\">\n<li>N\u00e3o se gaba de seus m\u00e9ritos.<\/li>\n\n\n\n<li>N\u00e3o se considera com direitos diante de Deus.<\/li>\n\n\n\n<li>N\u00e3o tenta negociar.<\/li>\n<\/ul>\n\n\n\n<p><strong>Ele simplesmente confia.<\/strong><\/p>\n\n\n\n<p>Paradoxalmente, como ensina a tradi\u00e7\u00e3o espiritual,<br><strong>aquele que se reconhece indigno torna-se digno do dom de Deus.<\/strong><\/p>\n\n\n\n<hr class=\"wp-block-separator has-alpha-channel-opacity\"\/>\n\n\n\n<h2 class=\"wp-block-heading\">4. \u201cDize apenas uma palavra\u201d: uma f\u00e9 que entende autoridade<\/h2>\n\n\n\n<p>O centuri\u00e3o acrescenta algo que eleva sua f\u00e9 a um n\u00edvel extraordin\u00e1rio:<\/p>\n\n\n\n<blockquote class=\"wp-block-quote is-layout-flow wp-block-quote-is-layout-flow\">\n<p>\u201cMas dize apenas uma palavra, e o meu servo ser\u00e1 curado.\u201d<\/p>\n<\/blockquote>\n\n\n\n<p>Aqui encontramos uma compreens\u00e3o teol\u00f3gica impressionante:<\/p>\n\n\n\n<h3 class=\"wp-block-heading\">4.1. A autoridade de Cristo<\/h3>\n\n\n\n<p>O centuri\u00e3o compara Jesus \u00e0 sua pr\u00f3pria experi\u00eancia militar:<\/p>\n\n\n\n<ul class=\"wp-block-list\">\n<li>Ele d\u00e1 ordens \u2192 e s\u00e3o obedecidas.<\/li>\n\n\n\n<li>Jesus d\u00e1 ordens \u2192 <strong>e a realidade obedece<\/strong>.<\/li>\n<\/ul>\n\n\n\n<p>Ele entendeu algo essencial:<br><strong>Cristo possui autoridade divina sobre a cria\u00e7\u00e3o.<\/strong><\/p>\n\n\n\n<h3 class=\"wp-block-heading\">4.2. A efic\u00e1cia da Palavra<\/h3>\n\n\n\n<p>Na B\u00edblia, a Palavra de Deus n\u00e3o \u00e9 apenas informativa; \u00e9 <strong>criadora<\/strong>:<\/p>\n\n\n\n<ul class=\"wp-block-list\">\n<li>\u201cDisse Deus\u2026 e aconteceu\u201d (G\u00eanesis 1)<\/li>\n\n\n\n<li>\u201cFa\u00e7a-se\u2026\u201d e a realidade muda<\/li>\n<\/ul>\n\n\n\n<p>O centuri\u00e3o acredita que <strong>uma \u00fanica palavra de Cristo \u00e9 suficiente<\/strong>.<br>N\u00e3o precisa de sinais, presen\u00e7a f\u00edsica ou rituais externos.<\/p>\n\n\n\n<p>Isso o torna um modelo de f\u00e9 pura:<\/p>\n\n\n\n<blockquote class=\"wp-block-quote is-layout-flow wp-block-quote-is-layout-flow\">\n<p><strong>A f\u00e9 \u00e9 acreditar no que n\u00e3o se v\u00ea, mas que se sabe verdadeiro (cf. Hebreus 11,1).<\/strong><\/p>\n<\/blockquote>\n\n\n\n<hr class=\"wp-block-separator has-alpha-channel-opacity\"\/>\n\n\n\n<h2 class=\"wp-block-heading\">5. O espanto de Jesus: f\u00e9 onde menos se espera<\/h2>\n\n\n\n<p>O Evangelho diz algo extraordin\u00e1rio:<\/p>\n\n\n\n<blockquote class=\"wp-block-quote is-layout-flow wp-block-quote-is-layout-flow\">\n<p>\u201cAo ouvir isso, Jesus se maravilhou\u2026\u201d<\/p>\n<\/blockquote>\n\n\n\n<p>N\u00e3o \u00e9 comum o Evangelho dizer que Jesus se surpreende.<br>Aqui o faz\u2026 <strong>pela f\u00e9 de um pag\u00e3o<\/strong>.<\/p>\n\n\n\n<p>E acrescenta uma afirma\u00e7\u00e3o contundente:<\/p>\n\n\n\n<blockquote class=\"wp-block-quote is-layout-flow wp-block-quote-is-layout-flow\">\n<p>\u201cEm verdade vos digo: em Israel n\u00e3o encontrei uma f\u00e9 t\u00e3o grande.\u201d<\/p>\n<\/blockquote>\n\n\n\n<h3 class=\"wp-block-heading\">O que isso significa teologicamente?<\/h3>\n\n\n\n<ol class=\"wp-block-list\">\n<li><strong>A f\u00e9 n\u00e3o depende da perten\u00e7a exterior<\/strong><br>N\u00e3o basta ser parte do \u201cpovo escolhido\u201d.<\/li>\n\n\n\n<li><strong>Deus olha o cora\u00e7\u00e3o<\/strong><br>E encontra f\u00e9 onde menos se espera.<\/li>\n\n\n\n<li><strong>O Reino \u00e9 universal<\/strong><br>\u201cMuitos vir\u00e3o do oriente e do ocidente\u2026\u201d<\/li>\n<\/ol>\n\n\n\n<p>Esta passagem antecipa algo fundamental:<br><strong>a salva\u00e7\u00e3o n\u00e3o \u00e9 privil\u00e9gio, mas dom oferecido a todos.<\/strong><\/p>\n\n\n\n<hr class=\"wp-block-separator has-alpha-channel-opacity\"\/>\n\n\n\n<h2 class=\"wp-block-heading\">6. Dimens\u00e3o eucar\u00edstica: a frase que repetimos hoje<\/h2>\n\n\n\n<p>Cada vez que participamos da Santa Missa, antes de comungar, repetimos:<\/p>\n\n\n\n<blockquote class=\"wp-block-quote is-layout-flow wp-block-quote-is-layout-flow\">\n<p>\u201cSenhor, n\u00e3o sou digno de que entres debaixo do meu teto\u2026\u201d<\/p>\n<\/blockquote>\n\n\n\n<p>N\u00e3o \u00e9 uma coincid\u00eancia. \u00c9 profundamente providencial.<\/p>\n\n\n\n<h3 class=\"wp-block-heading\">O que isso nos ensina?<\/h3>\n\n\n\n<ul class=\"wp-block-list\">\n<li>Que a Eucaristia n\u00e3o \u00e9 um direito, mas um dom.<\/li>\n\n\n\n<li>Que nos aproximamos de Cristo <strong>n\u00e3o por m\u00e9rito, mas por gra\u00e7a<\/strong>.<\/li>\n\n\n\n<li>Que a atitude correta \u00e9 a do centuri\u00e3o:<br><strong>humildade + f\u00e9 absoluta na Palavra de Cristo.<\/strong><\/li>\n<\/ul>\n\n\n\n<p>Quando o sacerdote diz: \u201cO Corpo de Cristo\u201d,<br>e respondemos: \u201cAm\u00e9m\u201d, estamos fazendo o mesmo que o centuri\u00e3o:<\/p>\n\n\n\n<p>\ud83d\udc49 <strong>Acreditando que a Palavra de Cristo transforma a realidade.<\/strong><\/p>\n\n\n\n<hr class=\"wp-block-separator has-alpha-channel-opacity\"\/>\n\n\n\n<h2 class=\"wp-block-heading\">7. Aplica\u00e7\u00f5es pr\u00e1ticas para a vida di\u00e1ria<\/h2>\n\n\n\n<p>Esta passagem n\u00e3o \u00e9 apenas uma bela hist\u00f3ria. \u00c9 um guia espiritual concreto.<\/p>\n\n\n\n<h3 class=\"wp-block-heading\">7.1. Aprenda a interceder pelos outros<\/h3>\n\n\n\n<p>O centuri\u00e3o intercede pelo seu servo.<\/p>\n\n\n\n<p>\ud83d\udc49 Hoje, em um mundo individualista, isso \u00e9 revolucion\u00e1rio:<br>reza pela tua fam\u00edlia, pelos teus filhos, por aqueles que sofrem.<\/p>\n\n\n\n<hr class=\"wp-block-separator has-alpha-channel-opacity\"\/>\n\n\n\n<h3 class=\"wp-block-heading\">7.2. Confie mesmo quando n\u00e3o v\u00ea<\/h3>\n\n\n\n<p>O milagre ocorre \u00e0 dist\u00e2ncia.<\/p>\n\n\n\n<p>\ud83d\udc49 N\u00e3o precisas \u201csentir\u201d para crer.<br>A f\u00e9 madura confia mesmo no sil\u00eancio de Deus.<\/p>\n\n\n\n<hr class=\"wp-block-separator has-alpha-channel-opacity\"\/>\n\n\n\n<h3 class=\"wp-block-heading\">7.3. Reconhe\u00e7a teus limites sem desesperar<\/h3>\n\n\n\n<p>\u201cN\u00e3o sou digno\u201d n\u00e3o \u00e9 derrota, \u00e9 abertura.<\/p>\n\n\n\n<p>\ud83d\udc49 A gra\u00e7a entra onde h\u00e1 verdade, n\u00e3o onde h\u00e1 orgulho.<\/p>\n\n\n\n<hr class=\"wp-block-separator has-alpha-channel-opacity\"\/>\n\n\n\n<h3 class=\"wp-block-heading\">7.4. Deixe Cristo ter autoridade em tua vida<\/h3>\n\n\n\n<p>O centuri\u00e3o compreendeu a autoridade.<\/p>\n\n\n\n<p>\ud83d\udc49 Pergunta-te:<\/p>\n\n\n\n<ul class=\"wp-block-list\">\n<li>Deixo Cristo guiar minhas decis\u00f5es?<\/li>\n\n\n\n<li>Ou s\u00f3 O consulto quando me conv\u00e9m?<\/li>\n<\/ul>\n\n\n\n<hr class=\"wp-block-separator has-alpha-channel-opacity\"\/>\n\n\n\n<h3 class=\"wp-block-heading\">7.5. Acredite no poder da Palavra<\/h3>\n\n\n\n<p>Uma \u00fanica palavra basta.<\/p>\n\n\n\n<p>\ud83d\udc49 A Escritura, a liturgia, os sacramentos\u2026<br>n\u00e3o s\u00e3o s\u00edmbolos vazios: <strong>s\u00e3o a\u00e7\u00e3o real de Deus.<\/strong><\/p>\n\n\n\n<hr class=\"wp-block-separator has-alpha-channel-opacity\"\/>\n\n\n\n<h2 class=\"wp-block-heading\">8. Um ensinamento profundamente atual<\/h2>\n\n\n\n<p>Vivemos numa \u00e9poca marcada por:<\/p>\n\n\n\n<ul class=\"wp-block-list\">\n<li>Autossufici\u00eancia (\u201cPosso sozinho\u201d)<\/li>\n\n\n\n<li>Relativismo (\u201cCada um tem a sua verdade\u201d)<\/li>\n\n\n\n<li>Superficialidade espiritual<\/li>\n<\/ul>\n\n\n\n<p>O centuri\u00e3o oferece o caminho oposto:<\/p>\n\n\n\n<ul class=\"wp-block-list\">\n<li>Humildade em vez de orgulho<\/li>\n\n\n\n<li>Confian\u00e7a em vez de controle<\/li>\n\n\n\n<li>F\u00e9 em vez de ceticismo<\/li>\n<\/ul>\n\n\n\n<p>E nos lembra algo essencial:<\/p>\n\n\n\n<p>\ud83d\udc49 <strong>N\u00e3o precisas ter tudo claro para crer.<br>Precisas confiar Aquele que tem tudo em Suas m\u00e3os.<\/strong><\/p>\n\n\n\n<hr class=\"wp-block-separator has-alpha-channel-opacity\"\/>\n\n\n\n<h2 class=\"wp-block-heading\">9. Conclus\u00e3o: a f\u00e9 que Deus procura hoje<\/h2>\n\n\n\n<p>O centuri\u00e3o n\u00e3o era te\u00f3logo, nem disc\u00edpulo, nem membro do povo escolhido.<\/p>\n\n\n\n<p>Mas possu\u00eda o essencial:<\/p>\n\n\n\n<ul class=\"wp-block-list\">\n<li>Um cora\u00e7\u00e3o humilde<\/li>\n\n\n\n<li>Confian\u00e7a radical<\/li>\n\n\n\n<li>Uma profunda compreens\u00e3o de quem \u00e9 Cristo<\/li>\n<\/ul>\n\n\n\n<p>E isso foi suficiente para que Jesus dissesse:<\/p>\n\n\n\n<blockquote class=\"wp-block-quote is-layout-flow wp-block-quote-is-layout-flow\">\n<p><strong>\u201cN\u00e3o encontrei uma f\u00e9 t\u00e3o grande.\u201d<\/strong><\/p>\n<\/blockquote>\n\n\n\n<p>Hoje, esse mesmo convite permanece aberto.<\/p>\n\n\n\n<p>N\u00e3o se trata de ser perfeito.<br>Trata-se de poder dizer, com verdade:<\/p>\n\n\n\n<p>\ud83d\udc49 <strong>\u201cSenhor, n\u00e3o sou digno\u2026 mas confio plenamente em Ti.\u201d<\/strong><\/p>\n\n\n\n<hr class=\"wp-block-separator has-alpha-channel-opacity\"\/>\n\n\n\n<h2 class=\"wp-block-heading\">10. Ora\u00e7\u00e3o final<\/h2>\n\n\n\n<p>Senhor Jesus,<br>como o centuri\u00e3o, reconhe\u00e7o que n\u00e3o sou digno,<br>mas creio que Tua Palavra tem poder para curar minha vida.<\/p>\n\n\n\n<p>Aumenta a minha f\u00e9,<br>faz-me humilde,<br>e ensina-me a confiar mesmo quando n\u00e3o vejo.<\/p>\n\n\n\n<p>Que eu nunca duvide de Ti,<br>e que minha vida se torne um ato constante de f\u00e9.<\/p>\n\n\n\n<p>Am\u00e9m.<\/p>\n","protected":false},"excerpt":{"rendered":"<p>1. Uma cena que atravessa os s\u00e9culos Existem frases que n\u00e3o envelhecem. Palavras que, pronunciadas h\u00e1 dois mil anos, ainda ressoam hoje em cada Missa, em cada alma que se aproxima de Deus com humildade. Uma delas \u00e9: \u201cSenhor, n\u00e3o sou digno de que entres debaixo do meu teto; mas apenas dize a palavra, e &hellip;<\/p>\n","protected":false},"author":3,"featured_media":5451,"comment_status":"closed","ping_status":"closed","sticky":false,"template":"","format":"standard","meta":{"_seopress_robots_primary_cat":"","_seopress_titles_title":"","_seopress_titles_desc":"","_seopress_robots_index":"","footnotes":""},"categories":[37,45],"tags":[1865],"class_list":["post-5450","post","type-post","status-publish","format-standard","has-post-thumbnail","","category-doutrina-e-fe","category-sagradas-escrituras","tag-centuriao-romano"],"_links":{"self":[{"href":"https:\/\/catholicus.eu\/pt\/wp-json\/wp\/v2\/posts\/5450","targetHints":{"allow":["GET"]}}],"collection":[{"href":"https:\/\/catholicus.eu\/pt\/wp-json\/wp\/v2\/posts"}],"about":[{"href":"https:\/\/catholicus.eu\/pt\/wp-json\/wp\/v2\/types\/post"}],"author":[{"embeddable":true,"href":"https:\/\/catholicus.eu\/pt\/wp-json\/wp\/v2\/users\/3"}],"replies":[{"embeddable":true,"href":"https:\/\/catholicus.eu\/pt\/wp-json\/wp\/v2\/comments?post=5450"}],"version-history":[{"count":1,"href":"https:\/\/catholicus.eu\/pt\/wp-json\/wp\/v2\/posts\/5450\/revisions"}],"predecessor-version":[{"id":5452,"href":"https:\/\/catholicus.eu\/pt\/wp-json\/wp\/v2\/posts\/5450\/revisions\/5452"}],"wp:featuredmedia":[{"embeddable":true,"href":"https:\/\/catholicus.eu\/pt\/wp-json\/wp\/v2\/media\/5451"}],"wp:attachment":[{"href":"https:\/\/catholicus.eu\/pt\/wp-json\/wp\/v2\/media?parent=5450"}],"wp:term":[{"taxonomy":"category","embeddable":true,"href":"https:\/\/catholicus.eu\/pt\/wp-json\/wp\/v2\/categories?post=5450"},{"taxonomy":"post_tag","embeddable":true,"href":"https:\/\/catholicus.eu\/pt\/wp-json\/wp\/v2\/tags?post=5450"}],"curies":[{"name":"wp","href":"https:\/\/api.w.org\/{rel}","templated":true}]}}