{"id":5447,"date":"2026-03-22T17:04:20","date_gmt":"2026-03-22T16:04:20","guid":{"rendered":"https:\/\/catholicus.eu\/pt\/?p=5447"},"modified":"2026-03-22T17:04:20","modified_gmt":"2026-03-22T16:04:20","slug":"quando-um-olhar-mudou-tudo-o-dia-em-que-zaqueu-desceu-da-arvore-e-encontrou-a-salvacao","status":"publish","type":"post","link":"https:\/\/catholicus.eu\/pt\/quando-um-olhar-mudou-tudo-o-dia-em-que-zaqueu-desceu-da-arvore-e-encontrou-a-salvacao\/","title":{"rendered":"Quando um olhar mudou tudo: o dia em que Zaqueu desceu da \u00e1rvore e encontrou a salva\u00e7\u00e3o"},"content":{"rendered":"\n<p>H\u00e1 cenas do Evangelho que parecem pequenas, quase aned\u00f3ticas\u2026 e, no entanto, cont\u00eam uma profundidade capaz de transformar uma vida inteira. A hist\u00f3ria de Zaqueu, narrada no Evangelho de Lucas (Lc 19,1-10), \u00e9 uma delas.<\/p>\n\n\n\n<p>N\u00e3o h\u00e1 milagres espetaculares. N\u00e3o h\u00e1 multid\u00f5es curadas. N\u00e3o h\u00e1 longos discursos. Apenas um olhar. Um nome pronunciado. Uma decis\u00e3o. E uma convers\u00e3o radical.<\/p>\n\n\n\n<p>E, no entanto, todo o Evangelho est\u00e1 contido ali.<\/p>\n\n\n\n<hr class=\"wp-block-separator has-alpha-channel-opacity\"\/>\n\n\n\n<h2 class=\"wp-block-heading\">1. O homem que ningu\u00e9m queria\u2026 e que Deus procurava<\/h2>\n\n\n\n<p>Zaqueu era chefe dos publicanos. Ou seja, um cobrador de impostos a servi\u00e7o do Imp\u00e9rio Romano. No contexto de Israel, isso n\u00e3o era simplesmente uma profiss\u00e3o: era uma trai\u00e7\u00e3o.<\/p>\n\n\n\n<p>Os publicanos eram considerados:<\/p>\n\n\n\n<ul class=\"wp-block-list\">\n<li>Pecadores p\u00fablicos<\/li>\n\n\n\n<li>Colaboradores do opressor<\/li>\n\n\n\n<li>Ladr\u00f5es legais (muitos cobravam mais do que o devido)<\/li>\n<\/ul>\n\n\n\n<p>Zaqueu n\u00e3o era apenas um deles\u2026 era o chefe.<\/p>\n\n\n\n<p>E o Evangelho acrescenta um detalhe fundamental: <em>\u201cera rico\u201d<\/em>.<\/p>\n\n\n\n<p>Na mentalidade b\u00edblica, isso n\u00e3o era neutro. A riqueza, quando unida \u00e0 injusti\u00e7a, revela uma vida desordenada em rela\u00e7\u00e3o a Deus e ao pr\u00f3ximo.<\/p>\n\n\n\n<p>Mas o texto introduz uma fissura nesse mundo aparentemente fechado:<\/p>\n\n\n\n<blockquote class=\"wp-block-quote is-layout-flow wp-block-quote-is-layout-flow\">\n<p>\u201cProcurava ver quem era Jesus, mas n\u00e3o conseguia por causa da multid\u00e3o, porque era de pequena estatura.\u201d (Lc 19,3)<\/p>\n<\/blockquote>\n\n\n\n<p>Aqui come\u00e7a tudo.<\/p>\n\n\n\n<hr class=\"wp-block-separator has-alpha-channel-opacity\"\/>\n\n\n\n<h2 class=\"wp-block-heading\">2. O desejo que precede a gra\u00e7a<\/h2>\n\n\n\n<p>Antes da convers\u00e3o\u2026 h\u00e1 um desejo.<\/p>\n\n\n\n<p>Zaqueu quer ver Jesus Cristo.<\/p>\n\n\n\n<p>Ele ainda n\u00e3o sabe exatamente o que procura. N\u00e3o h\u00e1 um ato expl\u00edcito de arrependimento. N\u00e3o h\u00e1 uma confiss\u00e3o pr\u00e9via. Apenas uma inquieta\u00e7\u00e3o interior.<\/p>\n\n\n\n<p>Teologicamente, isso \u00e9 fundamental.<\/p>\n\n\n\n<p>A tradi\u00e7\u00e3o da Igreja sempre ensinou que:<\/p>\n\n\n\n<ul class=\"wp-block-list\">\n<li>A gra\u00e7a de Deus <strong>precede<\/strong> a convers\u00e3o<\/li>\n\n\n\n<li>Mas o cora\u00e7\u00e3o humano pode <strong>cooperar<\/strong> com essa gra\u00e7a<\/li>\n<\/ul>\n\n\n\n<p>Esse pequeno gesto \u2014 correr, subir numa \u00e1rvore \u2014 n\u00e3o \u00e9 banal. \u00c9 um sinal de abertura.<\/p>\n\n\n\n<p>Em outras palavras:<br>Zaqueu ainda n\u00e3o se converteu\u2026 mas j\u00e1 n\u00e3o est\u00e1 fechado.<\/p>\n\n\n\n<p>E isso basta para que Deus aja.<\/p>\n\n\n\n<hr class=\"wp-block-separator has-alpha-channel-opacity\"\/>\n\n\n\n<h2 class=\"wp-block-heading\">3. O esc\u00e2ndalo de um olhar<\/h2>\n\n\n\n<p>O momento central do relato n\u00e3o \u00e9 a \u00e1rvore. N\u00e3o \u00e9 a riqueza. N\u00e3o \u00e9 a restitui\u00e7\u00e3o posterior.<\/p>\n\n\n\n<p>\u00c9 o olhar.<\/p>\n\n\n\n<blockquote class=\"wp-block-quote is-layout-flow wp-block-quote-is-layout-flow\">\n<p>\u201cQuando Jesus chegou \u00e0quele lugar, levantou os olhos e disse-lhe: \u2018Zaqueu, desce depressa, porque hoje devo ficar em tua casa.\u2019\u201d (Lc 19,5)<\/p>\n<\/blockquote>\n\n\n\n<p>Aqui acontece algo teologicamente imenso.<\/p>\n\n\n\n<h3 class=\"wp-block-heading\">3.1. Deus toma a iniciativa<\/h3>\n\n\n\n<p>Zaqueu procurava ver Jesus.<br>Mas \u00e9 Jesus quem o encontra.<\/p>\n\n\n\n<p>Isso revela o cora\u00e7\u00e3o do cristianismo:<br>N\u00e3o \u00e9 o homem que alcan\u00e7a Deus\u2026<br>\u00e9 Deus que vem ao encontro do homem.<\/p>\n\n\n\n<h3 class=\"wp-block-heading\">3.2. Um chamado pessoal<\/h3>\n\n\n\n<p>Jesus o chama pelo nome: <em>\u201cZaqueu\u201d<\/em>.<\/p>\n\n\n\n<p>Na B\u00edblia, o nome n\u00e3o \u00e9 um detalhe superficial. \u00c9 identidade, hist\u00f3ria, dignidade.<\/p>\n\n\n\n<p>No meio da multid\u00e3o, Jesus n\u00e3o v\u00ea \u201cmais um pecador\u201d.<br>Ele v\u00ea uma pessoa concreta.<\/p>\n\n\n\n<p>Isso \u00e9 profundamente atual.<\/p>\n\n\n\n<p>Numa sociedade em que muitos se sentem:<\/p>\n\n\n\n<ul class=\"wp-block-list\">\n<li>invis\u00edveis<\/li>\n\n\n\n<li>rotulados<\/li>\n\n\n\n<li>reduzidos aos seus erros do passado<\/li>\n<\/ul>\n\n\n\n<p>Cristo continua a olhar de forma pessoal.<\/p>\n\n\n\n<h3 class=\"wp-block-heading\">3.3. Um convite inesperado<\/h3>\n\n\n\n<p>\u201cHoje devo ficar em tua casa.\u201d<\/p>\n\n\n\n<p>Ele n\u00e3o diz: \u201carrepende-te primeiro\u201d.<br>Ele n\u00e3o diz: \u201cmuda de vida e depois virei\u201d.<\/p>\n\n\n\n<p>Ele vai primeiro. Entra primeiro. Ama primeiro.<\/p>\n\n\n\n<p>Esta \u00e9 a ordem da gra\u00e7a:<\/p>\n\n\n\n<ol class=\"wp-block-list\">\n<li>Deus se aproxima<\/li>\n\n\n\n<li>Deus habita<\/li>\n\n\n\n<li>O cora\u00e7\u00e3o muda<\/li>\n<\/ol>\n\n\n\n<hr class=\"wp-block-separator has-alpha-channel-opacity\"\/>\n\n\n\n<h2 class=\"wp-block-heading\">4. O murm\u00fario do mundo\u2026 e a liberdade da alma<\/h2>\n\n\n\n<p>A rea\u00e7\u00e3o das pessoas \u00e9 imediata:<\/p>\n\n\n\n<blockquote class=\"wp-block-quote is-layout-flow wp-block-quote-is-layout-flow\">\n<p>\u201cAo verem isso, todos murmuravam, dizendo: \u2018Foi hospedar-se na casa de um pecador.\u2019\u201d (Lc 19,7)<\/p>\n<\/blockquote>\n\n\n\n<p>Isso n\u00e3o \u00e9 um detalhe secund\u00e1rio. \u00c9 uma constante no Evangelho.<\/p>\n\n\n\n<p>Sempre que Deus age com miseric\u00f3rdia\u2026 surge o esc\u00e2ndalo humano.<\/p>\n\n\n\n<p>Porque a l\u00f3gica do mundo diz:<\/p>\n\n\n\n<ul class=\"wp-block-list\">\n<li>Primeiro merecer<\/li>\n\n\n\n<li>Depois receber<\/li>\n<\/ul>\n\n\n\n<p>Mas a l\u00f3gica de Deus \u00e9:<\/p>\n\n\n\n<ul class=\"wp-block-list\">\n<li>Primeiro amar<\/li>\n\n\n\n<li>Depois transformar<\/li>\n<\/ul>\n\n\n\n<p>Aqui est\u00e1 um ensinamento pastoral fundamental para hoje:<\/p>\n\n\n\n<p>Muitas pessoas n\u00e3o se aproximam de Deus porque:<\/p>\n\n\n\n<ul class=\"wp-block-list\">\n<li>se sentem indignas<\/li>\n\n\n\n<li>acreditam n\u00e3o ser \u201cboas o suficiente\u201d<\/li>\n\n\n\n<li>pensam que precisam mudar antes de se aproximar<\/li>\n<\/ul>\n\n\n\n<p>O epis\u00f3dio de Zaqueu destr\u00f3i essa mentira.<\/p>\n\n\n\n<p>Cristo entra precisamente na casa do pecador.<\/p>\n\n\n\n<hr class=\"wp-block-separator has-alpha-channel-opacity\"\/>\n\n\n\n<h2 class=\"wp-block-heading\">5. A verdadeira convers\u00e3o: do dinheiro ao cora\u00e7\u00e3o<\/h2>\n\n\n\n<p>Ap\u00f3s o encontro, Zaqueu pronuncia palavras decisivas:<\/p>\n\n\n\n<blockquote class=\"wp-block-quote is-layout-flow wp-block-quote-is-layout-flow\">\n<p>\u201cSenhor, dou a metade dos meus bens aos pobres; e, se defraudei algu\u00e9m, restituo quatro vezes mais.\u201d (Lc 19,8)<\/p>\n<\/blockquote>\n\n\n\n<p>Isso \u00e9 convers\u00e3o aut\u00eantica.<\/p>\n\n\n\n<h3 class=\"wp-block-heading\">5.1. N\u00e3o \u00e9 apenas emo\u00e7\u00e3o<\/h3>\n\n\n\n<p>Zaqueu n\u00e3o diz: \u201csinto-me melhor\u201d.<br>Ele n\u00e3o diz: \u201ca tua visita me emocionou\u201d.<\/p>\n\n\n\n<p>Ele faz algo concreto.<\/p>\n\n\n\n<p>A convers\u00e3o crist\u00e3 tem sempre duas dimens\u00f5es:<\/p>\n\n\n\n<ul class=\"wp-block-list\">\n<li>Interior (o cora\u00e7\u00e3o muda)<\/li>\n\n\n\n<li>Exterior (a vida muda)<\/li>\n<\/ul>\n\n\n\n<h3 class=\"wp-block-heading\">5.2. Justi\u00e7a e caridade<\/h3>\n\n\n\n<p>Zaqueu:<\/p>\n\n\n\n<ul class=\"wp-block-list\">\n<li>Repara o dano (justi\u00e7a)<\/li>\n\n\n\n<li>D\u00e1 aos pobres (caridade)<\/li>\n<\/ul>\n\n\n\n<p>Isso \u00e9 profundamente teol\u00f3gico.<\/p>\n\n\n\n<p>N\u00e3o basta \u201csentir-se perdoado\u201d.<br>O amor de Deus impulsiona a restaurar o que foi quebrado.<\/p>\n\n\n\n<hr class=\"wp-block-separator has-alpha-channel-opacity\"\/>\n\n\n\n<h2 class=\"wp-block-heading\">6. \u00abHoje a salva\u00e7\u00e3o chegou a esta casa\u00bb<\/h2>\n\n\n\n<p>Jesus conclui com uma declara\u00e7\u00e3o solene:<\/p>\n\n\n\n<blockquote class=\"wp-block-quote is-layout-flow wp-block-quote-is-layout-flow\">\n<p>\u201cHoje a salva\u00e7\u00e3o chegou a esta casa\u2026 porque o Filho do Homem veio buscar e salvar o que estava perdido.\u201d (Lc 19,9-10)<\/p>\n<\/blockquote>\n\n\n\n<p>Aqui se revela o sentido completo do epis\u00f3dio.<\/p>\n\n\n\n<h3 class=\"wp-block-heading\">6.1. A salva\u00e7\u00e3o \u00e9 um encontro<\/h3>\n\n\n\n<p>N\u00e3o \u00e9 uma ideia.<br>N\u00e3o \u00e9 uma regra.<br>N\u00e3o \u00e9 uma emo\u00e7\u00e3o.<\/p>\n\n\n\n<p>\u00c9 um encontro pessoal com Cristo.<\/p>\n\n\n\n<h3 class=\"wp-block-heading\">6.2. A salva\u00e7\u00e3o \u00e9 \u201choje\u201d<\/h3>\n\n\n\n<p>N\u00e3o amanh\u00e3.<br>N\u00e3o quando fores perfeito.<br>N\u00e3o quando tudo estiver resolvido.<\/p>\n\n\n\n<p>Hoje.<\/p>\n\n\n\n<p>Este \u201choje\u201d \u00e9 central no Evangelho de Lucas:<\/p>\n\n\n\n<ul class=\"wp-block-list\">\n<li>Hoje nasceu o Salvador<\/li>\n\n\n\n<li>Hoje se cumpre esta Escritura<\/li>\n\n\n\n<li>Hoje estar\u00e1s comigo no para\u00edso<\/li>\n<\/ul>\n\n\n\n<p>Deus age no presente.<\/p>\n\n\n\n<hr class=\"wp-block-separator has-alpha-channel-opacity\"\/>\n\n\n\n<h2 class=\"wp-block-heading\">7. Aplica\u00e7\u00f5es pr\u00e1ticas para a vida cotidiana<\/h2>\n\n\n\n<p>Esta passagem n\u00e3o \u00e9 apenas hist\u00f3ria. \u00c9 um guia espiritual concreto.<\/p>\n\n\n\n<h3 class=\"wp-block-heading\">7.1. Atreve-te a \u201csubir \u00e0 \u00e1rvore\u201d<\/h3>\n\n\n\n<p>Hoje, \u201csubir \u00e0 \u00e1rvore\u201d pode significar:<\/p>\n\n\n\n<ul class=\"wp-block-list\">\n<li>Buscar Deus no meio do ru\u00eddo<\/li>\n\n\n\n<li>Reservar tempo para a ora\u00e7\u00e3o<\/li>\n\n\n\n<li>Ler o Evangelho mesmo sem compreend\u00ea-lo totalmente<\/li>\n<\/ul>\n\n\n\n<p>N\u00e3o \u00e9 necess\u00e1rio ter tudo claro. Basta querer ver.<\/p>\n\n\n\n<hr class=\"wp-block-separator has-alpha-channel-opacity\"\/>\n\n\n\n<h3 class=\"wp-block-heading\">7.2. Deixa Cristo olhar para ti<\/h3>\n\n\n\n<p>Muitos vivem fugindo desse olhar:<\/p>\n\n\n\n<ul class=\"wp-block-list\">\n<li>por culpa<\/li>\n\n\n\n<li>por vergonha<\/li>\n\n\n\n<li>por feridas<\/li>\n<\/ul>\n\n\n\n<p>Mas o olhar de Cristo n\u00e3o humilha.<br>Ele revela dignidade.<\/p>\n\n\n\n<hr class=\"wp-block-separator has-alpha-channel-opacity\"\/>\n\n\n\n<h3 class=\"wp-block-heading\">7.3. Desce da \u00e1rvore: decide<\/h3>\n\n\n\n<p>Zaqueu n\u00e3o fica l\u00e1 em cima apenas observando.<\/p>\n\n\n\n<p>Ele responde.<\/p>\n\n\n\n<p>A vida espiritual n\u00e3o \u00e9 apenas contempla\u00e7\u00e3o.<br>\u00c9 decis\u00e3o.<\/p>\n\n\n\n<hr class=\"wp-block-separator has-alpha-channel-opacity\"\/>\n\n\n\n<h3 class=\"wp-block-heading\">7.4. Abre a tua casa<\/h3>\n\n\n\n<p>\u201cA tua casa\u201d hoje \u00e9:<\/p>\n\n\n\n<ul class=\"wp-block-list\">\n<li>a tua vida<\/li>\n\n\n\n<li>as tuas feridas<\/li>\n\n\n\n<li>os teus pecados<\/li>\n\n\n\n<li>a tua hist\u00f3ria<\/li>\n<\/ul>\n\n\n\n<p>Cristo n\u00e3o pede uma casa perfeita.<br>Ele pede uma porta aberta.<\/p>\n\n\n\n<hr class=\"wp-block-separator has-alpha-channel-opacity\"\/>\n\n\n\n<h3 class=\"wp-block-heading\">7.5. Muda o que \u00e9 concreto<\/h3>\n\n\n\n<p>A verdadeira convers\u00e3o v\u00ea-se em:<\/p>\n\n\n\n<ul class=\"wp-block-list\">\n<li>como tratas os outros<\/li>\n\n\n\n<li>como usas o dinheiro<\/li>\n\n\n\n<li>como reparas o dano<\/li>\n<\/ul>\n\n\n\n<p>O Evangelho n\u00e3o \u00e9 abstrato. \u00c9 profundamente concreto.<\/p>\n\n\n\n<hr class=\"wp-block-separator has-alpha-channel-opacity\"\/>\n\n\n\n<h2 class=\"wp-block-heading\">8. Uma \u00faltima reflex\u00e3o: e se tu fosses Zaqueu?<\/h2>\n\n\n\n<p>Esta passagem tem uma for\u00e7a especial porque, em algum momento, todos n\u00f3s somos Zaqueu:<\/p>\n\n\n\n<ul class=\"wp-block-list\">\n<li>Pequenos diante da vida<\/li>\n\n\n\n<li>Limitados<\/li>\n\n\n\n<li>Com erros<\/li>\n\n\n\n<li>\u00c0 procura sem saber exatamente de qu\u00ea<\/li>\n<\/ul>\n\n\n\n<p>E, no entanto\u2026 vistos.<\/p>\n\n\n\n<p>Chamados pelo nome.<\/p>\n\n\n\n<p>Convidados a uma rela\u00e7\u00e3o.<\/p>\n\n\n\n<p>A hist\u00f3ria de Zaqueu n\u00e3o \u00e9 apenas a dele.<br>\u00c9 a tua.<\/p>\n\n\n\n<p>Porque o mesmo Cristo continua a passar hoje.<br>Continua a levantar o olhar.<br>Continua a dizer:<\/p>\n\n\n\n<p><strong>\u201cDesce depressa\u2026 porque hoje quero ficar em tua casa.\u201d<\/strong><\/p>\n\n\n\n<hr class=\"wp-block-separator has-alpha-channel-opacity\"\/>\n\n\n\n<h2 class=\"wp-block-heading\">Conclus\u00e3o<\/h2>\n\n\n\n<p>A convers\u00e3o de Zaqueu ensina-nos que:<\/p>\n\n\n\n<ul class=\"wp-block-list\">\n<li>Ningu\u00e9m est\u00e1 demasiado longe de Deus<\/li>\n\n\n\n<li>Um pequeno desejo pode abrir a porta \u00e0 gra\u00e7a<\/li>\n\n\n\n<li>O olhar de Cristo transforma mais do que qualquer esfor\u00e7o humano<\/li>\n\n\n\n<li>A verdadeira convers\u00e3o traduz-se sempre em obras<\/li>\n<\/ul>\n\n\n\n<p>Num mundo que rotula, descarta e julga rapidamente, esta passagem recorda-nos algo revolucion\u00e1rio:<\/p>\n\n\n\n<p><strong>Deus n\u00e3o ama vers\u00f5es perfeitas de n\u00f3s.<br>Ama pessoas reais\u2026 e transforma-as a partir de dentro.<\/strong><\/p>\n\n\n\n<p>E tudo pode come\u00e7ar hoje.<br>Com um olhar.<br>E com a coragem de descer da \u00e1rvore.<\/p>\n","protected":false},"excerpt":{"rendered":"<p>H\u00e1 cenas do Evangelho que parecem pequenas, quase aned\u00f3ticas\u2026 e, no entanto, cont\u00eam uma profundidade capaz de transformar uma vida inteira. A hist\u00f3ria de Zaqueu, narrada no Evangelho de Lucas (Lc 19,1-10), \u00e9 uma delas. N\u00e3o h\u00e1 milagres espetaculares. N\u00e3o h\u00e1 multid\u00f5es curadas. N\u00e3o h\u00e1 longos discursos. Apenas um olhar. Um nome pronunciado. Uma decis\u00e3o. &hellip;<\/p>\n","protected":false},"author":3,"featured_media":5448,"comment_status":"closed","ping_status":"closed","sticky":false,"template":"","format":"standard","meta":{"_seopress_robots_primary_cat":"","_seopress_titles_title":"","_seopress_titles_desc":"","_seopress_robots_index":"","footnotes":""},"categories":[37,45],"tags":[1864],"class_list":["post-5447","post","type-post","status-publish","format-standard","has-post-thumbnail","","category-doutrina-e-fe","category-sagradas-escrituras","tag-zaqueu"],"_links":{"self":[{"href":"https:\/\/catholicus.eu\/pt\/wp-json\/wp\/v2\/posts\/5447","targetHints":{"allow":["GET"]}}],"collection":[{"href":"https:\/\/catholicus.eu\/pt\/wp-json\/wp\/v2\/posts"}],"about":[{"href":"https:\/\/catholicus.eu\/pt\/wp-json\/wp\/v2\/types\/post"}],"author":[{"embeddable":true,"href":"https:\/\/catholicus.eu\/pt\/wp-json\/wp\/v2\/users\/3"}],"replies":[{"embeddable":true,"href":"https:\/\/catholicus.eu\/pt\/wp-json\/wp\/v2\/comments?post=5447"}],"version-history":[{"count":1,"href":"https:\/\/catholicus.eu\/pt\/wp-json\/wp\/v2\/posts\/5447\/revisions"}],"predecessor-version":[{"id":5449,"href":"https:\/\/catholicus.eu\/pt\/wp-json\/wp\/v2\/posts\/5447\/revisions\/5449"}],"wp:featuredmedia":[{"embeddable":true,"href":"https:\/\/catholicus.eu\/pt\/wp-json\/wp\/v2\/media\/5448"}],"wp:attachment":[{"href":"https:\/\/catholicus.eu\/pt\/wp-json\/wp\/v2\/media?parent=5447"}],"wp:term":[{"taxonomy":"category","embeddable":true,"href":"https:\/\/catholicus.eu\/pt\/wp-json\/wp\/v2\/categories?post=5447"},{"taxonomy":"post_tag","embeddable":true,"href":"https:\/\/catholicus.eu\/pt\/wp-json\/wp\/v2\/tags?post=5447"}],"curies":[{"name":"wp","href":"https:\/\/api.w.org\/{rel}","templated":true}]}}