{"id":5444,"date":"2026-03-22T16:19:56","date_gmt":"2026-03-22T15:19:56","guid":{"rendered":"https:\/\/catholicus.eu\/pt\/?p=5444"},"modified":"2026-03-22T16:19:56","modified_gmt":"2026-03-22T15:19:56","slug":"nicodemos-o-crente-que-tinha-medo-de-crer-e-o-que-sua-historia-revela-sobre-voce-hoje","status":"publish","type":"post","link":"https:\/\/catholicus.eu\/pt\/nicodemos-o-crente-que-tinha-medo-de-crer-e-o-que-sua-historia-revela-sobre-voce-hoje\/","title":{"rendered":"Nicodemos: O crente que tinha medo de crer (e o que sua hist\u00f3ria revela sobre voc\u00ea hoje)"},"content":{"rendered":"\n<p>Existem personagens do Evangelho que brilham por sua santidade evidente\u2026 e outros que nos comovem precisamente por sua fraqueza. Nicodemos pertence a este segundo grupo. Ele n\u00e3o \u00e9 um ap\u00f3stolo, n\u00e3o \u00e9 um m\u00e1rtir, n\u00e3o \u00e9 um santo conhecido por grandes atos heroicos\u2026 pelo menos, n\u00e3o no in\u00edcio.<\/p>\n\n\n\n<p>Ele \u00e9, antes, um homem dividido.<\/p>\n\n\n\n<p>Um homem que busca a verdade\u2026 mas teme as consequ\u00eancias de encontr\u00e1-la.<\/p>\n\n\n\n<p>E por essa raz\u00e3o, sua hist\u00f3ria n\u00e3o \u00e9 apenas antiga. \u00c9 profundamente atual. \u00c9 a hist\u00f3ria de milh\u00f5es de pessoas hoje.<\/p>\n\n\n\n<hr class=\"wp-block-separator has-alpha-channel-opacity\"\/>\n\n\n\n<h2 class=\"wp-block-heading\"><strong>Quem foi Nicodemos? Um homem importante\u2026 e ainda vazio<\/strong><\/h2>\n\n\n\n<p>Nicodemos aparece no Evangelho segundo Jo\u00e3o como:<\/p>\n\n\n\n<ul class=\"wp-block-list\">\n<li>Fariseu<\/li>\n\n\n\n<li>Membro do Sin\u00e9drio (a elite religiosa de Israel)<\/li>\n\n\n\n<li>Mestre da Lei<\/li>\n<\/ul>\n\n\n\n<p>Ou seja, ele n\u00e3o era ignorante nem superficial. Era culto, religioso, respeitado. Tinha prest\u00edgio, conhecimento e posi\u00e7\u00e3o social.<\/p>\n\n\n\n<p>Mas lhe faltava algo.<\/p>\n\n\n\n<p>Faltava-lhe o essencial: <strong>uma vida interior transformada por Deus<\/strong>.<\/p>\n\n\n\n<p>Aqui est\u00e1 a primeira grande li\u00e7\u00e3o:<\/p>\n\n\n\n<blockquote class=\"wp-block-quote is-layout-flow wp-block-quote-is-layout-flow\">\n<p>Voc\u00ea pode saber muito sobre Deus\u2026 e n\u00e3o conhecer a Deus.<\/p>\n<\/blockquote>\n\n\n\n<hr class=\"wp-block-separator has-alpha-channel-opacity\"\/>\n\n\n\n<h2 class=\"wp-block-heading\"><strong>A noite de Nicodemos: quando a alma busca em segredo<\/strong><\/h2>\n\n\n\n<p>O momento-chave de sua hist\u00f3ria \u00e9 quando ele decide visitar Jesus Cristo.<\/p>\n\n\n\n<p>Mas h\u00e1 um detalhe que n\u00e3o \u00e9 acidental:<\/p>\n\n\n\n<p><strong>Ele vai \u00e0 noite.<\/strong><\/p>\n\n\n\n<blockquote class=\"wp-block-quote is-layout-flow wp-block-quote-is-layout-flow\">\n<p>\u201cHavia entre os fariseus um homem chamado Nicodemos\u2026 Este veio a Jesus \u00e0 noite\u2026\u201d (Jo\u00e3o 3,1\u20132)<\/p>\n<\/blockquote>\n\n\n\n<p>Por que \u00e0 noite?<\/p>\n\n\n\n<ul class=\"wp-block-list\">\n<li>Por medo do que os outros diriam<\/li>\n\n\n\n<li>Por receio de perder seu status<\/li>\n\n\n\n<li>Por inseguran\u00e7a interior<\/li>\n\n\n\n<li>Por n\u00e3o querer se expor<\/li>\n<\/ul>\n\n\n\n<p>Nicodemos acredita\u2026 mas n\u00e3o o suficiente para dar um passo publicamente.<\/p>\n\n\n\n<p>E \u00e9 aqui que sua hist\u00f3ria nos interpela diretamente:<\/p>\n\n\n\n<p>\ud83d\udc49 Quantas vezes voc\u00ea tamb\u00e9m \u201cvai \u00e0 noite\u201d em dire\u00e7\u00e3o a Deus?<\/p>\n\n\n\n<ul class=\"wp-block-list\">\n<li>Quando reza sozinho, mas n\u00e3o se atreve a viver a f\u00e9 publicamente<\/li>\n\n\n\n<li>Quando sabe o que \u00e9 certo, mas teme parecer mal<\/li>\n\n\n\n<li>Quando pressente a verdade\u2026 mas n\u00e3o quer que ela mude sua vida<\/li>\n<\/ul>\n\n\n\n<hr class=\"wp-block-separator has-alpha-channel-opacity\"\/>\n\n\n\n<h2 class=\"wp-block-heading\"><strong>\u201c\u00c9 necess\u00e1rio nascer de novo\u201d: a frase que desorienta Nicodemos<\/strong><\/h2>\n\n\n\n<p>Naquele encontro, Jesus lhe diz algo que quebra todos os seus esquemas:<\/p>\n\n\n\n<blockquote class=\"wp-block-quote is-layout-flow wp-block-quote-is-layout-flow\">\n<p>\u201cSe algu\u00e9m n\u00e3o nascer de novo, n\u00e3o pode ver o Reino de Deus.\u201d (Jo\u00e3o 3,3)<\/p>\n<\/blockquote>\n\n\n\n<p>Nicodemos, homem racional e instru\u00eddo, n\u00e3o entende.<\/p>\n\n\n\n<p>Ele responde quase com ironia:<\/p>\n\n\n\n<blockquote class=\"wp-block-quote is-layout-flow wp-block-quote-is-layout-flow\">\n<p>\u201cComo pode um homem nascer sendo velho?\u201d<\/p>\n<\/blockquote>\n\n\n\n<p>Aqui est\u00e1 o choque:<\/p>\n\n\n\n<ul class=\"wp-block-list\">\n<li>Nicodemos representa a religi\u00e3o entendida como regras, tradi\u00e7\u00e3o, estrutura<\/li>\n\n\n\n<li>Cristo traz uma vida nova, radical, interior<\/li>\n<\/ul>\n\n\n\n<p>N\u00e3o se trata apenas de \u201cportar-se bem\u201d.<\/p>\n\n\n\n<p>Trata-se de <strong>renascer por dentro<\/strong>.<\/p>\n\n\n\n<p>De permitir que Deus te transforme no mais profundo de seu ser.<\/p>\n\n\n\n<hr class=\"wp-block-separator has-alpha-channel-opacity\"\/>\n\n\n\n<h2 class=\"wp-block-heading\"><strong>O drama de Nicodemos: crer\u2026 mas n\u00e3o totalmente<\/strong><\/h2>\n\n\n\n<p>Nicodemos n\u00e3o rejeita Jesus.<\/p>\n\n\n\n<p>Mas tamb\u00e9m n\u00e3o se entrega completamente.<\/p>\n\n\n\n<p>Permanece em um ponto intermedi\u00e1rio, desconfort\u00e1vel, inst\u00e1vel.<\/p>\n\n\n\n<p>E este \u00e9 um dos estados espirituais mais perigosos:<\/p>\n\n\n\n<p>\ud83d\udc49 N\u00e3o estar longe de Deus\u2026 mas tamb\u00e9m n\u00e3o estar verdadeiramente com Ele.<\/p>\n\n\n\n<p>\u00c9 a tibieza.<\/p>\n\n\n\n<p>\u00c9 f\u00e9 sem consequ\u00eancias.<\/p>\n\n\n\n<p>\u00c9 cristianismo sem cruz.<\/p>\n\n\n\n<hr class=\"wp-block-separator has-alpha-channel-opacity\"\/>\n\n\n\n<h2 class=\"wp-block-heading\"><strong>Um raio de luz: Nicodemos come\u00e7a a mudar<\/strong><\/h2>\n\n\n\n<p>Nicodemos reaparece mais adiante no Evangelho.<\/p>\n\n\n\n<p>Quando os fariseus querem condenar Jesus, ele se atreve a dizer:<\/p>\n\n\n\n<blockquote class=\"wp-block-quote is-layout-flow wp-block-quote-is-layout-flow\">\n<p>\u201cAcaso a nossa Lei julga um homem sem primeiro ouvi-lo?\u201d (Jo\u00e3o 7,51)<\/p>\n<\/blockquote>\n\n\n\n<p>N\u00e3o \u00e9 uma defesa aberta.<\/p>\n\n\n\n<p>Mas ele n\u00e3o est\u00e1 mais completamente em sil\u00eancio.<\/p>\n\n\n\n<p>Algo est\u00e1 mudando.<\/p>\n\n\n\n<p>A gra\u00e7a est\u00e1 agindo.<\/p>\n\n\n\n<hr class=\"wp-block-separator has-alpha-channel-opacity\"\/>\n\n\n\n<h2 class=\"wp-block-heading\"><strong>O momento decisivo: quando n\u00e3o h\u00e1 mais volta<\/strong><\/h2>\n\n\n\n<p>Finalmente, Nicodemos aparece no momento mais dif\u00edcil:<\/p>\n\n\n\n<p>A morte de Cristo.<\/p>\n\n\n\n<p>Ap\u00f3s a crucifica\u00e7\u00e3o, junto com Jos\u00e9 de Arimateia, ele faz algo impens\u00e1vel:<\/p>\n\n\n\n<p>\ud83d\udc49 Ele se exp\u00f5e publicamente para dar sepultura a Jesus.<\/p>\n\n\n\n<blockquote class=\"wp-block-quote is-layout-flow wp-block-quote-is-layout-flow\">\n<p>\u201cNicodemos\u2026 trouxe uma mistura de mirra e alo\u00e9s\u2026 e tomaram o corpo de Jesus\u2026\u201d (Jo\u00e3o 19,39\u201340)<\/p>\n<\/blockquote>\n\n\n\n<p>Aqui n\u00e3o h\u00e1 mais noite.<\/p>\n\n\n\n<p>Aqui n\u00e3o h\u00e1 mais medo escondido.<\/p>\n\n\n\n<p>Aqui h\u00e1 um homem que, tarde, mas verdadeiramente, tomou sua decis\u00e3o.<\/p>\n\n\n\n<hr class=\"wp-block-separator has-alpha-channel-opacity\"\/>\n\n\n\n<h2 class=\"wp-block-heading\"><strong>O ensinamento teol\u00f3gico: o caminho da alma para a luz<\/strong><\/h2>\n\n\n\n<p>A figura de Nicodemos \u00e9 profundamente rica do ponto de vista teol\u00f3gico:<\/p>\n\n\n\n<h3 class=\"wp-block-heading\">1. <strong>A gra\u00e7a age lentamente<\/strong><\/h3>\n\n\n\n<p>Deus nem sempre transforma de imediato.<\/p>\n\n\n\n<p>\u00c0s vezes, Ele trabalha no cora\u00e7\u00e3o gradualmente.<\/p>\n\n\n\n<p>Nicodemos n\u00e3o passa da d\u00favida \u00e0 santidade em um dia.<\/p>\n\n\n\n<p>Mas ele avan\u00e7a.<\/p>\n\n\n\n<hr class=\"wp-block-separator has-alpha-channel-opacity\"\/>\n\n\n\n<h3 class=\"wp-block-heading\">2. <strong>A f\u00e9 envolve risco<\/strong><\/h3>\n\n\n\n<p>Acreditar de verdade implica perder algo:<\/p>\n\n\n\n<ul class=\"wp-block-list\">\n<li>Reputa\u00e7\u00e3o<\/li>\n\n\n\n<li>Conforto<\/li>\n\n\n\n<li>Seguran\u00e7a<\/li>\n<\/ul>\n\n\n\n<p>Nicodemos sabia disso. Por isso hesitou.<\/p>\n\n\n\n<p>Mas, no fim, ele entendeu que <strong>perder por Cristo \u00e9 ganhar eternamente<\/strong>.<\/p>\n\n\n\n<hr class=\"wp-block-separator has-alpha-channel-opacity\"\/>\n\n\n\n<h3 class=\"wp-block-heading\">3. <strong>Conhecer a verdade n\u00e3o \u00e9 suficiente<\/strong><\/h3>\n\n\n\n<p>Nicodemos sabia muito.<\/p>\n\n\n\n<p>Mas teve que aprender que:<\/p>\n\n\n\n<p>\ud83d\udc49 A salva\u00e7\u00e3o n\u00e3o vem do conhecimento\u2026 mas da convers\u00e3o.<\/p>\n\n\n\n<hr class=\"wp-block-separator has-alpha-channel-opacity\"\/>\n\n\n\n<h2 class=\"wp-block-heading\"><strong>Nicodemos hoje: o crist\u00e3o silencioso do s\u00e9culo XXI<\/strong><\/h2>\n\n\n\n<p>Nicodemos n\u00e3o \u00e9 apenas um personagem do Evangelho.<\/p>\n\n\n\n<p>Ele \u00e9 um perfil espiritual muito atual.<\/p>\n\n\n\n<p>Hoje h\u00e1 muitos \u201cNicodemos\u201d:<\/p>\n\n\n\n<ul class=\"wp-block-list\">\n<li>Acreditam, mas n\u00e3o dizem<\/li>\n\n\n\n<li>Praticam, mas com vergonha<\/li>\n\n\n\n<li>Pressentem a verdade, mas n\u00e3o se comprometem<\/li>\n<\/ul>\n\n\n\n<p>Em um mundo onde a f\u00e9 \u00e9 questionada, ridicularizada ou ignorada, o medo de se expor \u00e9 real.<\/p>\n\n\n\n<p>Mas o Evangelho n\u00e3o deixa espa\u00e7o para meias medidas.<\/p>\n\n\n\n<hr class=\"wp-block-separator has-alpha-channel-opacity\"\/>\n\n\n\n<h2 class=\"wp-block-heading\"><strong>Guia pr\u00e1tico: como parar de ser um \u201cNicodemos da noite\u201d<\/strong><\/h2>\n\n\n\n<p>Aqui a hist\u00f3ria dele se torna um caminho espiritual:<\/p>\n\n\n\n<h3 class=\"wp-block-heading\"><strong>1. D\u00ea um passo vis\u00edvel na sua f\u00e9<\/strong><\/h3>\n\n\n\n<p>N\u00e3o \u00e9 preciso come\u00e7ar com grandes gestos.<\/p>\n\n\n\n<p>Mas \u00e9 preciso algo concreto:<\/p>\n\n\n\n<ul class=\"wp-block-list\">\n<li>Fazer o sinal da cruz em p\u00fablico<\/li>\n\n\n\n<li>Defender uma verdade com caridade<\/li>\n\n\n\n<li>N\u00e3o esconder seus valores<\/li>\n<\/ul>\n\n\n\n<hr class=\"wp-block-separator has-alpha-channel-opacity\"\/>\n\n\n\n<h3 class=\"wp-block-heading\"><strong>2. Aceite o custo de crer<\/strong><\/h3>\n\n\n\n<p>Ser crist\u00e3o n\u00e3o \u00e9 confort\u00e1vel.<\/p>\n\n\n\n<p>Nunca foi.<\/p>\n\n\n\n<p>Mas vale a pena.<\/p>\n\n\n\n<hr class=\"wp-block-separator has-alpha-channel-opacity\"\/>\n\n\n\n<h3 class=\"wp-block-heading\"><strong>3. Busque encontros reais com Cristo<\/strong><\/h3>\n\n\n\n<p>Nicodemos teve um encontro pessoal com Jesus.<\/p>\n\n\n\n<p>Voc\u00ea tamb\u00e9m precisa disso:<\/p>\n\n\n\n<ul class=\"wp-block-list\">\n<li>Na ora\u00e7\u00e3o<\/li>\n\n\n\n<li>Nos sacramentos<\/li>\n\n\n\n<li>No sil\u00eancio<\/li>\n<\/ul>\n\n\n\n<hr class=\"wp-block-separator has-alpha-channel-opacity\"\/>\n\n\n\n<h3 class=\"wp-block-heading\"><strong>4. N\u00e3o adie sua convers\u00e3o<\/strong><\/h3>\n\n\n\n<p>Nicodemos chegou\u2026 mas tarde.<\/p>\n\n\n\n<p>N\u00e3o espere pelos momentos extremos.<\/p>\n\n\n\n<p>Comece hoje.<\/p>\n\n\n\n<hr class=\"wp-block-separator has-alpha-channel-opacity\"\/>\n\n\n\n<h2 class=\"wp-block-heading\"><strong>Conclus\u00e3o: da noite para a luz<\/strong><\/h2>\n\n\n\n<p>A hist\u00f3ria de Nicodemos \u00e9 uma hist\u00f3ria de esperan\u00e7a.<\/p>\n\n\n\n<p>Porque mostra que:<\/p>\n\n\n\n<ul class=\"wp-block-list\">\n<li>Mesmo uma f\u00e9 fraca pode crescer<\/li>\n\n\n\n<li>Mesmo um cora\u00e7\u00e3o dividido pode decidir<\/li>\n\n\n\n<li>Mesmo o medo pode se transformar em coragem<\/li>\n<\/ul>\n\n\n\n<p>Mas tamb\u00e9m \u00e9 um aviso:<\/p>\n\n\n\n<p>\ud83d\udc49 N\u00e3o permane\u00e7a na noite.<\/p>\n\n\n\n<p>Cristo n\u00e3o veio para que voc\u00ea o buscasse em segredo.<\/p>\n\n\n\n<p>Veio para que voc\u00ea viva na luz.<\/p>\n\n\n\n<blockquote class=\"wp-block-quote is-layout-flow wp-block-quote-is-layout-flow\">\n<p>\u201cA luz veio ao mundo\u2026 mas os homens amaram mais as trevas do que a luz\u2026\u201d (Jo\u00e3o 3,19)<\/p>\n<\/blockquote>\n\n\n\n<p>A pergunta \u00e9 direta, desconfort\u00e1vel, inevit\u00e1vel:<\/p>\n\n\n\n<p><strong>Voc\u00ea vai permanecer um Nicodemos da noite\u2026 ou se tornar aquele que finalmente entra na luz?<\/strong><\/p>\n","protected":false},"excerpt":{"rendered":"<p>Existem personagens do Evangelho que brilham por sua santidade evidente\u2026 e outros que nos comovem precisamente por sua fraqueza. Nicodemos pertence a este segundo grupo. Ele n\u00e3o \u00e9 um ap\u00f3stolo, n\u00e3o \u00e9 um m\u00e1rtir, n\u00e3o \u00e9 um santo conhecido por grandes atos heroicos\u2026 pelo menos, n\u00e3o no in\u00edcio. Ele \u00e9, antes, um homem dividido. Um &hellip;<\/p>\n","protected":false},"author":3,"featured_media":5445,"comment_status":"closed","ping_status":"closed","sticky":false,"template":"","format":"standard","meta":{"_seopress_robots_primary_cat":"","_seopress_titles_title":"","_seopress_titles_desc":"","_seopress_robots_index":"","footnotes":""},"categories":[37,45],"tags":[1863],"class_list":["post-5444","post","type-post","status-publish","format-standard","has-post-thumbnail","","category-doutrina-e-fe","category-sagradas-escrituras","tag-nicodemos"],"_links":{"self":[{"href":"https:\/\/catholicus.eu\/pt\/wp-json\/wp\/v2\/posts\/5444","targetHints":{"allow":["GET"]}}],"collection":[{"href":"https:\/\/catholicus.eu\/pt\/wp-json\/wp\/v2\/posts"}],"about":[{"href":"https:\/\/catholicus.eu\/pt\/wp-json\/wp\/v2\/types\/post"}],"author":[{"embeddable":true,"href":"https:\/\/catholicus.eu\/pt\/wp-json\/wp\/v2\/users\/3"}],"replies":[{"embeddable":true,"href":"https:\/\/catholicus.eu\/pt\/wp-json\/wp\/v2\/comments?post=5444"}],"version-history":[{"count":1,"href":"https:\/\/catholicus.eu\/pt\/wp-json\/wp\/v2\/posts\/5444\/revisions"}],"predecessor-version":[{"id":5446,"href":"https:\/\/catholicus.eu\/pt\/wp-json\/wp\/v2\/posts\/5444\/revisions\/5446"}],"wp:featuredmedia":[{"embeddable":true,"href":"https:\/\/catholicus.eu\/pt\/wp-json\/wp\/v2\/media\/5445"}],"wp:attachment":[{"href":"https:\/\/catholicus.eu\/pt\/wp-json\/wp\/v2\/media?parent=5444"}],"wp:term":[{"taxonomy":"category","embeddable":true,"href":"https:\/\/catholicus.eu\/pt\/wp-json\/wp\/v2\/categories?post=5444"},{"taxonomy":"post_tag","embeddable":true,"href":"https:\/\/catholicus.eu\/pt\/wp-json\/wp\/v2\/tags?post=5444"}],"curies":[{"name":"wp","href":"https:\/\/api.w.org\/{rel}","templated":true}]}}