{"id":5432,"date":"2026-03-21T23:58:07","date_gmt":"2026-03-21T22:58:07","guid":{"rendered":"https:\/\/catholicus.eu\/pt\/?p=5432"},"modified":"2026-03-21T23:58:07","modified_gmt":"2026-03-21T22:58:07","slug":"a-tirania-da-imagem-quando-o-mundo-exige-que-voce-pareca-e-deus-te-chama-a-ser","status":"publish","type":"post","link":"https:\/\/catholicus.eu\/pt\/a-tirania-da-imagem-quando-o-mundo-exige-que-voce-pareca-e-deus-te-chama-a-ser\/","title":{"rendered":"A tirania da imagem: quando o mundo exige que voc\u00ea pare\u00e7a\u2026 e Deus te chama a ser"},"content":{"rendered":"\n<p>Vivemos numa \u00e9poca em que n\u00e3o basta existir: \u00e9 preciso projetar-se.<br>N\u00e3o basta ser bom: \u00e9 preciso parecer.<br>N\u00e3o basta viver: \u00e9 preciso mostrar.<\/p>\n\n\n\n<p>A imagem \u2014 cuidadosamente filtrada, editada e calculada \u2014 tornou-se a moeda social mais poderosa do nosso tempo.<\/p>\n\n\n\n<p>Mas aqui surge uma pergunta inc\u00f4moda, profundamente espiritual:<br><strong>o que acontece quando a imagem substitui a verdade?<\/strong><\/p>\n\n\n\n<p>Do ponto de vista da f\u00e9, n\u00e3o estamos diante de algo superficial. Estamos diante de algo muito mais s\u00e9rio: <strong>uma forma moderna de idolatria<\/strong>.<\/p>\n\n\n\n<hr class=\"wp-block-separator has-alpha-channel-opacity\"\/>\n\n\n\n<h2 class=\"wp-block-heading\"><strong>1. A nova idolatria: n\u00e3o de pedra, mas de apar\u00eancia<\/strong><\/h2>\n\n\n\n<p>Antigamente, o homem fabricava \u00eddolos de ouro, madeira ou pedra. Hoje, o \u00eddolo assumiu outra forma: <strong>a pr\u00f3pria imagem<\/strong>.<\/p>\n\n\n\n<p>J\u00e1 n\u00e3o adoramos est\u00e1tuas\u2026<br>Adoramos a percep\u00e7\u00e3o.<\/p>\n\n\n\n<p>Buscamos aprova\u00e7\u00e3o, valida\u00e7\u00e3o, reconhecimento constante. E, embora isso possa parecer apenas cultural ou psicol\u00f3gico, a teologia v\u00ea com clareza: <strong>quando algo ocupa o lugar de Deus no cora\u00e7\u00e3o, torna-se um \u00eddolo<\/strong>.<\/p>\n\n\n\n<p>A obsess\u00e3o pela imagem n\u00e3o \u00e9 apenas vaidade:<br>\u00e9 uma <strong>desvia\u00e7\u00e3o do fim \u00faltimo do homem<\/strong>, que \u00e9 amar e servir a Deus, e n\u00e3o ser admirado pelos outros.<\/p>\n\n\n\n<hr class=\"wp-block-separator has-alpha-channel-opacity\"\/>\n\n\n\n<h2 class=\"wp-block-heading\"><strong>2. \u201cProcuro agradar aos homens ou a Deus?\u201d \u2014 o julgamento da Escritura<\/strong><\/h2>\n\n\n\n<p>O ap\u00f3stolo S\u00e3o Paulo expressa isso com uma for\u00e7a que atravessa os s\u00e9culos:<\/p>\n\n\n\n<blockquote class=\"wp-block-quote is-layout-flow wp-block-quote-is-layout-flow\">\n<p><em>\u201cProcuro eu agora o favor dos homens ou o de Deus? Ou procuro agradar aos homens? Se ainda estivesse procurando agradar aos homens, n\u00e3o seria servo de Cristo.\u201d<\/em><br>(Carta aos G\u00e1latas 1,10)<\/p>\n<\/blockquote>\n\n\n\n<p>Este vers\u00edculo \u00e9 uma espada que corta toda ambiguidade.<\/p>\n\n\n\n<p>N\u00e3o h\u00e1 meio-termo.<br>N\u00e3o se pode viver para a aprova\u00e7\u00e3o social e, ao mesmo tempo, pertencer plenamente a Cristo.<\/p>\n\n\n\n<p>Porque o cora\u00e7\u00e3o humano n\u00e3o admite dois senhores.<\/p>\n\n\n\n<hr class=\"wp-block-separator has-alpha-channel-opacity\"\/>\n\n\n\n<h2 class=\"wp-block-heading\"><strong>3. A l\u00f3gica do mundo vs. a l\u00f3gica de Deus<\/strong><\/h2>\n\n\n\n<p>O mundo diz:<\/p>\n\n\n\n<ul class=\"wp-block-list\">\n<li>\u201cCuide da sua imagem\u201d<\/li>\n\n\n\n<li>\u201cConstrua sua marca pessoal\u201d<\/li>\n\n\n\n<li>\u201cSeja vis\u00edvel, relevante, influente\u201d<\/li>\n<\/ul>\n\n\n\n<p>Deus diz:<\/p>\n\n\n\n<ul class=\"wp-block-list\">\n<li>\u201cOlhe para o cora\u00e7\u00e3o\u201d<\/li>\n\n\n\n<li>\u201cViva na verdade\u201d<\/li>\n\n\n\n<li>\u201cSeja fiel no que est\u00e1 oculto\u201d<\/li>\n<\/ul>\n\n\n\n<p>Enquanto a cultura digital recompensa o que se v\u00ea, Deus valoriza o que <strong>ningu\u00e9m v\u00ea<\/strong>.<\/p>\n\n\n\n<p>Isso j\u00e1 estava claro na Escritura:<\/p>\n\n\n\n<blockquote class=\"wp-block-quote is-layout-flow wp-block-quote-is-layout-flow\">\n<p><em>\u201cO homem v\u00ea a apar\u00eancia, mas o Senhor v\u00ea o cora\u00e7\u00e3o.\u201d<\/em> (1 Samuel 16,7)<\/p>\n<\/blockquote>\n\n\n\n<p>Aqui se confrontam duas vis\u00f5es do ser humano:<\/p>\n\n\n\n<ul class=\"wp-block-list\">\n<li>Uma baseada na apar\u00eancia (externa, mut\u00e1vel, superficial)<\/li>\n\n\n\n<li>Outra baseada na verdade do ser (interna, eterna, real)<\/li>\n<\/ul>\n\n\n\n<hr class=\"wp-block-separator has-alpha-channel-opacity\"\/>\n\n\n\n<h2 class=\"wp-block-heading\"><strong>4. A raiz espiritual do problema: o orgulho e o medo<\/strong><\/h2>\n\n\n\n<p>A obsess\u00e3o pela imagem n\u00e3o nasce apenas do narcisismo. Ela tem duas ra\u00edzes mais profundas:<\/p>\n\n\n\n<h3 class=\"wp-block-heading\"><strong>a) O orgulho<\/strong><\/h3>\n\n\n\n<p>O desejo de ser visto, reconhecido, admirado.<\/p>\n\n\n\n<p>N\u00e3o \u00e9 apenas querer agradar. \u00c9 querer estar no centro.<\/p>\n\n\n\n<h3 class=\"wp-block-heading\"><strong>b) O medo<\/strong><\/h3>\n\n\n\n<p>Medo da rejei\u00e7\u00e3o.<br>Medo de n\u00e3o ser suficiente.<br>Medo de ser ignorado.<\/p>\n\n\n\n<p>E aqui est\u00e1 o paradoxo:<br><strong>quanto mais voc\u00ea constr\u00f3i uma imagem para se proteger, mais se afasta de quem realmente \u00e9<\/strong>.<\/p>\n\n\n\n<hr class=\"wp-block-separator has-alpha-channel-opacity\"\/>\n\n\n\n<h2 class=\"wp-block-heading\"><strong>5. Cristo: a revolu\u00e7\u00e3o do oculto<\/strong><\/h2>\n\n\n\n<p>Diante dessa cultura de exposi\u00e7\u00e3o constante, Jesus Cristo prop\u00f5e algo radicalmente diferente:<\/p>\n\n\n\n<ul class=\"wp-block-list\">\n<li>Rezar em segredo<\/li>\n\n\n\n<li>Jejuar sem mostrar<\/li>\n\n\n\n<li>Dar esmola sem anunciar<\/li>\n<\/ul>\n\n\n\n<blockquote class=\"wp-block-quote is-layout-flow wp-block-quote-is-layout-flow\">\n<p><em>\u201cTeu Pai, que v\u00ea no segredo, te recompensar\u00e1.\u201d<\/em> (Mateus 6)<\/p>\n<\/blockquote>\n\n\n\n<p>O cristianismo aut\u00eantico n\u00e3o \u00e9 espet\u00e1culo.<br>\u00c9 <strong>vida interior<\/strong>.<\/p>\n\n\n\n<p>Cristo n\u00e3o veio construir uma imagem.<br>Veio revelar a verdade\u2026 mesmo quando essa verdade conduzia \u00e0 Cruz.<\/p>\n\n\n\n<hr class=\"wp-block-separator has-alpha-channel-opacity\"\/>\n\n\n\n<h2 class=\"wp-block-heading\"><strong>6. A idolatria social: quando todos participam sem perceber<\/strong><\/h2>\n\n\n\n<p>Hoje, a idolatria da imagem n\u00e3o \u00e9 individual: \u00e9 coletiva.<\/p>\n\n\n\n<ul class=\"wp-block-list\">\n<li>Redes sociais que recompensam a apar\u00eancia<\/li>\n\n\n\n<li>Uma cultura que mede o valor pela visibilidade<\/li>\n\n\n\n<li>Ambientes em que \u201cparecer\u201d pesa mais que \u201cser\u201d<\/li>\n<\/ul>\n\n\n\n<p>Assim surge uma press\u00e3o invis\u00edvel:<\/p>\n\n\n\n<p><strong>Se voc\u00ea n\u00e3o se projeta, voc\u00ea n\u00e3o existe.<\/strong><\/p>\n\n\n\n<p>Mas, do ponto de vista da f\u00e9, isso \u00e9 profundamente falso.<\/p>\n\n\n\n<p>Porque o seu valor n\u00e3o depende de quem o v\u00ea\u2026<br>mas de Quem o criou.<\/p>\n\n\n\n<hr class=\"wp-block-separator has-alpha-channel-opacity\"\/>\n\n\n\n<h2 class=\"wp-block-heading\"><strong>7. As consequ\u00eancias espirituais de viver para a imagem<\/strong><\/h2>\n\n\n\n<p>Viver obcecado pela imagem traz efeitos devastadores:<\/p>\n\n\n\n<h3 class=\"wp-block-heading\"><strong>1. Esvazia a vida interior<\/strong><\/h3>\n\n\n\n<p>Voc\u00ea se torna dependente do olhar externo.<\/p>\n\n\n\n<h3 class=\"wp-block-heading\"><strong>2. Fragmenta a identidade<\/strong><\/h3>\n\n\n\n<p>Voc\u00ea \u00e9 uma pessoa em privado e outra em p\u00fablico.<\/p>\n\n\n\n<h3 class=\"wp-block-heading\"><strong>3. Apaga a autenticidade<\/strong><\/h3>\n\n\n\n<p>Voc\u00ea deixa de viver na verdade.<\/p>\n\n\n\n<h3 class=\"wp-block-heading\"><strong>4. Enfraquece a rela\u00e7\u00e3o com Deus<\/strong><\/h3>\n\n\n\n<p>Porque Deus n\u00e3o habita na apar\u00eancia\u2026 mas na verdade.<\/p>\n\n\n\n<hr class=\"wp-block-separator has-alpha-channel-opacity\"\/>\n\n\n\n<h2 class=\"wp-block-heading\"><strong>8. Guia pr\u00e1tico: como se libertar da tirania da imagem<\/strong><\/h2>\n\n\n\n<p>\u00c9 aqui que a teologia se torna vida concreta.<\/p>\n\n\n\n<h3 class=\"wp-block-heading\"><strong>1. Pratique o anonimato espiritual<\/strong><\/h3>\n\n\n\n<p>Fa\u00e7a o bem sem contar.<br>Reze sem publicar.<br>Ame sem exibir.<\/p>\n\n\n\n<h3 class=\"wp-block-heading\"><strong>2. Examine suas inten\u00e7\u00f5es<\/strong><\/h3>\n\n\n\n<p>Antes de agir, pergunte-se:<br>\u201cFa\u00e7o isso por Deus\u2026 ou para ser visto?\u201d<\/p>\n\n\n\n<h3 class=\"wp-block-heading\"><strong>3. Aceite n\u00e3o agradar a todos<\/strong><\/h3>\n\n\n\n<p>A fidelidade a Cristo implica incompreens\u00e3o.<\/p>\n\n\n\n<h3 class=\"wp-block-heading\"><strong>4. Reduza a exposi\u00e7\u00e3o desnecess\u00e1ria<\/strong><\/h3>\n\n\n\n<p>Nem tudo precisa ser compartilhado.<br>Nem tudo precisa ser mostrado.<\/p>\n\n\n\n<h3 class=\"wp-block-heading\"><strong>5. Cultive o sil\u00eancio interior<\/strong><\/h3>\n\n\n\n<p>\u00c9 a\u00ed que a verdadeira identidade \u00e9 reconstru\u00edda.<\/p>\n\n\n\n<hr class=\"wp-block-separator has-alpha-channel-opacity\"\/>\n\n\n\n<h2 class=\"wp-block-heading\"><strong>9. Recuperar a verdade: ser antes de parecer<\/strong><\/h2>\n\n\n\n<p>A grande batalha espiritual do nosso tempo n\u00e3o se trava apenas em quest\u00f5es morais vis\u00edveis.<br>Ela se trava em algo mais sutil:<\/p>\n\n\n\n<p><strong>a autenticidade do cora\u00e7\u00e3o<\/strong>.<\/p>\n\n\n\n<p>Deus n\u00e3o vai perguntar quantos te admiraram.<br>Vai perguntar se voc\u00ea foi fiel.<\/p>\n\n\n\n<p>N\u00e3o vai julgar a sua imagem.<br>Mas a sua verdade.<\/p>\n\n\n\n<hr class=\"wp-block-separator has-alpha-channel-opacity\"\/>\n\n\n\n<h2 class=\"wp-block-heading\"><strong>10. Conclus\u00e3o: viver para Deus em um mundo de apar\u00eancias<\/strong><\/h2>\n\n\n\n<p>A obsess\u00e3o pela imagem n\u00e3o \u00e9 apenas uma moda passageira.<br>\u00c9 uma <strong>estrutura de pecado cultural<\/strong> que arrasta silenciosamente milh\u00f5es de pessoas.<\/p>\n\n\n\n<p>Mas tamb\u00e9m \u00e9 uma oportunidade.<\/p>\n\n\n\n<p>Uma oportunidade de viver de forma diferente.<br>De ser livre.<br>De voltar ao essencial.<\/p>\n\n\n\n<p>Porque, no fim, s\u00f3 h\u00e1 uma pergunta que importa:<\/p>\n\n\n\n<p><strong>Voc\u00ea vive para ser visto\u2026 ou para ser verdadeiro?<\/strong><\/p>\n\n\n\n<p>E a resposta, como nos recorda S\u00e3o Paulo, muda tudo:<\/p>\n\n\n\n<blockquote class=\"wp-block-quote is-layout-flow wp-block-quote-is-layout-flow\">\n<p><em>\u201cSe eu ainda procurasse agradar aos homens, n\u00e3o seria servo de Cristo.\u201d<\/em> (G\u00e1latas 1,10)<\/p>\n<\/blockquote>\n","protected":false},"excerpt":{"rendered":"<p>Vivemos numa \u00e9poca em que n\u00e3o basta existir: \u00e9 preciso projetar-se.N\u00e3o basta ser bom: \u00e9 preciso parecer.N\u00e3o basta viver: \u00e9 preciso mostrar. A imagem \u2014 cuidadosamente filtrada, editada e calculada \u2014 tornou-se a moeda social mais poderosa do nosso tempo. Mas aqui surge uma pergunta inc\u00f4moda, profundamente espiritual:o que acontece quando a imagem substitui a &hellip;<\/p>\n","protected":false},"author":3,"featured_media":5433,"comment_status":"closed","ping_status":"closed","sticky":false,"template":"","format":"standard","meta":{"_seopress_robots_primary_cat":"","_seopress_titles_title":"","_seopress_titles_desc":"","_seopress_robots_index":"","footnotes":""},"categories":[54,39],"tags":[1861],"class_list":["post-5432","post","type-post","status-publish","format-standard","has-post-thumbnail","","category-bioetica-e-questoes-contemporaneas","category-moral-e-vida-crista","tag-imagem"],"_links":{"self":[{"href":"https:\/\/catholicus.eu\/pt\/wp-json\/wp\/v2\/posts\/5432","targetHints":{"allow":["GET"]}}],"collection":[{"href":"https:\/\/catholicus.eu\/pt\/wp-json\/wp\/v2\/posts"}],"about":[{"href":"https:\/\/catholicus.eu\/pt\/wp-json\/wp\/v2\/types\/post"}],"author":[{"embeddable":true,"href":"https:\/\/catholicus.eu\/pt\/wp-json\/wp\/v2\/users\/3"}],"replies":[{"embeddable":true,"href":"https:\/\/catholicus.eu\/pt\/wp-json\/wp\/v2\/comments?post=5432"}],"version-history":[{"count":1,"href":"https:\/\/catholicus.eu\/pt\/wp-json\/wp\/v2\/posts\/5432\/revisions"}],"predecessor-version":[{"id":5434,"href":"https:\/\/catholicus.eu\/pt\/wp-json\/wp\/v2\/posts\/5432\/revisions\/5434"}],"wp:featuredmedia":[{"embeddable":true,"href":"https:\/\/catholicus.eu\/pt\/wp-json\/wp\/v2\/media\/5433"}],"wp:attachment":[{"href":"https:\/\/catholicus.eu\/pt\/wp-json\/wp\/v2\/media?parent=5432"}],"wp:term":[{"taxonomy":"category","embeddable":true,"href":"https:\/\/catholicus.eu\/pt\/wp-json\/wp\/v2\/categories?post=5432"},{"taxonomy":"post_tag","embeddable":true,"href":"https:\/\/catholicus.eu\/pt\/wp-json\/wp\/v2\/tags?post=5432"}],"curies":[{"name":"wp","href":"https:\/\/api.w.org\/{rel}","templated":true}]}}