{"id":5426,"date":"2026-03-20T09:53:33","date_gmt":"2026-03-20T08:53:33","guid":{"rendered":"https:\/\/catholicus.eu\/pt\/?p=5426"},"modified":"2026-03-20T09:53:34","modified_gmt":"2026-03-20T08:53:34","slug":"desfrutar-do-pecado-na-imaginacao-uma-batalha-silenciosa-no-coracao-do-homem","status":"publish","type":"post","link":"https:\/\/catholicus.eu\/pt\/desfrutar-do-pecado-na-imaginacao-uma-batalha-silenciosa-no-coracao-do-homem\/","title":{"rendered":"Desfrutar do pecado na imagina\u00e7\u00e3o: Uma batalha silenciosa no cora\u00e7\u00e3o do homem"},"content":{"rendered":"\n<p>Vivemos numa \u00e9poca em que o pecado j\u00e1 n\u00e3o precisa manifestar-se exteriormente para se enraizar na alma. Basta-lhe encontrar ref\u00fagio na imagina\u00e7\u00e3o. Ali, nesse espa\u00e7o invis\u00edvel onde ningu\u00e9m mais entra, trava-se uma das batalhas espirituais mais decisivas do nosso tempo.<\/p>\n\n\n\n<p>Muitos crentes fazem sinceramente esta pergunta:<br><strong>Peca-se apenas por a\u00e7\u00f5es, ou tamb\u00e9m por pensamentos?<\/strong><br>A resposta, profundamente enraizada na tradi\u00e7\u00e3o cat\u00f3lica, \u00e9 clara, ainda que exigente: <strong>o pecado pode nascer e consumar-se no interior do homem, mesmo sem a\u00e7\u00e3o exterior.<\/strong><\/p>\n\n\n\n<hr class=\"wp-block-separator has-alpha-channel-opacity\"\/>\n\n\n\n<h2 class=\"wp-block-heading\">1. O Evangelho n\u00e3o deixa d\u00favidas<\/h2>\n\n\n\n<p>Nosso Senhor Jesus Cristo eleva a moral humana a um n\u00edvel radicalmente interior. N\u00e3o se limita \u00e0s a\u00e7\u00f5es vis\u00edveis, mas penetra at\u00e9 ao mais profundo do cora\u00e7\u00e3o:<\/p>\n\n\n\n<blockquote class=\"wp-block-quote is-layout-flow wp-block-quote-is-layout-flow\">\n<p>\u201cBem-aventurados os puros de cora\u00e7\u00e3o, porque ver\u00e3o a Deus\u201d (Mateus 5,8)<\/p>\n<\/blockquote>\n\n\n\n<p>E ainda mais explicitamente:<\/p>\n\n\n\n<blockquote class=\"wp-block-quote is-layout-flow wp-block-quote-is-layout-flow\">\n<p>\u201cTodo aquele que olhar para uma mulher com desejo j\u00e1 cometeu adult\u00e9rio com ela no seu cora\u00e7\u00e3o\u201d (Mateus 5,28)<\/p>\n<\/blockquote>\n\n\n\n<p>Aqui n\u00e3o h\u00e1 ambiguidade. O pecado n\u00e3o come\u00e7a nas m\u00e3os, mas no cora\u00e7\u00e3o. A imagina\u00e7\u00e3o, quando consente deliberadamente no mal, deixa de ser um simples espa\u00e7o de pensamento e torna-se um terreno de pecado.<\/p>\n\n\n\n<hr class=\"wp-block-separator has-alpha-channel-opacity\"\/>\n\n\n\n<h2 class=\"wp-block-heading\">2. O ensinamento constante da Igreja<\/h2>\n\n\n\n<p>A tradi\u00e7\u00e3o teol\u00f3gica, desde os Padres da Igreja at\u00e9 grandes doutores como Agostinho de Hipona e Tom\u00e1s de Aquino, tem sido un\u00e2nime neste ponto.<\/p>\n\n\n\n<p>Agostinho de Hipona falava da <strong>\u201cconcupisc\u00eancia do cora\u00e7\u00e3o\u201d<\/strong>, esse desordenamento interior que inclina o homem para o mal mesmo sem a\u00e7\u00e3o exterior. Para ele, deleitar-se no pecado em pensamento j\u00e1 implica uma ades\u00e3o interior \u00e0quilo que ofende a Deus.<\/p>\n\n\n\n<p>Por sua vez, Tom\u00e1s de Aquino distingue com precis\u00e3o entre:<\/p>\n\n\n\n<ul class=\"wp-block-list\">\n<li><strong>A tenta\u00e7\u00e3o<\/strong> (que n\u00e3o \u00e9 pecado)<\/li>\n\n\n\n<li><strong>O consentimento interior<\/strong> (onde o pecado j\u00e1 come\u00e7a)<\/li>\n\n\n\n<li><strong>A execu\u00e7\u00e3o exterior<\/strong> (que pode agravar o pecado, mas n\u00e3o o cria do nada)<\/li>\n<\/ul>\n\n\n\n<p>Ou seja, <strong>n\u00e3o \u00e9 a mesma coisa que um pensamento apare\u00e7a e que se aceite, se alimente e se desfrute dele.<\/strong><\/p>\n\n\n\n<hr class=\"wp-block-separator has-alpha-channel-opacity\"\/>\n\n\n\n<h2 class=\"wp-block-heading\">3. O problema moderno: o pecado \u201csem consequ\u00eancias vis\u00edveis\u201d<\/h2>\n\n\n\n<p>Hoje em dia, muitas pessoas tranquilizam-se pensando:<br>\u201cDesde que eu n\u00e3o prejudique ningu\u00e9m, n\u00e3o h\u00e1 problema.\u201d<\/p>\n\n\n\n<p>Mas esta mentalidade ignora uma verdade fundamental:<br><strong>a alma \u00e9 realmente afetada, mesmo que ningu\u00e9m mais o perceba.<\/strong><\/p>\n\n\n\n<p>Na era digital, onde o acesso aos conte\u00fados \u00e9 imediato e constante, a imagina\u00e7\u00e3o tornou-se um campo de batalha ainda mais exposto. N\u00e3o \u00e9 necess\u00e1rio agir: basta recordar, fantasiar, reviver.<\/p>\n\n\n\n<p>E aqui ganha for\u00e7a a frase-chave que prop\u00f5es:<\/p>\n\n\n\n<blockquote class=\"wp-block-quote is-layout-flow wp-block-quote-is-layout-flow\">\n<p><strong>\u201cVoltar mentalmente \u00e0quilo que j\u00e1 decidiste deixar alimenta aquilo que dizes querer matar.\u201d<\/strong><\/p>\n<\/blockquote>\n\n\n\n<p>Isto n\u00e3o \u00e9 apenas uma intui\u00e7\u00e3o psicol\u00f3gica. \u00c9 uma profunda verdade espiritual.<\/p>\n\n\n\n<hr class=\"wp-block-separator has-alpha-channel-opacity\"\/>\n\n\n\n<h2 class=\"wp-block-heading\">4. Por que \u00e9 t\u00e3o perigoso deleitar-se no pecado?<\/h2>\n\n\n\n<p>Porque tem efeitos reais na alma:<\/p>\n\n\n\n<h3 class=\"wp-block-heading\">1. Enfraquece a vontade<\/h3>\n\n\n\n<p>Cada vez que consentes no pecado na tua mente, treinas a tua vontade a ceder.<\/p>\n\n\n\n<h3 class=\"wp-block-heading\">2. Escurece o entendimento<\/h3>\n\n\n\n<p>O mal come\u00e7a a parecer menos grave, mais justific\u00e1vel, at\u00e9 atraente.<\/p>\n\n\n\n<h3 class=\"wp-block-heading\">3. Reacende paix\u00f5es desordenadas<\/h3>\n\n\n\n<p>Aquilo que pensavas ter superado volta com mais for\u00e7a.<\/p>\n\n\n\n<h3 class=\"wp-block-heading\">4. Afasta-te de Deus<\/h3>\n\n\n\n<p>Porque Deus n\u00e3o habita num cora\u00e7\u00e3o dividido.<\/p>\n\n\n\n<hr class=\"wp-block-separator has-alpha-channel-opacity\"\/>\n\n\n\n<h2 class=\"wp-block-heading\">5. A din\u00e2mica interior do pecado<\/h2>\n\n\n\n<p>O processo costuma desenrolar-se assim:<\/p>\n\n\n\n<ol class=\"wp-block-list\">\n<li><strong>Sugest\u00e3o<\/strong> \u2192 o pensamento aparece (n\u00e3o \u00e9 pecado)<\/li>\n\n\n\n<li><strong>Di\u00e1logo<\/strong> \u2192 come\u00e7as a entret\u00ea-lo<\/li>\n\n\n\n<li><strong>Consentimento<\/strong> \u2192 aceitas e desfrutas dele<\/li>\n\n\n\n<li><strong>Complac\u00eancia<\/strong> \u2192 voltas a ele repetidamente<\/li>\n<\/ol>\n\n\n\n<p>O pecado, em sentido pleno, come\u00e7a com o <strong>consentimento deliberado<\/strong>.<\/p>\n\n\n\n<hr class=\"wp-block-separator has-alpha-channel-opacity\"\/>\n\n\n\n<h2 class=\"wp-block-heading\">6. Uma chave espiritual: o cora\u00e7\u00e3o \u00e9 o campo de batalha<\/h2>\n\n\n\n<p>O cristianismo n\u00e3o \u00e9 apenas uma moral externa. \u00c9 uma transforma\u00e7\u00e3o interior.<\/p>\n\n\n\n<p>Por isso, a pureza do cora\u00e7\u00e3o (Mateus 5,8) n\u00e3o significa apenas evitar atos impuros, mas <strong>purificar o mundo interior<\/strong>:<\/p>\n\n\n\n<ul class=\"wp-block-list\">\n<li>Aquilo que imaginas<\/li>\n\n\n\n<li>Aquilo de que te lembras<\/li>\n\n\n\n<li>Aquilo que desejas em segredo<\/li>\n<\/ul>\n\n\n\n<p>Porque tudo isso molda quem realmente \u00e9s.<\/p>\n\n\n\n<hr class=\"wp-block-separator has-alpha-channel-opacity\"\/>\n\n\n\n<h2 class=\"wp-block-heading\">7. Aplica\u00e7\u00f5es pr\u00e1ticas para a vida di\u00e1ria<\/h2>\n\n\n\n<p>\u00c9 aqui que a teologia se torna vida concreta:<\/p>\n\n\n\n<h3 class=\"wp-block-heading\">1. N\u00e3o dialogar com a tenta\u00e7\u00e3o<\/h3>\n\n\n\n<p>O primeiro erro n\u00e3o \u00e9 pensar, mas permanecer no pensamento.<\/p>\n\n\n\n<h3 class=\"wp-block-heading\">2. Cortar a tempo<\/h3>\n\n\n\n<p>Um pensamento rejeitado rapidamente perde for\u00e7a.<br>Um pensamento alimentado cresce.<\/p>\n\n\n\n<h3 class=\"wp-block-heading\">3. Substituir, n\u00e3o apenas eliminar<\/h3>\n\n\n\n<p>N\u00e3o basta dizer \u201cn\u00e3o\u201d. \u00c9 preciso preencher a mente com algo bom:<\/p>\n\n\n\n<ul class=\"wp-block-list\">\n<li>Uma breve ora\u00e7\u00e3o<\/li>\n\n\n\n<li>Leitura espiritual<\/li>\n\n\n\n<li>A consci\u00eancia da presen\u00e7a de Deus<\/li>\n<\/ul>\n\n\n\n<h3 class=\"wp-block-heading\">4. Guardar os sentidos<\/h3>\n\n\n\n<p>Aquilo que v\u00eas e ouves alimenta a tua imagina\u00e7\u00e3o.<\/p>\n\n\n\n<h3 class=\"wp-block-heading\">5. Confiss\u00e3o frequente<\/h3>\n\n\n\n<p>A gra\u00e7a sacramental fortalece a alma nesta luta invis\u00edvel.<\/p>\n\n\n\n<hr class=\"wp-block-separator has-alpha-channel-opacity\"\/>\n\n\n\n<h2 class=\"wp-block-heading\">8. Esperan\u00e7a: a pureza \u00e9 poss\u00edvel<\/h2>\n\n\n\n<p>Mesmo que a luta seja intensa, n\u00e3o estamos sozinhos. A gra\u00e7a de Deus n\u00e3o apenas perdoa, mas transforma.<\/p>\n\n\n\n<p>O mesmo Senhor que pede um cora\u00e7\u00e3o puro tamb\u00e9m o concede.<\/p>\n\n\n\n<p>A santidade n\u00e3o consiste em nunca ser tentado, mas em <strong>n\u00e3o consentir no mal<\/strong> e aprender a amar o bem mesmo no que est\u00e1 oculto.<\/p>\n\n\n\n<hr class=\"wp-block-separator has-alpha-channel-opacity\"\/>\n\n\n\n<h2 class=\"wp-block-heading\">9. Conclus\u00e3o: Deus olha o cora\u00e7\u00e3o<\/h2>\n\n\n\n<p>Num mundo obcecado pelas apar\u00eancias, o Evangelho recorda-nos algo essencial:<\/p>\n\n\n\n<p><strong>Deus n\u00e3o olha primeiro para o que fazes, mas para aquilo que amas.<\/strong><\/p>\n\n\n\n<p>E assim, a pergunta final n\u00e3o \u00e9 apenas:<br>\u201cFiz algo de errado?\u201d<br>Mas antes:<br><strong>\u201cO que estou a alimentar dentro de mim?\u201d<\/strong><\/p>\n\n\n\n<p>Porque \u00e9 ali, no sil\u00eancio da tua imagina\u00e7\u00e3o, que se decide a tua verdadeira vida espiritual.<\/p>\n","protected":false},"excerpt":{"rendered":"<p>Vivemos numa \u00e9poca em que o pecado j\u00e1 n\u00e3o precisa manifestar-se exteriormente para se enraizar na alma. Basta-lhe encontrar ref\u00fagio na imagina\u00e7\u00e3o. Ali, nesse espa\u00e7o invis\u00edvel onde ningu\u00e9m mais entra, trava-se uma das batalhas espirituais mais decisivas do nosso tempo. Muitos crentes fazem sinceramente esta pergunta:Peca-se apenas por a\u00e7\u00f5es, ou tamb\u00e9m por pensamentos?A resposta, profundamente &hellip;<\/p>\n","protected":false},"author":3,"featured_media":5427,"comment_status":"closed","ping_status":"closed","sticky":false,"template":"","format":"standard","meta":{"_seopress_robots_primary_cat":"","_seopress_titles_title":"","_seopress_titles_desc":"","_seopress_robots_index":"","footnotes":""},"categories":[43,37],"tags":[194],"class_list":["post-5426","post","type-post","status-publish","format-standard","has-post-thumbnail","","category-catecismo-da-igreja-catolica","category-doutrina-e-fe","tag-pecado"],"_links":{"self":[{"href":"https:\/\/catholicus.eu\/pt\/wp-json\/wp\/v2\/posts\/5426","targetHints":{"allow":["GET"]}}],"collection":[{"href":"https:\/\/catholicus.eu\/pt\/wp-json\/wp\/v2\/posts"}],"about":[{"href":"https:\/\/catholicus.eu\/pt\/wp-json\/wp\/v2\/types\/post"}],"author":[{"embeddable":true,"href":"https:\/\/catholicus.eu\/pt\/wp-json\/wp\/v2\/users\/3"}],"replies":[{"embeddable":true,"href":"https:\/\/catholicus.eu\/pt\/wp-json\/wp\/v2\/comments?post=5426"}],"version-history":[{"count":1,"href":"https:\/\/catholicus.eu\/pt\/wp-json\/wp\/v2\/posts\/5426\/revisions"}],"predecessor-version":[{"id":5428,"href":"https:\/\/catholicus.eu\/pt\/wp-json\/wp\/v2\/posts\/5426\/revisions\/5428"}],"wp:featuredmedia":[{"embeddable":true,"href":"https:\/\/catholicus.eu\/pt\/wp-json\/wp\/v2\/media\/5427"}],"wp:attachment":[{"href":"https:\/\/catholicus.eu\/pt\/wp-json\/wp\/v2\/media?parent=5426"}],"wp:term":[{"taxonomy":"category","embeddable":true,"href":"https:\/\/catholicus.eu\/pt\/wp-json\/wp\/v2\/categories?post=5426"},{"taxonomy":"post_tag","embeddable":true,"href":"https:\/\/catholicus.eu\/pt\/wp-json\/wp\/v2\/tags?post=5426"}],"curies":[{"name":"wp","href":"https:\/\/api.w.org\/{rel}","templated":true}]}}