{"id":5423,"date":"2026-03-20T09:29:26","date_gmt":"2026-03-20T08:29:26","guid":{"rendered":"https:\/\/catholicus.eu\/pt\/?p=5423"},"modified":"2026-03-20T09:29:26","modified_gmt":"2026-03-20T08:29:26","slug":"pare-de-usar-sua-ferida-como-identidade-voce-nao-e-seu-passado-voce-e-uma-nova-criacao","status":"publish","type":"post","link":"https:\/\/catholicus.eu\/pt\/pare-de-usar-sua-ferida-como-identidade-voce-nao-e-seu-passado-voce-e-uma-nova-criacao\/","title":{"rendered":"Pare de usar sua ferida como identidade: voc\u00ea n\u00e3o \u00e9 seu passado, voc\u00ea \u00e9 uma nova cria\u00e7\u00e3o"},"content":{"rendered":"\n<p>Vivemos em uma \u00e9poca em que a dor se tornou, quase sem percebermos, um cart\u00e3o de visita. As feridas do passado \u2014 rejei\u00e7\u00f5es, trai\u00e7\u00f5es, fracassos, pecados \u2014 n\u00e3o s\u00e3o mais apenas lembradas: s\u00e3o exibidas, repetidas, transformadas em identidade. Mas do ponto de vista da f\u00e9 cat\u00f3lica tradicional, h\u00e1 uma verdade revolucion\u00e1ria que quebra essa l\u00f3gica: <strong>sua ferida n\u00e3o define quem voc\u00ea \u00e9<\/strong>.<\/p>\n\n\n\n<p>E mais ainda: <strong>Deus n\u00e3o te chama pelo seu trauma, mas pela sua reden\u00e7\u00e3o<\/strong>.<\/p>\n\n\n\n<hr class=\"wp-block-separator has-alpha-channel-opacity\"\/>\n\n\n\n<h2 class=\"wp-block-heading\"><strong>1. O grande engano do nosso tempo: identificar-se com sua ferida<\/strong><\/h2>\n\n\n\n<p>Hoje somos ensinados \u2014 explicitamente ou implicitamente \u2014 a \u201cabra\u00e7ar nossa dor\u201d at\u00e9 construir nossa identidade sobre ela. Surgem assim frases como:<\/p>\n\n\n\n<ul class=\"wp-block-list\">\n<li>\u201cSou uma pessoa quebrada\u201d<\/li>\n\n\n\n<li>\u201cSou assim por causa do que me fizeram\u201d<\/li>\n\n\n\n<li>\u201cMeu passado me define\u201d<\/li>\n<\/ul>\n\n\n\n<p>Mas essa vis\u00e3o, embora aparentemente terap\u00eautica, esconde uma armadilha espiritual profunda: <strong>ela te prende \u00e0quilo de que Cristo veio te libertar<\/strong>.<\/p>\n\n\n\n<p>Do ponto de vista teol\u00f3gico, isso \u00e9 problem\u00e1tico, porque contraria a ess\u00eancia do Evangelho. O cristianismo n\u00e3o \u00e9 a religi\u00e3o do trauma\u2026 <strong>\u00e9 a religi\u00e3o da reden\u00e7\u00e3o<\/strong>.<\/p>\n\n\n\n<hr class=\"wp-block-separator has-alpha-channel-opacity\"\/>\n\n\n\n<h2 class=\"wp-block-heading\"><strong>2. A verdade que muda tudo: voc\u00ea \u00e9 uma nova cria\u00e7\u00e3o<\/strong><\/h2>\n\n\n\n<p>O ap\u00f3stolo S\u00e3o Paulo expressa isso com clareza impressionante:<\/p>\n\n\n\n<blockquote class=\"wp-block-quote is-layout-flow wp-block-quote-is-layout-flow\">\n<p><em>\u201cSe algu\u00e9m est\u00e1 em Cristo, \u00e9 nova cria\u00e7\u00e3o; as coisas antigas j\u00e1 passaram; eis que se fizeram novas.\u201d<\/em><br>(Segunda Carta aos Cor\u00edntios 5,17)<\/p>\n<\/blockquote>\n\n\n\n<p>Essa afirma\u00e7\u00e3o n\u00e3o \u00e9 po\u00e9tica. \u00c9 ontol\u00f3gica. \u00c9 real.<\/p>\n\n\n\n<p>Quando uma pessoa entra em comunh\u00e3o com Cristo \u2014 especialmente atrav\u00e9s do Batismo e da gra\u00e7a \u2014 acontece algo radical:<\/p>\n\n\n\n<ul class=\"wp-block-list\">\n<li>Voc\u00ea n\u00e3o \u00e9 uma vers\u00e3o melhorada do seu antigo eu<\/li>\n\n\n\n<li>Voc\u00ea n\u00e3o \u00e9 uma \u201cpessoa traumatizada em processo\u201d<\/li>\n\n\n\n<li><strong>Voc\u00ea \u00e9 uma nova cria\u00e7\u00e3o<\/strong><\/li>\n<\/ul>\n\n\n\n<p>Isso significa que sua identidade mais profunda n\u00e3o est\u00e1 mais no que voc\u00ea sofreu, mas no que Cristo fez em voc\u00ea.<\/p>\n\n\n\n<hr class=\"wp-block-separator has-alpha-channel-opacity\"\/>\n\n\n\n<h2 class=\"wp-block-heading\"><strong>3. Cristo n\u00e3o veio para validar sua ferida\u2026 Ele veio para cur\u00e1-la<\/strong><\/h2>\n\n\n\n<p>\u00c9 importante dizer claramente: <strong>Deus n\u00e3o nega a sua dor<\/strong>, mas tamb\u00e9m n\u00e3o quer que voc\u00ea viva escravo dela.<\/p>\n\n\n\n<p>Jesus Cristo n\u00e3o se aproxima do homem ferido para dizer: \u201cDefina sua vida por isso.\u201d<br>Ele se aproxima para dizer: \u201cLevanta-te.\u201d<\/p>\n\n\n\n<ul class=\"wp-block-list\">\n<li>Ao paral\u00edtico: \u201cLevanta-te e anda\u201d<\/li>\n\n\n\n<li>Ao cego: \u201cRecupera a vista\u201d<\/li>\n\n\n\n<li>Ao pecador: \u201cVai e n\u00e3o peques mais\u201d<\/li>\n<\/ul>\n\n\n\n<p>Cristo nunca absolutiza a ferida. <strong>Ele a atravessa, a redime e a transforma<\/strong>.<\/p>\n\n\n\n<hr class=\"wp-block-separator has-alpha-channel-opacity\"\/>\n\n\n\n<h2 class=\"wp-block-heading\"><strong>4. O perigo espiritual de falar mais da ferida do que da cura<\/strong><\/h2>\n\n\n\n<p>Existe um risco real \u2014 e muito atual \u2014: <strong>ficar preso na narrativa da dor<\/strong>.<\/p>\n\n\n\n<p>Quando algu\u00e9m fala constantemente sobre o que lhe fizeram, sobre o que sofreu, sobre o que perdeu\u2026 mas quase n\u00e3o fala da gra\u00e7a, do perd\u00e3o ou da cura, acontece algo interior:<\/p>\n\n\n\n<ul class=\"wp-block-list\">\n<li>A identidade de v\u00edtima \u00e9 refor\u00e7ada<\/li>\n\n\n\n<li>A esperan\u00e7a enfraquece<\/li>\n\n\n\n<li>A a\u00e7\u00e3o da gra\u00e7a \u00e9 bloqueada<\/li>\n<\/ul>\n\n\n\n<p>N\u00e3o se trata de negar o passado. Trata-se de <strong>n\u00e3o viver ancorado nele<\/strong>.<\/p>\n\n\n\n<p>Do ponto de vista pastoral, isso \u00e9 fundamental:<br><strong>lembrar n\u00e3o \u00e9 o mesmo que reviver constantemente<\/strong>.<\/p>\n\n\n\n<hr class=\"wp-block-separator has-alpha-channel-opacity\"\/>\n\n\n\n<h2 class=\"wp-block-heading\"><strong>5. A vis\u00e3o crist\u00e3 do passado: redimido, n\u00e3o apagado<\/strong><\/h2>\n\n\n\n<p>O cristianismo n\u00e3o prop\u00f5e uma amn\u00e9sia emocional ou espiritual. Deus n\u00e3o apaga magicamente sua hist\u00f3ria. Ele faz algo muito maior:<\/p>\n\n\n\n<p>\ud83d\udc49 <strong>Ele a redime<\/strong><\/p>\n\n\n\n<p>Isso significa que:<\/p>\n\n\n\n<ul class=\"wp-block-list\">\n<li>Seu passado n\u00e3o desaparece<\/li>\n\n\n\n<li>Mas perde seu poder de definir voc\u00ea<\/li>\n\n\n\n<li>E se torna um instrumento de gra\u00e7a<\/li>\n<\/ul>\n\n\n\n<p>Como diz a tradi\u00e7\u00e3o espiritual:<br><strong>\u201cDeus escreve certo por linhas tortas.\u201d<\/strong><\/p>\n\n\n\n<p>Mesmo suas feridas \u2014 quando verdadeiramente entregues a Deus \u2014 podem se tornar:<\/p>\n\n\n\n<ul class=\"wp-block-list\">\n<li>Fonte de humildade<\/li>\n\n\n\n<li>Caminho de santifica\u00e7\u00e3o<\/li>\n\n\n\n<li>Porta para ajudar os outros<\/li>\n<\/ul>\n\n\n\n<hr class=\"wp-block-separator has-alpha-channel-opacity\"\/>\n\n\n\n<h2 class=\"wp-block-heading\"><strong>6. Voc\u00ea n\u00e3o \u00e9 seu passado: voc\u00ea \u00e9 filho de Deus<\/strong><\/h2>\n\n\n\n<p>Aqui est\u00e1 o n\u00facleo de tudo: <strong>sua identidade n\u00e3o est\u00e1 na sua hist\u00f3ria, mas na sua filia\u00e7\u00e3o divina<\/strong>.<\/p>\n\n\n\n<p>Se voc\u00ea reduz sua identidade ao que aconteceu com voc\u00ea, est\u00e1 se olhando de baixo.<br>Mas se voc\u00ea se olha a partir de Deus, descobre algo infinitamente maior:<\/p>\n\n\n\n<ul class=\"wp-block-list\">\n<li>Voc\u00ea n\u00e3o \u00e9 \u201co abandonado\u201d \u2192 voc\u00ea \u00e9 amado<\/li>\n\n\n\n<li>Voc\u00ea n\u00e3o \u00e9 \u201co fracassado\u201d \u2192 voc\u00ea \u00e9 redimido<\/li>\n\n\n\n<li>Voc\u00ea n\u00e3o \u00e9 \u201co pecador sem sa\u00edda\u201d \u2192 voc\u00ea \u00e9 chamado \u00e0 santidade<\/li>\n<\/ul>\n\n\n\n<p>A teologia cat\u00f3lica \u00e9 clara:<br><strong>a gra\u00e7a n\u00e3o apenas perdoa, ela eleva<\/strong>.<\/p>\n\n\n\n<hr class=\"wp-block-separator has-alpha-channel-opacity\"\/>\n\n\n\n<h2 class=\"wp-block-heading\"><strong>7. Chaves pr\u00e1ticas para parar de viver a partir da ferida<\/strong><\/h2>\n\n\n\n<p>Esse caminho n\u00e3o \u00e9 autom\u00e1tico. Exige decis\u00e3o, gra\u00e7a e luta espiritual. Aqui est\u00e1 um guia concreto:<\/p>\n\n\n\n<h3 class=\"wp-block-heading\"><strong>1. Organize sua linguagem<\/strong><\/h3>\n\n\n\n<p>O que voc\u00ea diz constr\u00f3i sua identidade.<\/p>\n\n\n\n<p>\u274c \u201cSou assim por causa do que aconteceu comigo\u201d<br>\u2705 \u201cIsso aconteceu comigo, mas n\u00e3o define quem eu sou\u201d<\/p>\n\n\n\n<hr class=\"wp-block-separator has-alpha-channel-opacity\"\/>\n\n\n\n<h3 class=\"wp-block-heading\"><strong>2. Confesse mais a obra de Deus do que sua dor<\/strong><\/h3>\n\n\n\n<p>Fale sobre como Deus est\u00e1 te curando, n\u00e3o apenas sobre o que voc\u00ea sofreu.<\/p>\n\n\n\n<hr class=\"wp-block-separator has-alpha-channel-opacity\"\/>\n\n\n\n<h3 class=\"wp-block-heading\"><strong>3. Recorrer aos sacramentos<\/strong><\/h3>\n\n\n\n<p>Especialmente:<\/p>\n\n\n\n<ul class=\"wp-block-list\">\n<li>Confiss\u00e3o \u2192 quebra as correntes do passado<\/li>\n\n\n\n<li>Eucaristia \u2192 fortalece sua nova identidade<\/li>\n<\/ul>\n\n\n\n<hr class=\"wp-block-separator has-alpha-channel-opacity\"\/>\n\n\n\n<h3 class=\"wp-block-heading\"><strong>4. Pratique o perd\u00e3o (mesmo que seja dif\u00edcil)<\/strong><\/h3>\n\n\n\n<p>O ressentimento te prende ao passado. O perd\u00e3o te liberta.<\/p>\n\n\n\n<hr class=\"wp-block-separator has-alpha-channel-opacity\"\/>\n\n\n\n<h3 class=\"wp-block-heading\"><strong>5. Pare de se recrear na ferida<\/strong><\/h3>\n\n\n\n<p>Nem toda lembran\u00e7a \u00e9 saud\u00e1vel. Algumas precisam ser entregues, n\u00e3o alimentadas.<\/p>\n\n\n\n<hr class=\"wp-block-separator has-alpha-channel-opacity\"\/>\n\n\n\n<h3 class=\"wp-block-heading\"><strong>6. Procure dire\u00e7\u00e3o espiritual<\/strong><\/h3>\n\n\n\n<p>Um bom guia espiritual ajudar\u00e1 voc\u00ea a n\u00e3o confundir cura com vitimismo.<\/p>\n\n\n\n<hr class=\"wp-block-separator has-alpha-channel-opacity\"\/>\n\n\n\n<h2 class=\"wp-block-heading\"><strong>8. Um aviso necess\u00e1rio: curar n\u00e3o \u00e9 negar a dor<\/strong><\/h2>\n\n\n\n<p>N\u00e3o se trata de espiritualizar tudo nem de negar o sofrimento. A dor \u00e9 real. As feridas existem.<\/p>\n\n\n\n<p>Mas h\u00e1 uma diferen\u00e7a radical entre:<\/p>\n\n\n\n<ul class=\"wp-block-list\">\n<li><strong>Reconhecer uma ferida<\/strong><br>e<\/li>\n\n\n\n<li><strong>Transform\u00e1-la em sua identidade<\/strong><\/li>\n<\/ul>\n\n\n\n<p>O primeiro \u00e9 necess\u00e1rio.<br>O segundo \u00e9 destrutivo.<\/p>\n\n\n\n<hr class=\"wp-block-separator has-alpha-channel-opacity\"\/>\n\n\n\n<h2 class=\"wp-block-heading\"><strong>9. A verdadeira liberdade: viver a partir de Cristo, n\u00e3o do passado<\/strong><\/h2>\n\n\n\n<p>O mundo dir\u00e1: \u201cExpresse-se a partir da sua ferida.\u201d<br>Cristo diz: <strong>\u201cViva a partir da sua reden\u00e7\u00e3o.\u201d<\/strong><\/p>\n\n\n\n<p>E isso muda tudo.<\/p>\n\n\n\n<p>Porque, no final, a pergunta n\u00e3o \u00e9:<\/p>\n\n\n\n<p>\ud83d\udc49 \u201cO que aconteceu com voc\u00ea?\u201d<br>mas<br>\ud83d\udc49 \u201cQuem \u00e9 voc\u00ea em Cristo?\u201d<\/p>\n\n\n\n<hr class=\"wp-block-separator has-alpha-channel-opacity\"\/>\n\n\n\n<h2 class=\"wp-block-heading\"><strong>Conclus\u00e3o: pare de olhar para tr\u00e1s para come\u00e7ar a viver de verdade<\/strong><\/h2>\n\n\n\n<p>Voc\u00ea n\u00e3o \u00e9 seu trauma.<br>Voc\u00ea n\u00e3o \u00e9 seu pecado.<br>Voc\u00ea n\u00e3o \u00e9 sua hist\u00f3ria quebrada.<\/p>\n\n\n\n<p><strong>Voc\u00ea \u00e9 uma nova cria\u00e7\u00e3o em Cristo.<\/strong><\/p>\n\n\n\n<p>E quanto antes voc\u00ea parar de falar mais da sua ferida do que da sua cura, mais cedo come\u00e7ar\u00e1 a experimentar a verdadeira liberdade dos filhos de Deus.<\/p>\n\n\n\n<p>Porque o cristianismo n\u00e3o \u00e9 a hist\u00f3ria do que fizeram com voc\u00ea\u2026<br><strong>\u00e9 a hist\u00f3ria do que Deus est\u00e1 fazendo com voc\u00ea.<\/strong><\/p>\n","protected":false},"excerpt":{"rendered":"<p>Vivemos em uma \u00e9poca em que a dor se tornou, quase sem percebermos, um cart\u00e3o de visita. As feridas do passado \u2014 rejei\u00e7\u00f5es, trai\u00e7\u00f5es, fracassos, pecados \u2014 n\u00e3o s\u00e3o mais apenas lembradas: s\u00e3o exibidas, repetidas, transformadas em identidade. Mas do ponto de vista da f\u00e9 cat\u00f3lica tradicional, h\u00e1 uma verdade revolucion\u00e1ria que quebra essa l\u00f3gica: &hellip;<\/p>\n","protected":false},"author":3,"featured_media":5424,"comment_status":"closed","ping_status":"closed","sticky":false,"template":"","format":"standard","meta":{"_seopress_robots_primary_cat":"","_seopress_titles_title":"","_seopress_titles_desc":"","_seopress_robots_index":"","footnotes":""},"categories":[54,39],"tags":[1859],"class_list":["post-5423","post","type-post","status-publish","format-standard","has-post-thumbnail","","category-bioetica-e-questoes-contemporaneas","category-moral-e-vida-crista","tag-identidade"],"_links":{"self":[{"href":"https:\/\/catholicus.eu\/pt\/wp-json\/wp\/v2\/posts\/5423","targetHints":{"allow":["GET"]}}],"collection":[{"href":"https:\/\/catholicus.eu\/pt\/wp-json\/wp\/v2\/posts"}],"about":[{"href":"https:\/\/catholicus.eu\/pt\/wp-json\/wp\/v2\/types\/post"}],"author":[{"embeddable":true,"href":"https:\/\/catholicus.eu\/pt\/wp-json\/wp\/v2\/users\/3"}],"replies":[{"embeddable":true,"href":"https:\/\/catholicus.eu\/pt\/wp-json\/wp\/v2\/comments?post=5423"}],"version-history":[{"count":1,"href":"https:\/\/catholicus.eu\/pt\/wp-json\/wp\/v2\/posts\/5423\/revisions"}],"predecessor-version":[{"id":5425,"href":"https:\/\/catholicus.eu\/pt\/wp-json\/wp\/v2\/posts\/5423\/revisions\/5425"}],"wp:featuredmedia":[{"embeddable":true,"href":"https:\/\/catholicus.eu\/pt\/wp-json\/wp\/v2\/media\/5424"}],"wp:attachment":[{"href":"https:\/\/catholicus.eu\/pt\/wp-json\/wp\/v2\/media?parent=5423"}],"wp:term":[{"taxonomy":"category","embeddable":true,"href":"https:\/\/catholicus.eu\/pt\/wp-json\/wp\/v2\/categories?post=5423"},{"taxonomy":"post_tag","embeddable":true,"href":"https:\/\/catholicus.eu\/pt\/wp-json\/wp\/v2\/tags?post=5423"}],"curies":[{"name":"wp","href":"https:\/\/api.w.org\/{rel}","templated":true}]}}