{"id":5375,"date":"2026-03-18T09:12:42","date_gmt":"2026-03-18T08:12:42","guid":{"rendered":"https:\/\/catholicus.eu\/pt\/?p=5375"},"modified":"2026-03-18T09:12:42","modified_gmt":"2026-03-18T08:12:42","slug":"nao-posso-acreditar-em-deus-porque-acredito-na-ciencia-o-grande-erro-moderno-que-esta-te-roubando-a-verdade-e-como-reconciliar-fe-e-razao","status":"publish","type":"post","link":"https:\/\/catholicus.eu\/pt\/nao-posso-acreditar-em-deus-porque-acredito-na-ciencia-o-grande-erro-moderno-que-esta-te-roubando-a-verdade-e-como-reconciliar-fe-e-razao\/","title":{"rendered":"\u201cN\u00e3o posso acreditar em Deus porque acredito na Ci\u00eancia\u201d: o grande erro moderno que est\u00e1 te roubando a Verdade (e como reconciliar f\u00e9 e raz\u00e3o)"},"content":{"rendered":"\n<p>Vivemos em uma \u00e9poca fascinante. Nunca antes a humanidade havia alcan\u00e7ado tal n\u00edvel de conhecimento cient\u00edfico, avan\u00e7o tecnol\u00f3gico e capacidade de explorar o universo. No entanto, paradoxalmente, tamb\u00e9m atravessamos uma profunda crise de sentido. Cada vez mais pessoas repetem com convic\u00e7\u00e3o \u2014 e \u00e0s vezes com certo orgulho \u2014 esta frase: <em>\u201cN\u00e3o posso acreditar em Deus porque acredito na ci\u00eancia.\u201d<\/em><\/p>\n\n\n\n<p>Mas\u2026 f\u00e9 e ci\u00eancia s\u00e3o realmente incompat\u00edveis? \u00c9 preciso escolher entre Deus ou o laborat\u00f3rio? Ou estamos diante de uma falsa oposi\u00e7\u00e3o nascida de um profundo mal-entendido?<\/p>\n\n\n\n<p>Este artigo quer caminhar com voc\u00ea \u2014 com serenidade, rigor e proximidade \u2014 para desmontar esse mito, iluminar a rela\u00e7\u00e3o entre f\u00e9 e raz\u00e3o a partir da tradi\u00e7\u00e3o cat\u00f3lica e oferecer um guia espiritual concreto para viver hoje uma f\u00e9 inteligente, s\u00f3lida e profundamente humana.<\/p>\n\n\n\n<hr class=\"wp-block-separator has-alpha-channel-opacity\"\/>\n\n\n\n<h2 class=\"wp-block-heading\"><strong>1. A origem do conflito: uma guerra que nunca existiu<\/strong><\/h2>\n\n\n\n<p>A ideia de que ci\u00eancia e f\u00e9 est\u00e3o em conflito \u00e9 relativamente recente. N\u00e3o nasce do cristianismo, mas de correntes filos\u00f3ficas modernas como o positivismo do s\u00e9culo XIX, que afirmava que s\u00f3 \u00e9 v\u00e1lido aquilo que pode ser medido e verificado experimentalmente.<\/p>\n\n\n\n<p>No entanto, a hist\u00f3ria conta algo muito diferente:<\/p>\n\n\n\n<ul class=\"wp-block-list\">\n<li>As primeiras universidades nasceram no seio da Igreja.<\/li>\n\n\n\n<li>Muitos pais da ci\u00eancia moderna eram crentes: Cop\u00e9rnico, Mendel (um monge), Pascal, Newton\u2026<\/li>\n\n\n\n<li>A pr\u00f3pria no\u00e7\u00e3o de que o universo \u00e9 ordenado, intelig\u00edvel e regido por leis vem de uma vis\u00e3o crist\u00e3 da cria\u00e7\u00e3o.<\/li>\n<\/ul>\n\n\n\n<p>Portanto, o conflito n\u00e3o \u00e9 real em sua raiz. Trata-se mais de uma caricatura cultural.<\/p>\n\n\n\n<hr class=\"wp-block-separator has-alpha-channel-opacity\"\/>\n\n\n\n<h2 class=\"wp-block-heading\"><strong>2. Ci\u00eancia e f\u00e9: dois caminhos diferentes para a verdade<\/strong><\/h2>\n\n\n\n<p>Aqui est\u00e1 a chave para desmontar essa afirma\u00e7\u00e3o:<\/p>\n\n\n\n<p>\ud83d\udc49 <strong>Ci\u00eancia e f\u00e9 n\u00e3o competem porque n\u00e3o respondem \u00e0s mesmas perguntas.<\/strong><\/p>\n\n\n\n<ul class=\"wp-block-list\">\n<li><strong>A ci\u00eancia<\/strong> estuda o <em>como<\/em>: como o universo funciona, quais s\u00e3o suas leis, como evoluem os processos naturais.<\/li>\n\n\n\n<li><strong>A f\u00e9<\/strong> responde ao <em>porqu\u00ea \u00faltimo<\/em>: por que existe algo em vez de nada, qual \u00e9 o sentido da vida, o que \u00e9 o bem, o que \u00e9 o amor.<\/li>\n<\/ul>\n\n\n\n<p>Confundir essas dimens\u00f5es gera frustra\u00e7\u00e3o.<\/p>\n\n\n\n<p>\u00c9 como usar um microsc\u00f3pio para procurar a justi\u00e7a ou um telesc\u00f3pio para medir o amor: simplesmente n\u00e3o foram feitos para isso.<\/p>\n\n\n\n<hr class=\"wp-block-separator has-alpha-channel-opacity\"\/>\n\n\n\n<h2 class=\"wp-block-heading\"><strong>3. O erro de fundo: reduzir a realidade ao que \u00e9 mensur\u00e1vel<\/strong><\/h2>\n\n\n\n<p>Quando algu\u00e9m diz \u201ceu s\u00f3 acredito na ci\u00eancia\u201d, na verdade est\u00e1 fazendo uma afirma\u00e7\u00e3o filos\u00f3fica, n\u00e3o cient\u00edfica.<\/p>\n\n\n\n<p>Porque a pr\u00f3pria ci\u00eancia n\u00e3o pode provar coisas como:<\/p>\n\n\n\n<ul class=\"wp-block-list\">\n<li>Que a verdade existe<\/li>\n\n\n\n<li>Que a raz\u00e3o \u00e9 confi\u00e1vel<\/li>\n\n\n\n<li>Que o bem e o mal s\u00e3o reais<\/li>\n\n\n\n<li>Que a dignidade humana tem valor<\/li>\n<\/ul>\n\n\n\n<p>E, no entanto, todos n\u00f3s vivemos como se essas coisas fossem reais.<\/p>\n\n\n\n<p>\ud83d\udc49 <strong>O cientificismo (e n\u00e3o a ci\u00eancia) \u00e9 a verdadeira ideologia em jogo.<\/strong><br>E ele \u00e9 insuficiente para explicar a totalidade da experi\u00eancia humana.<\/p>\n\n\n\n<hr class=\"wp-block-separator has-alpha-channel-opacity\"\/>\n\n\n\n<h2 class=\"wp-block-heading\"><strong>4. A raz\u00e3o aberta a Deus: a proposta crist\u00e3<\/strong><\/h2>\n\n\n\n<p>A f\u00e9 cat\u00f3lica n\u00e3o pede para desligar a intelig\u00eancia. Pelo contr\u00e1rio:<\/p>\n\n\n\n<p>\ud83d\udc49 <strong>Ela convida a levar a raz\u00e3o at\u00e9 suas \u00faltimas consequ\u00eancias.<\/strong><\/p>\n\n\n\n<p>Se tudo o que existe tem uma causa\u2026<br>isso n\u00e3o aponta para uma causa primeira?<\/p>\n\n\n\n<p>Se o universo possui leis matem\u00e1ticas precisas\u2026<br>isso n\u00e3o sugere uma intelig\u00eancia ordenadora?<\/p>\n\n\n\n<p>Se o ser humano busca incessantemente a verdade e o amor\u2026<br>isso n\u00e3o fala de uma origem transcendente?<\/p>\n\n\n\n<p>A tradi\u00e7\u00e3o crist\u00e3, especialmente com S\u00e3o Tom\u00e1s de Aquino, sempre sustentou que:<\/p>\n\n\n\n<p>\ud83d\udc49 <strong>Deus n\u00e3o \u00e9 uma alternativa \u00e0 ci\u00eancia, mas o fundamento \u00faltimo de toda a realidade.<\/strong><\/p>\n\n\n\n<hr class=\"wp-block-separator has-alpha-channel-opacity\"\/>\n\n\n\n<h2 class=\"wp-block-heading\"><strong>5. \u201cOs c\u00e9us proclamam a gl\u00f3ria de Deus\u201d (Salmo 19,2)<\/strong><\/h2>\n\n\n\n<p>A B\u00edblia n\u00e3o \u00e9 um livro cient\u00edfico, mas \u00e9 profundamente realista sobre o mundo.<\/p>\n\n\n\n<blockquote class=\"wp-block-quote is-layout-flow wp-block-quote-is-layout-flow\">\n<p><em>\u201cOs c\u00e9us proclamam a gl\u00f3ria de Deus, e o firmamento anuncia a obra de suas m\u00e3os.\u201d<\/em> (Salmo 19,2)<\/p>\n<\/blockquote>\n\n\n\n<p>Esse vers\u00edculo n\u00e3o nega a ci\u00eancia; pelo contr\u00e1rio, a inspira.<\/p>\n\n\n\n<p>Cada descoberta cient\u00edfica \u2014 do DNA \u00e0s gal\u00e1xias \u2014 pode ser lida como um rastro do Criador, e n\u00e3o como sua nega\u00e7\u00e3o.<\/p>\n\n\n\n<hr class=\"wp-block-separator has-alpha-channel-opacity\"\/>\n\n\n\n<h2 class=\"wp-block-heading\"><strong>6. Por que ent\u00e3o muitos rejeitam Deus em nome da ci\u00eancia?<\/strong><\/h2>\n\n\n\n<p>Aqui entramos em um terreno mais humano do que intelectual.<\/p>\n\n\n\n<p>Muitas vezes, essa afirma\u00e7\u00e3o n\u00e3o nasce de argumentos cient\u00edficos, mas de experi\u00eancias de vida:<\/p>\n\n\n\n<ul class=\"wp-block-list\">\n<li>Sofrimento n\u00e3o compreendido<\/li>\n\n\n\n<li>Mau testemunho de crentes<\/li>\n\n\n\n<li>Uma imagem distorcida de Deus<\/li>\n\n\n\n<li>O desejo de autonomia absoluta<\/li>\n<\/ul>\n\n\n\n<p>Ou seja, n\u00e3o \u00e9 apenas uma quest\u00e3o de \u201craz\u00e3o\u201d, mas tamb\u00e9m de cora\u00e7\u00e3o.<\/p>\n\n\n\n<p>E aqui a resposta n\u00e3o \u00e9 apenas argumentar\u2026 mas <strong>acompanhar<\/strong>.<\/p>\n\n\n\n<hr class=\"wp-block-separator has-alpha-channel-opacity\"\/>\n\n\n\n<h2 class=\"wp-block-heading\"><strong>7. Uma f\u00e9 madura: integrar ci\u00eancia e espiritualidade<\/strong><\/h2>\n\n\n\n<p>O crist\u00e3o do s\u00e9culo XXI \u00e9 chamado a superar simplifica\u00e7\u00f5es.<\/p>\n\n\n\n<p>N\u00e3o se trata de escolher entre:<\/p>\n\n\n\n<ul class=\"wp-block-list\">\n<li>F\u00e9 <strong>ou<\/strong> ci\u00eancia<br>mas de viver:<\/li>\n\n\n\n<li>F\u00e9 <strong>e<\/strong> ci\u00eancia em harmonia<\/li>\n<\/ul>\n\n\n\n<p>Isso implica:<\/p>\n\n\n\n<h3 class=\"wp-block-heading\">\u2714 Forma\u00e7\u00e3o intelectual<\/h3>\n\n\n\n<p>Conhecer tanto a f\u00e9 quanto os avan\u00e7os cient\u00edficos.<\/p>\n\n\n\n<h3 class=\"wp-block-heading\">\u2714 Evitar fundamentalismos<\/h3>\n\n\n\n<p>Nem negar a ci\u00eancia, nem absolutiz\u00e1-la.<\/p>\n\n\n\n<h3 class=\"wp-block-heading\">\u2714 Contemplar o mundo com admira\u00e7\u00e3o<\/h3>\n\n\n\n<p>A ci\u00eancia explica\u2026 mas a admira\u00e7\u00e3o abre para o mist\u00e9rio.<\/p>\n\n\n\n<h3 class=\"wp-block-heading\">\u2714 Viver uma rela\u00e7\u00e3o pessoal com Deus<\/h3>\n\n\n\n<p>A f\u00e9 n\u00e3o \u00e9 uma teoria: \u00e9 um encontro.<\/p>\n\n\n\n<hr class=\"wp-block-separator has-alpha-channel-opacity\"\/>\n\n\n\n<h2 class=\"wp-block-heading\"><strong>8. Aplica\u00e7\u00f5es pr\u00e1ticas para a sua vida di\u00e1ria<\/strong><\/h2>\n\n\n\n<p>Como colocar tudo isso em pr\u00e1tica?<\/p>\n\n\n\n<h3 class=\"wp-block-heading\">1. <strong>Fa\u00e7a perguntas profundas<\/strong><\/h3>\n\n\n\n<p>N\u00e3o se contente com respostas superficiais. Busque o sentido, n\u00e3o apenas o mecanismo.<\/p>\n\n\n\n<h3 class=\"wp-block-heading\">2. <strong>N\u00e3o tenha medo da d\u00favida<\/strong><\/h3>\n\n\n\n<p>A d\u00favida sincera n\u00e3o destr\u00f3i a f\u00e9; pode purific\u00e1-la.<\/p>\n\n\n\n<h3 class=\"wp-block-heading\">3. <strong>Busque a verdade com honestidade<\/strong><\/h3>\n\n\n\n<p>Sem preconceitos, sem ideologias.<\/p>\n\n\n\n<h3 class=\"wp-block-heading\">4. <strong>Reze\u2026 mesmo que n\u00e3o tenha certeza<\/strong><\/h3>\n\n\n\n<p>Uma ora\u00e7\u00e3o simples:<br>\u201cDeus, se existes, revela-te a mim.\u201d<\/p>\n\n\n\n<h3 class=\"wp-block-heading\">5. <strong>Olhe a realidade com novos olhos<\/strong><\/h3>\n\n\n\n<p>Beleza, ordem, amor\u2026 n\u00e3o s\u00e3o acidentes sem sentido.<\/p>\n\n\n\n<hr class=\"wp-block-separator has-alpha-channel-opacity\"\/>\n\n\n\n<h2 class=\"wp-block-heading\"><strong>9. A grande s\u00edntese: f\u00e9 e raz\u00e3o precisam uma da outra<\/strong><\/h2>\n\n\n\n<p>S\u00e3o Jo\u00e3o Paulo II expressou isso de forma magistral:<\/p>\n\n\n\n<p>\ud83d\udc49 <em>\u201cA f\u00e9 e a raz\u00e3o s\u00e3o como duas asas com as quais o esp\u00edrito humano se eleva para a contempla\u00e7\u00e3o da verdade.\u201d<\/em><\/p>\n\n\n\n<p>Separ\u00e1-las empobrece o ser humano.<br>Uni-las o eleva.<\/p>\n\n\n\n<hr class=\"wp-block-separator has-alpha-channel-opacity\"\/>\n\n\n\n<h2 class=\"wp-block-heading\"><strong>Conclus\u00e3o: voc\u00ea n\u00e3o precisa escolher entre Deus e a ci\u00eancia<\/strong><\/h2>\n\n\n\n<p>A frase \u201cn\u00e3o posso acreditar em Deus porque acredito na ci\u00eancia\u201d parte de um falso dilema.<\/p>\n\n\n\n<p>Voc\u00ea n\u00e3o apenas pode acreditar em ambas\u2026<br>\ud83d\udc49 <strong>mas, na verdade, elas se iluminam mutuamente.<\/strong><\/p>\n\n\n\n<p>A ci\u00eancia sem Deus corre o risco de perder o sentido.<br>A f\u00e9 sem a raz\u00e3o pode cair no erro.<\/p>\n\n\n\n<p>Mas juntas\u2026<\/p>\n\n\n\n<p>\ud83d\udc49 <strong>abrem o ser humano para a plenitude da verdade.<\/strong><\/p>\n\n\n\n<hr class=\"wp-block-separator has-alpha-channel-opacity\"\/>\n\n\n\n<h3 class=\"wp-block-heading\"><strong>Um convite final<\/strong><\/h3>\n\n\n\n<p>N\u00e3o feche a porta cedo demais.<\/p>\n\n\n\n<p>Porque talvez, no fim, voc\u00ea descubra que:<\/p>\n\n\n\n<ul class=\"wp-block-list\">\n<li>A ci\u00eancia explica o universo\u2026<\/li>\n\n\n\n<li>Mas Deus \u00e9 Aquele que lhe d\u00e1 sentido.<\/li>\n<\/ul>\n\n\n\n<p>E ent\u00e3o voc\u00ea n\u00e3o ter\u00e1 mais que escolher.<\/p>\n\n\n\n<p>Mas simplesmente\u2026 <strong>contemplar, compreender e acreditar.<\/strong><\/p>\n","protected":false},"excerpt":{"rendered":"<p>Vivemos em uma \u00e9poca fascinante. Nunca antes a humanidade havia alcan\u00e7ado tal n\u00edvel de conhecimento cient\u00edfico, avan\u00e7o tecnol\u00f3gico e capacidade de explorar o universo. No entanto, paradoxalmente, tamb\u00e9m atravessamos uma profunda crise de sentido. Cada vez mais pessoas repetem com convic\u00e7\u00e3o \u2014 e \u00e0s vezes com certo orgulho \u2014 esta frase: \u201cN\u00e3o posso acreditar em &hellip;<\/p>\n","protected":false},"author":3,"featured_media":5376,"comment_status":"closed","ping_status":"closed","sticky":false,"template":"","format":"standard","meta":{"_seopress_robots_primary_cat":"","_seopress_titles_title":"","_seopress_titles_desc":"","_seopress_robots_index":"","footnotes":""},"categories":[64,41],"tags":[1850],"class_list":["post-5375","post","type-post","status-publish","format-standard","has-post-thumbnail","","category-ciencia-e-religiao","category-fe-e-cultura","tag-ciencia"],"_links":{"self":[{"href":"https:\/\/catholicus.eu\/pt\/wp-json\/wp\/v2\/posts\/5375","targetHints":{"allow":["GET"]}}],"collection":[{"href":"https:\/\/catholicus.eu\/pt\/wp-json\/wp\/v2\/posts"}],"about":[{"href":"https:\/\/catholicus.eu\/pt\/wp-json\/wp\/v2\/types\/post"}],"author":[{"embeddable":true,"href":"https:\/\/catholicus.eu\/pt\/wp-json\/wp\/v2\/users\/3"}],"replies":[{"embeddable":true,"href":"https:\/\/catholicus.eu\/pt\/wp-json\/wp\/v2\/comments?post=5375"}],"version-history":[{"count":1,"href":"https:\/\/catholicus.eu\/pt\/wp-json\/wp\/v2\/posts\/5375\/revisions"}],"predecessor-version":[{"id":5377,"href":"https:\/\/catholicus.eu\/pt\/wp-json\/wp\/v2\/posts\/5375\/revisions\/5377"}],"wp:featuredmedia":[{"embeddable":true,"href":"https:\/\/catholicus.eu\/pt\/wp-json\/wp\/v2\/media\/5376"}],"wp:attachment":[{"href":"https:\/\/catholicus.eu\/pt\/wp-json\/wp\/v2\/media?parent=5375"}],"wp:term":[{"taxonomy":"category","embeddable":true,"href":"https:\/\/catholicus.eu\/pt\/wp-json\/wp\/v2\/categories?post=5375"},{"taxonomy":"post_tag","embeddable":true,"href":"https:\/\/catholicus.eu\/pt\/wp-json\/wp\/v2\/tags?post=5375"}],"curies":[{"name":"wp","href":"https:\/\/api.w.org\/{rel}","templated":true}]}}