{"id":5372,"date":"2026-03-17T23:36:35","date_gmt":"2026-03-17T22:36:35","guid":{"rendered":"https:\/\/catholicus.eu\/pt\/?p=5372"},"modified":"2026-03-17T23:36:35","modified_gmt":"2026-03-17T22:36:35","slug":"tempo-comum-ou-extraordinario-o-misterio-escondido-no-cotidiano","status":"publish","type":"post","link":"https:\/\/catholicus.eu\/pt\/tempo-comum-ou-extraordinario-o-misterio-escondido-no-cotidiano\/","title":{"rendered":"Tempo Comum\u2026 ou extraordin\u00e1rio? O mist\u00e9rio escondido no cotidiano"},"content":{"rendered":"\n<p>Vivemos em uma cultura que valoriza o excepcional: os grandes momentos, as experi\u00eancias intensas, as conquistas vis\u00edveis. Somos educados \u2014 quase sem perceber \u2014 a esperar que aquilo que realmente importa venha envolto em algo extraordin\u00e1rio. No entanto, a sabedoria da Igreja Cat\u00f3lica, enraizada em s\u00e9culos de tradi\u00e7\u00e3o, nos convida a olhar em outra dire\u00e7\u00e3o: para o cotidiano, o repetitivo, o aparentemente \u201cnormal\u201d. \u00c9 justamente ali, exatamente ali, que se esconde um profundo mist\u00e9rio.<\/p>\n\n\n\n<p>O chamado <em>Tempo Comum<\/em> do calend\u00e1rio lit\u00fargico n\u00e3o \u00e9, como o seu nome poderia sugerir, um tempo sem import\u00e2ncia. Muito pelo contr\u00e1rio. \u00c9 o espa\u00e7o onde a vida crist\u00e3 se desenvolve com maior autenticidade. \u00c9 o terreno onde a gra\u00e7a atua em sil\u00eancio, transformando o que \u00e9 pequeno em algo eterno.<\/p>\n\n\n\n<hr class=\"wp-block-separator has-alpha-channel-opacity\"\/>\n\n\n\n<h2 class=\"wp-block-heading\">1. O que \u00e9 realmente o Tempo Comum?<\/h2>\n\n\n\n<p>O Tempo Comum \u00e9 o per\u00edodo mais longo do ano lit\u00fargico. Ele se estende entre os tempos fortes \u2014 Advento, Natal, Quaresma e P\u00e1scoa \u2014 e \u00e9 organizado em semanas numeradas. O termo \u201ccomum\u201d vem do latim <em>ordo<\/em>, que significa \u201cordem\u201d ou \u201csequ\u00eancia\u201d, e n\u00e3o \u201ccomum\u201d no sentido de \u201cinsignificante\u201d.<\/p>\n\n\n\n<p>Esse tempo \u00e9 dedicado \u00e0 contempla\u00e7\u00e3o da vida p\u00fablica de Cristo: seus ensinamentos, seus milagres, seus encontros com as pessoas. \u00c9, por assim dizer, o tempo da \u201cvida cotidiana de Jesus\u201d. E isso j\u00e1 nos oferece uma chave fundamental: Deus quis revelar-se n\u00e3o apenas em momentos extraordin\u00e1rios, mas tamb\u00e9m na rotina da exist\u00eancia humana.<\/p>\n\n\n\n<hr class=\"wp-block-separator has-alpha-channel-opacity\"\/>\n\n\n\n<h2 class=\"wp-block-heading\">2. A l\u00f3gica de Deus: o pequeno como caminho para o grande<\/h2>\n\n\n\n<p>Do ponto de vista teol\u00f3gico, o Tempo Comum reflete uma das constantes mais surpreendentes da a\u00e7\u00e3o divina: Deus atua atrav\u00e9s do pequeno.<\/p>\n\n\n\n<p>A Encarna\u00e7\u00e3o \u00e9 o maior exemplo disso. O Filho de Deus n\u00e3o veio ao mundo em um contexto de grandeza pol\u00edtica ou espet\u00e1culo vis\u00edvel, mas na humildade de uma manjedoura, em uma fam\u00edlia simples, em um vilarejo desconhecido.<\/p>\n\n\n\n<p>Jesus passou a maior parte de sua vida no que poder\u00edamos chamar de \u201ctempo comum\u201d: trabalhando, vivendo, rezando, crescendo. Trinta anos de vida oculta em compara\u00e7\u00e3o com tr\u00eas anos de minist\u00e9rio p\u00fablico.<\/p>\n\n\n\n<p>Isso n\u00e3o \u00e9 por acaso. \u00c9 profundamente revelador.<\/p>\n\n\n\n<blockquote class=\"wp-block-quote is-layout-flow wp-block-quote-is-layout-flow\">\n<p>\u201cO Reino de Deus \u00e9 como um gr\u00e3o de mostarda que, quando \u00e9 semeado na terra, \u00e9 a menor de todas as sementes; mas, depois de semeado, cresce\u2026\u201d (Marcos 4, 31-32)<\/p>\n<\/blockquote>\n\n\n\n<p>A pedagogia divina nos ensina que o comum n\u00e3o \u00e9 um obst\u00e1culo para a santidade, mas o seu caminho privilegiado.<\/p>\n\n\n\n<hr class=\"wp-block-separator has-alpha-channel-opacity\"\/>\n\n\n\n<h2 class=\"wp-block-heading\">3. O mist\u00e9rio escondido: a sacramentalidade do cotidiano<\/h2>\n\n\n\n<p>Na teologia cat\u00f3lica, falamos de uma realidade fundamental: o mundo criado \u00e9 capaz de revelar Deus. Isso atinge sua plenitude nos sacramentos, mas se estende a toda a vida do fiel.<\/p>\n\n\n\n<p>O Tempo Comum nos educa nessa vis\u00e3o sacramental da realidade. Ele nos convida a descobrir que:<\/p>\n\n\n\n<ul class=\"wp-block-list\">\n<li>uma conversa pode ser um espa\u00e7o de caridade,<\/li>\n\n\n\n<li>o trabalho pode ser uma oferta,<\/li>\n\n\n\n<li>o descanso pode ser um ato de confian\u00e7a em Deus,<\/li>\n\n\n\n<li>a rotina pode ser uma escola de fidelidade.<\/li>\n<\/ul>\n\n\n\n<p>Aqui entra em jogo uma virtude frequentemente esquecida: a perseveran\u00e7a. N\u00e3o se trata de fazer coisas extraordin\u00e1rias, mas de fazer extraordinariamente bem as coisas comuns.<\/p>\n\n\n\n<hr class=\"wp-block-separator has-alpha-channel-opacity\"\/>\n\n\n\n<h2 class=\"wp-block-heading\">4. Uma espiritualidade para o s\u00e9culo XXI<\/h2>\n\n\n\n<p>No contexto atual \u2014 marcado pela pressa, pela distra\u00e7\u00e3o constante e pela busca incessante por est\u00edmulos \u2014 a mensagem do Tempo Comum \u00e9 profundamente contracultural.<\/p>\n\n\n\n<p>Temos dificuldade em desacelerar.<br>Temos dificuldade em habitar o presente.<br>Temos dificuldade em encontrar sentido na repeti\u00e7\u00e3o.<\/p>\n\n\n\n<p>E, no entanto, \u00e9 precisamente ali que Deus nos espera.<\/p>\n\n\n\n<p>A espiritualidade do Tempo Comum oferece respostas muito concretas para as feridas do nosso tempo:<\/p>\n\n\n\n<h3 class=\"wp-block-heading\">a) Diante da ansiedade: a fidelidade di\u00e1ria<\/h3>\n\n\n\n<p>Voc\u00ea n\u00e3o precisa mudar o mundo hoje. Voc\u00ea s\u00f3 precisa ser fiel hoje.<\/p>\n\n\n\n<h3 class=\"wp-block-heading\">b) Diante do vazio: o sentido escondido<\/h3>\n\n\n\n<p>O que voc\u00ea faz todos os dias tem valor eterno se estiver unido a Deus.<\/p>\n\n\n\n<h3 class=\"wp-block-heading\">c) Diante da dispers\u00e3o: a aten\u00e7\u00e3o<\/h3>\n\n\n\n<p>Deus se manifesta aqui e agora, n\u00e3o em uma ideia abstrata do futuro.<\/p>\n\n\n\n<hr class=\"wp-block-separator has-alpha-channel-opacity\"\/>\n\n\n\n<h2 class=\"wp-block-heading\">5. Cristo no cotidiano: uma presen\u00e7a real<\/h2>\n\n\n\n<p>Jesus n\u00e3o apenas viveu o comum, Ele o santificou. Cada gesto seu, cada palavra, cada encontro estava cheio da presen\u00e7a do Pai.<\/p>\n\n\n\n<p>Isso muda radicalmente a maneira como vemos a vida:<\/p>\n\n\n\n<ul class=\"wp-block-list\">\n<li>N\u00e3o existem momentos \u201csem Deus\u201d.<\/li>\n\n\n\n<li>N\u00e3o existem a\u00e7\u00f5es insignificantes se forem feitas com amor.<\/li>\n\n\n\n<li>N\u00e3o existe rotina vazia se ela for vivida na gra\u00e7a.<\/li>\n<\/ul>\n\n\n\n<blockquote class=\"wp-block-quote is-layout-flow wp-block-quote-is-layout-flow\">\n<p>\u201cTudo o que fizerdes, fazei-o de cora\u00e7\u00e3o, como para o Senhor e n\u00e3o para os homens\u201d (Colossenses 3, 23)<\/p>\n<\/blockquote>\n\n\n\n<p>Esse vers\u00edculo resume a espiritualidade do Tempo Comum: transformar cada a\u00e7\u00e3o em um ato de amor oferecido a Deus.<\/p>\n\n\n\n<hr class=\"wp-block-separator has-alpha-channel-opacity\"\/>\n\n\n\n<h2 class=\"wp-block-heading\">6. Aplica\u00e7\u00f5es pr\u00e1ticas: como viver o extraordin\u00e1rio no comum<\/h2>\n\n\n\n<p>Passar da teoria para a vida concreta \u00e9 essencial. Aqui est\u00e3o algumas chaves pastorais para viver essa espiritualidade:<\/p>\n\n\n\n<h3 class=\"wp-block-heading\">1. Santificar o trabalho<\/h3>\n\n\n\n<p>N\u00e3o se trata apenas de cumprir, mas de oferecer. Antes de come\u00e7ar o seu dia, fa\u00e7a uma breve ora\u00e7\u00e3o: \u201cSenhor, eu Te ofere\u00e7o este dia\u201d.<\/p>\n\n\n\n<h3 class=\"wp-block-heading\">2. Redescobrir a rotina<\/h3>\n\n\n\n<p>Em vez de v\u00ea-la como um peso, veja-a como um espa\u00e7o de crescimento interior. A repeti\u00e7\u00e3o forma a alma.<\/p>\n\n\n\n<h3 class=\"wp-block-heading\">3. Praticar a presen\u00e7a de Deus<\/h3>\n\n\n\n<p>Pequenos lembretes ao longo do dia: uma jaculat\u00f3ria, uma breve pausa, um olhar interior.<\/p>\n\n\n\n<h3 class=\"wp-block-heading\">4. Viver com inten\u00e7\u00e3o<\/h3>\n\n\n\n<p>N\u00e3o fa\u00e7a as coisas no autom\u00e1tico. Coloque consci\u00eancia, amor e sentido em cada a\u00e7\u00e3o.<\/p>\n\n\n\n<h3 class=\"wp-block-heading\">5. Acolher a simplicidade<\/h3>\n\n\n\n<p>Voc\u00ea n\u00e3o precisa de experi\u00eancias extraordin\u00e1rias para se tornar santo. Voc\u00ea precisa de fidelidade.<\/p>\n\n\n\n<hr class=\"wp-block-separator has-alpha-channel-opacity\"\/>\n\n\n\n<h2 class=\"wp-block-heading\">7. A santidade do cotidiano: um chamado universal<\/h2>\n\n\n\n<p>O Conc\u00edlio Vaticano II recordou com for\u00e7a uma verdade antiga: todos s\u00e3o chamados \u00e0 santidade. N\u00e3o \u00e9 um privil\u00e9gio de poucos, mas uma voca\u00e7\u00e3o universal.<\/p>\n\n\n\n<p>E essa santidade n\u00e3o se constr\u00f3i em momentos isolados, mas no tecido di\u00e1rio da vida.<\/p>\n\n\n\n<p>O Tempo Comum \u00e9, nesse sentido, o grande laborat\u00f3rio da santidade. \u00c9 ali que a autenticidade da nossa f\u00e9 \u00e9 provada.<\/p>\n\n\n\n<hr class=\"wp-block-separator has-alpha-channel-opacity\"\/>\n\n\n\n<h2 class=\"wp-block-heading\">8. Uma conclus\u00e3o que transforma o olhar<\/h2>\n\n\n\n<p>Talvez o maior erro que possamos cometer seja pensar que a vida espiritual acontece apenas em momentos especiais: uma Missa solene, um retiro, uma experi\u00eancia intensa.<\/p>\n\n\n\n<p>Mas a realidade \u00e9 mais profunda \u2014 e mais exigente:<\/p>\n\n\n\n<p>Deus habita no comum.<\/p>\n\n\n\n<p>O mist\u00e9rio n\u00e3o est\u00e1 apenas no extraordin\u00e1rio, mas escondido em cada instante vivido com amor, f\u00e9 e entrega.<\/p>\n\n\n\n<p>O Tempo Comum n\u00e3o \u00e9 um \u201ctempo de transi\u00e7\u00e3o\u201d. \u00c9 o tempo em que Deus age em sil\u00eancio, em que a alma cresce sem ru\u00eddo, em que a gra\u00e7a transforma o cotidiano em eternidade.<\/p>\n\n\n\n<p>No fim, a pergunta n\u00e3o \u00e9 se a nossa vida \u00e9 extraordin\u00e1ria.<\/p>\n\n\n\n<p>A verdadeira pergunta \u00e9:<br><strong>Estamos descobrindo o extraordin\u00e1rio que Deus escondeu no comum?<\/strong><\/p>\n","protected":false},"excerpt":{"rendered":"<p>Vivemos em uma cultura que valoriza o excepcional: os grandes momentos, as experi\u00eancias intensas, as conquistas vis\u00edveis. Somos educados \u2014 quase sem perceber \u2014 a esperar que aquilo que realmente importa venha envolto em algo extraordin\u00e1rio. No entanto, a sabedoria da Igreja Cat\u00f3lica, enraizada em s\u00e9culos de tradi\u00e7\u00e3o, nos convida a olhar em outra dire\u00e7\u00e3o: &hellip;<\/p>\n","protected":false},"author":3,"featured_media":5373,"comment_status":"closed","ping_status":"closed","sticky":false,"template":"","format":"standard","meta":{"_seopress_robots_primary_cat":"","_seopress_titles_title":"","_seopress_titles_desc":"","_seopress_robots_index":"","footnotes":""},"categories":[38,52],"tags":[1849],"class_list":["post-5372","post","type-post","status-publish","format-standard","has-post-thumbnail","","category-historia-e-tradicao","category-liturgia-e-ano-liturgico","tag-tempo-comum"],"_links":{"self":[{"href":"https:\/\/catholicus.eu\/pt\/wp-json\/wp\/v2\/posts\/5372","targetHints":{"allow":["GET"]}}],"collection":[{"href":"https:\/\/catholicus.eu\/pt\/wp-json\/wp\/v2\/posts"}],"about":[{"href":"https:\/\/catholicus.eu\/pt\/wp-json\/wp\/v2\/types\/post"}],"author":[{"embeddable":true,"href":"https:\/\/catholicus.eu\/pt\/wp-json\/wp\/v2\/users\/3"}],"replies":[{"embeddable":true,"href":"https:\/\/catholicus.eu\/pt\/wp-json\/wp\/v2\/comments?post=5372"}],"version-history":[{"count":1,"href":"https:\/\/catholicus.eu\/pt\/wp-json\/wp\/v2\/posts\/5372\/revisions"}],"predecessor-version":[{"id":5374,"href":"https:\/\/catholicus.eu\/pt\/wp-json\/wp\/v2\/posts\/5372\/revisions\/5374"}],"wp:featuredmedia":[{"embeddable":true,"href":"https:\/\/catholicus.eu\/pt\/wp-json\/wp\/v2\/media\/5373"}],"wp:attachment":[{"href":"https:\/\/catholicus.eu\/pt\/wp-json\/wp\/v2\/media?parent=5372"}],"wp:term":[{"taxonomy":"category","embeddable":true,"href":"https:\/\/catholicus.eu\/pt\/wp-json\/wp\/v2\/categories?post=5372"},{"taxonomy":"post_tag","embeddable":true,"href":"https:\/\/catholicus.eu\/pt\/wp-json\/wp\/v2\/tags?post=5372"}],"curies":[{"name":"wp","href":"https:\/\/api.w.org\/{rel}","templated":true}]}}