{"id":5368,"date":"2026-03-17T11:37:01","date_gmt":"2026-03-17T10:37:01","guid":{"rendered":"https:\/\/catholicus.eu\/pt\/?p=5368"},"modified":"2026-03-17T23:18:20","modified_gmt":"2026-03-17T22:18:20","slug":"quando-a-alma-fala-passagens-biblicas-para-iluminar-cada-estado-de-espirito","status":"publish","type":"post","link":"https:\/\/catholicus.eu\/pt\/quando-a-alma-fala-passagens-biblicas-para-iluminar-cada-estado-de-espirito\/","title":{"rendered":"Quando a Alma Fala: Passagens B\u00edblicas para Iluminar Cada Estado de Esp\u00edrito"},"content":{"rendered":"\n<p>Vivemos em uma \u00e9poca marcada pela pressa, incerteza e por uma profunda busca de sentido. As emo\u00e7\u00f5es v\u00e3o e v\u00eam com intensidade: alegria, tristeza, medo, esperan\u00e7a, ansiedade\u2026 Muitas vezes n\u00e3o sabemos como lidar com elas. Contudo, as <strong>Sagradas Escrituras<\/strong> \u2014 longe de serem um texto antigo e distante \u2014 revelam-se como um verdadeiro <strong>mapa do cora\u00e7\u00e3o humano<\/strong>.<\/p>\n\n\n\n<p>A B\u00edblia n\u00e3o ignora as emo\u00e7\u00f5es; ela as abra\u00e7a, ilumina e redime. Em suas p\u00e1ginas encontramos homens e mulheres que choram, duvidam, se alegram, caem e se levantam. E, em meio a tudo isso, <strong>Deus fala<\/strong>.<\/p>\n\n\n\n<p>Este artigo pretende ser um guia espiritual profundo e acess\u00edvel: uma jornada atrav\u00e9s das <strong>passagens b\u00edblicas que acompanham cada estado de esp\u00edrito<\/strong>, com uma perspectiva teol\u00f3gica e pastoral que ajuda a viver hoje com f\u00e9, esperan\u00e7a e amor.<\/p>\n\n\n\n<hr class=\"wp-block-separator has-alpha-channel-opacity\"\/>\n\n\n\n<h1 class=\"wp-block-heading\"><strong>1. A B\u00edblia: Espelho da Alma Humana<\/strong><\/h1>\n\n\n\n<p>Do ponto de vista teol\u00f3gico, a B\u00edblia \u00e9 a Palavra inspirada de Deus, mas tamb\u00e9m \u00e9 profundamente humana. N\u00e3o \u00e9 por acaso: Deus quis se revelar <strong>atrav\u00e9s da experi\u00eancia concreta do homem<\/strong>.<\/p>\n\n\n\n<p>Os Salmos, por exemplo, s\u00e3o uma verdadeira escola de ora\u00e7\u00e3o emocional. Neles encontramos:<\/p>\n\n\n\n<blockquote class=\"wp-block-quote is-layout-flow wp-block-quote-is-layout-flow\">\n<p>\u201cO Senhor est\u00e1 perto dos que t\u00eam o cora\u00e7\u00e3o quebrantado\u201d (Salmo 34:19)<\/p>\n<\/blockquote>\n\n\n\n<p>Aqui se revela uma verdade essencial: <strong>Deus n\u00e3o se escandaliza com nossas emo\u00e7\u00f5es<\/strong>. Ao contr\u00e1rio, Ele entra nelas.<\/p>\n\n\n\n<hr class=\"wp-block-separator has-alpha-channel-opacity\"\/>\n\n\n\n<h1 class=\"wp-block-heading\"><strong>2. Por Que Recorrer \u00e0 B\u00edblia de Acordo com Nosso Estado de Esp\u00edrito?<\/strong><\/h1>\n\n\n\n<p>Na tradi\u00e7\u00e3o cat\u00f3lica, as Escrituras n\u00e3o s\u00e3o apenas informativas, mas <strong>transformadoras<\/strong>. L\u00ea-las a partir da perspectiva de nosso estado interior permite:<\/p>\n\n\n\n<ul class=\"wp-block-list\">\n<li>Ordenar nossas emo\u00e7\u00f5es \u00e0 luz da verdade<\/li>\n\n\n\n<li>Descobrir o significado espiritual do sofrimento<\/li>\n\n\n\n<li>Evitar cair no subjetivismo emocional moderno<\/li>\n\n\n\n<li>Abrir-se \u00e0 gra\u00e7a de Deus em situa\u00e7\u00f5es concretas<\/li>\n<\/ul>\n\n\n\n<p>Santo Agostinho compreendeu isso bem: <em>\u201cDeus est\u00e1 mais pr\u00f3ximo de mim do que eu mesmo\u201d<\/em>. Por isso, a Palavra atinge exatamente onde mais precisamos dela.<\/p>\n\n\n\n<hr class=\"wp-block-separator has-alpha-channel-opacity\"\/>\n\n\n\n<h1 class=\"wp-block-heading\"><strong>3. Passagens B\u00edblicas para Cada Estado de Esp\u00edrito<\/strong><\/h1>\n\n\n\n<p>A seguir, um guia amplo, pr\u00e1tico e profundamente espiritual.<\/p>\n\n\n\n<hr class=\"wp-block-separator has-alpha-channel-opacity\"\/>\n\n\n\n<h2 class=\"wp-block-heading\"><strong>\ud83d\udd39 Quando Voc\u00ea Est\u00e1 Triste ou Abatido<\/strong><\/h2>\n\n\n\n<p>A tristeza faz parte da experi\u00eancia humana, mas em Cristo ela nunca \u00e9 definitiva.<\/p>\n\n\n\n<ul class=\"wp-block-list\">\n<li>\u201cO Senhor est\u00e1 perto dos que t\u00eam o cora\u00e7\u00e3o quebrantado\u201d (Salmo 34:19)<\/li>\n\n\n\n<li>\u201cVinde a mim, todos os que estais cansados e sobrecarregados\u201d (Mateus 11:28)<\/li>\n\n\n\n<li>\u201cAs minhas l\u00e1grimas puseste no teu odre\u201d (Salmo 56:9)<\/li>\n\n\n\n<li>\u201cAinda que eu ande pelo vale da sombra da morte, n\u00e3o temerei mal algum\u201d (Salmo 23:4)<\/li>\n\n\n\n<li>\u201cJesus chorou\u201d (Jo\u00e3o 11:35)<\/li>\n<\/ul>\n\n\n\n<p>\ud83d\udc49 <strong>Aplica\u00e7\u00e3o pastoral:<\/strong><br>N\u00e3o reprima a tristeza. Leve-a \u00e0 ora\u00e7\u00e3o. Cristo mesmo chorou: sua dor pode se tornar um encontro com Ele.<\/p>\n\n\n\n<hr class=\"wp-block-separator has-alpha-channel-opacity\"\/>\n\n\n\n<h2 class=\"wp-block-heading\"><strong>\ud83d\udd39 Quando Voc\u00ea Sente Medo ou Ansiedade<\/strong><\/h2>\n\n\n\n<p>Vivemos na era da ansiedade. A B\u00edblia oferece uma resposta radical: <strong>confian\u00e7a na Provid\u00eancia<\/strong>.<\/p>\n\n\n\n<ul class=\"wp-block-list\">\n<li>\u201cN\u00e3o temas\u201d (Mateus 14:27)<\/li>\n\n\n\n<li>\u201cO Senhor \u00e9 a minha luz e a minha salva\u00e7\u00e3o; a quem temerei?\u201d (Salmo 27:1)<\/li>\n\n\n\n<li>\u201cLan\u00e7ai sobre Ele toda a vossa ansiedade\u201d (1 Pedro 5:7)<\/li>\n\n\n\n<li>\u201cN\u00e3o andeis ansiosos por coisa alguma\u201d (Filipenses 4:6)<\/li>\n\n\n\n<li>\u201cEis que estou convosco todos os dias\u201d (Mateus 28:20)<\/li>\n<\/ul>\n\n\n\n<p>\ud83d\udc49 <strong>Aplica\u00e7\u00e3o pastoral:<\/strong><br>O medo n\u00e3o se vence pelo controle, mas pela entrega a Deus. Repita estas palavras nos momentos de ansiedade.<\/p>\n\n\n\n<hr class=\"wp-block-separator has-alpha-channel-opacity\"\/>\n\n\n\n<h2 class=\"wp-block-heading\"><strong>\ud83d\udd39 Quando Voc\u00ea Se Sente Sozinho<\/strong><\/h2>\n\n\n\n<p>A solid\u00e3o \u00e9 uma das feridas mais profundas do homem moderno.<\/p>\n\n\n\n<ul class=\"wp-block-list\">\n<li>\u201cN\u00e3o \u00e9 bom que o homem esteja s\u00f3\u201d (G\u00eanesis 2:18)<\/li>\n\n\n\n<li>\u201cEu estou contigo\u201d (Isa\u00edas 41:10)<\/li>\n\n\n\n<li>\u201cAinda que meu pai e minha m\u00e3e me abandonem, o Senhor me acolher\u00e1\u201d (Salmo 27:10)<\/li>\n\n\n\n<li>\u201cOnde estiverem dois ou tr\u00eas reunidos em meu nome, ali estou no meio deles\u201d (Mateus 18:20)<\/li>\n<\/ul>\n\n\n\n<p>\ud83d\udc49 <strong>Aplica\u00e7\u00e3o pastoral:<\/strong><br>A f\u00e9 n\u00e3o elimina a solid\u00e3o, mas a transforma: <strong>voc\u00ea nunca est\u00e1 sozinho diante de Deus<\/strong>.<\/p>\n\n\n\n<hr class=\"wp-block-separator has-alpha-channel-opacity\"\/>\n\n\n\n<h2 class=\"wp-block-heading\"><strong>\ud83d\udd39 Quando Voc\u00ea Est\u00e1 Alegre ou Grato<\/strong><\/h2>\n\n\n\n<p>A alegria \u00e9 fruto do Esp\u00edrito Santo.<\/p>\n\n\n\n<ul class=\"wp-block-list\">\n<li>\u201cAlegrai-vos sempre no Senhor\u201d (Filipenses 4:4)<\/li>\n\n\n\n<li>\u201cEm tudo dai gra\u00e7as\u201d (1 Tessalonicenses 5:18)<\/li>\n\n\n\n<li>\u201cO Senhor fez grandes coisas por n\u00f3s, e estamos cheios de alegria\u201d (Salmo 126:3)<\/li>\n\n\n\n<li>\u201cA minha alma engrandece o Senhor\u201d (Lucas 1:46)<\/li>\n<\/ul>\n\n\n\n<p>\ud83d\udc49 <strong>Aplica\u00e7\u00e3o pastoral:<\/strong><br>A alegria deve levar \u00e0 gratid\u00e3o. Agradecer \u00e9 reconhecer que tudo \u00e9 dom.<\/p>\n\n\n\n<hr class=\"wp-block-separator has-alpha-channel-opacity\"\/>\n\n\n\n<h2 class=\"wp-block-heading\"><strong>\ud83d\udd39 Quando Voc\u00ea Se Sente Culpado ou Pecou<\/strong><\/h2>\n\n\n\n<p>O pecado pesa, mas a miseric\u00f3rdia de Deus \u00e9 maior.<\/p>\n\n\n\n<ul class=\"wp-block-list\">\n<li>\u201cUm cora\u00e7\u00e3o quebrantado e humilhado, \u00f3 Deus, tu n\u00e3o desprezas\u201d (Salmo 51:19)<\/li>\n\n\n\n<li>\u201cAinda que os vossos pecados sejam como escarlate, eles se tornar\u00e3o brancos como a neve\u201d (Isa\u00edas 1:18)<\/li>\n\n\n\n<li>\u201cPai, pequei contra o c\u00e9u e diante de ti\u201d (Lucas 15:21)<\/li>\n\n\n\n<li>\u201cDeus \u00e9 rico em miseric\u00f3rdia\u201d (Ef\u00e9sios 2:4)<\/li>\n<\/ul>\n\n\n\n<p>\ud83d\udc49 <strong>Aplica\u00e7\u00e3o pastoral:<\/strong><br>A culpa cura quando leva ao arrependimento. Aproximar-se do sacramento da confiss\u00e3o.<\/p>\n\n\n\n<hr class=\"wp-block-separator has-alpha-channel-opacity\"\/>\n\n\n\n<h2 class=\"wp-block-heading\"><strong>\ud83d\udd39 Quando Voc\u00ea Se Sente Perdido ou Sem Dire\u00e7\u00e3o<\/strong><\/h2>\n\n\n\n<p>Muitos hoje vivem sem rumo.<\/p>\n\n\n\n<ul class=\"wp-block-list\">\n<li>\u201cEu sou o caminho, a verdade e a vida\u201d (Jo\u00e3o 14:6)<\/li>\n\n\n\n<li>\u201cConfia no Senhor de todo o teu cora\u00e7\u00e3o\u201d (Prov\u00e9rbios 3:5-6)<\/li>\n\n\n\n<li>\u201cA tua palavra \u00e9 l\u00e2mpada para os meus p\u00e9s\u201d (Salmo 119:105)<\/li>\n<\/ul>\n\n\n\n<p>\ud83d\udc49 <strong>Aplica\u00e7\u00e3o pastoral:<\/strong><br>A Palavra de Deus d\u00e1 dire\u00e7\u00e3o. Reserve tempo para l\u00ea-la antes de tomar decis\u00f5es importantes.<\/p>\n\n\n\n<hr class=\"wp-block-separator has-alpha-channel-opacity\"\/>\n\n\n\n<h2 class=\"wp-block-heading\"><strong>\ud83d\udd39 Quando Voc\u00ea Est\u00e1 Irritado ou Ferido<\/strong><\/h2>\n\n\n\n<p>A raiva mal gerida destr\u00f3i, mas tamb\u00e9m pode ser redimida.<\/p>\n\n\n\n<ul class=\"wp-block-list\">\n<li>\u201cN\u00e3o se ponha o sol sobre a vossa ira\u201d (Ef\u00e9sios 4:26)<\/li>\n\n\n\n<li>\u201cSede misericordiosos, como tamb\u00e9m vosso Pai \u00e9 misericordioso\u201d (Lucas 6:36)<\/li>\n\n\n\n<li>\u201cPerdoai, e sereis perdoados\u201d (Lucas 6:37)<\/li>\n<\/ul>\n\n\n\n<p>\ud83d\udc49 <strong>Aplica\u00e7\u00e3o pastoral:<\/strong><br>O perd\u00e3o n\u00e3o \u00e9 fraqueza; \u00e9 liberdade. Cristo na cruz \u00e9 o modelo.<\/p>\n\n\n\n<hr class=\"wp-block-separator has-alpha-channel-opacity\"\/>\n\n\n\n<h2 class=\"wp-block-heading\"><strong>\ud83d\udd39 Quando Voc\u00ea Precisa de Esperan\u00e7a<\/strong><\/h2>\n\n\n\n<p>A esperan\u00e7a crist\u00e3 n\u00e3o \u00e9 um otimismo vazio, mas certeza em Deus.<\/p>\n\n\n\n<ul class=\"wp-block-list\">\n<li>\u201cSabemos que todas as coisas cooperam para o bem daqueles que amam a Deus\u201d (Romanos 8:28)<\/li>\n\n\n\n<li>\u201cPorque eu sei os pensamentos que tenho a vosso respeito\u201d (Jeremias 29:11)<\/li>\n\n\n\n<li>\u201cA esperan\u00e7a n\u00e3o engana\u201d (Romanos 5:5)<\/li>\n<\/ul>\n\n\n\n<p>\ud83d\udc49 <strong>Aplica\u00e7\u00e3o pastoral:<\/strong><br>A esperan\u00e7a se fortalece recordando as promessas de Deus.<\/p>\n\n\n\n<hr class=\"wp-block-separator has-alpha-channel-opacity\"\/>\n\n\n\n<h2 class=\"wp-block-heading\"><strong>\ud83d\udd39 Quando Voc\u00ea Est\u00e1 Cansado ou Exausto<\/strong><\/h2>\n\n\n\n<p>O cansa\u00e7o f\u00edsico e espiritual \u00e9 muito comum hoje.<\/p>\n\n\n\n<ul class=\"wp-block-list\">\n<li>\u201cO Senhor \u00e9 o meu pastor; nada me faltar\u00e1\u201d (Salmo 23)<\/li>\n\n\n\n<li>\u201cVinde a mim\u2026 e eu vos darei descanso\u201d (Mateus 11:28)<\/li>\n\n\n\n<li>\u201cOs que esperam no Senhor renovar\u00e3o as suas for\u00e7as\u201d (Isa\u00edas 40:31)<\/li>\n<\/ul>\n\n\n\n<p>\ud83d\udc49 <strong>Aplica\u00e7\u00e3o pastoral:<\/strong><br>Descansar tamb\u00e9m \u00e9 espiritual. Aprenda a parar com Deus.<\/p>\n\n\n\n<hr class=\"wp-block-separator has-alpha-channel-opacity\"\/>\n\n\n\n<h1 class=\"wp-block-heading\"><strong>4. Chave Teol\u00f3gica: Cristo, a Plenitude de Todas as Emo\u00e7\u00f5es<\/strong><\/h1>\n\n\n\n<p>Na teologia cat\u00f3lica, Jesus Cristo n\u00e3o salva apenas a alma, mas <strong>assume toda a condi\u00e7\u00e3o humana<\/strong>, incluindo as emo\u00e7\u00f5es:<\/p>\n\n\n\n<ul class=\"wp-block-list\">\n<li>Ele chora (Jo\u00e3o 11)<\/li>\n\n\n\n<li>Ele est\u00e1 angustiado (Gets\u00eamani)<\/li>\n\n\n\n<li>Ele se alegra (Lucas 10:21)<\/li>\n\n\n\n<li>Ele se indigna (limpeza do templo)<\/li>\n<\/ul>\n\n\n\n<p>Isso revela algo profundo:<br>\ud83d\udc49 <strong>Suas emo\u00e7\u00f5es podem se tornar um caminho de santidade se vividas em Cristo.<\/strong><\/p>\n\n\n\n<hr class=\"wp-block-separator has-alpha-channel-opacity\"\/>\n\n\n\n<h1 class=\"wp-block-heading\"><strong>5. Como Aplicar Isso na Vida Di\u00e1ria<\/strong><\/h1>\n\n\n\n<p>Aqui est\u00e1 um guia pr\u00e1tico:<\/p>\n\n\n\n<h3 class=\"wp-block-heading\">\u2705 1. Ore de acordo com o que sente<\/h3>\n\n\n\n<p>N\u00e3o ore \u201cperfeitamente\u201d. Ore <strong>verdadeiramente<\/strong>.<\/p>\n\n\n\n<h3 class=\"wp-block-heading\">\u2705 2. Tenha um \u201carsenal b\u00edblico emocional\u201d<\/h3>\n\n\n\n<p>Decore vers\u00edculos-chave para momentos concretos.<\/p>\n\n\n\n<h3 class=\"wp-block-heading\">\u2705 3. Leia os Salmos<\/h3>\n\n\n\n<p>Eles s\u00e3o a melhor escola para aprender a orar com o cora\u00e7\u00e3o.<\/p>\n\n\n\n<h3 class=\"wp-block-heading\">\u2705 4. Una sua emo\u00e7\u00e3o a Cristo<\/h3>\n\n\n\n<p>Diga: \u201cSenhor, vivo isso contigo.\u201d<\/p>\n\n\n\n<h3 class=\"wp-block-heading\">\u2705 5. Recorrer aos sacramentos<\/h3>\n\n\n\n<p>Especialmente a Eucaristia e a Confiss\u00e3o.<\/p>\n\n\n\n<hr class=\"wp-block-separator has-alpha-channel-opacity\"\/>\n\n\n\n<h1 class=\"wp-block-heading\"><strong>Conclus\u00e3o: Deus Fala Dentro de Voc\u00ea<\/strong><\/h1>\n\n\n\n<p>A grande mentira do nosso tempo \u00e9 pensar que estamos sozinhos no que sentimos. A verdade \u00e9 outra:<br>\ud83d\udc49 <strong>Deus j\u00e1 experimentou sua emo\u00e7\u00e3o\u2026 e espera por voc\u00ea nela.<\/strong><\/p>\n\n\n\n<p>A B\u00edblia n\u00e3o \u00e9 um livro distante. \u00c9 uma conversa viva entre Deus e o seu cora\u00e7\u00e3o.<\/p>\n\n\n\n<p>Da pr\u00f3xima vez que sentir medo, tristeza ou alegria, n\u00e3o busque respostas primeiro em outro lugar. Abra as Escrituras. Ali voc\u00ea encontrar\u00e1 n\u00e3o apenas palavras, mas <strong>uma Presen\u00e7a<\/strong>.<\/p>\n\n\n\n<blockquote class=\"wp-block-quote is-layout-flow wp-block-quote-is-layout-flow\">\n<p>\u201cPorque a palavra de Deus \u00e9 viva e eficaz\u201d (Hebreus 4:12)<\/p>\n<\/blockquote>\n\n\n\n<p>E continua a falar com voc\u00ea hoje.<\/p>\n\n\n\n<figure class=\"wp-block-table\"><table class=\"has-fixed-layout\"><thead><tr><th>Estado emocional<\/th><th>Passagem b\u00edblica<\/th><th>Cita\u00e7\u00e3o<\/th><\/tr><\/thead><tbody><tr><td>Tristeza<\/td><td>Salmo 34,19<\/td><td>\u00abO Senhor est\u00e1 perto dos que t\u00eam o cora\u00e7\u00e3o quebrantado\u00bb<\/td><\/tr><tr><td>Tristeza profunda<\/td><td>Salmo 42,12<\/td><td>\u00abPor que est\u00e1s abatida, \u00f3 minha alma?\u00bb<\/td><\/tr><tr><td>Choro<\/td><td>Jo\u00e3o 11,35<\/td><td>\u00abJesus chorou\u00bb<\/td><\/tr><tr><td>Dor interior<\/td><td>Salmo 147,3<\/td><td>\u00abEle cura os de cora\u00e7\u00e3o ferido\u00bb<\/td><\/tr><tr><td>Des\u00e2nimo<\/td><td>Josu\u00e9 1,9<\/td><td>\u00abS\u00ea forte e corajoso\u00bb<\/td><\/tr><tr><td>Cansa\u00e7o<\/td><td>Mateus 11,28<\/td><td>\u00abVinde a mim\u2026 e eu vos darei descanso\u00bb<\/td><\/tr><tr><td>Exaust\u00e3o<\/td><td>Isa\u00edas 40,31<\/td><td>\u00abRenovar\u00e3o as suas for\u00e7as\u00bb<\/td><\/tr><tr><td>Ansiedade<\/td><td>Filipenses 4,6<\/td><td>\u00abN\u00e3o andeis ansiosos por coisa alguma\u00bb<\/td><\/tr><tr><td>Ansiedade intensa<\/td><td>1 Pedro 5,7<\/td><td>\u00abLan\u00e7ai sobre Ele todas as vossas preocupa\u00e7\u00f5es\u00bb<\/td><\/tr><tr><td>Medo<\/td><td>Salmo 27,1<\/td><td>\u00abDe quem terei medo?\u00bb<\/td><\/tr><tr><td>Terror<\/td><td>Isa\u00edas 41,10<\/td><td>\u00abN\u00e3o temas, pois eu estou contigo\u00bb<\/td><\/tr><tr><td>Inseguran\u00e7a<\/td><td>Prov\u00e9rbios 3,5<\/td><td>\u00abConfia no Senhor\u00bb<\/td><\/tr><tr><td>Solid\u00e3o<\/td><td>Mateus 28,20<\/td><td>\u00abEu estou convosco todos os dias\u00bb<\/td><\/tr><tr><td>Abandono<\/td><td>Salmo 27,10<\/td><td>\u00abO Senhor me acolher\u00e1\u00bb<\/td><\/tr><tr><td>Rejei\u00e7\u00e3o<\/td><td>Romanos 8,38-39<\/td><td>\u00abNada poder\u00e1 nos separar do amor de Deus\u00bb<\/td><\/tr><tr><td>D\u00favida<\/td><td>Tiago 1,5<\/td><td>\u00abPe\u00e7a com f\u00e9\u00bb<\/td><\/tr><tr><td>Confus\u00e3o<\/td><td>1 Cor\u00edntios 14,33<\/td><td>\u00abDeus n\u00e3o \u00e9 Deus de confus\u00e3o\u00bb<\/td><\/tr><tr><td>Falta de dire\u00e7\u00e3o<\/td><td>Salmo 119,105<\/td><td>\u00abA tua palavra \u00e9 l\u00e2mpada para os meus p\u00e9s\u00bb<\/td><\/tr><tr><td>Decis\u00f5es dif\u00edceis<\/td><td>Prov\u00e9rbios 16,3<\/td><td>\u00abConfia ao Senhor as tuas obras\u00bb<\/td><\/tr><tr><td>Pecado<\/td><td>Isa\u00edas 1,18<\/td><td>\u00abTornar-se-\u00e3o brancos como a neve\u00bb<\/td><\/tr><tr><td>Culpa<\/td><td>Salmo 51,19<\/td><td>\u00abUm cora\u00e7\u00e3o contrito n\u00e3o desprezar\u00e1s\u00bb<\/td><\/tr><tr><td>Arrependimento<\/td><td>Lucas 15,21<\/td><td>\u00abPai, pequei\u00bb<\/td><\/tr><tr><td>Tenta\u00e7\u00e3o<\/td><td>1 Cor\u00edntios 10,13<\/td><td>\u00abDeus n\u00e3o permitir\u00e1 que sejais tentados al\u00e9m das vossas for\u00e7as\u00bb<\/td><\/tr><tr><td>Luta espiritual<\/td><td>Ef\u00e9sios 6,11<\/td><td>\u00abRevesti-vos da armadura de Deus\u00bb<\/td><\/tr><tr><td>Ira<\/td><td>Ef\u00e9sios 4,26<\/td><td>\u00abN\u00e3o se ponha o sol sobre a vossa ira\u00bb<\/td><\/tr><tr><td>Ressentimento<\/td><td>Colossenses 3,13<\/td><td>\u00abPerdoai-vos mutuamente\u00bb<\/td><\/tr><tr><td>\u00d3dio<\/td><td>Mateus 5,44<\/td><td>\u00abAmai os vossos inimigos\u00bb<\/td><\/tr><tr><td>Feridas emocionais<\/td><td>Salmo 147,3<\/td><td>\u00abEle cura as suas feridas\u00bb<\/td><\/tr><tr><td>Perd\u00e3o<\/td><td>Lucas 6,37<\/td><td>\u00abPerdoai e sereis perdoados\u00bb<\/td><\/tr><tr><td>Injusti\u00e7a<\/td><td>Romanos 12,19<\/td><td>\u00abA mim pertence a vingan\u00e7a, diz o Senhor\u00bb<\/td><\/tr><tr><td>Impaci\u00eancia<\/td><td>Salmo 37,7<\/td><td>\u00abDescansa no Senhor e espera nele\u00bb<\/td><\/tr><tr><td>Desespero<\/td><td>Romanos 8,28<\/td><td>\u00abTudo coopera para o bem\u00bb<\/td><\/tr><tr><td>Falta de esperan\u00e7a<\/td><td>Jeremias 29,11<\/td><td>\u00abPlanos de paz e n\u00e3o de mal\u00bb<\/td><\/tr><tr><td>Escurid\u00e3o espiritual<\/td><td>Jo\u00e3o 8,12<\/td><td>\u00abEu sou a luz do mundo\u00bb<\/td><\/tr><tr><td>Fraqueza<\/td><td>2 Cor\u00edntios 12,9<\/td><td>\u00abA minha gra\u00e7a te basta\u00bb<\/td><\/tr><tr><td>Fracasso<\/td><td>Prov\u00e9rbios 24,16<\/td><td>\u00abO justo cai sete vezes e se levanta\u00bb<\/td><\/tr><tr><td>Desilus\u00e3o<\/td><td>Salmo 73,26<\/td><td>\u00abDeus \u00e9 a for\u00e7a do meu cora\u00e7\u00e3o\u00bb<\/td><\/tr><tr><td>Inveja<\/td><td>G\u00e1latas 5,26<\/td><td>\u00abN\u00e3o nos invejemos uns aos outros\u00bb<\/td><\/tr><tr><td>Orgulho<\/td><td>Filipenses 2,3<\/td><td>\u00abConsiderai os outros superiores a v\u00f3s mesmos\u00bb<\/td><\/tr><tr><td>Gratid\u00e3o<\/td><td>1 Tessalonicenses 5,18<\/td><td>\u00abDai gra\u00e7as em tudo\u00bb<\/td><\/tr><tr><td>Alegria<\/td><td>Filipenses 4,4<\/td><td>\u00abAlegrai-vos sempre no Senhor\u00bb<\/td><\/tr><tr><td>Alegria espiritual<\/td><td>Salmo 126,3<\/td><td>\u00abEstamos cheios de alegria\u00bb<\/td><\/tr><tr><td>Paz interior<\/td><td>Jo\u00e3o 14,27<\/td><td>\u00abDou-vos a minha paz\u00bb<\/td><\/tr><tr><td>Amor<\/td><td>1 Cor\u00edntios 13,4-7<\/td><td>\u00abO amor \u00e9 paciente\u00bb<\/td><\/tr><tr><td>Caridade<\/td><td>Jo\u00e3o 15,12<\/td><td>\u00abAmai-vos uns aos outros\u00bb<\/td><\/tr><tr><td>F\u00e9<\/td><td>Hebreus 11,1<\/td><td>\u00abA f\u00e9 \u00e9 a certeza daquilo que se espera\u00bb<\/td><\/tr><tr><td>Confian\u00e7a em Deus<\/td><td>Salmo 56,4<\/td><td>\u00abEm Deus confio\u00bb<\/td><\/tr><tr><td>Esperan\u00e7a<\/td><td>Romanos 5,5<\/td><td>\u00abA esperan\u00e7a n\u00e3o decepciona\u00bb<\/td><\/tr><tr><td>Fidelidade<\/td><td>Lamenta\u00e7\u00f5es 3,23<\/td><td>\u00abGrande \u00e9 a sua fidelidade\u00bb<\/td><\/tr><tr><td>Prote\u00e7\u00e3o<\/td><td>Salmo 91,11<\/td><td>\u00abDar\u00e1 ordens aos seus anjos\u00bb<\/td><\/tr><tr><td>Necessidade<\/td><td>Filipenses 4,19<\/td><td>\u00abDeus suprir\u00e1 todas as vossas necessidades\u00bb<\/td><\/tr><tr><td>Prosperidade espiritual<\/td><td>Mateus 6,33<\/td><td>\u00abBuscai primeiro o Reino\u00bb<\/td><\/tr><tr><td>Discernimento<\/td><td>Romanos 12,2<\/td><td>\u00abDiscerni a vontade de Deus\u00bb<\/td><\/tr><tr><td>Voca\u00e7\u00e3o<\/td><td>Jeremias 1,5<\/td><td>\u00abAntes de te formar, eu te conhecia\u00bb<\/td><\/tr><tr><td>Perseveran\u00e7a<\/td><td>G\u00e1latas 6,9<\/td><td>\u00abN\u00e3o nos cansemos de fazer o bem\u00bb<\/td><\/tr><tr><td>Prova\u00e7\u00e3o<\/td><td>Tiago 1,12<\/td><td>\u00abBem-aventurado o que persevera\u00bb<\/td><\/tr><tr><td>Sofrimento<\/td><td>Romanos 8,18<\/td><td>\u00abN\u00e3o s\u00e3o compar\u00e1veis com a gl\u00f3ria futura\u00bb<\/td><\/tr><tr><td>Morte<\/td><td>Jo\u00e3o 11,25<\/td><td>\u00abEu sou a ressurrei\u00e7\u00e3o\u00bb<\/td><\/tr><tr><td>Vida eterna<\/td><td>Jo\u00e3o 3,16<\/td><td>\u00abPara que tenha a vida eterna\u00bb<\/td><\/tr><\/tbody><\/table><\/figure>\n","protected":false},"excerpt":{"rendered":"<p>Vivemos em uma \u00e9poca marcada pela pressa, incerteza e por uma profunda busca de sentido. As emo\u00e7\u00f5es v\u00e3o e v\u00eam com intensidade: alegria, tristeza, medo, esperan\u00e7a, ansiedade\u2026 Muitas vezes n\u00e3o sabemos como lidar com elas. Contudo, as Sagradas Escrituras \u2014 longe de serem um texto antigo e distante \u2014 revelam-se como um verdadeiro mapa do &hellip;<\/p>\n","protected":false},"author":3,"featured_media":5369,"comment_status":"closed","ping_status":"closed","sticky":false,"template":"","format":"standard","meta":{"_seopress_robots_primary_cat":"","_seopress_titles_title":"","_seopress_titles_desc":"","_seopress_robots_index":"","footnotes":""},"categories":[37,45],"tags":[1848],"class_list":["post-5368","post","type-post","status-publish","format-standard","has-post-thumbnail","","category-doutrina-e-fe","category-sagradas-escrituras","tag-passagens-biblicas"],"_links":{"self":[{"href":"https:\/\/catholicus.eu\/pt\/wp-json\/wp\/v2\/posts\/5368","targetHints":{"allow":["GET"]}}],"collection":[{"href":"https:\/\/catholicus.eu\/pt\/wp-json\/wp\/v2\/posts"}],"about":[{"href":"https:\/\/catholicus.eu\/pt\/wp-json\/wp\/v2\/types\/post"}],"author":[{"embeddable":true,"href":"https:\/\/catholicus.eu\/pt\/wp-json\/wp\/v2\/users\/3"}],"replies":[{"embeddable":true,"href":"https:\/\/catholicus.eu\/pt\/wp-json\/wp\/v2\/comments?post=5368"}],"version-history":[{"count":2,"href":"https:\/\/catholicus.eu\/pt\/wp-json\/wp\/v2\/posts\/5368\/revisions"}],"predecessor-version":[{"id":5371,"href":"https:\/\/catholicus.eu\/pt\/wp-json\/wp\/v2\/posts\/5368\/revisions\/5371"}],"wp:featuredmedia":[{"embeddable":true,"href":"https:\/\/catholicus.eu\/pt\/wp-json\/wp\/v2\/media\/5369"}],"wp:attachment":[{"href":"https:\/\/catholicus.eu\/pt\/wp-json\/wp\/v2\/media?parent=5368"}],"wp:term":[{"taxonomy":"category","embeddable":true,"href":"https:\/\/catholicus.eu\/pt\/wp-json\/wp\/v2\/categories?post=5368"},{"taxonomy":"post_tag","embeddable":true,"href":"https:\/\/catholicus.eu\/pt\/wp-json\/wp\/v2\/tags?post=5368"}],"curies":[{"name":"wp","href":"https:\/\/api.w.org\/{rel}","templated":true}]}}