{"id":5362,"date":"2026-03-17T10:01:34","date_gmt":"2026-03-17T09:01:34","guid":{"rendered":"https:\/\/catholicus.eu\/pt\/?p=5362"},"modified":"2026-03-17T10:01:35","modified_gmt":"2026-03-17T09:01:35","slug":"dois-gigantes-frente-a-frente-a-fascinante-controversia-entre-santo-agostinho-e-sao-jeronimo-que-ainda-interpela-a-nossa-fe","status":"publish","type":"post","link":"https:\/\/catholicus.eu\/pt\/dois-gigantes-frente-a-frente-a-fascinante-controversia-entre-santo-agostinho-e-sao-jeronimo-que-ainda-interpela-a-nossa-fe\/","title":{"rendered":"Dois gigantes frente a frente: a fascinante controv\u00e9rsia entre Santo Agostinho e S\u00e3o Jer\u00f4nimo que ainda interpela a nossa f\u00e9"},"content":{"rendered":"\n<p>Na hist\u00f3ria da Igreja, h\u00e1 encontros que n\u00e3o apenas edificam, mas tamb\u00e9m sacodem, purificam e fazem crescer. Um dos mais fascinantes \u2014 e frequentemente mal compreendidos \u2014 \u00e9 o interc\u00e2mbio intelectual e espiritual entre Santo Agostinho de Hipona e S\u00e3o Jer\u00f4nimo.<\/p>\n\n\n\n<p>Longe de ser um simples desacordo entre eruditos, a sua controv\u00e9rsia revela algo profundamente humano: como at\u00e9 mesmo os santos, na sua busca sincera pela verdade, podem confrontar-se intensamente\u2026 e, ainda assim, edificar a unidade da Igreja.<\/p>\n\n\n\n<p>Este epis\u00f3dio n\u00e3o \u00e9 apenas hist\u00f3ria antiga. \u00c9 uma b\u00fassola espiritual para o fiel de hoje.<\/p>\n\n\n\n<hr class=\"wp-block-separator has-alpha-channel-opacity\"\/>\n\n\n\n<h2 class=\"wp-block-heading\"><strong>Um contexto ardente: a Igreja em forma\u00e7\u00e3o<\/strong><\/h2>\n\n\n\n<p>Estamos nos s\u00e9culos IV e V. O cristianismo saiu das catacumbas e enfrenta agora um desafio diferente: definir com precis\u00e3o a verdade revelada diante de interpreta\u00e7\u00f5es divergentes.<\/p>\n\n\n\n<ul class=\"wp-block-list\">\n<li>S\u00e3o Jer\u00f4nimo, a partir de Bel\u00e9m, dedica-se \u00e0 tradu\u00e7\u00e3o da B\u00edblia para o latim (a <strong>Vulgata<\/strong>), com uma obsess\u00e3o quase asc\u00e9tica pela fidelidade textual.<\/li>\n\n\n\n<li>Santo Agostinho de Hipona, bispo no norte da \u00c1frica, desenvolve uma teologia profunda que marcar\u00e1 s\u00e9culos.<\/li>\n<\/ul>\n\n\n\n<p>Ambos amam a verdade. Ambos amam a Igreja. Mas nem sempre concordam quanto ao caminho.<\/p>\n\n\n\n<hr class=\"wp-block-separator has-alpha-channel-opacity\"\/>\n\n\n\n<h2 class=\"wp-block-heading\"><strong>O n\u00facleo da controv\u00e9rsia: Escritura, verdade e autoridade<\/strong><\/h2>\n\n\n\n<h3 class=\"wp-block-heading\">1. <strong>A tradu\u00e7\u00e3o da B\u00edblia: fidelidade ou tradi\u00e7\u00e3o<\/strong><\/h3>\n\n\n\n<p>Um dos pontos mais delicados foi a tradu\u00e7\u00e3o do Antigo Testamento.<\/p>\n\n\n\n<p>S\u00e3o Jer\u00f4nimo decidiu traduzir diretamente do hebraico, afastando-se da <strong>Septuaginta<\/strong> (a tradu\u00e7\u00e3o grega tradicionalmente usada pela Igreja primitiva).<\/p>\n\n\n\n<p>Santo Agostinho, por outro lado, manifestou preocupa\u00e7\u00e3o.<\/p>\n\n\n\n<p>Por qu\u00ea?<\/p>\n\n\n\n<ul class=\"wp-block-list\">\n<li>Temia que abandonar a Septuaginta gerasse confus\u00e3o entre os fi\u00e9is.<\/li>\n\n\n\n<li>Considerava que essa tradu\u00e7\u00e3o possu\u00eda uma autoridade providencial dentro da Igreja.<\/li>\n<\/ul>\n\n\n\n<p>Aqui surge uma tens\u00e3o que continua atual:<br><strong>deve prevalecer a precis\u00e3o hist\u00f3rica ou a tradi\u00e7\u00e3o recebida?<\/strong><\/p>\n\n\n\n<hr class=\"wp-block-separator has-alpha-channel-opacity\"\/>\n\n\n\n<h3 class=\"wp-block-heading\">2. <strong>O epis\u00f3dio de G\u00e1latas: um ap\u00f3stolo pode \u201csimular\u201d?<\/strong><\/h3>\n\n\n\n<p>Outro ponto de discuss\u00e3o foi a interpreta\u00e7\u00e3o de G\u00e1latas 2, onde S\u00e3o Paulo repreende S\u00e3o Pedro.<\/p>\n\n\n\n<p>S\u00e3o Jer\u00f4nimo sustentava que o confronto teria sido uma esp\u00e9cie de <strong>\u201csimula\u00e7\u00e3o pedag\u00f3gica\u201d<\/strong> para instruir os fi\u00e9is.<\/p>\n\n\n\n<p>Santo Agostinho, com firmeza, op\u00f4s-se:<\/p>\n\n\n\n<blockquote class=\"wp-block-quote is-layout-flow wp-block-quote-is-layout-flow\">\n<p>Se admitirmos que os ap\u00f3stolos fingiram, como podemos confiar plenamente na verdade da Escritura?<\/p>\n<\/blockquote>\n\n\n\n<p>Para Agostinho, a verdade deveria ser absoluta. N\u00e3o poderia haver engano, nem mesmo com fins did\u00e1ticos.<\/p>\n\n\n\n<p>Aqui emerge uma quest\u00e3o teol\u00f3gica crucial:<br><strong>a inerr\u00e2ncia e a veracidade da Sagrada Escritura<\/strong>.<\/p>\n\n\n\n<hr class=\"wp-block-separator has-alpha-channel-opacity\"\/>\n\n\n\n<h2 class=\"wp-block-heading\"><strong>A quest\u00e3o espinhosa: os livros \u201cap\u00f3crifos\u201d do Antigo Testamento<\/strong><\/h2>\n\n\n\n<p>Um dos pontos mais relevantes \u2014 e que ainda hoje gera debate \u2014 \u00e9 a quest\u00e3o do c\u00e2non b\u00edblico.<\/p>\n\n\n\n<h3 class=\"wp-block-heading\"><strong>Jer\u00f4nimo e sua posi\u00e7\u00e3o cr\u00edtica<\/strong><\/h3>\n\n\n\n<p>S\u00e3o Jer\u00f4nimo distinguia entre:<\/p>\n\n\n\n<ul class=\"wp-block-list\">\n<li><strong>livros can\u00f4nicos<\/strong> (segundo o c\u00e2non hebraico)<\/li>\n\n\n\n<li><strong>livros eclesi\u00e1sticos<\/strong> (como Tobias, Judite, Sabedoria, Eclesi\u00e1stico e os Macabeus)<\/li>\n<\/ul>\n\n\n\n<p>Esses \u00faltimos, que hoje a Igreja chama de <strong>deuterocan\u00f4nicos<\/strong>, eram considerados por ele \u00fateis para a edifica\u00e7\u00e3o, mas n\u00e3o com a mesma autoridade doutrinal.<\/p>\n\n\n\n<h3 class=\"wp-block-heading\"><strong>Agostinho e a defesa da tradi\u00e7\u00e3o eclesial<\/strong><\/h3>\n\n\n\n<p>Santo Agostinho defendeu claramente a inclus\u00e3o desses livros no c\u00e2non.<\/p>\n\n\n\n<p>Para ele:<\/p>\n\n\n\n<ul class=\"wp-block-list\">\n<li>A autoridade da Igreja \u00e9 essencial para discernir a Escritura.<\/li>\n\n\n\n<li>A tradi\u00e7\u00e3o viva supera crit\u00e9rios puramente filol\u00f3gicos.<\/li>\n<\/ul>\n\n\n\n<p>Essa posi\u00e7\u00e3o foi confirmada em conc\u00edlios como o de Cartago (397).<\/p>\n\n\n\n<hr class=\"wp-block-separator has-alpha-channel-opacity\"\/>\n\n\n\n<h2 class=\"wp-block-heading\"><strong>Houve retrata\u00e7\u00f5es? Um ponto-chave<\/strong><\/h2>\n\n\n\n<h3 class=\"wp-block-heading\"><strong>S\u00e3o Jer\u00f4nimo: nuances e evolu\u00e7\u00e3o<\/strong><\/h3>\n\n\n\n<p>Embora inicialmente cr\u00edtico em rela\u00e7\u00e3o aos deuterocan\u00f4nicos, S\u00e3o Jer\u00f4nimo:<\/p>\n\n\n\n<ul class=\"wp-block-list\">\n<li>Acabou por inclu\u00ed-los na <strong>Vulgata<\/strong><\/li>\n\n\n\n<li>Reconheceu o seu uso lit\u00fargico e espiritual na Igreja<\/li>\n<\/ul>\n\n\n\n<p>N\u00e3o se tratou de uma retrata\u00e7\u00e3o total e expl\u00edcita, mas sim de uma <strong>integra\u00e7\u00e3o obediente<\/strong> \u00e0 tradi\u00e7\u00e3o eclesial.<\/p>\n\n\n\n<h3 class=\"wp-block-heading\"><strong>Santo Agostinho: firmeza sem rigidez<\/strong><\/h3>\n\n\n\n<p>Santo Agostinho n\u00e3o se retratou nesses temas, mas demonstrou sempre uma atitude:<\/p>\n\n\n\n<ul class=\"wp-block-list\">\n<li>Humilde<\/li>\n\n\n\n<li>Aberta ao di\u00e1logo<\/li>\n\n\n\n<li>Profundamente eclesial<\/li>\n<\/ul>\n\n\n\n<p>Nas suas <em>Retractationes<\/em>, revisa muitas das suas pr\u00f3prias obras, mostrando que at\u00e9 os maiores doutores est\u00e3o em caminho.<\/p>\n\n\n\n<hr class=\"wp-block-separator has-alpha-channel-opacity\"\/>\n\n\n\n<h2 class=\"wp-block-heading\"><strong>Uma poderosa li\u00e7\u00e3o espiritual: a verdade busca-se em comunh\u00e3o<\/strong><\/h2>\n\n\n\n<p>O mais impressionante nesta controv\u00e9rsia n\u00e3o \u00e9 o desacordo\u2026 mas a forma como o viveram.<\/p>\n\n\n\n<ul class=\"wp-block-list\">\n<li>Escreveram cartas intensas, por vezes duras.<\/li>\n\n\n\n<li>Houve incompreens\u00f5es.<\/li>\n\n\n\n<li>No entanto, nunca romperam a comunh\u00e3o.<\/li>\n<\/ul>\n\n\n\n<p>Isso nos deixa uma li\u00e7\u00e3o vital para hoje:<\/p>\n\n\n\n<p>\ud83d\udc49 <strong>\u00c9 poss\u00edvel discordar sem dividir.<\/strong><br>\ud83d\udc49 <strong>\u00c9 poss\u00edvel defender a verdade sem perder a caridade.<\/strong><\/p>\n\n\n\n<hr class=\"wp-block-separator has-alpha-channel-opacity\"\/>\n\n\n\n<h2 class=\"wp-block-heading\"><strong>Ilumina\u00e7\u00e3o b\u00edblica: a corre\u00e7\u00e3o na verdade<\/strong><\/h2>\n\n\n\n<p>A pr\u00f3pria Escritura ilumina este epis\u00f3dio:<\/p>\n\n\n\n<blockquote class=\"wp-block-quote is-layout-flow wp-block-quote-is-layout-flow\">\n<p>\u201cPor isso, deixai a mentira e falai a verdade cada um com o seu pr\u00f3ximo, porque somos membros uns dos outros.\u201d<br>\u2014 (Ef\u00e9sios 4,25)<\/p>\n<\/blockquote>\n\n\n\n<p>E tamb\u00e9m:<\/p>\n\n\n\n<blockquote class=\"wp-block-quote is-layout-flow wp-block-quote-is-layout-flow\">\n<p>\u201cO ferro afia o ferro, e o homem afia o seu companheiro.\u201d<br>\u2014 (Prov\u00e9rbios 27,17)<\/p>\n<\/blockquote>\n\n\n\n<p>A controv\u00e9rsia entre esses santos foi exatamente isso:<br><strong>um afiar m\u00fatuo na verdade<\/strong>.<\/p>\n\n\n\n<hr class=\"wp-block-separator has-alpha-channel-opacity\"\/>\n\n\n\n<h2 class=\"wp-block-heading\"><strong>Aplica\u00e7\u00f5es pr\u00e1ticas para o fiel de hoje<\/strong><\/h2>\n\n\n\n<h3 class=\"wp-block-heading\">1. <strong>N\u00e3o temer o debate teol\u00f3gico<\/strong><\/h3>\n\n\n\n<p>A f\u00e9 n\u00e3o \u00e9 fr\u00e1gil. A verdade n\u00e3o se quebra quando \u00e9 examinada.<\/p>\n\n\n\n<h3 class=\"wp-block-heading\">2. <strong>Amar a Igreja mesmo nas suas tens\u00f5es<\/strong><\/h3>\n\n\n\n<p>Santo Agostinho e S\u00e3o Jer\u00f4nimo nunca se colocaram acima da Igreja.<\/p>\n\n\n\n<h3 class=\"wp-block-heading\">3. <strong>Buscar a verdade com humildade<\/strong><\/h3>\n\n\n\n<p>Ambos eram g\u00e9nios\u2026 e ainda assim continuavam a aprender.<\/p>\n\n\n\n<h3 class=\"wp-block-heading\">4. <strong>Equilibrar raz\u00e3o e tradi\u00e7\u00e3o<\/strong><\/h3>\n\n\n\n<p>Um desafio atual:<\/p>\n\n\n\n<ul class=\"wp-block-list\">\n<li>Nem racionalismo frio<\/li>\n\n\n\n<li>Nem tradicionalismo sem discernimento<\/li>\n<\/ul>\n\n\n\n<p>Mas uma f\u00e9 viva e encarnada.<\/p>\n\n\n\n<hr class=\"wp-block-separator has-alpha-channel-opacity\"\/>\n\n\n\n<h2 class=\"wp-block-heading\"><strong>Conclus\u00e3o: uma controv\u00e9rsia que continua viva<\/strong><\/h2>\n\n\n\n<p>A discuss\u00e3o entre Santo Agostinho de Hipona e S\u00e3o Jer\u00f4nimo n\u00e3o \u00e9 um epis\u00f3dio encerrado do passado.<\/p>\n\n\n\n<p>\u00c9 um espelho.<\/p>\n\n\n\n<p>Num mundo onde as diferen\u00e7as conduzem \u00e0 divis\u00e3o, eles ensinam-nos algo radicalmente contracultural:<\/p>\n\n\n\n<p>\ud83d\udc49 <strong>A verdade \u00e9 melhor procurada em conjunto do que sozinho.<\/strong><br>\ud83d\udc49 <strong>A santidade n\u00e3o elimina o conflito: redime-o.<\/strong><\/p>\n\n\n\n<p>E talvez a maior li\u00e7\u00e3o seja esta:<br>Deus n\u00e3o teme as nossas perguntas\u2026 mas pede-nos que as fa\u00e7amos dentro da comunh\u00e3o da Igreja.<\/p>\n","protected":false},"excerpt":{"rendered":"<p>Na hist\u00f3ria da Igreja, h\u00e1 encontros que n\u00e3o apenas edificam, mas tamb\u00e9m sacodem, purificam e fazem crescer. Um dos mais fascinantes \u2014 e frequentemente mal compreendidos \u2014 \u00e9 o interc\u00e2mbio intelectual e espiritual entre Santo Agostinho de Hipona e S\u00e3o Jer\u00f4nimo. Longe de ser um simples desacordo entre eruditos, a sua controv\u00e9rsia revela algo profundamente &hellip;<\/p>\n","protected":false},"author":3,"featured_media":5363,"comment_status":"closed","ping_status":"closed","sticky":false,"template":"","format":"standard","meta":{"_seopress_robots_primary_cat":"","_seopress_titles_title":"","_seopress_titles_desc":"","_seopress_robots_index":"","footnotes":""},"categories":[48,38],"tags":[136,1846],"class_list":["post-5362","post","type-post","status-publish","format-standard","has-post-thumbnail","","category-historia-da-igreja","category-historia-e-tradicao","tag-santo-agostinho","tag-sao-jeronimo"],"_links":{"self":[{"href":"https:\/\/catholicus.eu\/pt\/wp-json\/wp\/v2\/posts\/5362","targetHints":{"allow":["GET"]}}],"collection":[{"href":"https:\/\/catholicus.eu\/pt\/wp-json\/wp\/v2\/posts"}],"about":[{"href":"https:\/\/catholicus.eu\/pt\/wp-json\/wp\/v2\/types\/post"}],"author":[{"embeddable":true,"href":"https:\/\/catholicus.eu\/pt\/wp-json\/wp\/v2\/users\/3"}],"replies":[{"embeddable":true,"href":"https:\/\/catholicus.eu\/pt\/wp-json\/wp\/v2\/comments?post=5362"}],"version-history":[{"count":1,"href":"https:\/\/catholicus.eu\/pt\/wp-json\/wp\/v2\/posts\/5362\/revisions"}],"predecessor-version":[{"id":5364,"href":"https:\/\/catholicus.eu\/pt\/wp-json\/wp\/v2\/posts\/5362\/revisions\/5364"}],"wp:featuredmedia":[{"embeddable":true,"href":"https:\/\/catholicus.eu\/pt\/wp-json\/wp\/v2\/media\/5363"}],"wp:attachment":[{"href":"https:\/\/catholicus.eu\/pt\/wp-json\/wp\/v2\/media?parent=5362"}],"wp:term":[{"taxonomy":"category","embeddable":true,"href":"https:\/\/catholicus.eu\/pt\/wp-json\/wp\/v2\/categories?post=5362"},{"taxonomy":"post_tag","embeddable":true,"href":"https:\/\/catholicus.eu\/pt\/wp-json\/wp\/v2\/tags?post=5362"}],"curies":[{"name":"wp","href":"https:\/\/api.w.org\/{rel}","templated":true}]}}