{"id":5356,"date":"2026-03-16T12:31:51","date_gmt":"2026-03-16T11:31:51","guid":{"rendered":"https:\/\/catholicus.eu\/pt\/?p=5356"},"modified":"2026-03-16T12:31:52","modified_gmt":"2026-03-16T11:31:52","slug":"a-oracao-coletiva-o-momento-em-que-toda-a-igreja-fala-a-deus-com-uma-so-voz","status":"publish","type":"post","link":"https:\/\/catholicus.eu\/pt\/a-oracao-coletiva-o-momento-em-que-toda-a-igreja-fala-a-deus-com-uma-so-voz\/","title":{"rendered":"A ora\u00e7\u00e3o coletiva: o momento em que toda a Igreja fala a Deus com uma s\u00f3 voz"},"content":{"rendered":"\n<p>Existem momentos na liturgia que passam despercebidos para muitos fi\u00e9is. Palavras breves, pronunciadas pelo sacerdote, que parecem apenas uma transi\u00e7\u00e3o para as leituras. Por\u00e9m, na realidade, cont\u00eam s\u00e9culos de tradi\u00e7\u00e3o, uma profundidade teol\u00f3gica extraordin\u00e1ria e um significado espiritual que toca o cora\u00e7\u00e3o da vida crist\u00e3.<\/p>\n\n\n\n<p>Um desses momentos \u00e9 <strong>a ora\u00e7\u00e3o coletiva (coleta)<\/strong>.<\/p>\n\n\n\n<p>Pode durar apenas alguns segundos. Mas nesse breve instante acontece algo extraordin\u00e1rio: <strong>toda a Igreja reunida apresenta a Deus uma \u00fanica ora\u00e7\u00e3o<\/strong>.<\/p>\n\n\n\n<p>N\u00e3o \u00e9 uma ora\u00e7\u00e3o improvisada.<br>N\u00e3o \u00e9 uma f\u00f3rmula qualquer.<\/p>\n\n\n\n<p>\u00c9 <strong>o resumo espiritual da celebra\u00e7\u00e3o<\/strong>, a voz do povo de Deus elevando-se ao Pai por meio de Cristo.<\/p>\n\n\n\n<p>Compreender a ora\u00e7\u00e3o coletiva muda completamente a forma como vivemos a Santa Missa.<\/p>\n\n\n\n<hr class=\"wp-block-separator has-alpha-channel-opacity\"\/>\n\n\n\n<h1 class=\"wp-block-heading\">O que \u00e9 exatamente a ora\u00e7\u00e3o coletiva?<\/h1>\n\n\n\n<p>A <strong>coleta<\/strong> \u00e9 a primeira grande ora\u00e7\u00e3o que o sacerdote dirige a Deus <strong>em nome de toda a assembleia durante a Santa Missa<\/strong>.<\/p>\n\n\n\n<p>Ela se situa nos <strong>Ritos Iniciais<\/strong>, ap\u00f3s o Ato Penitencial e o Gl\u00f3ria (quando recitado).<\/p>\n\n\n\n<p>Sua estrutura \u00e9 simples:<\/p>\n\n\n\n<ol class=\"wp-block-list\">\n<li>O sacerdote convida \u00e0 ora\u00e7\u00e3o: <strong>\u201cOremos\u201d<\/strong><\/li>\n\n\n\n<li>Segue-se um <strong>breve sil\u00eancio<\/strong><\/li>\n\n\n\n<li>O sacerdote pronuncia a ora\u00e7\u00e3o<\/li>\n\n\n\n<li>O povo responde: <strong>\u201cAm\u00e9m\u201d<\/strong><\/li>\n<\/ol>\n\n\n\n<p>Esse sil\u00eancio n\u00e3o \u00e9 acidental. \u00c9 essencial.<\/p>\n\n\n\n<p>Nesse momento, cada fiel apresenta interiormente suas inten\u00e7\u00f5es: fam\u00edlia, preocupa\u00e7\u00f5es, vida espiritual, dificuldades, a\u00e7\u00f5es de gra\u00e7as.<\/p>\n\n\n\n<p>Em seguida, o sacerdote <strong>re\u00fane todas essas ora\u00e7\u00f5es<\/strong> e as apresenta a Deus em uma \u00fanica s\u00faplica.<\/p>\n\n\n\n<p>\u00c9 por isso que se chama <strong>coleta<\/strong>.<\/p>\n\n\n\n<p>Do latim <em>collecta<\/em>, que significa literalmente:<\/p>\n\n\n\n<p><strong>\u201creunir\u201d, \u201ccoletar\u201d, \u201cjuntar\u201d<\/strong>.<\/p>\n\n\n\n<p>\u00c9 a ora\u00e7\u00e3o que <strong>re\u00fane as ora\u00e7\u00f5es de todos<\/strong>.<\/p>\n\n\n\n<hr class=\"wp-block-separator has-alpha-channel-opacity\"\/>\n\n\n\n<h1 class=\"wp-block-heading\">Uma origem muito antiga: a Igreja dos primeiros s\u00e9culos<\/h1>\n\n\n\n<p>A ora\u00e7\u00e3o coletiva n\u00e3o \u00e9 uma inven\u00e7\u00e3o recente. Suas ra\u00edzes remontam aos <strong>primeiros s\u00e9culos do cristianismo<\/strong>.<\/p>\n\n\n\n<p>J\u00e1 na antiga liturgia romana existia o costume de que o bispo ou presb\u00edtero pronunciasse uma ora\u00e7\u00e3o que <strong>resumisse as inten\u00e7\u00f5es da comunidade reunida<\/strong>.<\/p>\n\n\n\n<p>Em Roma, al\u00e9m disso, a palavra <em>collecta<\/em> tinha um significado adicional. Na liturgia estacional romana, os fi\u00e9is primeiro se reuniam em uma igreja chamada <strong>ecclesia collecta<\/strong>, de onde sa\u00edam em prociss\u00e3o em dire\u00e7\u00e3o \u00e0 igreja principal, onde a Missa seria celebrada.<\/p>\n\n\n\n<p>L\u00e1, o Papa ou o celebrante pronunciava a ora\u00e7\u00e3o que <strong>marcava o in\u00edcio formal da liturgia<\/strong>.<\/p>\n\n\n\n<p>Com o tempo, essa ora\u00e7\u00e3o inicial se fixou e passou para o <strong>Missal Romano<\/strong>, onde cada dia lit\u00fargico tem sua pr\u00f3pria coleta.<\/p>\n\n\n\n<p>Isso significa que <strong>cada festa, cada domingo e cada santo possui uma ora\u00e7\u00e3o cuidadosamente elaborada<\/strong> que expressa o mist\u00e9rio celebrado.<\/p>\n\n\n\n<hr class=\"wp-block-separator has-alpha-channel-opacity\"\/>\n\n\n\n<h1 class=\"wp-block-heading\">A arquitetura espiritual da ora\u00e7\u00e3o coletiva<\/h1>\n\n\n\n<p>As ora\u00e7\u00f5es coletivas n\u00e3o s\u00e3o textos devocionais simples. Elas s\u00e3o escritas seguindo uma estrutura teol\u00f3gica muito precisa, desenvolvida especialmente na liturgia romana.<\/p>\n\n\n\n<p>Em geral, cont\u00eam <strong>cinco partes<\/strong>.<\/p>\n\n\n\n<h3 class=\"wp-block-heading\">1. Invoca\u00e7\u00e3o a Deus<\/h3>\n\n\n\n<p>A ora\u00e7\u00e3o come\u00e7a dirigindo-se ao Pai:<\/p>\n\n\n\n<p><em>&#8220;Deus todo-poderoso e eterno&#8230;&#8221;<\/em><\/p>\n\n\n\n<p>Isso nos lembra algo fundamental: <strong>toda a liturgia \u00e9 dirigida ao Pai<\/strong>.<\/p>\n\n\n\n<p>Como Cristo disse:<\/p>\n\n\n\n<blockquote class=\"wp-block-quote is-layout-flow wp-block-quote-is-layout-flow\">\n<p>\u201cQuando orardes, dizei: Pai\u2026\u201d<br>(Lucas 11,2)<\/p>\n<\/blockquote>\n\n\n\n<hr class=\"wp-block-separator has-alpha-channel-opacity\"\/>\n\n\n\n<h3 class=\"wp-block-heading\">2. Lembran\u00e7a da a\u00e7\u00e3o de Deus<\/h3>\n\n\n\n<p>Em seguida, a ora\u00e7\u00e3o recorda uma a\u00e7\u00e3o divina:<\/p>\n\n\n\n<ul class=\"wp-block-list\">\n<li>uma gra\u00e7a<\/li>\n\n\n\n<li>uma promessa<\/li>\n\n\n\n<li>uma interven\u00e7\u00e3o salvadora<\/li>\n<\/ul>\n\n\n\n<p>Por exemplo:<\/p>\n\n\n\n<p><em>&#8220;Tu que quiseste revelar o teu amor aos homens&#8230;&#8221;<\/em><\/p>\n\n\n\n<p>Este elemento \u00e9 profundamente b\u00edblico: <strong>a ora\u00e7\u00e3o crist\u00e3 sempre lembra o que Deus fez<\/strong>.<\/p>\n\n\n\n<hr class=\"wp-block-separator has-alpha-channel-opacity\"\/>\n\n\n\n<h3 class=\"wp-block-heading\">3. Peti\u00e7\u00e3o concreta<\/h3>\n\n\n\n<p>Segue-se ent\u00e3o a s\u00faplica:<\/p>\n\n\n\n<ul class=\"wp-block-list\">\n<li>uma gra\u00e7a<\/li>\n\n\n\n<li>uma virtude<\/li>\n\n\n\n<li>uma transforma\u00e7\u00e3o espiritual<\/li>\n<\/ul>\n\n\n\n<p>Aqui est\u00e1 o cora\u00e7\u00e3o da coleta.<\/p>\n\n\n\n<p>N\u00e3o se pede algo superficial.<br>Pede-se <strong>a vida espiritual<\/strong>.<\/p>\n\n\n\n<hr class=\"wp-block-separator has-alpha-channel-opacity\"\/>\n\n\n\n<h3 class=\"wp-block-heading\">4. Conclus\u00e3o cristol\u00f3gica<\/h3>\n\n\n\n<p>Quase todas as coletas terminam com uma f\u00f3rmula mencionando Cristo:<\/p>\n\n\n\n<p><em>&#8220;Por nosso Senhor Jesus Cristo&#8230;&#8221;<\/em><\/p>\n\n\n\n<p>Porque <strong>toda ora\u00e7\u00e3o crist\u00e3 passa por Cristo<\/strong>.<\/p>\n\n\n\n<p>Como ensina a Escritura:<\/p>\n\n\n\n<blockquote class=\"wp-block-quote is-layout-flow wp-block-quote-is-layout-flow\">\n<p>\u201cTudo o que pedirdes ao Pai em meu nome, Ele vo-lo dar\u00e1.\u201d<br>(Jo\u00e3o 16,23)<\/p>\n<\/blockquote>\n\n\n\n<hr class=\"wp-block-separator has-alpha-channel-opacity\"\/>\n\n\n\n<h3 class=\"wp-block-heading\">5. A resposta do povo: Am\u00e9m<\/h3>\n\n\n\n<p>O <strong>Am\u00e9m<\/strong> n\u00e3o \u00e9 apenas uma palavra final.<\/p>\n\n\n\n<p>Significa:<\/p>\n\n\n\n<p><strong>\u201cAssim seja.\u201d<\/strong><br><strong>\u201cCreio nisso.\u201d<\/strong><br><strong>\u201cUno-me a esta ora\u00e7\u00e3o.\u201d<\/strong><\/p>\n\n\n\n<p>\u00c9 a forma como o povo <strong>faz sua a ora\u00e7\u00e3o do sacerdote<\/strong>.<\/p>\n\n\n\n<hr class=\"wp-block-separator has-alpha-channel-opacity\"\/>\n\n\n\n<h1 class=\"wp-block-heading\">Uma riqueza teol\u00f3gica impressionante<\/h1>\n\n\n\n<p>Muitos te\u00f3logos consideram as coletas do Missal Romano como <strong>pequenas joias de teologia condensada<\/strong>.<\/p>\n\n\n\n<p>Em poucas linhas, cont\u00eam:<\/p>\n\n\n\n<ul class=\"wp-block-list\">\n<li>doutrina sobre Deus<\/li>\n\n\n\n<li>cristologia<\/li>\n\n\n\n<li>espiritualidade<\/li>\n\n\n\n<li>vida moral<\/li>\n\n\n\n<li>esperan\u00e7a escatol\u00f3gica<\/li>\n<\/ul>\n\n\n\n<p>S\u00e3o verdadeiros <strong>resumos da f\u00e9<\/strong>.<\/p>\n\n\n\n<p>Por exemplo, uma coleta pode expressar:<\/p>\n\n\n\n<ul class=\"wp-block-list\">\n<li>gra\u00e7a<\/li>\n\n\n\n<li>reden\u00e7\u00e3o<\/li>\n\n\n\n<li>santifica\u00e7\u00e3o<\/li>\n\n\n\n<li>esperan\u00e7a no c\u00e9u<\/li>\n<\/ul>\n\n\n\n<p>Tudo em apenas algumas frases.<\/p>\n\n\n\n<p>Por isso, os liturgistas frequentemente dizem que <strong>as coletas s\u00e3o como mini-catecismos<\/strong>.<\/p>\n\n\n\n<hr class=\"wp-block-separator has-alpha-channel-opacity\"\/>\n\n\n\n<h1 class=\"wp-block-heading\">A coleta na liturgia tradicional<\/h1>\n\n\n\n<p>Na liturgia romana tradicional, a coleta possui uma solenidade particular.<\/p>\n\n\n\n<p>O sacerdote:<\/p>\n\n\n\n<ul class=\"wp-block-list\">\n<li>une as m\u00e3os<\/li>\n\n\n\n<li>inclina levemente a cabe\u00e7a<\/li>\n\n\n\n<li>eleva a voz<\/li>\n<\/ul>\n\n\n\n<p>\u00c9 um momento profundamente <strong>sacerdotal<\/strong>.<\/p>\n\n\n\n<p>O sacerdote atua <strong>in persona Ecclesiae<\/strong>, em nome da Igreja.<\/p>\n\n\n\n<p>\u00c9 uma manifesta\u00e7\u00e3o concreta do que S\u00e3o Paulo diz:<\/p>\n\n\n\n<blockquote class=\"wp-block-quote is-layout-flow wp-block-quote-is-layout-flow\">\n<p>\u201cH\u00e1 um s\u00f3 mediador entre Deus e os homens, Cristo Jesus homem.\u201d<br>(1 Tim\u00f3teo 2,5)<\/p>\n<\/blockquote>\n\n\n\n<p>O sacerdote participa desse minist\u00e9rio de media\u00e7\u00e3o apresentando as ora\u00e7\u00f5es do povo.<\/p>\n\n\n\n<hr class=\"wp-block-separator has-alpha-channel-opacity\"\/>\n\n\n\n<h1 class=\"wp-block-heading\">Um detalhe que muitos esquecem: o sil\u00eancio anterior<\/h1>\n\n\n\n<p>O sil\u00eancio antes da coleta \u00e9 um dos momentos mais importantes da Missa\u2026 e um dos mais ignorados.<\/p>\n\n\n\n<p>Esse breve instante tem um prop\u00f3sito claro:<\/p>\n\n\n\n<p><strong>permitir que cada fiel formule interiormente sua ora\u00e7\u00e3o.<\/strong><\/p>\n\n\n\n<p>\u00c9 o momento de apresentar a Deus:<\/p>\n\n\n\n<ul class=\"wp-block-list\">\n<li>nossas preocupa\u00e7\u00f5es<\/li>\n\n\n\n<li>nossas decis\u00f5es<\/li>\n\n\n\n<li>nossas lutas<\/li>\n\n\n\n<li>nossas alegrias<\/li>\n\n\n\n<li>nossas inten\u00e7\u00f5es<\/li>\n<\/ul>\n\n\n\n<p>Em seguida, o sacerdote <strong>as re\u00fane espiritualmente<\/strong>.<\/p>\n\n\n\n<p>Quando compreendemos isso, esse sil\u00eancio deixa de ser vazio e se torna <strong>um encontro pessoal com Deus<\/strong>.<\/p>\n\n\n\n<hr class=\"wp-block-separator has-alpha-channel-opacity\"\/>\n\n\n\n<h1 class=\"wp-block-heading\">O que acontece espiritualmente durante a coleta?<\/h1>\n\n\n\n<p>Em termos espirituais, a coleta realiza tr\u00eas coisas.<\/p>\n\n\n\n<h3 class=\"wp-block-heading\">1. Une a comunidade<\/h3>\n\n\n\n<p>Cada pessoa chega \u00e0 Missa com sua pr\u00f3pria hist\u00f3ria.<\/p>\n\n\n\n<p>Mas na coleta <strong>todos oram juntos<\/strong>.<\/p>\n\n\n\n<p>A Igreja torna-se <strong>uma s\u00f3 voz<\/strong>.<\/p>\n\n\n\n<hr class=\"wp-block-separator has-alpha-channel-opacity\"\/>\n\n\n\n<h3 class=\"wp-block-heading\">2. Ordena nossas inten\u00e7\u00f5es<\/h3>\n\n\n\n<p>As coletas nos ensinam <strong>o que devemos realmente pedir<\/strong>.<\/p>\n\n\n\n<p>N\u00e3o apenas o bem-estar material.<\/p>\n\n\n\n<p>Mas, antes:<\/p>\n\n\n\n<ul class=\"wp-block-list\">\n<li>f\u00e9<\/li>\n\n\n\n<li>perseveran\u00e7a<\/li>\n\n\n\n<li>caridade<\/li>\n\n\n\n<li>santidade<\/li>\n<\/ul>\n\n\n\n<hr class=\"wp-block-separator has-alpha-channel-opacity\"\/>\n\n\n\n<h3 class=\"wp-block-heading\">3. Introduz-nos no mist\u00e9rio do dia<\/h3>\n\n\n\n<p>A coleta est\u00e1 sempre ligada ao <strong>tempo lit\u00fargico ou ao santo celebrado<\/strong>.<\/p>\n\n\n\n<p>Dessa forma, a Igreja nos introduz no mist\u00e9rio que vamos contemplar.<\/p>\n\n\n\n<hr class=\"wp-block-separator has-alpha-channel-opacity\"\/>\n\n\n\n<h1 class=\"wp-block-heading\">Como viver mais profundamente a ora\u00e7\u00e3o coletiva<\/h1>\n\n\n\n<p>Muitos fi\u00e9is apenas ouvem a coleta.<\/p>\n\n\n\n<p>Mas podemos viv\u00ea-la de forma muito mais profunda.<\/p>\n\n\n\n<p>Aqui est\u00e3o algumas sugest\u00f5es pr\u00e1ticas.<\/p>\n\n\n\n<hr class=\"wp-block-separator has-alpha-channel-opacity\"\/>\n\n\n\n<h2 class=\"wp-block-heading\">1. Ouvir atentamente<\/h2>\n\n\n\n<p>As coletas s\u00e3o textos muito ricos.<\/p>\n\n\n\n<p>Ouvi-las atentamente \u00e9 <strong>receber um ensinamento espiritual<\/strong>.<\/p>\n\n\n\n<hr class=\"wp-block-separator has-alpha-channel-opacity\"\/>\n\n\n\n<h2 class=\"wp-block-heading\">2. Fazer uma inten\u00e7\u00e3o pessoal<\/h2>\n\n\n\n<p>Quando o sacerdote diz <strong>\u201cOremos\u201d<\/strong>, apresente algo concreto a Deus:<\/p>\n\n\n\n<ul class=\"wp-block-list\">\n<li>sua fam\u00edlia<\/li>\n\n\n\n<li>uma decis\u00e3o importante<\/li>\n\n\n\n<li>uma convers\u00e3o<\/li>\n\n\n\n<li>um sofrimento<\/li>\n<\/ul>\n\n\n\n<hr class=\"wp-block-separator has-alpha-channel-opacity\"\/>\n\n\n\n<h2 class=\"wp-block-heading\">3. Unir sua ora\u00e7\u00e3o ao Am\u00e9m<\/h2>\n\n\n\n<p>O Am\u00e9m deve ser pronunciado <strong>com convic\u00e7\u00e3o<\/strong>.<\/p>\n\n\n\n<p>\u00c9 sua assinatura espiritual.<\/p>\n\n\n\n<hr class=\"wp-block-separator has-alpha-channel-opacity\"\/>\n\n\n\n<h2 class=\"wp-block-heading\">4. Meditar a coleta durante a semana<\/h2>\n\n\n\n<p>Uma pr\u00e1tica muito antiga consiste em <strong>ler a coleta do domingo durante a semana<\/strong>.<\/p>\n\n\n\n<p>\u00c9 uma forma simples de viver o ano lit\u00fargico.<\/p>\n\n\n\n<hr class=\"wp-block-separator has-alpha-channel-opacity\"\/>\n\n\n\n<h1 class=\"wp-block-heading\">Uma liturgia que educa o cora\u00e7\u00e3o<\/h1>\n\n\n\n<p>A liturgia n\u00e3o \u00e9 apenas um conjunto de ritos.<\/p>\n\n\n\n<p>\u00c9 <strong>uma escola espiritual<\/strong>.<\/p>\n\n\n\n<p>Por meio de ora\u00e7\u00f5es como a coleta, a Igreja nos ensina:<\/p>\n\n\n\n<ul class=\"wp-block-list\">\n<li>como nos dirigir a Deus<\/li>\n\n\n\n<li>o que pedir<\/li>\n\n\n\n<li>como confiar na gra\u00e7a<\/li>\n\n\n\n<li>como viver o Evangelho<\/li>\n<\/ul>\n\n\n\n<p>A coleta \u00e9 uma esp\u00e9cie de <strong>b\u00fassola espiritual<\/strong> que orienta nossa vida para Deus.<\/p>\n\n\n\n<hr class=\"wp-block-separator has-alpha-channel-opacity\"\/>\n\n\n\n<h1 class=\"wp-block-heading\">Em um mundo barulhento, a coleta nos ensina a rezar<\/h1>\n\n\n\n<p>Vivemos em uma \u00e9poca marcada por:<\/p>\n\n\n\n<ul class=\"wp-block-list\">\n<li>pressa<\/li>\n\n\n\n<li>barulho<\/li>\n\n\n\n<li>distra\u00e7\u00e3o<\/li>\n<\/ul>\n\n\n\n<p>A coleta nos lembra algo essencial:<\/p>\n\n\n\n<p><strong>a ora\u00e7\u00e3o crist\u00e3 \u00e9 breve, profunda e centrada em Deus.<\/strong><\/p>\n\n\n\n<p>N\u00e3o se trata de muitas palavras.<\/p>\n\n\n\n<p>O pr\u00f3prio Jesus disse:<\/p>\n\n\n\n<blockquote class=\"wp-block-quote is-layout-flow wp-block-quote-is-layout-flow\">\n<p>\u201cQuando orardes, n\u00e3o useis muitas palavras como os pag\u00e3os.\u201d<br>(Mateus 6,7)<\/p>\n<\/blockquote>\n\n\n\n<p>As coletas mostram como <strong>dizer muito com poucas palavras<\/strong>.<\/p>\n\n\n\n<hr class=\"wp-block-separator has-alpha-channel-opacity\"\/>\n\n\n\n<h1 class=\"wp-block-heading\">Redescobrindo a coleta: uma pequena revolu\u00e7\u00e3o espiritual<\/h1>\n\n\n\n<p>Se os cat\u00f3licos redescobrissem o significado da ora\u00e7\u00e3o coletiva, a Missa seria vivida de maneira muito diferente.<\/p>\n\n\n\n<p>Esse momento aparentemente pequeno se tornaria um verdadeiro <strong>ato de entrega a Deus<\/strong>.<\/p>\n\n\n\n<p>Cada domingo seria uma oportunidade de dizer:<\/p>\n\n\n\n<p>\u201cSenhor, aqui est\u00e1 a minha vida.<br>Re\u00fane-a com a vida de toda a tua Igreja.\u201d<\/p>\n\n\n\n<p>E ent\u00e3o aconteceria algo extraordin\u00e1rio.<\/p>\n\n\n\n<p>Nossa ora\u00e7\u00e3o pessoal deixaria de ser isolada e se tornaria parte de <strong>a grande ora\u00e7\u00e3o da Igreja universal<\/strong>.<\/p>\n\n\n\n<p>A mesma Igreja que, h\u00e1 dois mil anos, continua elevando uma \u00fanica s\u00faplica ao Pai por meio de Cristo.<\/p>\n\n\n\n<p>Porque, no fim das contas, isso \u00e9 a coleta.<\/p>\n\n\n\n<p><strong>A ora\u00e7\u00e3o de muitos cora\u00e7\u00f5es transformada em uma s\u00f3 voz diante de Deus.<\/strong><\/p>\n","protected":false},"excerpt":{"rendered":"<p>Existem momentos na liturgia que passam despercebidos para muitos fi\u00e9is. Palavras breves, pronunciadas pelo sacerdote, que parecem apenas uma transi\u00e7\u00e3o para as leituras. Por\u00e9m, na realidade, cont\u00eam s\u00e9culos de tradi\u00e7\u00e3o, uma profundidade teol\u00f3gica extraordin\u00e1ria e um significado espiritual que toca o cora\u00e7\u00e3o da vida crist\u00e3. Um desses momentos \u00e9 a ora\u00e7\u00e3o coletiva (coleta). Pode durar &hellip;<\/p>\n","protected":false},"author":3,"featured_media":5357,"comment_status":"closed","ping_status":"closed","sticky":false,"template":"","format":"standard","meta":{"_seopress_robots_primary_cat":"","_seopress_titles_title":"","_seopress_titles_desc":"","_seopress_robots_index":"","footnotes":""},"categories":[38,52],"tags":[1845],"class_list":["post-5356","post","type-post","status-publish","format-standard","has-post-thumbnail","","category-historia-e-tradicao","category-liturgia-e-ano-liturgico","tag-oracao-coletiva"],"_links":{"self":[{"href":"https:\/\/catholicus.eu\/pt\/wp-json\/wp\/v2\/posts\/5356","targetHints":{"allow":["GET"]}}],"collection":[{"href":"https:\/\/catholicus.eu\/pt\/wp-json\/wp\/v2\/posts"}],"about":[{"href":"https:\/\/catholicus.eu\/pt\/wp-json\/wp\/v2\/types\/post"}],"author":[{"embeddable":true,"href":"https:\/\/catholicus.eu\/pt\/wp-json\/wp\/v2\/users\/3"}],"replies":[{"embeddable":true,"href":"https:\/\/catholicus.eu\/pt\/wp-json\/wp\/v2\/comments?post=5356"}],"version-history":[{"count":1,"href":"https:\/\/catholicus.eu\/pt\/wp-json\/wp\/v2\/posts\/5356\/revisions"}],"predecessor-version":[{"id":5358,"href":"https:\/\/catholicus.eu\/pt\/wp-json\/wp\/v2\/posts\/5356\/revisions\/5358"}],"wp:featuredmedia":[{"embeddable":true,"href":"https:\/\/catholicus.eu\/pt\/wp-json\/wp\/v2\/media\/5357"}],"wp:attachment":[{"href":"https:\/\/catholicus.eu\/pt\/wp-json\/wp\/v2\/media?parent=5356"}],"wp:term":[{"taxonomy":"category","embeddable":true,"href":"https:\/\/catholicus.eu\/pt\/wp-json\/wp\/v2\/categories?post=5356"},{"taxonomy":"post_tag","embeddable":true,"href":"https:\/\/catholicus.eu\/pt\/wp-json\/wp\/v2\/tags?post=5356"}],"curies":[{"name":"wp","href":"https:\/\/api.w.org\/{rel}","templated":true}]}}