{"id":5353,"date":"2026-03-16T10:04:10","date_gmt":"2026-03-16T09:04:10","guid":{"rendered":"https:\/\/catholicus.eu\/pt\/?p=5353"},"modified":"2026-03-16T10:04:11","modified_gmt":"2026-03-16T09:04:11","slug":"nao-e-uma-questao-de-poder-mas-de-fidelidade-inter-insigniores-e-a-verdade-teologica-sobre-o-sacerdocio","status":"publish","type":"post","link":"https:\/\/catholicus.eu\/pt\/nao-e-uma-questao-de-poder-mas-de-fidelidade-inter-insigniores-e-a-verdade-teologica-sobre-o-sacerdocio\/","title":{"rendered":"\u201cN\u00e3o \u00e9 uma quest\u00e3o de poder, mas de fidelidade\u201d: Inter Insigniores e a verdade teol\u00f3gica sobre o sacerd\u00f3cio"},"content":{"rendered":"\n<p>Nas \u00faltimas d\u00e9cadas, um dos debates mais recorrentes dentro e fora da Igreja tem sido a possibilidade de ordenar mulheres como sacerdotes. Em uma sociedade cada vez mais marcada por categorias pol\u00edticas, sociol\u00f3gicas ou de igualdade de poder, muitos se perguntam: <strong>por que a Igreja Cat\u00f3lica mant\u00e9m que o sacerd\u00f3cio \u00e9 reservado aos homens?<\/strong><\/p>\n\n\n\n<p>Para responder a essa quest\u00e3o, a Igreja publicou em 1976 um documento-chave: <strong>Inter insigniores<\/strong>, uma declara\u00e7\u00e3o da <strong>Congrega\u00e7\u00e3o para a Doutrina da F\u00e9<\/strong> aprovada pelo <strong>Paulo VI<\/strong>.<\/p>\n\n\n\n<p>Longe de ser um texto ideol\u00f3gico ou uma rea\u00e7\u00e3o cultural, este documento \u00e9 <strong>uma reflex\u00e3o profundamente teol\u00f3gica<\/strong>, explicando por que a Igreja <strong>n\u00e3o se considera autorizada por Cristo a ordenar mulheres ao sacerd\u00f3cio<\/strong>.<\/p>\n\n\n\n<p>Compreender <em>Inter insigniores<\/em> n\u00e3o significa apenas entender uma norma disciplinar. Significa entrar no <strong>mist\u00e9rio do sacerd\u00f3cio, no simbolismo sacramental e na fidelidade \u00e0 vontade de Cristo<\/strong>.<\/p>\n\n\n\n<hr class=\"wp-block-separator has-alpha-channel-opacity\"\/>\n\n\n\n<h1 class=\"wp-block-heading\">1. O contexto hist\u00f3rico: quando a quest\u00e3o surgiu com for\u00e7a<\/h1>\n\n\n\n<p>Nos anos seguintes ao <strong>Conc\u00edlio Vaticano II<\/strong>, muitas mudan\u00e7as culturais abalaram o mundo ocidental. Entre elas estava o movimento pela igualdade de direitos entre homens e mulheres. Nesse contexto, algumas comunidades crist\u00e3s come\u00e7aram a ordenar mulheres como pastoras ou sacerdotisas.<\/p>\n\n\n\n<p>Por exemplo:<\/p>\n\n\n\n<ul class=\"wp-block-list\">\n<li>a <strong>Comunh\u00e3o Anglicana<\/strong><\/li>\n\n\n\n<li>v\u00e1rias denomina\u00e7\u00f5es protestantes<\/li>\n<\/ul>\n\n\n\n<p>Muitos cat\u00f3licos come\u00e7aram a perguntar:<br><strong>Por que a Igreja Cat\u00f3lica n\u00e3o faz o mesmo?<\/strong><\/p>\n\n\n\n<p>Diante dessa quest\u00e3o, a Santa S\u00e9 decidiu responder com clareza doutrinal por meio de <em>Inter insigniores<\/em>.<\/p>\n\n\n\n<p>Mas o documento deixa claro desde o in\u00edcio algo fundamental:<\/p>\n\n\n\n<blockquote class=\"wp-block-quote is-layout-flow wp-block-quote-is-layout-flow\">\n<p><strong>N\u00e3o se trata de discrimina\u00e7\u00e3o sociol\u00f3gica, mas de fidelidade \u00e0 vontade de Cristo.<\/strong><\/p>\n<\/blockquote>\n\n\n\n<hr class=\"wp-block-separator has-alpha-channel-opacity\"\/>\n\n\n\n<h1 class=\"wp-block-heading\">2. A base b\u00edblica: Cristo escolheu os Doze<\/h1>\n\n\n\n<p>O primeiro argumento apresentado por <em>Inter insigniores<\/em> \u00e9 <strong>hist\u00f3rico e b\u00edblico<\/strong>.<\/p>\n\n\n\n<p>Jesus tinha muitas disc\u00edpulas femininas muito pr\u00f3ximas dele:<\/p>\n\n\n\n<ul class=\"wp-block-list\">\n<li><strong>Maria Madalena<\/strong><\/li>\n\n\n\n<li><strong>Marta de Bet\u00e2nia<\/strong><\/li>\n\n\n\n<li><strong>Maria de Bet\u00e2nia<\/strong><\/li>\n\n\n\n<li>e sobretudo <strong>Maria, M\u00e3e de Jesus<\/strong><\/li>\n<\/ul>\n\n\n\n<p>No entanto, quando instituiu o grupo apost\u00f3lico \u2014 a base do sacerd\u00f3cio \u2014 <strong>escolheu apenas homens<\/strong>.<\/p>\n\n\n\n<p>O Evangelho relata:<\/p>\n\n\n\n<blockquote class=\"wp-block-quote is-layout-flow wp-block-quote-is-layout-flow\">\n<p>\u201cSubiu ao monte e chamou aqueles que ele quis; eles vieram at\u00e9 ele. E ele constituiu doze para estarem com ele e para envi\u00e1-los a pregar.\u201d<br>(Mc 3,13\u201314)<\/p>\n<\/blockquote>\n\n\n\n<p>Entre esses Doze ap\u00f3stolos estavam:<\/p>\n\n\n\n<ul class=\"wp-block-list\">\n<li><strong>Pedro, o Ap\u00f3stolo<\/strong><\/li>\n\n\n\n<li><strong>Jo\u00e3o, o Ap\u00f3stolo<\/strong><\/li>\n\n\n\n<li><strong>Tiago, o Maior<\/strong><\/li>\n\n\n\n<li>e os outros ap\u00f3stolos<\/li>\n<\/ul>\n\n\n\n<p>O importante \u00e9 que <strong>Jesus n\u00e3o agiu sob restri\u00e7\u00f5es culturais<\/strong>.<\/p>\n\n\n\n<p>A prova disso \u00e9 que ele <strong>quebrou muitas normas sociais de sua \u00e9poca<\/strong>:<\/p>\n\n\n\n<ul class=\"wp-block-list\">\n<li>falou publicamente com a samaritana<\/li>\n\n\n\n<li>permitiu que mulheres fossem suas disc\u00edpulas<\/li>\n\n\n\n<li>deixou que elas o acompanhassem em sua miss\u00e3o<\/li>\n<\/ul>\n\n\n\n<p>Se ele tivesse querido instituir sacerdotisas, <strong>nada o teria impedido<\/strong>.<\/p>\n\n\n\n<p>Mas ele n\u00e3o o fez.<\/p>\n\n\n\n<hr class=\"wp-block-separator has-alpha-channel-opacity\"\/>\n\n\n\n<h1 class=\"wp-block-heading\">3. O sacerd\u00f3cio n\u00e3o \u00e9 poder: \u00e9 um sinal sacramental<\/h1>\n\n\n\n<p>Aqui chegamos a um dos pontos teol\u00f3gicos mais profundos.<\/p>\n\n\n\n<p>O sacerdote age <strong>\u201cin persona Christi\u201d<\/strong>, ou seja, <strong>na pessoa de Cristo<\/strong>.<\/p>\n\n\n\n<p>Isso significa que, nos sacramentos \u2014 especialmente na Eucaristia \u2014 o sacerdote representa sacramentalmente Cristo.<\/p>\n\n\n\n<p>Quando celebra a Missa, ele diz:<\/p>\n\n\n\n<blockquote class=\"wp-block-quote is-layout-flow wp-block-quote-is-layout-flow\">\n<p>\u201cIsto \u00e9 <strong>o meu corpo<\/strong>.\u201d<\/p>\n<\/blockquote>\n\n\n\n<p>Ele n\u00e3o diz: <em>\u201cIsto \u00e9 o corpo de Cristo\u201d<\/em>, mas <strong>\u201co meu corpo\u201d<\/strong>, porque <strong>Cristo age atrav\u00e9s dele<\/strong>.<\/p>\n\n\n\n<p>Cristo \u00e9 apresentado nas Escrituras como:<\/p>\n\n\n\n<ul class=\"wp-block-list\">\n<li>o <strong>Noivo<\/strong><\/li>\n\n\n\n<li>enquanto a Igreja \u00e9 <strong>a Noiva<\/strong><\/li>\n<\/ul>\n\n\n\n<p>O ap\u00f3stolo <strong>S\u00e3o Paulo, o Ap\u00f3stolo<\/strong> explica assim:<\/p>\n\n\n\n<blockquote class=\"wp-block-quote is-layout-flow wp-block-quote-is-layout-flow\">\n<p>\u201cCristo amou a Igreja e entregou-se por ela.\u201d<br>(Ef 5,25)<\/p>\n<\/blockquote>\n\n\n\n<p>Esse simbolismo <strong>nupcial e sacramental<\/strong> \u00e9 fundamental.<\/p>\n\n\n\n<p>O sacerdote representa <strong>Cristo, o Noivo, que se d\u00e1 \u00e0 sua Noiva, a Igreja<\/strong>.<\/p>\n\n\n\n<p>Por isso, o sinal sacramental requer <strong>uma representa\u00e7\u00e3o masculina<\/strong>.<\/p>\n\n\n\n<p>N\u00e3o \u00e9 uma quest\u00e3o de dignidade, mas de <strong>significa\u00e7\u00e3o sacramental<\/strong>.<\/p>\n\n\n\n<hr class=\"wp-block-separator has-alpha-channel-opacity\"\/>\n\n\n\n<h1 class=\"wp-block-heading\">4. A dignidade da mulher na Igreja<\/h1>\n\n\n\n<p>Um erro comum \u00e9 pensar que essa doutrina implica inferioridade.<\/p>\n\n\n\n<p>Mas a Igreja afirma exatamente o contr\u00e1rio.<\/p>\n\n\n\n<p>A maior criatura humana n\u00e3o \u00e9 um sacerdote.<\/p>\n\n\n\n<p>\u00c9 uma mulher.<\/p>\n\n\n\n<p>\u00c9 <strong>Maria, M\u00e3e de Jesus<\/strong>.<\/p>\n\n\n\n<p>Ela:<\/p>\n\n\n\n<ul class=\"wp-block-list\">\n<li>n\u00e3o foi sacerdotisa<\/li>\n\n\n\n<li>n\u00e3o foi ap\u00f3stola<\/li>\n\n\n\n<li>e, ainda assim, \u00e9 <strong>Rainha do C\u00e9u e da Terra<\/strong><\/li>\n<\/ul>\n\n\n\n<p>Isso revela algo essencial:<\/p>\n\n\n\n<p><strong>A santidade n\u00e3o depende do sacerd\u00f3cio.<\/strong><\/p>\n\n\n\n<p>Muitos dos maiores santos da Igreja foram mulheres:<\/p>\n\n\n\n<ul class=\"wp-block-list\">\n<li><strong>Santa Teresa de \u00c1vila<\/strong><\/li>\n\n\n\n<li><strong>Santa Catarina de Siena<\/strong><\/li>\n\n\n\n<li><strong>Santa Teresinha do Menino Jesus<\/strong><\/li>\n<\/ul>\n\n\n\n<p>De fato, <strong>Santa Catarina de Siena<\/strong> foi proclamada <strong>Doutora da Igreja<\/strong>.<\/p>\n\n\n\n<p>Isso significa: <strong>uma mulher ensinando teologia para toda a Igreja universal<\/strong>.<\/p>\n\n\n\n<hr class=\"wp-block-separator has-alpha-channel-opacity\"\/>\n\n\n\n<h1 class=\"wp-block-heading\">5. A continuidade da Tradi\u00e7\u00e3o<\/h1>\n\n\n\n<p>Outro ponto-chave de <em>Inter insigniores<\/em> \u00e9 a <strong>Tradi\u00e7\u00e3o constante<\/strong> da Igreja.<\/p>\n\n\n\n<p>Por dois mil anos:<\/p>\n\n\n\n<ul class=\"wp-block-list\">\n<li>nenhuma Igreja apost\u00f3lica<\/li>\n\n\n\n<li>nem no Oriente nem no Ocidente<\/li>\n<\/ul>\n\n\n\n<p>ordenou mulheres sacerdotes.<\/p>\n\n\n\n<p>Nem mesmo as antigas Igrejas separadas, como:<\/p>\n\n\n\n<ul class=\"wp-block-list\">\n<li>a <strong>Igreja Ortodoxa Oriental<\/strong><\/li>\n\n\n\n<li>a <strong>Igreja Ortodoxa Copta<\/strong><\/li>\n<\/ul>\n\n\n\n<p>conferiram ordena\u00e7\u00e3o sacerdotal a mulheres.<\/p>\n\n\n\n<p>Isso mostra algo essencial:<\/p>\n\n\n\n<p><strong>N\u00e3o se trata de um costume latino<\/strong>, mas de uma <strong>tradi\u00e7\u00e3o apost\u00f3lica universal<\/strong>.<\/p>\n\n\n\n<hr class=\"wp-block-separator has-alpha-channel-opacity\"\/>\n\n\n\n<h1 class=\"wp-block-heading\">6. A confirma\u00e7\u00e3o definitiva do Magist\u00e9rio<\/h1>\n\n\n\n<p>Anos depois, esse ensinamento foi definitivamente confirmado pelo <strong>Jo\u00e3o Paulo II<\/strong> em <strong>Ordinatio Sacerdotalis<\/strong> (1994).<\/p>\n\n\n\n<p>Nesse documento ele declarou:<\/p>\n\n\n\n<blockquote class=\"wp-block-quote is-layout-flow wp-block-quote-is-layout-flow\">\n<p>\u201cA Igreja n\u00e3o tem de forma alguma a autoridade para conferir a ordena\u00e7\u00e3o sacerdotal \u00e0s mulheres.\u201d<\/p>\n<\/blockquote>\n\n\n\n<p>Ele n\u00e3o disse apenas que <strong>a Igreja n\u00e3o o faz<\/strong>, mas que <strong>a Igreja n\u00e3o tem autoridade para faz\u00ea-lo<\/strong>.<\/p>\n\n\n\n<p>Em outras palavras:<\/p>\n\n\n\n<p><strong>N\u00e3o \u00e9 uma disciplina que poderia mudar.<\/strong><\/p>\n\n\n\n<p>\u00c9 uma quest\u00e3o de <strong>fidelidade a Cristo<\/strong>.<\/p>\n\n\n\n<hr class=\"wp-block-separator has-alpha-channel-opacity\"\/>\n\n\n\n<h1 class=\"wp-block-heading\">7. O verdadeiro g\u00eanio feminino na Igreja<\/h1>\n\n\n\n<p>Curiosamente, quando a Igreja fala sobre o papel da mulher, faz isso em termos profundamente positivos.<\/p>\n\n\n\n<p>O pr\u00f3prio <strong>Jo\u00e3o Paulo II<\/strong> falou sobre o <strong>\u201cg\u00eanio feminino\u201d<\/strong>.<\/p>\n\n\n\n<p>A Igreja precisa profundamente da presen\u00e7a feminina em:<\/p>\n\n\n\n<ul class=\"wp-block-list\">\n<li>fam\u00edlia<\/li>\n\n\n\n<li>educa\u00e7\u00e3o<\/li>\n\n\n\n<li>caridade<\/li>\n\n\n\n<li>evangeliza\u00e7\u00e3o<\/li>\n\n\n\n<li>vida consagrada<\/li>\n<\/ul>\n\n\n\n<p>Muitas das maiores transforma\u00e7\u00f5es espirituais na hist\u00f3ria crist\u00e3 foram iniciadas por mulheres.<\/p>\n\n\n\n<hr class=\"wp-block-separator has-alpha-channel-opacity\"\/>\n\n\n\n<h1 class=\"wp-block-heading\">8. Uma aplica\u00e7\u00e3o espiritual para hoje<\/h1>\n\n\n\n<p>Em uma cultura obcecada pelo poder, a mensagem crist\u00e3 \u00e9 revolucion\u00e1ria.<\/p>\n\n\n\n<p>A grandeza na Igreja <strong>n\u00e3o depende de cargo<\/strong>.<\/p>\n\n\n\n<p>Jesus disse:<\/p>\n\n\n\n<blockquote class=\"wp-block-quote is-layout-flow wp-block-quote-is-layout-flow\">\n<p>\u201cQuem quiser ser o primeiro entre v\u00f3s ser\u00e1 vosso servo.\u201d<br>(Mt 20,27)<\/p>\n<\/blockquote>\n\n\n\n<p>O sacerd\u00f3cio n\u00e3o \u00e9 um privil\u00e9gio.<\/p>\n\n\n\n<p>\u00c9 um <strong>servi\u00e7o sacrificial<\/strong>.<\/p>\n\n\n\n<p>E a santidade \u2014 o verdadeiro objetivo de todo crist\u00e3o \u2014 <strong>est\u00e1 aberta a todos<\/strong>.<\/p>\n\n\n\n<p>Homens e mulheres igualmente.<\/p>\n\n\n\n<p>A pergunta realmente importante n\u00e3o \u00e9:<\/p>\n\n\n\n<p><strong>\u201cQual \u00e9 o meu cargo?\u201d<\/strong><\/p>\n\n\n\n<p>Mas:<\/p>\n\n\n\n<p><strong>\u201cEstou respondendo ao chamado de Deus?\u201d<\/strong><\/p>\n\n\n\n<hr class=\"wp-block-separator has-alpha-channel-opacity\"\/>\n\n\n\n<h1 class=\"wp-block-heading\">9. Uma reflex\u00e3o pastoral para os nossos tempos<\/h1>\n\n\n\n<p>Hoje mais do que nunca precisamos compreender o sacerd\u00f3cio <strong>em sua dimens\u00e3o sacramental e espiritual<\/strong>, n\u00e3o atrav\u00e9s de categorias ideol\u00f3gicas.<\/p>\n\n\n\n<p>A Igreja n\u00e3o exclui mulheres do sacerd\u00f3cio por desprezo.<\/p>\n\n\n\n<p>Mas porque acredita <strong>n\u00e3o ter autoridade para modificar o que Cristo instituiu<\/strong>.<\/p>\n\n\n\n<p>Isso exige humildade.<\/p>\n\n\n\n<p>Mas tamb\u00e9m f\u00e9.<\/p>\n\n\n\n<p>Pois a Igreja n\u00e3o \u00e9 uma empresa humana.<\/p>\n\n\n\n<p>Ela \u00e9 o Corpo de Cristo.<\/p>\n\n\n\n<hr class=\"wp-block-separator has-alpha-channel-opacity\"\/>\n\n\n\n<h1 class=\"wp-block-heading\">Conclus\u00e3o: fidelidade antes da popularidade<\/h1>\n\n\n\n<p>A mensagem de <em>Inter insigniores<\/em> pode ser dif\u00edcil de compreender no mundo atual.<\/p>\n\n\n\n<p>Mas cont\u00e9m um ensinamento profundo:<\/p>\n\n\n\n<p><strong>A Igreja n\u00e3o inventa os sacramentos; ela os recebe de Cristo.<\/strong><\/p>\n\n\n\n<p>Sua miss\u00e3o n\u00e3o \u00e9 adapt\u00e1-los a cada \u00e9poca, mas <strong>guard\u00e1-los fielmente<\/strong>.<\/p>\n\n\n\n<p>No fundo, a quest\u00e3o da ordena\u00e7\u00e3o feminina n\u00e3o \u00e9 uma quest\u00e3o de igualdade.<\/p>\n\n\n\n<p>\u00c9 uma quest\u00e3o de <strong>fidelidade ao mist\u00e9rio que Cristo confiou \u00e0 sua Igreja<\/strong>.<\/p>\n\n\n\n<p>E esse mist\u00e9rio continua a convidar cada crist\u00e3o \u2014 homem ou mulher \u2014 ao que realmente importa:<\/p>\n\n\n\n<p><strong>a santidade.<\/strong><\/p>\n\n\n\n<p>Como disse <strong>Santa Teresinha do Menino Jesus<\/strong>:<\/p>\n\n\n\n<blockquote class=\"wp-block-quote is-layout-flow wp-block-quote-is-layout-flow\">\n<p>\u201cNo cora\u00e7\u00e3o da Igreja, eu serei o amor.\u201d<\/p>\n<\/blockquote>\n\n\n\n<p>E nesse cora\u00e7\u00e3o <strong>cada um de n\u00f3s tem um lugar insubstitu\u00edvel<\/strong>.<\/p>\n","protected":false},"excerpt":{"rendered":"<p>Nas \u00faltimas d\u00e9cadas, um dos debates mais recorrentes dentro e fora da Igreja tem sido a possibilidade de ordenar mulheres como sacerdotes. Em uma sociedade cada vez mais marcada por categorias pol\u00edticas, sociol\u00f3gicas ou de igualdade de poder, muitos se perguntam: por que a Igreja Cat\u00f3lica mant\u00e9m que o sacerd\u00f3cio \u00e9 reservado aos homens? Para &hellip;<\/p>\n","protected":false},"author":3,"featured_media":5354,"comment_status":"closed","ping_status":"closed","sticky":false,"template":"","format":"standard","meta":{"_seopress_robots_primary_cat":"","_seopress_titles_title":"","_seopress_titles_desc":"","_seopress_robots_index":"","footnotes":""},"categories":[38,51],"tags":[1844],"class_list":["post-5353","post","type-post","status-publish","format-standard","has-post-thumbnail","","category-historia-e-tradicao","category-magisterio-da-igreja","tag-inter-insigniores"],"_links":{"self":[{"href":"https:\/\/catholicus.eu\/pt\/wp-json\/wp\/v2\/posts\/5353","targetHints":{"allow":["GET"]}}],"collection":[{"href":"https:\/\/catholicus.eu\/pt\/wp-json\/wp\/v2\/posts"}],"about":[{"href":"https:\/\/catholicus.eu\/pt\/wp-json\/wp\/v2\/types\/post"}],"author":[{"embeddable":true,"href":"https:\/\/catholicus.eu\/pt\/wp-json\/wp\/v2\/users\/3"}],"replies":[{"embeddable":true,"href":"https:\/\/catholicus.eu\/pt\/wp-json\/wp\/v2\/comments?post=5353"}],"version-history":[{"count":1,"href":"https:\/\/catholicus.eu\/pt\/wp-json\/wp\/v2\/posts\/5353\/revisions"}],"predecessor-version":[{"id":5355,"href":"https:\/\/catholicus.eu\/pt\/wp-json\/wp\/v2\/posts\/5353\/revisions\/5355"}],"wp:featuredmedia":[{"embeddable":true,"href":"https:\/\/catholicus.eu\/pt\/wp-json\/wp\/v2\/media\/5354"}],"wp:attachment":[{"href":"https:\/\/catholicus.eu\/pt\/wp-json\/wp\/v2\/media?parent=5353"}],"wp:term":[{"taxonomy":"category","embeddable":true,"href":"https:\/\/catholicus.eu\/pt\/wp-json\/wp\/v2\/categories?post=5353"},{"taxonomy":"post_tag","embeddable":true,"href":"https:\/\/catholicus.eu\/pt\/wp-json\/wp\/v2\/tags?post=5353"}],"curies":[{"name":"wp","href":"https:\/\/api.w.org\/{rel}","templated":true}]}}